{"id":132645,"date":"2023-12-20T14:55:00","date_gmt":"2023-12-20T20:55:00","guid":{"rendered":"https:\/\/kuali.com.mx\/web\/?p=132645"},"modified":"2023-12-20T14:55:01","modified_gmt":"2023-12-20T20:55:01","slug":"develan-placa-en-jalpa-de-canovas-por-destacar-en-turismo","status":"publish","type":"post","link":"https:\/\/kuali.com.mx\/web\/2023\/12\/20\/develan-placa-en-jalpa-de-canovas-por-destacar-en-turismo\/","title":{"rendered":"DEVELAN PLACA EN JALPA DE C\u00c1NOVAS POR DESTACAR EN TURISMO"},"content":{"rendered":"\n<p><strong>Kuali\/Pur\u00edsima del Rinc\u00f3n, Gto.- <\/strong>La noche de este martes fue develada la placa conmemorativa al premio \u201cBest Tourism Villages\u201d que recibi\u00f3 en Jalpa de C\u00e1novas el pasado mes de octubre por ser un pueblo de destinos para el turismo rural con valores culturales y naturales.<\/p>\n\n\n\n<p>El premio fue otorgado por la Organizaci\u00f3n Mundial del Turismo (OMT). \u00a0\u201cBest Tourism Villages\u201d es una iniciativa que reconoce a los pueblos que constituyen ejemplos notables de destinos de turismo rural con valores culturales y naturales reconocidos que preservan y promueven los valores, productos y estilos de vida rurales y comunitarios.<\/p>\n\n\n\n<figure class=\"wp-block-image size-large\"><img loading=\"lazy\" decoding=\"async\" width=\"1024\" height=\"682\" src=\"https:\/\/kuali.com.mx\/web\/wp-content\/uploads\/2023\/12\/Jalpa-de-Canovas_plaza-1024x682.gif\" alt=\"\" class=\"wp-image-132648\" srcset=\"https:\/\/kuali.com.mx\/web\/wp-content\/uploads\/2023\/12\/Jalpa-de-Canovas_plaza-1024x682.gif 1024w, https:\/\/kuali.com.mx\/web\/wp-content\/uploads\/2023\/12\/Jalpa-de-Canovas_plaza-300x200.gif 300w, https:\/\/kuali.com.mx\/web\/wp-content\/uploads\/2023\/12\/Jalpa-de-Canovas_plaza-768x512.gif 768w, https:\/\/kuali.com.mx\/web\/wp-content\/uploads\/2023\/12\/Jalpa-de-Canovas_plaza-1536x1023.gif 1536w, https:\/\/kuali.com.mx\/web\/wp-content\/uploads\/2023\/12\/Jalpa-de-Canovas_plaza-174x116.gif 174w\" sizes=\"auto, (max-width: 1024px) 100vw, 1024px\" \/><figcaption>Pueblo M\u00e1gico Jalpa de C\u00e1novas. FOTO: ESPECIAL<\/figcaption><\/figure>\n\n\n\n<p>Son pueblos que, al fomentar el turismo como uno de los motores del desarrollo rural y el bienestar de las comunidades, mantienen un compromiso con la sostenibilidad en sus tres esferas: econ\u00f3mica, social y ambiental.<\/p>\n\n\n\n<p>La develaci\u00f3n de la placa, estuvo presidida por el titular de la Secretar\u00eda de Turismo del Estado de Guanajuato (sector), Juan Jos\u00e9 \u00c1lvarez Brunel, quien manifest\u00f3 dijo que Jalpa de C\u00e1novas es un destino que ha crecido de manera clara, ordenada y con precisi\u00f3n.<\/p>\n\n\n\n<p>Ante los habitantes del Pueblo M\u00e1gico e integrantes del Ayuntamiento de Pur\u00edsima del Rinc\u00f3n, el secretario y el presidente municipal, Roberto Garc\u00eda Urbano, develaron la placa conmemorativa.<\/p>\n\n\n\n<p>El pasado mes de octubre, en el marco de la 25\u00aa Asamblea General de la Organizaci\u00f3n Mundial de Turismo, celebrada en la ciudad de Samarcanda en Uzbekist\u00e1n, el alcalde de Pur\u00edsima recibi\u00f3 el premio de manos de Zurab Pololikashvili, secretario general de la OMT.<\/p>\n\n\n\n<p>Esta distinci\u00f3n internacional destaca los atributos y el trabajo conjunto, entre Gobierno del Estado de Guanajuato, Municipio y habitantes en temas de sustentabilidad, infraestructura, conectividad, promoci\u00f3n, conservaci\u00f3n del patrimonio cultural y natural, desarrollo tur\u00edstico, innovaci\u00f3n, integraci\u00f3n de la cadena de valor, salud, seguridad, gobernanza y priorizaci\u00f3n del turismo.<\/p>\n\n\n\n<p>Durante la develaci\u00f3n, el Secretario de Turismo hizo hincapi\u00e9 en el programa de Modelo de Sustentabilidad -\u00fanico en su tipo a nivel nacional- que se desarrollar\u00e1 en los Pueblos M\u00e1gicos del estado para continuar salvaguardado el patrimonio y la biodiversidad natural.<\/p>\n\n\n<div class=\"wp-block-image\">\n<figure class=\"aligncenter size-large\"><img loading=\"lazy\" decoding=\"async\" width=\"1024\" height=\"682\" src=\"https:\/\/kuali.com.mx\/web\/wp-content\/uploads\/2023\/12\/Plantan-arbol-en-Purisima-1024x682.gif\" alt=\"\" class=\"wp-image-132650\" srcset=\"https:\/\/kuali.com.mx\/web\/wp-content\/uploads\/2023\/12\/Plantan-arbol-en-Purisima-1024x682.gif 1024w, https:\/\/kuali.com.mx\/web\/wp-content\/uploads\/2023\/12\/Plantan-arbol-en-Purisima-300x200.gif 300w, https:\/\/kuali.com.mx\/web\/wp-content\/uploads\/2023\/12\/Plantan-arbol-en-Purisima-768x512.gif 768w, https:\/\/kuali.com.mx\/web\/wp-content\/uploads\/2023\/12\/Plantan-arbol-en-Purisima-174x116.gif 174w\" sizes=\"auto, (max-width: 1024px) 100vw, 1024px\" \/><figcaption>La develaci\u00f3n se enriqueci\u00f3 con la plantaci\u00f3n de un \u00e1rbol de la especie encino de tres metros de altura en el Museo Viviente de \u00c1rboles Nativos. FOTO: ESPECIAL<\/figcaption><\/figure>\n<\/div>\n\n\n<p>El Alcalde Roberto Garc\u00eda Urbano reconoci\u00f3 el importante trabajo tur\u00edstico que se ha logrado gracias a la suma de esfuerzos.<\/p>\n\n\n\n<p>\u201cImpulsamos el turismo con la creaci\u00f3n del corredor tur\u00edstico de la cabecera municipal a Jalpa de C\u00e1novas, y vienen m\u00e1s cosas para el turismo porque lo tenemos en nuestro plan de trabajo municipal, y estar\u00e1 plasmado en la mente de la gente de Jalpa. Pur\u00edsima del Rinc\u00f3n tiene que ser reconocido por el turismo porque es una actividad que genera desarrollo y crecimiento en la econom\u00eda del destino\u201d, expres\u00f3.<\/p>\n\n\n\n<p>En el evento estuvieron presentes Enriqueta Mart\u00ednez L\u00f3pez, presidenta del DIF municipal; Norma Edith L\u00f3pez Ram\u00edrez, presidenta del Comit\u00e9 de Pueblo M\u00e1gico de Jalpa de C\u00e1novas; Jos\u00e9 Roberto Camargo P\u00e9rez, director de Turismo de Pur\u00edsima del Rinc\u00f3n; y Ariel Mart\u00ednez, delegado de Jalpa de C\u00e1novas.<\/p>\n","protected":false},"excerpt":{"rendered":"Kuali\/Pur\u00edsima del Rinc\u00f3n, Gto.- La noche de este martes fue develada la placa conmemorativa al premio \u201cBest Tourism Villages\u201d que recibi\u00f3 en Jalpa de C\u00e1novas el pasado mes de octubre por ser un pueblo de destinos para el turismo rural con valores culturales y naturales. El premio fue otorgado por la Organizaci\u00f3n Mundial del Turismo [&hellip;]","protected":false},"author":2,"featured_media":132649,"comment_status":"open","ping_status":"open","sticky":false,"template":"","format":"standard","meta":{"_seopress_robots_primary_cat":"none","_seopress_titles_title":"","_seopress_titles_desc":"","_seopress_robots_index":"","_monsterinsights_skip_tracking":false,"_monsterinsights_sitenote_active":false,"_monsterinsights_sitenote_note":"","_monsterinsights_sitenote_category":0,"footnotes":""},"categories":[13],"tags":[2726,2725,3185,596,93],"class_list":["post-132645","post","type-post","status-publish","format-standard","has-post-thumbnail","hentry","category-turismo","tag-best-tourism-villages","tag-jalpa-de-canovas","tag-organizacion-mundial-de-turismo","tag-pueblos-magicos","tag-turismo"],"yoast_head":"<!-- This site is optimized with the Yoast SEO plugin v27.4 - https:\/\/yoast.com\/product\/yoast-seo-wordpress\/ -->\n<title>DEVELAN PLACA EN JALPA DE C\u00c1NOVAS POR DESTACAR EN TURISMO - Kuali<\/title>\n<meta name=\"robots\" content=\"index, follow, max-snippet:-1, max-image-preview:large, max-video-preview:-1\" \/>\n<link rel=\"canonical\" href=\"https:\/\/kuali.com.mx\/web\/2023\/12\/20\/develan-placa-en-jalpa-de-canovas-por-destacar-en-turismo\/\" \/>\n<meta property=\"og:locale\" content=\"es_MX\" \/>\n<meta property=\"og:type\" content=\"article\" \/>\n<meta property=\"og:title\" content=\"DEVELAN PLACA EN JALPA DE C\u00c1NOVAS POR DESTACAR EN TURISMO - Kuali\" \/>\n<meta property=\"og:description\" content=\"Kuali\/Pur\u00edsima del Rinc\u00f3n, Gto.- La noche de este martes fue develada la placa conmemorativa al premio \u201cBest Tourism Villages\u201d que recibi\u00f3 en Jalpa de C\u00e1novas el pasado mes de octubre por ser un pueblo de destinos para el turismo rural con valores culturales y naturales. El premio fue otorgado por la Organizaci\u00f3n Mundial del Turismo [&hellip;]\" \/>\n<meta property=\"og:url\" content=\"https:\/\/kuali.com.mx\/web\/2023\/12\/20\/develan-placa-en-jalpa-de-canovas-por-destacar-en-turismo\/\" \/>\n<meta property=\"og:site_name\" content=\"Kuali\" \/>\n<meta property=\"article:publisher\" content=\"https:\/\/kuali.com.mx\/web\/wp-content\/uploads\/2018\/04\/cropped-kuali_logo-1-1.png\" \/>\n<meta property=\"article:published_time\" content=\"2023-12-20T20:55:00+00:00\" \/>\n<meta property=\"article:modified_time\" content=\"2023-12-20T20:55:01+00:00\" \/>\n<meta property=\"og:image\" content=\"https:\/\/kuali.com.mx\/web\/wp-content\/uploads\/2023\/12\/Placca-conmemorativa-Jalpa-de-Canovas.gif\" \/>\n\t<meta property=\"og:image:width\" content=\"1700\" \/>\n\t<meta property=\"og:image:height\" content=\"700\" \/>\n\t<meta property=\"og:image:type\" content=\"image\/gif\" \/>\n<meta name=\"author\" content=\"Kuali Staff\" \/>\n<meta name=\"twitter:card\" content=\"summary_large_image\" \/>\n<meta name=\"twitter:creator\" content=\"@kuali_noticias\" \/>\n<meta name=\"twitter:site\" content=\"@kuali_noticias\" \/>\n<meta name=\"twitter:label1\" content=\"Escrito por\" \/>\n\t<meta name=\"twitter:data1\" content=\"Kuali Staff\" \/>\n\t<meta name=\"twitter:label2\" content=\"Tiempo de lectura\" \/>\n\t<meta name=\"twitter:data2\" content=\"3 minutos\" \/>\n<script type=\"application\/ld+json\" class=\"yoast-schema-graph\">{\"@context\":\"https:\\\/\\\/schema.org\",\"@graph\":[{\"@type\":\"Article\",\"@id\":\"https:\\\/\\\/kuali.com.mx\\\/web\\\/2023\\\/12\\\/20\\\/develan-placa-en-jalpa-de-canovas-por-destacar-en-turismo\\\/#article\",\"isPartOf\":{\"@id\":\"https:\\\/\\\/kuali.com.mx\\\/web\\\/2023\\\/12\\\/20\\\/develan-placa-en-jalpa-de-canovas-por-destacar-en-turismo\\\/\"},\"author\":{\"name\":\"Kuali Staff\",\"@id\":\"https:\\\/\\\/kuali.com.mx\\\/web\\\/#\\\/schema\\\/person\\\/6f89ffa8ecba9dae50662357923c5289\"},\"headline\":\"DEVELAN PLACA EN JALPA DE C\u00c1NOVAS POR DESTACAR EN TURISMO\",\"datePublished\":\"2023-12-20T20:55:00+00:00\",\"dateModified\":\"2023-12-20T20:55:01+00:00\",\"mainEntityOfPage\":{\"@id\":\"https:\\\/\\\/kuali.com.mx\\\/web\\\/2023\\\/12\\\/20\\\/develan-placa-en-jalpa-de-canovas-por-destacar-en-turismo\\\/\"},\"wordCount\":566,\"commentCount\":0,\"image\":{\"@id\":\"https:\\\/\\\/kuali.com.mx\\\/web\\\/2023\\\/12\\\/20\\\/develan-placa-en-jalpa-de-canovas-por-destacar-en-turismo\\\/#primaryimage\"},\"thumbnailUrl\":\"https:\\\/\\\/kuali.com.mx\\\/web\\\/wp-content\\\/uploads\\\/2023\\\/12\\\/Placca-conmemorativa-Jalpa-de-Canovas.gif\",\"keywords\":[\"BEST TOURISM VILLAGES\",\"Jalpa de c\u00e1novas\",\"Organizaci\u00f3n Mundial de Turismo\",\"Pueblos m\u00e1gicos\",\"turismo\"],\"articleSection\":[\"Turismo\"],\"inLanguage\":\"es\",\"potentialAction\":[{\"@type\":\"CommentAction\",\"name\":\"Comment\",\"target\":[\"https:\\\/\\\/kuali.com.mx\\\/web\\\/2023\\\/12\\\/20\\\/develan-placa-en-jalpa-de-canovas-por-destacar-en-turismo\\\/#respond\"]}]},{\"@type\":\"WebPage\",\"@id\":\"https:\\\/\\\/kuali.com.mx\\\/web\\\/2023\\\/12\\\/20\\\/develan-placa-en-jalpa-de-canovas-por-destacar-en-turismo\\\/\",\"url\":\"https:\\\/\\\/kuali.com.mx\\\/web\\\/2023\\\/12\\\/20\\\/develan-placa-en-jalpa-de-canovas-por-destacar-en-turismo\\\/\",\"name\":\"DEVELAN PLACA EN JALPA DE C\u00c1NOVAS POR DESTACAR EN TURISMO - Kuali\",\"isPartOf\":{\"@id\":\"https:\\\/\\\/kuali.com.mx\\\/web\\\/#website\"},\"primaryImageOfPage\":{\"@id\":\"https:\\\/\\\/kuali.com.mx\\\/web\\\/2023\\\/12\\\/20\\\/develan-placa-en-jalpa-de-canovas-por-destacar-en-turismo\\\/#primaryimage\"},\"image\":{\"@id\":\"https:\\\/\\\/kuali.com.mx\\\/web\\\/2023\\\/12\\\/20\\\/develan-placa-en-jalpa-de-canovas-por-destacar-en-turismo\\\/#primaryimage\"},\"thumbnailUrl\":\"https:\\\/\\\/kuali.com.mx\\\/web\\\/wp-content\\\/uploads\\\/2023\\\/12\\\/Placca-conmemorativa-Jalpa-de-Canovas.gif\",\"datePublished\":\"2023-12-20T20:55:00+00:00\",\"dateModified\":\"2023-12-20T20:55:01+00:00\",\"author\":{\"@id\":\"https:\\\/\\\/kuali.com.mx\\\/web\\\/#\\\/schema\\\/person\\\/6f89ffa8ecba9dae50662357923c5289\"},\"breadcrumb\":{\"@id\":\"https:\\\/\\\/kuali.com.mx\\\/web\\\/2023\\\/12\\\/20\\\/develan-placa-en-jalpa-de-canovas-por-destacar-en-turismo\\\/#breadcrumb\"},\"inLanguage\":\"es\",\"potentialAction\":[{\"@type\":\"ReadAction\",\"target\":[\"https:\\\/\\\/kuali.com.mx\\\/web\\\/2023\\\/12\\\/20\\\/develan-placa-en-jalpa-de-canovas-por-destacar-en-turismo\\\/\"]}]},{\"@type\":\"ImageObject\",\"inLanguage\":\"es\",\"@id\":\"https:\\\/\\\/kuali.com.mx\\\/web\\\/2023\\\/12\\\/20\\\/develan-placa-en-jalpa-de-canovas-por-destacar-en-turismo\\\/#primaryimage\",\"url\":\"https:\\\/\\\/kuali.com.mx\\\/web\\\/wp-content\\\/uploads\\\/2023\\\/12\\\/Placca-conmemorativa-Jalpa-de-Canovas.gif\",\"contentUrl\":\"https:\\\/\\\/kuali.com.mx\\\/web\\\/wp-content\\\/uploads\\\/2023\\\/12\\\/Placca-conmemorativa-Jalpa-de-Canovas.gif\",\"width\":1700,\"height\":700},{\"@type\":\"BreadcrumbList\",\"@id\":\"https:\\\/\\\/kuali.com.mx\\\/web\\\/2023\\\/12\\\/20\\\/develan-placa-en-jalpa-de-canovas-por-destacar-en-turismo\\\/#breadcrumb\",\"itemListElement\":[{\"@type\":\"ListItem\",\"position\":1,\"name\":\"Inicio\",\"item\":\"https:\\\/\\\/kuali.com.mx\\\/web\\\/\"},{\"@type\":\"ListItem\",\"position\":2,\"name\":\"DEVELAN PLACA EN JALPA DE C\u00c1NOVAS POR DESTACAR EN TURISMO\"}]},{\"@type\":\"WebSite\",\"@id\":\"https:\\\/\\\/kuali.com.mx\\\/web\\\/#website\",\"url\":\"https:\\\/\\\/kuali.com.mx\\\/web\\\/\",\"name\":\"Kuali\",\"description\":\"\",\"potentialAction\":[{\"@type\":\"SearchAction\",\"target\":{\"@type\":\"EntryPoint\",\"urlTemplate\":\"https:\\\/\\\/kuali.com.mx\\\/web\\\/?s={search_term_string}\"},\"query-input\":{\"@type\":\"PropertyValueSpecification\",\"valueRequired\":true,\"valueName\":\"search_term_string\"}}],\"inLanguage\":\"es\"},{\"@type\":\"Person\",\"@id\":\"https:\\\/\\\/kuali.com.mx\\\/web\\\/#\\\/schema\\\/person\\\/6f89ffa8ecba9dae50662357923c5289\",\"name\":\"Kuali Staff\",\"image\":{\"@type\":\"ImageObject\",\"inLanguage\":\"es\",\"@id\":\"https:\\\/\\\/secure.gravatar.com\\\/avatar\\\/f917ad82e5ab71227a733c78b6e60715476f69ee6be59feee4eb5d9920c89e0f?s=96&d=mm&r=g\",\"url\":\"https:\\\/\\\/secure.gravatar.com\\\/avatar\\\/f917ad82e5ab71227a733c78b6e60715476f69ee6be59feee4eb5d9920c89e0f?s=96&d=mm&r=g\",\"contentUrl\":\"https:\\\/\\\/secure.gravatar.com\\\/avatar\\\/f917ad82e5ab71227a733c78b6e60715476f69ee6be59feee4eb5d9920c89e0f?s=96&d=mm&r=g\",\"caption\":\"Kuali Staff\"},\"url\":\"https:\\\/\\\/kuali.com.mx\\\/web\\\/author\\\/lagarto\\\/\"}]}<\/script>\n<!-- \/ Yoast SEO plugin. -->","yoast_head_json":{"title":"DEVELAN PLACA EN JALPA DE C\u00c1NOVAS POR DESTACAR EN TURISMO - Kuali","robots":{"index":"index","follow":"follow","max-snippet":"max-snippet:-1","max-image-preview":"max-image-preview:large","max-video-preview":"max-video-preview:-1"},"canonical":"https:\/\/kuali.com.mx\/web\/2023\/12\/20\/develan-placa-en-jalpa-de-canovas-por-destacar-en-turismo\/","og_locale":"es_MX","og_type":"article","og_title":"DEVELAN PLACA EN JALPA DE C\u00c1NOVAS POR DESTACAR EN TURISMO - Kuali","og_description":"Kuali\/Pur\u00edsima del Rinc\u00f3n, Gto.- La noche de este martes fue develada la placa conmemorativa al premio \u201cBest Tourism Villages\u201d que recibi\u00f3 en Jalpa de C\u00e1novas el pasado mes de octubre por ser un pueblo de destinos para el turismo rural con valores culturales y naturales. El premio fue otorgado por la Organizaci\u00f3n Mundial del Turismo [&hellip;]","og_url":"https:\/\/kuali.com.mx\/web\/2023\/12\/20\/develan-placa-en-jalpa-de-canovas-por-destacar-en-turismo\/","og_site_name":"Kuali","article_publisher":"https:\/\/kuali.com.mx\/web\/wp-content\/uploads\/2018\/04\/cropped-kuali_logo-1-1.png","article_published_time":"2023-12-20T20:55:00+00:00","article_modified_time":"2023-12-20T20:55:01+00:00","og_image":[{"width":1700,"height":700,"url":"https:\/\/kuali.com.mx\/web\/wp-content\/uploads\/2023\/12\/Placca-conmemorativa-Jalpa-de-Canovas.gif","type":"image\/gif"}],"author":"Kuali Staff","twitter_card":"summary_large_image","twitter_creator":"@kuali_noticias","twitter_site":"@kuali_noticias","twitter_misc":{"Escrito por":"Kuali Staff","Tiempo de lectura":"3 minutos"},"schema":{"@context":"https:\/\/schema.org","@graph":[{"@type":"Article","@id":"https:\/\/kuali.com.mx\/web\/2023\/12\/20\/develan-placa-en-jalpa-de-canovas-por-destacar-en-turismo\/#article","isPartOf":{"@id":"https:\/\/kuali.com.mx\/web\/2023\/12\/20\/develan-placa-en-jalpa-de-canovas-por-destacar-en-turismo\/"},"author":{"name":"Kuali Staff","@id":"https:\/\/kuali.com.mx\/web\/#\/schema\/person\/6f89ffa8ecba9dae50662357923c5289"},"headline":"DEVELAN PLACA EN JALPA DE C\u00c1NOVAS POR DESTACAR EN TURISMO","datePublished":"2023-12-20T20:55:00+00:00","dateModified":"2023-12-20T20:55:01+00:00","mainEntityOfPage":{"@id":"https:\/\/kuali.com.mx\/web\/2023\/12\/20\/develan-placa-en-jalpa-de-canovas-por-destacar-en-turismo\/"},"wordCount":566,"commentCount":0,"image":{"@id":"https:\/\/kuali.com.mx\/web\/2023\/12\/20\/develan-placa-en-jalpa-de-canovas-por-destacar-en-turismo\/#primaryimage"},"thumbnailUrl":"https:\/\/kuali.com.mx\/web\/wp-content\/uploads\/2023\/12\/Placca-conmemorativa-Jalpa-de-Canovas.gif","keywords":["BEST TOURISM VILLAGES","Jalpa de c\u00e1novas","Organizaci\u00f3n Mundial de Turismo","Pueblos m\u00e1gicos","turismo"],"articleSection":["Turismo"],"inLanguage":"es","potentialAction":[{"@type":"CommentAction","name":"Comment","target":["https:\/\/kuali.com.mx\/web\/2023\/12\/20\/develan-placa-en-jalpa-de-canovas-por-destacar-en-turismo\/#respond"]}]},{"@type":"WebPage","@id":"https:\/\/kuali.com.mx\/web\/2023\/12\/20\/develan-placa-en-jalpa-de-canovas-por-destacar-en-turismo\/","url":"https:\/\/kuali.com.mx\/web\/2023\/12\/20\/develan-placa-en-jalpa-de-canovas-por-destacar-en-turismo\/","name":"DEVELAN PLACA EN JALPA DE C\u00c1NOVAS POR DESTACAR EN TURISMO - Kuali","isPartOf":{"@id":"https:\/\/kuali.com.mx\/web\/#website"},"primaryImageOfPage":{"@id":"https:\/\/kuali.com.mx\/web\/2023\/12\/20\/develan-placa-en-jalpa-de-canovas-por-destacar-en-turismo\/#primaryimage"},"image":{"@id":"https:\/\/kuali.com.mx\/web\/2023\/12\/20\/develan-placa-en-jalpa-de-canovas-por-destacar-en-turismo\/#primaryimage"},"thumbnailUrl":"https:\/\/kuali.com.mx\/web\/wp-content\/uploads\/2023\/12\/Placca-conmemorativa-Jalpa-de-Canovas.gif","datePublished":"2023-12-20T20:55:00+00:00","dateModified":"2023-12-20T20:55:01+00:00","author":{"@id":"https:\/\/kuali.com.mx\/web\/#\/schema\/person\/6f89ffa8ecba9dae50662357923c5289"},"breadcrumb":{"@id":"https:\/\/kuali.com.mx\/web\/2023\/12\/20\/develan-placa-en-jalpa-de-canovas-por-destacar-en-turismo\/#breadcrumb"},"inLanguage":"es","potentialAction":[{"@type":"ReadAction","target":["https:\/\/kuali.com.mx\/web\/2023\/12\/20\/develan-placa-en-jalpa-de-canovas-por-destacar-en-turismo\/"]}]},{"@type":"ImageObject","inLanguage":"es","@id":"https:\/\/kuali.com.mx\/web\/2023\/12\/20\/develan-placa-en-jalpa-de-canovas-por-destacar-en-turismo\/#primaryimage","url":"https:\/\/kuali.com.mx\/web\/wp-content\/uploads\/2023\/12\/Placca-conmemorativa-Jalpa-de-Canovas.gif","contentUrl":"https:\/\/kuali.com.mx\/web\/wp-content\/uploads\/2023\/12\/Placca-conmemorativa-Jalpa-de-Canovas.gif","width":1700,"height":700},{"@type":"BreadcrumbList","@id":"https:\/\/kuali.com.mx\/web\/2023\/12\/20\/develan-placa-en-jalpa-de-canovas-por-destacar-en-turismo\/#breadcrumb","itemListElement":[{"@type":"ListItem","position":1,"name":"Inicio","item":"https:\/\/kuali.com.mx\/web\/"},{"@type":"ListItem","position":2,"name":"DEVELAN PLACA EN JALPA DE C\u00c1NOVAS POR DESTACAR EN TURISMO"}]},{"@type":"WebSite","@id":"https:\/\/kuali.com.mx\/web\/#website","url":"https:\/\/kuali.com.mx\/web\/","name":"Kuali","description":"","potentialAction":[{"@type":"SearchAction","target":{"@type":"EntryPoint","urlTemplate":"https:\/\/kuali.com.mx\/web\/?s={search_term_string}"},"query-input":{"@type":"PropertyValueSpecification","valueRequired":true,"valueName":"search_term_string"}}],"inLanguage":"es"},{"@type":"Person","@id":"https:\/\/kuali.com.mx\/web\/#\/schema\/person\/6f89ffa8ecba9dae50662357923c5289","name":"Kuali Staff","image":{"@type":"ImageObject","inLanguage":"es","@id":"https:\/\/secure.gravatar.com\/avatar\/f917ad82e5ab71227a733c78b6e60715476f69ee6be59feee4eb5d9920c89e0f?s=96&d=mm&r=g","url":"https:\/\/secure.gravatar.com\/avatar\/f917ad82e5ab71227a733c78b6e60715476f69ee6be59feee4eb5d9920c89e0f?s=96&d=mm&r=g","contentUrl":"https:\/\/secure.gravatar.com\/avatar\/f917ad82e5ab71227a733c78b6e60715476f69ee6be59feee4eb5d9920c89e0f?s=96&d=mm&r=g","caption":"Kuali Staff"},"url":"https:\/\/kuali.com.mx\/web\/author\/lagarto\/"}]}},"_links":{"self":[{"href":"https:\/\/kuali.com.mx\/web\/wp-json\/wp\/v2\/posts\/132645","targetHints":{"allow":["GET"]}}],"collection":[{"href":"https:\/\/kuali.com.mx\/web\/wp-json\/wp\/v2\/posts"}],"about":[{"href":"https:\/\/kuali.com.mx\/web\/wp-json\/wp\/v2\/types\/post"}],"author":[{"embeddable":true,"href":"https:\/\/kuali.com.mx\/web\/wp-json\/wp\/v2\/users\/2"}],"replies":[{"embeddable":true,"href":"https:\/\/kuali.com.mx\/web\/wp-json\/wp\/v2\/comments?post=132645"}],"version-history":[{"count":1,"href":"https:\/\/kuali.com.mx\/web\/wp-json\/wp\/v2\/posts\/132645\/revisions"}],"predecessor-version":[{"id":132651,"href":"https:\/\/kuali.com.mx\/web\/wp-json\/wp\/v2\/posts\/132645\/revisions\/132651"}],"wp:featuredmedia":[{"embeddable":true,"href":"https:\/\/kuali.com.mx\/web\/wp-json\/wp\/v2\/media\/132649"}],"wp:attachment":[{"href":"https:\/\/kuali.com.mx\/web\/wp-json\/wp\/v2\/media?parent=132645"}],"wp:term":[{"taxonomy":"category","embeddable":true,"href":"https:\/\/kuali.com.mx\/web\/wp-json\/wp\/v2\/categories?post=132645"},{"taxonomy":"post_tag","embeddable":true,"href":"https:\/\/kuali.com.mx\/web\/wp-json\/wp\/v2\/tags?post=132645"}],"curies":[{"name":"wp","href":"https:\/\/api.w.org\/{rel}","templated":true}]}}