{"id":132525,"date":"2023-12-18T15:19:34","date_gmt":"2023-12-18T21:19:34","guid":{"rendered":"https:\/\/kuali.com.mx\/web\/?p=132525"},"modified":"2023-12-19T06:13:00","modified_gmt":"2023-12-19T12:13:00","slug":"presentan-la-edicion-49-de-la-cabalgata-de-reyes","status":"publish","type":"post","link":"https:\/\/kuali.com.mx\/web\/2023\/12\/18\/presentan-la-edicion-49-de-la-cabalgata-de-reyes\/","title":{"rendered":"PRESENTAN LA EDICI\u00d3N 49 DE LA CABALGATA DE REYES"},"content":{"rendered":"\n<p><\/p>\n\n\n\n<p><strong><em>Kuali\/Irapuato, Gto.<\/em>-<\/strong>\u00a0Todo est\u00e1 listo para la edici\u00f3n n\u00famero 49 de la Cabalgata de Reyes Magos para que este 5 de enero del 2024, Melchor, Gaspar y Baltazar recorran las calles de Irapuato y las llenen de mucha ilusi\u00f3n y grandes sorpresas para las familias.\u00a0<\/p>\n\n\n\n<p>Rafael Alfaro Arredondo, presidente de la Cabalgata, record\u00f3 que desde agosto iniciaron los trabajos para hacer posible este tradicional evento, que re\u00fane a familias de toda la Rep\u00fablica Mexicana&nbsp;<\/p>\n\n\n\n<p>\u201cNos esmeramos en que esto sea una cabalgata con calidad, que rebase las expectativas de toda esta gran cantidad de personas que nos visitan no solo del estado, de estados vecinos e inclusive personas fuera del pa\u00eds\u201d, destac\u00f3.<\/p>\n\n\n\n<p>Lorena Alfaro Garc\u00eda, presidenta de Irapuato, se\u00f1al\u00f3 que este evento abona a iniciar el a\u00f1o con el objetivo de seguir convirtiendo a Irapuato en un municipio festivo y un nuevo destino tur\u00edstico del estado.\u00a0<\/p>\n\n\n\n<figure class=\"wp-block-image size-large\"><img loading=\"lazy\" decoding=\"async\" width=\"1024\" height=\"511\" src=\"https:\/\/kuali.com.mx\/web\/wp-content\/uploads\/2023\/12\/cabalgata-b-1024x511.jpg\" alt=\"\" class=\"wp-image-132527\" srcset=\"https:\/\/kuali.com.mx\/web\/wp-content\/uploads\/2023\/12\/cabalgata-b-1024x511.jpg 1024w, https:\/\/kuali.com.mx\/web\/wp-content\/uploads\/2023\/12\/cabalgata-b-300x150.jpg 300w, https:\/\/kuali.com.mx\/web\/wp-content\/uploads\/2023\/12\/cabalgata-b-768x383.jpg 768w, https:\/\/kuali.com.mx\/web\/wp-content\/uploads\/2023\/12\/cabalgata-b-228x114.jpg 228w, https:\/\/kuali.com.mx\/web\/wp-content\/uploads\/2023\/12\/cabalgata-b.jpg 1504w\" sizes=\"auto, (max-width: 1024px) 100vw, 1024px\" \/><\/figure>\n\n\n\n<p>\u201cLo vamos a arrancar justamente con nuestra Cabalgata de Reyes que estoy segura de que generar\u00e1 muchas sonrisas, esas sonrisas que a lo largo&nbsp;&nbsp;de todo el a\u00f1o buscamos la manera de que se den\u201d, manifest\u00f3.&nbsp;<\/p>\n\n\n\n<p>Valeria Alfaro Garc\u00eda, presidenta del Sistema DIF Municipal, se\u00f1al\u00f3 que durante la Cabalgata de Reyes se contar\u00e1 con un espacio especial para que ni\u00f1os y ni\u00f1as con discapacidad puedan disfrutar de manera segura del desfile, en compa\u00f1\u00eda de sus familias.&nbsp;<\/p>\n\n\n\n<p>Ser\u00e1n 58 contingentes, los que desfilar\u00e1n, arrancando en punto de las 6:30 de la tarde. Este ser\u00e1 el desfile m\u00e1s largo hasta el momento, en la historia de la Cabalgata irapuatense,&nbsp;&nbsp;por lo que se invita a la poblaci\u00f3n a acudir en familia y disfrutar de este gran evento el cual recorrer\u00e1: Calzada de los Chinacos, para seguir por L\u00e1zaro C\u00e1rdenas, avenida Guerrero, calle Revoluci\u00f3n, Ram\u00f3n Corona, \u00c1lvaro Obreg\u00f3n, Manuel Doblado, Juventino Rosas y bulevar D\u00edaz Ordaz, hasta la plaza Don Bosco.<\/p>\n","protected":false},"excerpt":{"rendered":"Kuali\/Irapuato, Gto.-\u00a0Todo est\u00e1 listo para la edici\u00f3n n\u00famero 49 de la Cabalgata de Reyes Magos para que este 5 de enero del 2024, Melchor, Gaspar y Baltazar recorran las calles de Irapuato y las llenen de mucha ilusi\u00f3n y grandes sorpresas para las familias.\u00a0 Rafael Alfaro Arredondo, presidente de la Cabalgata, record\u00f3 que desde agosto [&hellip;]","protected":false},"author":2,"featured_media":132528,"comment_status":"open","ping_status":"open","sticky":false,"template":"","format":"standard","meta":{"_seopress_robots_primary_cat":"none","_seopress_titles_title":"","_seopress_titles_desc":"","_seopress_robots_index":"","_monsterinsights_skip_tracking":false,"_monsterinsights_sitenote_active":false,"_monsterinsights_sitenote_note":"","_monsterinsights_sitenote_category":0,"footnotes":""},"categories":[13],"tags":[],"class_list":["post-132525","post","type-post","status-publish","format-standard","has-post-thumbnail","hentry","category-turismo"],"yoast_head":"<!-- This site is optimized with the Yoast SEO plugin v27.4 - https:\/\/yoast.com\/product\/yoast-seo-wordpress\/ -->\n<title>PRESENTAN LA EDICI\u00d3N 49 DE LA CABALGATA DE REYES - Kuali<\/title>\n<meta name=\"robots\" content=\"index, follow, max-snippet:-1, max-image-preview:large, max-video-preview:-1\" \/>\n<link rel=\"canonical\" href=\"https:\/\/kuali.com.mx\/web\/2023\/12\/18\/presentan-la-edicion-49-de-la-cabalgata-de-reyes\/\" \/>\n<meta property=\"og:locale\" content=\"es_MX\" \/>\n<meta property=\"og:type\" content=\"article\" \/>\n<meta property=\"og:title\" content=\"PRESENTAN LA EDICI\u00d3N 49 DE LA CABALGATA DE REYES - Kuali\" \/>\n<meta property=\"og:description\" content=\"Kuali\/Irapuato, Gto.-\u00a0Todo est\u00e1 listo para la edici\u00f3n n\u00famero 49 de la Cabalgata de Reyes Magos para que este 5 de enero del 2024, Melchor, Gaspar y Baltazar recorran las calles de Irapuato y las llenen de mucha ilusi\u00f3n y grandes sorpresas para las familias.\u00a0 Rafael Alfaro Arredondo, presidente de la Cabalgata, record\u00f3 que desde agosto [&hellip;]\" \/>\n<meta property=\"og:url\" content=\"https:\/\/kuali.com.mx\/web\/2023\/12\/18\/presentan-la-edicion-49-de-la-cabalgata-de-reyes\/\" \/>\n<meta property=\"og:site_name\" content=\"Kuali\" \/>\n<meta property=\"article:publisher\" content=\"https:\/\/kuali.com.mx\/web\/wp-content\/uploads\/2018\/04\/cropped-kuali_logo-1-1.png\" \/>\n<meta property=\"article:published_time\" content=\"2023-12-18T21:19:34+00:00\" \/>\n<meta property=\"article:modified_time\" content=\"2023-12-19T12:13:00+00:00\" \/>\n<meta property=\"og:image\" content=\"https:\/\/kuali.com.mx\/web\/wp-content\/uploads\/2023\/12\/cabalgata-a.jpg\" \/>\n\t<meta property=\"og:image:width\" content=\"1672\" \/>\n\t<meta property=\"og:image:height\" content=\"750\" \/>\n\t<meta property=\"og:image:type\" content=\"image\/jpeg\" \/>\n<meta name=\"author\" content=\"Kuali Staff\" \/>\n<meta name=\"twitter:card\" content=\"summary_large_image\" \/>\n<meta name=\"twitter:creator\" content=\"@kuali_noticias\" \/>\n<meta name=\"twitter:site\" content=\"@kuali_noticias\" \/>\n<meta name=\"twitter:label1\" content=\"Escrito por\" \/>\n\t<meta name=\"twitter:data1\" content=\"Kuali Staff\" \/>\n\t<meta name=\"twitter:label2\" content=\"Tiempo de lectura\" \/>\n\t<meta name=\"twitter:data2\" content=\"2 minutos\" \/>\n<script type=\"application\/ld+json\" class=\"yoast-schema-graph\">{\"@context\":\"https:\\\/\\\/schema.org\",\"@graph\":[{\"@type\":\"Article\",\"@id\":\"https:\\\/\\\/kuali.com.mx\\\/web\\\/2023\\\/12\\\/18\\\/presentan-la-edicion-49-de-la-cabalgata-de-reyes\\\/#article\",\"isPartOf\":{\"@id\":\"https:\\\/\\\/kuali.com.mx\\\/web\\\/2023\\\/12\\\/18\\\/presentan-la-edicion-49-de-la-cabalgata-de-reyes\\\/\"},\"author\":{\"name\":\"Kuali Staff\",\"@id\":\"https:\\\/\\\/kuali.com.mx\\\/web\\\/#\\\/schema\\\/person\\\/6f89ffa8ecba9dae50662357923c5289\"},\"headline\":\"PRESENTAN LA EDICI\u00d3N 49 DE LA CABALGATA DE REYES\",\"datePublished\":\"2023-12-18T21:19:34+00:00\",\"dateModified\":\"2023-12-19T12:13:00+00:00\",\"mainEntityOfPage\":{\"@id\":\"https:\\\/\\\/kuali.com.mx\\\/web\\\/2023\\\/12\\\/18\\\/presentan-la-edicion-49-de-la-cabalgata-de-reyes\\\/\"},\"wordCount\":343,\"commentCount\":0,\"image\":{\"@id\":\"https:\\\/\\\/kuali.com.mx\\\/web\\\/2023\\\/12\\\/18\\\/presentan-la-edicion-49-de-la-cabalgata-de-reyes\\\/#primaryimage\"},\"thumbnailUrl\":\"https:\\\/\\\/kuali.com.mx\\\/web\\\/wp-content\\\/uploads\\\/2023\\\/12\\\/cabalgata-a.jpg\",\"articleSection\":[\"Turismo\"],\"inLanguage\":\"es\",\"potentialAction\":[{\"@type\":\"CommentAction\",\"name\":\"Comment\",\"target\":[\"https:\\\/\\\/kuali.com.mx\\\/web\\\/2023\\\/12\\\/18\\\/presentan-la-edicion-49-de-la-cabalgata-de-reyes\\\/#respond\"]}]},{\"@type\":\"WebPage\",\"@id\":\"https:\\\/\\\/kuali.com.mx\\\/web\\\/2023\\\/12\\\/18\\\/presentan-la-edicion-49-de-la-cabalgata-de-reyes\\\/\",\"url\":\"https:\\\/\\\/kuali.com.mx\\\/web\\\/2023\\\/12\\\/18\\\/presentan-la-edicion-49-de-la-cabalgata-de-reyes\\\/\",\"name\":\"PRESENTAN LA EDICI\u00d3N 49 DE LA CABALGATA DE REYES - Kuali\",\"isPartOf\":{\"@id\":\"https:\\\/\\\/kuali.com.mx\\\/web\\\/#website\"},\"primaryImageOfPage\":{\"@id\":\"https:\\\/\\\/kuali.com.mx\\\/web\\\/2023\\\/12\\\/18\\\/presentan-la-edicion-49-de-la-cabalgata-de-reyes\\\/#primaryimage\"},\"image\":{\"@id\":\"https:\\\/\\\/kuali.com.mx\\\/web\\\/2023\\\/12\\\/18\\\/presentan-la-edicion-49-de-la-cabalgata-de-reyes\\\/#primaryimage\"},\"thumbnailUrl\":\"https:\\\/\\\/kuali.com.mx\\\/web\\\/wp-content\\\/uploads\\\/2023\\\/12\\\/cabalgata-a.jpg\",\"datePublished\":\"2023-12-18T21:19:34+00:00\",\"dateModified\":\"2023-12-19T12:13:00+00:00\",\"author\":{\"@id\":\"https:\\\/\\\/kuali.com.mx\\\/web\\\/#\\\/schema\\\/person\\\/6f89ffa8ecba9dae50662357923c5289\"},\"breadcrumb\":{\"@id\":\"https:\\\/\\\/kuali.com.mx\\\/web\\\/2023\\\/12\\\/18\\\/presentan-la-edicion-49-de-la-cabalgata-de-reyes\\\/#breadcrumb\"},\"inLanguage\":\"es\",\"potentialAction\":[{\"@type\":\"ReadAction\",\"target\":[\"https:\\\/\\\/kuali.com.mx\\\/web\\\/2023\\\/12\\\/18\\\/presentan-la-edicion-49-de-la-cabalgata-de-reyes\\\/\"]}]},{\"@type\":\"ImageObject\",\"inLanguage\":\"es\",\"@id\":\"https:\\\/\\\/kuali.com.mx\\\/web\\\/2023\\\/12\\\/18\\\/presentan-la-edicion-49-de-la-cabalgata-de-reyes\\\/#primaryimage\",\"url\":\"https:\\\/\\\/kuali.com.mx\\\/web\\\/wp-content\\\/uploads\\\/2023\\\/12\\\/cabalgata-a.jpg\",\"contentUrl\":\"https:\\\/\\\/kuali.com.mx\\\/web\\\/wp-content\\\/uploads\\\/2023\\\/12\\\/cabalgata-a.jpg\",\"width\":1672,\"height\":750},{\"@type\":\"BreadcrumbList\",\"@id\":\"https:\\\/\\\/kuali.com.mx\\\/web\\\/2023\\\/12\\\/18\\\/presentan-la-edicion-49-de-la-cabalgata-de-reyes\\\/#breadcrumb\",\"itemListElement\":[{\"@type\":\"ListItem\",\"position\":1,\"name\":\"Inicio\",\"item\":\"https:\\\/\\\/kuali.com.mx\\\/web\\\/\"},{\"@type\":\"ListItem\",\"position\":2,\"name\":\"PRESENTAN LA EDICI\u00d3N 49 DE LA CABALGATA DE REYES\"}]},{\"@type\":\"WebSite\",\"@id\":\"https:\\\/\\\/kuali.com.mx\\\/web\\\/#website\",\"url\":\"https:\\\/\\\/kuali.com.mx\\\/web\\\/\",\"name\":\"Kuali\",\"description\":\"\",\"potentialAction\":[{\"@type\":\"SearchAction\",\"target\":{\"@type\":\"EntryPoint\",\"urlTemplate\":\"https:\\\/\\\/kuali.com.mx\\\/web\\\/?s={search_term_string}\"},\"query-input\":{\"@type\":\"PropertyValueSpecification\",\"valueRequired\":true,\"valueName\":\"search_term_string\"}}],\"inLanguage\":\"es\"},{\"@type\":\"Person\",\"@id\":\"https:\\\/\\\/kuali.com.mx\\\/web\\\/#\\\/schema\\\/person\\\/6f89ffa8ecba9dae50662357923c5289\",\"name\":\"Kuali Staff\",\"image\":{\"@type\":\"ImageObject\",\"inLanguage\":\"es\",\"@id\":\"https:\\\/\\\/secure.gravatar.com\\\/avatar\\\/f917ad82e5ab71227a733c78b6e60715476f69ee6be59feee4eb5d9920c89e0f?s=96&d=mm&r=g\",\"url\":\"https:\\\/\\\/secure.gravatar.com\\\/avatar\\\/f917ad82e5ab71227a733c78b6e60715476f69ee6be59feee4eb5d9920c89e0f?s=96&d=mm&r=g\",\"contentUrl\":\"https:\\\/\\\/secure.gravatar.com\\\/avatar\\\/f917ad82e5ab71227a733c78b6e60715476f69ee6be59feee4eb5d9920c89e0f?s=96&d=mm&r=g\",\"caption\":\"Kuali Staff\"},\"url\":\"https:\\\/\\\/kuali.com.mx\\\/web\\\/author\\\/lagarto\\\/\"}]}<\/script>\n<!-- \/ Yoast SEO plugin. -->","yoast_head_json":{"title":"PRESENTAN LA EDICI\u00d3N 49 DE LA CABALGATA DE REYES - Kuali","robots":{"index":"index","follow":"follow","max-snippet":"max-snippet:-1","max-image-preview":"max-image-preview:large","max-video-preview":"max-video-preview:-1"},"canonical":"https:\/\/kuali.com.mx\/web\/2023\/12\/18\/presentan-la-edicion-49-de-la-cabalgata-de-reyes\/","og_locale":"es_MX","og_type":"article","og_title":"PRESENTAN LA EDICI\u00d3N 49 DE LA CABALGATA DE REYES - Kuali","og_description":"Kuali\/Irapuato, Gto.-\u00a0Todo est\u00e1 listo para la edici\u00f3n n\u00famero 49 de la Cabalgata de Reyes Magos para que este 5 de enero del 2024, Melchor, Gaspar y Baltazar recorran las calles de Irapuato y las llenen de mucha ilusi\u00f3n y grandes sorpresas para las familias.\u00a0 Rafael Alfaro Arredondo, presidente de la Cabalgata, record\u00f3 que desde agosto [&hellip;]","og_url":"https:\/\/kuali.com.mx\/web\/2023\/12\/18\/presentan-la-edicion-49-de-la-cabalgata-de-reyes\/","og_site_name":"Kuali","article_publisher":"https:\/\/kuali.com.mx\/web\/wp-content\/uploads\/2018\/04\/cropped-kuali_logo-1-1.png","article_published_time":"2023-12-18T21:19:34+00:00","article_modified_time":"2023-12-19T12:13:00+00:00","og_image":[{"width":1672,"height":750,"url":"https:\/\/kuali.com.mx\/web\/wp-content\/uploads\/2023\/12\/cabalgata-a.jpg","type":"image\/jpeg"}],"author":"Kuali Staff","twitter_card":"summary_large_image","twitter_creator":"@kuali_noticias","twitter_site":"@kuali_noticias","twitter_misc":{"Escrito por":"Kuali Staff","Tiempo de lectura":"2 minutos"},"schema":{"@context":"https:\/\/schema.org","@graph":[{"@type":"Article","@id":"https:\/\/kuali.com.mx\/web\/2023\/12\/18\/presentan-la-edicion-49-de-la-cabalgata-de-reyes\/#article","isPartOf":{"@id":"https:\/\/kuali.com.mx\/web\/2023\/12\/18\/presentan-la-edicion-49-de-la-cabalgata-de-reyes\/"},"author":{"name":"Kuali Staff","@id":"https:\/\/kuali.com.mx\/web\/#\/schema\/person\/6f89ffa8ecba9dae50662357923c5289"},"headline":"PRESENTAN LA EDICI\u00d3N 49 DE LA CABALGATA DE REYES","datePublished":"2023-12-18T21:19:34+00:00","dateModified":"2023-12-19T12:13:00+00:00","mainEntityOfPage":{"@id":"https:\/\/kuali.com.mx\/web\/2023\/12\/18\/presentan-la-edicion-49-de-la-cabalgata-de-reyes\/"},"wordCount":343,"commentCount":0,"image":{"@id":"https:\/\/kuali.com.mx\/web\/2023\/12\/18\/presentan-la-edicion-49-de-la-cabalgata-de-reyes\/#primaryimage"},"thumbnailUrl":"https:\/\/kuali.com.mx\/web\/wp-content\/uploads\/2023\/12\/cabalgata-a.jpg","articleSection":["Turismo"],"inLanguage":"es","potentialAction":[{"@type":"CommentAction","name":"Comment","target":["https:\/\/kuali.com.mx\/web\/2023\/12\/18\/presentan-la-edicion-49-de-la-cabalgata-de-reyes\/#respond"]}]},{"@type":"WebPage","@id":"https:\/\/kuali.com.mx\/web\/2023\/12\/18\/presentan-la-edicion-49-de-la-cabalgata-de-reyes\/","url":"https:\/\/kuali.com.mx\/web\/2023\/12\/18\/presentan-la-edicion-49-de-la-cabalgata-de-reyes\/","name":"PRESENTAN LA EDICI\u00d3N 49 DE LA CABALGATA DE REYES - Kuali","isPartOf":{"@id":"https:\/\/kuali.com.mx\/web\/#website"},"primaryImageOfPage":{"@id":"https:\/\/kuali.com.mx\/web\/2023\/12\/18\/presentan-la-edicion-49-de-la-cabalgata-de-reyes\/#primaryimage"},"image":{"@id":"https:\/\/kuali.com.mx\/web\/2023\/12\/18\/presentan-la-edicion-49-de-la-cabalgata-de-reyes\/#primaryimage"},"thumbnailUrl":"https:\/\/kuali.com.mx\/web\/wp-content\/uploads\/2023\/12\/cabalgata-a.jpg","datePublished":"2023-12-18T21:19:34+00:00","dateModified":"2023-12-19T12:13:00+00:00","author":{"@id":"https:\/\/kuali.com.mx\/web\/#\/schema\/person\/6f89ffa8ecba9dae50662357923c5289"},"breadcrumb":{"@id":"https:\/\/kuali.com.mx\/web\/2023\/12\/18\/presentan-la-edicion-49-de-la-cabalgata-de-reyes\/#breadcrumb"},"inLanguage":"es","potentialAction":[{"@type":"ReadAction","target":["https:\/\/kuali.com.mx\/web\/2023\/12\/18\/presentan-la-edicion-49-de-la-cabalgata-de-reyes\/"]}]},{"@type":"ImageObject","inLanguage":"es","@id":"https:\/\/kuali.com.mx\/web\/2023\/12\/18\/presentan-la-edicion-49-de-la-cabalgata-de-reyes\/#primaryimage","url":"https:\/\/kuali.com.mx\/web\/wp-content\/uploads\/2023\/12\/cabalgata-a.jpg","contentUrl":"https:\/\/kuali.com.mx\/web\/wp-content\/uploads\/2023\/12\/cabalgata-a.jpg","width":1672,"height":750},{"@type":"BreadcrumbList","@id":"https:\/\/kuali.com.mx\/web\/2023\/12\/18\/presentan-la-edicion-49-de-la-cabalgata-de-reyes\/#breadcrumb","itemListElement":[{"@type":"ListItem","position":1,"name":"Inicio","item":"https:\/\/kuali.com.mx\/web\/"},{"@type":"ListItem","position":2,"name":"PRESENTAN LA EDICI\u00d3N 49 DE LA CABALGATA DE REYES"}]},{"@type":"WebSite","@id":"https:\/\/kuali.com.mx\/web\/#website","url":"https:\/\/kuali.com.mx\/web\/","name":"Kuali","description":"","potentialAction":[{"@type":"SearchAction","target":{"@type":"EntryPoint","urlTemplate":"https:\/\/kuali.com.mx\/web\/?s={search_term_string}"},"query-input":{"@type":"PropertyValueSpecification","valueRequired":true,"valueName":"search_term_string"}}],"inLanguage":"es"},{"@type":"Person","@id":"https:\/\/kuali.com.mx\/web\/#\/schema\/person\/6f89ffa8ecba9dae50662357923c5289","name":"Kuali Staff","image":{"@type":"ImageObject","inLanguage":"es","@id":"https:\/\/secure.gravatar.com\/avatar\/f917ad82e5ab71227a733c78b6e60715476f69ee6be59feee4eb5d9920c89e0f?s=96&d=mm&r=g","url":"https:\/\/secure.gravatar.com\/avatar\/f917ad82e5ab71227a733c78b6e60715476f69ee6be59feee4eb5d9920c89e0f?s=96&d=mm&r=g","contentUrl":"https:\/\/secure.gravatar.com\/avatar\/f917ad82e5ab71227a733c78b6e60715476f69ee6be59feee4eb5d9920c89e0f?s=96&d=mm&r=g","caption":"Kuali Staff"},"url":"https:\/\/kuali.com.mx\/web\/author\/lagarto\/"}]}},"_links":{"self":[{"href":"https:\/\/kuali.com.mx\/web\/wp-json\/wp\/v2\/posts\/132525","targetHints":{"allow":["GET"]}}],"collection":[{"href":"https:\/\/kuali.com.mx\/web\/wp-json\/wp\/v2\/posts"}],"about":[{"href":"https:\/\/kuali.com.mx\/web\/wp-json\/wp\/v2\/types\/post"}],"author":[{"embeddable":true,"href":"https:\/\/kuali.com.mx\/web\/wp-json\/wp\/v2\/users\/2"}],"replies":[{"embeddable":true,"href":"https:\/\/kuali.com.mx\/web\/wp-json\/wp\/v2\/comments?post=132525"}],"version-history":[{"count":1,"href":"https:\/\/kuali.com.mx\/web\/wp-json\/wp\/v2\/posts\/132525\/revisions"}],"predecessor-version":[{"id":132529,"href":"https:\/\/kuali.com.mx\/web\/wp-json\/wp\/v2\/posts\/132525\/revisions\/132529"}],"wp:featuredmedia":[{"embeddable":true,"href":"https:\/\/kuali.com.mx\/web\/wp-json\/wp\/v2\/media\/132528"}],"wp:attachment":[{"href":"https:\/\/kuali.com.mx\/web\/wp-json\/wp\/v2\/media?parent=132525"}],"wp:term":[{"taxonomy":"category","embeddable":true,"href":"https:\/\/kuali.com.mx\/web\/wp-json\/wp\/v2\/categories?post=132525"},{"taxonomy":"post_tag","embeddable":true,"href":"https:\/\/kuali.com.mx\/web\/wp-json\/wp\/v2\/tags?post=132525"}],"curies":[{"name":"wp","href":"https:\/\/api.w.org\/{rel}","templated":true}]}}