{"id":132414,"date":"2023-12-17T21:37:21","date_gmt":"2023-12-18T03:37:21","guid":{"rendered":"https:\/\/kuali.com.mx\/web\/?p=132414"},"modified":"2023-12-17T21:37:22","modified_gmt":"2023-12-18T03:37:22","slug":"movilizan-a-fuerzas-de-seguridad-para-arrestar-a-responsables-de-masacre","status":"publish","type":"post","link":"https:\/\/kuali.com.mx\/web\/2023\/12\/17\/movilizan-a-fuerzas-de-seguridad-para-arrestar-a-responsables-de-masacre\/","title":{"rendered":"MOVILIZAN A FUERZAS DE SEGURIDAD PARA ARRESTAR A RESPONSABLES DE MASACRE"},"content":{"rendered":"\n<p><strong><em>Milagros Tadeo\/Salvatierra, Gto.-<\/em><\/strong> El gobernador de Guanajuato, Diego Sinhue Rodr\u00edguez Vallejo, gir\u00f3 instrucciones para que la polic\u00eda estatal colabore en el arresto de los autores de la masacre en el municipio de Salamanca.<\/p>\n\n\n\n<p>\u201cHe girado instrucciones a los cuerpos de la Secretar\u00eda de Seguridad para que coordinados con la Fiscal\u00eda General del Estado den con el paradero de los responsables de este lamentable hecho\u201d, difundi\u00f3.<\/p>\n\n\n\n<p>El mandatario envi\u00f3 sus condolencias a las familias de las v\u00edctimas y asegur\u00f3 que Salvatierra no est\u00e1 solo.<\/p>\n\n\n\n<p>\u201cEn estos momentos se encuentra el secretario de Gobierno, Jes\u00fas Oviedo Herrera, en comunicaci\u00f3n permanente con las autoridades municipales, apoyaremos a las familias de las v\u00edctimas\u201d, se\u00f1al\u00f3.<\/p>\n","protected":false},"excerpt":{"rendered":"Milagros Tadeo\/Salvatierra, Gto.- El gobernador de Guanajuato, Diego Sinhue Rodr\u00edguez Vallejo, gir\u00f3 instrucciones para que la polic\u00eda estatal colabore en el arresto de los autores de la masacre en el municipio de Salamanca. \u201cHe girado instrucciones a los cuerpos de la Secretar\u00eda de Seguridad para que coordinados con la Fiscal\u00eda General del Estado den con [&hellip;]","protected":false},"author":2,"featured_media":58571,"comment_status":"open","ping_status":"open","sticky":false,"template":"","format":"standard","meta":{"_seopress_robots_primary_cat":"none","_seopress_titles_title":"","_seopress_titles_desc":"","_seopress_robots_index":"","_monsterinsights_skip_tracking":false,"_monsterinsights_sitenote_active":false,"_monsterinsights_sitenote_note":"","_monsterinsights_sitenote_category":0,"footnotes":""},"categories":[3,69],"tags":[],"class_list":["post-132414","post","type-post","status-publish","format-standard","has-post-thumbnail","hentry","category-politica","category-slider"],"yoast_head":"<!-- This site is optimized with the Yoast SEO plugin v27.4 - https:\/\/yoast.com\/product\/yoast-seo-wordpress\/ -->\n<title>MOVILIZAN A FUERZAS DE SEGURIDAD PARA ARRESTAR A RESPONSABLES DE MASACRE - Kuali<\/title>\n<meta name=\"robots\" content=\"index, follow, max-snippet:-1, max-image-preview:large, max-video-preview:-1\" \/>\n<link rel=\"canonical\" href=\"https:\/\/kuali.com.mx\/web\/2023\/12\/17\/movilizan-a-fuerzas-de-seguridad-para-arrestar-a-responsables-de-masacre\/\" \/>\n<meta property=\"og:locale\" content=\"es_MX\" \/>\n<meta property=\"og:type\" content=\"article\" \/>\n<meta property=\"og:title\" content=\"MOVILIZAN A FUERZAS DE SEGURIDAD PARA ARRESTAR A RESPONSABLES DE MASACRE - Kuali\" \/>\n<meta property=\"og:description\" content=\"Milagros Tadeo\/Salvatierra, Gto.- El gobernador de Guanajuato, Diego Sinhue Rodr\u00edguez Vallejo, gir\u00f3 instrucciones para que la polic\u00eda estatal colabore en el arresto de los autores de la masacre en el municipio de Salamanca. \u201cHe girado instrucciones a los cuerpos de la Secretar\u00eda de Seguridad para que coordinados con la Fiscal\u00eda General del Estado den con [&hellip;]\" \/>\n<meta property=\"og:url\" content=\"https:\/\/kuali.com.mx\/web\/2023\/12\/17\/movilizan-a-fuerzas-de-seguridad-para-arrestar-a-responsables-de-masacre\/\" \/>\n<meta property=\"og:site_name\" content=\"Kuali\" \/>\n<meta property=\"article:publisher\" content=\"https:\/\/kuali.com.mx\/web\/wp-content\/uploads\/2018\/04\/cropped-kuali_logo-1-1.png\" \/>\n<meta property=\"article:published_time\" content=\"2023-12-18T03:37:21+00:00\" \/>\n<meta property=\"article:modified_time\" content=\"2023-12-18T03:37:22+00:00\" \/>\n<meta property=\"og:image\" content=\"https:\/\/kuali.com.mx\/web\/wp-content\/uploads\/2019\/08\/Diego-seguridad-e1569898888642.jpg\" \/>\n\t<meta property=\"og:image:width\" content=\"1807\" \/>\n\t<meta property=\"og:image:height\" content=\"750\" \/>\n\t<meta property=\"og:image:type\" content=\"image\/jpeg\" \/>\n<meta name=\"author\" content=\"Kuali Staff\" \/>\n<meta name=\"twitter:card\" content=\"summary_large_image\" \/>\n<meta name=\"twitter:creator\" content=\"@kuali_noticias\" \/>\n<meta name=\"twitter:site\" content=\"@kuali_noticias\" \/>\n<meta name=\"twitter:label1\" content=\"Escrito por\" \/>\n\t<meta name=\"twitter:data1\" content=\"Kuali Staff\" \/>\n\t<meta name=\"twitter:label2\" content=\"Tiempo de lectura\" \/>\n\t<meta name=\"twitter:data2\" content=\"1 minuto\" \/>\n<script type=\"application\/ld+json\" class=\"yoast-schema-graph\">{\"@context\":\"https:\\\/\\\/schema.org\",\"@graph\":[{\"@type\":\"Article\",\"@id\":\"https:\\\/\\\/kuali.com.mx\\\/web\\\/2023\\\/12\\\/17\\\/movilizan-a-fuerzas-de-seguridad-para-arrestar-a-responsables-de-masacre\\\/#article\",\"isPartOf\":{\"@id\":\"https:\\\/\\\/kuali.com.mx\\\/web\\\/2023\\\/12\\\/17\\\/movilizan-a-fuerzas-de-seguridad-para-arrestar-a-responsables-de-masacre\\\/\"},\"author\":{\"name\":\"Kuali Staff\",\"@id\":\"https:\\\/\\\/kuali.com.mx\\\/web\\\/#\\\/schema\\\/person\\\/6f89ffa8ecba9dae50662357923c5289\"},\"headline\":\"MOVILIZAN A FUERZAS DE SEGURIDAD PARA ARRESTAR A RESPONSABLES DE MASACRE\",\"datePublished\":\"2023-12-18T03:37:21+00:00\",\"dateModified\":\"2023-12-18T03:37:22+00:00\",\"mainEntityOfPage\":{\"@id\":\"https:\\\/\\\/kuali.com.mx\\\/web\\\/2023\\\/12\\\/17\\\/movilizan-a-fuerzas-de-seguridad-para-arrestar-a-responsables-de-masacre\\\/\"},\"wordCount\":132,\"commentCount\":0,\"image\":{\"@id\":\"https:\\\/\\\/kuali.com.mx\\\/web\\\/2023\\\/12\\\/17\\\/movilizan-a-fuerzas-de-seguridad-para-arrestar-a-responsables-de-masacre\\\/#primaryimage\"},\"thumbnailUrl\":\"https:\\\/\\\/kuali.com.mx\\\/web\\\/wp-content\\\/uploads\\\/2019\\\/08\\\/Diego-seguridad-e1569898888642.jpg\",\"articleSection\":[\"Pol\u00edtica\",\"slider\"],\"inLanguage\":\"es\",\"potentialAction\":[{\"@type\":\"CommentAction\",\"name\":\"Comment\",\"target\":[\"https:\\\/\\\/kuali.com.mx\\\/web\\\/2023\\\/12\\\/17\\\/movilizan-a-fuerzas-de-seguridad-para-arrestar-a-responsables-de-masacre\\\/#respond\"]}]},{\"@type\":\"WebPage\",\"@id\":\"https:\\\/\\\/kuali.com.mx\\\/web\\\/2023\\\/12\\\/17\\\/movilizan-a-fuerzas-de-seguridad-para-arrestar-a-responsables-de-masacre\\\/\",\"url\":\"https:\\\/\\\/kuali.com.mx\\\/web\\\/2023\\\/12\\\/17\\\/movilizan-a-fuerzas-de-seguridad-para-arrestar-a-responsables-de-masacre\\\/\",\"name\":\"MOVILIZAN A FUERZAS DE SEGURIDAD PARA ARRESTAR A RESPONSABLES DE MASACRE - Kuali\",\"isPartOf\":{\"@id\":\"https:\\\/\\\/kuali.com.mx\\\/web\\\/#website\"},\"primaryImageOfPage\":{\"@id\":\"https:\\\/\\\/kuali.com.mx\\\/web\\\/2023\\\/12\\\/17\\\/movilizan-a-fuerzas-de-seguridad-para-arrestar-a-responsables-de-masacre\\\/#primaryimage\"},\"image\":{\"@id\":\"https:\\\/\\\/kuali.com.mx\\\/web\\\/2023\\\/12\\\/17\\\/movilizan-a-fuerzas-de-seguridad-para-arrestar-a-responsables-de-masacre\\\/#primaryimage\"},\"thumbnailUrl\":\"https:\\\/\\\/kuali.com.mx\\\/web\\\/wp-content\\\/uploads\\\/2019\\\/08\\\/Diego-seguridad-e1569898888642.jpg\",\"datePublished\":\"2023-12-18T03:37:21+00:00\",\"dateModified\":\"2023-12-18T03:37:22+00:00\",\"author\":{\"@id\":\"https:\\\/\\\/kuali.com.mx\\\/web\\\/#\\\/schema\\\/person\\\/6f89ffa8ecba9dae50662357923c5289\"},\"breadcrumb\":{\"@id\":\"https:\\\/\\\/kuali.com.mx\\\/web\\\/2023\\\/12\\\/17\\\/movilizan-a-fuerzas-de-seguridad-para-arrestar-a-responsables-de-masacre\\\/#breadcrumb\"},\"inLanguage\":\"es\",\"potentialAction\":[{\"@type\":\"ReadAction\",\"target\":[\"https:\\\/\\\/kuali.com.mx\\\/web\\\/2023\\\/12\\\/17\\\/movilizan-a-fuerzas-de-seguridad-para-arrestar-a-responsables-de-masacre\\\/\"]}]},{\"@type\":\"ImageObject\",\"inLanguage\":\"es\",\"@id\":\"https:\\\/\\\/kuali.com.mx\\\/web\\\/2023\\\/12\\\/17\\\/movilizan-a-fuerzas-de-seguridad-para-arrestar-a-responsables-de-masacre\\\/#primaryimage\",\"url\":\"https:\\\/\\\/kuali.com.mx\\\/web\\\/wp-content\\\/uploads\\\/2019\\\/08\\\/Diego-seguridad-e1569898888642.jpg\",\"contentUrl\":\"https:\\\/\\\/kuali.com.mx\\\/web\\\/wp-content\\\/uploads\\\/2019\\\/08\\\/Diego-seguridad-e1569898888642.jpg\",\"width\":1807,\"height\":750},{\"@type\":\"BreadcrumbList\",\"@id\":\"https:\\\/\\\/kuali.com.mx\\\/web\\\/2023\\\/12\\\/17\\\/movilizan-a-fuerzas-de-seguridad-para-arrestar-a-responsables-de-masacre\\\/#breadcrumb\",\"itemListElement\":[{\"@type\":\"ListItem\",\"position\":1,\"name\":\"Inicio\",\"item\":\"https:\\\/\\\/kuali.com.mx\\\/web\\\/\"},{\"@type\":\"ListItem\",\"position\":2,\"name\":\"MOVILIZAN A FUERZAS DE SEGURIDAD PARA ARRESTAR A RESPONSABLES DE MASACRE\"}]},{\"@type\":\"WebSite\",\"@id\":\"https:\\\/\\\/kuali.com.mx\\\/web\\\/#website\",\"url\":\"https:\\\/\\\/kuali.com.mx\\\/web\\\/\",\"name\":\"Kuali\",\"description\":\"\",\"potentialAction\":[{\"@type\":\"SearchAction\",\"target\":{\"@type\":\"EntryPoint\",\"urlTemplate\":\"https:\\\/\\\/kuali.com.mx\\\/web\\\/?s={search_term_string}\"},\"query-input\":{\"@type\":\"PropertyValueSpecification\",\"valueRequired\":true,\"valueName\":\"search_term_string\"}}],\"inLanguage\":\"es\"},{\"@type\":\"Person\",\"@id\":\"https:\\\/\\\/kuali.com.mx\\\/web\\\/#\\\/schema\\\/person\\\/6f89ffa8ecba9dae50662357923c5289\",\"name\":\"Kuali Staff\",\"image\":{\"@type\":\"ImageObject\",\"inLanguage\":\"es\",\"@id\":\"https:\\\/\\\/secure.gravatar.com\\\/avatar\\\/f917ad82e5ab71227a733c78b6e60715476f69ee6be59feee4eb5d9920c89e0f?s=96&d=mm&r=g\",\"url\":\"https:\\\/\\\/secure.gravatar.com\\\/avatar\\\/f917ad82e5ab71227a733c78b6e60715476f69ee6be59feee4eb5d9920c89e0f?s=96&d=mm&r=g\",\"contentUrl\":\"https:\\\/\\\/secure.gravatar.com\\\/avatar\\\/f917ad82e5ab71227a733c78b6e60715476f69ee6be59feee4eb5d9920c89e0f?s=96&d=mm&r=g\",\"caption\":\"Kuali Staff\"},\"url\":\"https:\\\/\\\/kuali.com.mx\\\/web\\\/author\\\/lagarto\\\/\"}]}<\/script>\n<!-- \/ Yoast SEO plugin. -->","yoast_head_json":{"title":"MOVILIZAN A FUERZAS DE SEGURIDAD PARA ARRESTAR A RESPONSABLES DE MASACRE - Kuali","robots":{"index":"index","follow":"follow","max-snippet":"max-snippet:-1","max-image-preview":"max-image-preview:large","max-video-preview":"max-video-preview:-1"},"canonical":"https:\/\/kuali.com.mx\/web\/2023\/12\/17\/movilizan-a-fuerzas-de-seguridad-para-arrestar-a-responsables-de-masacre\/","og_locale":"es_MX","og_type":"article","og_title":"MOVILIZAN A FUERZAS DE SEGURIDAD PARA ARRESTAR A RESPONSABLES DE MASACRE - Kuali","og_description":"Milagros Tadeo\/Salvatierra, Gto.- El gobernador de Guanajuato, Diego Sinhue Rodr\u00edguez Vallejo, gir\u00f3 instrucciones para que la polic\u00eda estatal colabore en el arresto de los autores de la masacre en el municipio de Salamanca. \u201cHe girado instrucciones a los cuerpos de la Secretar\u00eda de Seguridad para que coordinados con la Fiscal\u00eda General del Estado den con [&hellip;]","og_url":"https:\/\/kuali.com.mx\/web\/2023\/12\/17\/movilizan-a-fuerzas-de-seguridad-para-arrestar-a-responsables-de-masacre\/","og_site_name":"Kuali","article_publisher":"https:\/\/kuali.com.mx\/web\/wp-content\/uploads\/2018\/04\/cropped-kuali_logo-1-1.png","article_published_time":"2023-12-18T03:37:21+00:00","article_modified_time":"2023-12-18T03:37:22+00:00","og_image":[{"width":1807,"height":750,"url":"https:\/\/kuali.com.mx\/web\/wp-content\/uploads\/2019\/08\/Diego-seguridad-e1569898888642.jpg","type":"image\/jpeg"}],"author":"Kuali Staff","twitter_card":"summary_large_image","twitter_creator":"@kuali_noticias","twitter_site":"@kuali_noticias","twitter_misc":{"Escrito por":"Kuali Staff","Tiempo de lectura":"1 minuto"},"schema":{"@context":"https:\/\/schema.org","@graph":[{"@type":"Article","@id":"https:\/\/kuali.com.mx\/web\/2023\/12\/17\/movilizan-a-fuerzas-de-seguridad-para-arrestar-a-responsables-de-masacre\/#article","isPartOf":{"@id":"https:\/\/kuali.com.mx\/web\/2023\/12\/17\/movilizan-a-fuerzas-de-seguridad-para-arrestar-a-responsables-de-masacre\/"},"author":{"name":"Kuali Staff","@id":"https:\/\/kuali.com.mx\/web\/#\/schema\/person\/6f89ffa8ecba9dae50662357923c5289"},"headline":"MOVILIZAN A FUERZAS DE SEGURIDAD PARA ARRESTAR A RESPONSABLES DE MASACRE","datePublished":"2023-12-18T03:37:21+00:00","dateModified":"2023-12-18T03:37:22+00:00","mainEntityOfPage":{"@id":"https:\/\/kuali.com.mx\/web\/2023\/12\/17\/movilizan-a-fuerzas-de-seguridad-para-arrestar-a-responsables-de-masacre\/"},"wordCount":132,"commentCount":0,"image":{"@id":"https:\/\/kuali.com.mx\/web\/2023\/12\/17\/movilizan-a-fuerzas-de-seguridad-para-arrestar-a-responsables-de-masacre\/#primaryimage"},"thumbnailUrl":"https:\/\/kuali.com.mx\/web\/wp-content\/uploads\/2019\/08\/Diego-seguridad-e1569898888642.jpg","articleSection":["Pol\u00edtica","slider"],"inLanguage":"es","potentialAction":[{"@type":"CommentAction","name":"Comment","target":["https:\/\/kuali.com.mx\/web\/2023\/12\/17\/movilizan-a-fuerzas-de-seguridad-para-arrestar-a-responsables-de-masacre\/#respond"]}]},{"@type":"WebPage","@id":"https:\/\/kuali.com.mx\/web\/2023\/12\/17\/movilizan-a-fuerzas-de-seguridad-para-arrestar-a-responsables-de-masacre\/","url":"https:\/\/kuali.com.mx\/web\/2023\/12\/17\/movilizan-a-fuerzas-de-seguridad-para-arrestar-a-responsables-de-masacre\/","name":"MOVILIZAN A FUERZAS DE SEGURIDAD PARA ARRESTAR A RESPONSABLES DE MASACRE - Kuali","isPartOf":{"@id":"https:\/\/kuali.com.mx\/web\/#website"},"primaryImageOfPage":{"@id":"https:\/\/kuali.com.mx\/web\/2023\/12\/17\/movilizan-a-fuerzas-de-seguridad-para-arrestar-a-responsables-de-masacre\/#primaryimage"},"image":{"@id":"https:\/\/kuali.com.mx\/web\/2023\/12\/17\/movilizan-a-fuerzas-de-seguridad-para-arrestar-a-responsables-de-masacre\/#primaryimage"},"thumbnailUrl":"https:\/\/kuali.com.mx\/web\/wp-content\/uploads\/2019\/08\/Diego-seguridad-e1569898888642.jpg","datePublished":"2023-12-18T03:37:21+00:00","dateModified":"2023-12-18T03:37:22+00:00","author":{"@id":"https:\/\/kuali.com.mx\/web\/#\/schema\/person\/6f89ffa8ecba9dae50662357923c5289"},"breadcrumb":{"@id":"https:\/\/kuali.com.mx\/web\/2023\/12\/17\/movilizan-a-fuerzas-de-seguridad-para-arrestar-a-responsables-de-masacre\/#breadcrumb"},"inLanguage":"es","potentialAction":[{"@type":"ReadAction","target":["https:\/\/kuali.com.mx\/web\/2023\/12\/17\/movilizan-a-fuerzas-de-seguridad-para-arrestar-a-responsables-de-masacre\/"]}]},{"@type":"ImageObject","inLanguage":"es","@id":"https:\/\/kuali.com.mx\/web\/2023\/12\/17\/movilizan-a-fuerzas-de-seguridad-para-arrestar-a-responsables-de-masacre\/#primaryimage","url":"https:\/\/kuali.com.mx\/web\/wp-content\/uploads\/2019\/08\/Diego-seguridad-e1569898888642.jpg","contentUrl":"https:\/\/kuali.com.mx\/web\/wp-content\/uploads\/2019\/08\/Diego-seguridad-e1569898888642.jpg","width":1807,"height":750},{"@type":"BreadcrumbList","@id":"https:\/\/kuali.com.mx\/web\/2023\/12\/17\/movilizan-a-fuerzas-de-seguridad-para-arrestar-a-responsables-de-masacre\/#breadcrumb","itemListElement":[{"@type":"ListItem","position":1,"name":"Inicio","item":"https:\/\/kuali.com.mx\/web\/"},{"@type":"ListItem","position":2,"name":"MOVILIZAN A FUERZAS DE SEGURIDAD PARA ARRESTAR A RESPONSABLES DE MASACRE"}]},{"@type":"WebSite","@id":"https:\/\/kuali.com.mx\/web\/#website","url":"https:\/\/kuali.com.mx\/web\/","name":"Kuali","description":"","potentialAction":[{"@type":"SearchAction","target":{"@type":"EntryPoint","urlTemplate":"https:\/\/kuali.com.mx\/web\/?s={search_term_string}"},"query-input":{"@type":"PropertyValueSpecification","valueRequired":true,"valueName":"search_term_string"}}],"inLanguage":"es"},{"@type":"Person","@id":"https:\/\/kuali.com.mx\/web\/#\/schema\/person\/6f89ffa8ecba9dae50662357923c5289","name":"Kuali Staff","image":{"@type":"ImageObject","inLanguage":"es","@id":"https:\/\/secure.gravatar.com\/avatar\/f917ad82e5ab71227a733c78b6e60715476f69ee6be59feee4eb5d9920c89e0f?s=96&d=mm&r=g","url":"https:\/\/secure.gravatar.com\/avatar\/f917ad82e5ab71227a733c78b6e60715476f69ee6be59feee4eb5d9920c89e0f?s=96&d=mm&r=g","contentUrl":"https:\/\/secure.gravatar.com\/avatar\/f917ad82e5ab71227a733c78b6e60715476f69ee6be59feee4eb5d9920c89e0f?s=96&d=mm&r=g","caption":"Kuali Staff"},"url":"https:\/\/kuali.com.mx\/web\/author\/lagarto\/"}]}},"_links":{"self":[{"href":"https:\/\/kuali.com.mx\/web\/wp-json\/wp\/v2\/posts\/132414","targetHints":{"allow":["GET"]}}],"collection":[{"href":"https:\/\/kuali.com.mx\/web\/wp-json\/wp\/v2\/posts"}],"about":[{"href":"https:\/\/kuali.com.mx\/web\/wp-json\/wp\/v2\/types\/post"}],"author":[{"embeddable":true,"href":"https:\/\/kuali.com.mx\/web\/wp-json\/wp\/v2\/users\/2"}],"replies":[{"embeddable":true,"href":"https:\/\/kuali.com.mx\/web\/wp-json\/wp\/v2\/comments?post=132414"}],"version-history":[{"count":1,"href":"https:\/\/kuali.com.mx\/web\/wp-json\/wp\/v2\/posts\/132414\/revisions"}],"predecessor-version":[{"id":132417,"href":"https:\/\/kuali.com.mx\/web\/wp-json\/wp\/v2\/posts\/132414\/revisions\/132417"}],"wp:featuredmedia":[{"embeddable":true,"href":"https:\/\/kuali.com.mx\/web\/wp-json\/wp\/v2\/media\/58571"}],"wp:attachment":[{"href":"https:\/\/kuali.com.mx\/web\/wp-json\/wp\/v2\/media?parent=132414"}],"wp:term":[{"taxonomy":"category","embeddable":true,"href":"https:\/\/kuali.com.mx\/web\/wp-json\/wp\/v2\/categories?post=132414"},{"taxonomy":"post_tag","embeddable":true,"href":"https:\/\/kuali.com.mx\/web\/wp-json\/wp\/v2\/tags?post=132414"}],"curies":[{"name":"wp","href":"https:\/\/api.w.org\/{rel}","templated":true}]}}