{"id":132157,"date":"2023-12-14T18:34:46","date_gmt":"2023-12-15T00:34:46","guid":{"rendered":"https:\/\/kuali.com.mx\/web\/?p=132157"},"modified":"2023-12-14T19:29:17","modified_gmt":"2023-12-15T01:29:17","slug":"exhorta-congreso-a-detener-a-homicidas-de-universitarios","status":"publish","type":"post","link":"https:\/\/kuali.com.mx\/web\/2023\/12\/14\/exhorta-congreso-a-detener-a-homicidas-de-universitarios\/","title":{"rendered":"EXHORTA CONGRESO A DETENER A HOMICIDAS DE UNIVERSITARIOS"},"content":{"rendered":"\n<p><strong><em>Kuali\/Guanajuato, Gto.-<\/em><\/strong> El Congreso del estado de Guanajuato exhort\u00f3 a la Fiscal\u00eda General del Estado (FGE) y a la Fiscal\u00eda General de la Rep\u00fablica (FGR) a esclarecer los asesinatos de los cinco estudiante sde la Universidad Latina de M\u00e9xico de la ciudad de Celaya.<\/p>\n\n\n\n<p>En el exhort\u00f3 se incluy\u00f3 al presidente, Andr\u00e9s Manuel L\u00f3pez Obrador, a la Secretar\u00eda de Seguridad federal, a la Secretar\u00eda de Seguridad del estado y a la de Celaya.<\/p>\n\n\n\n<p>,Los legisladores pidieron esclarecer los homicidios de los j\u00f3venes universitarios Jos\u00e9 Eduardo Freire Ortega, Pedro Francisco Mateos Puente, Bryan Jes\u00fas Amoles Gasca y los hermanos Jes\u00fas Virgilio y Fabi\u00e1n Orozco Mateos, garantizando justicia a las v\u00edctimas y a la sociedad celayense.<\/p>\n\n\n\n<p>Al hablar a favor del dictamen, el diputado Alejandro Arias \u00c1vila coment\u00f3 que siempre que muere un joven o un ni\u00f1o, es sumamente doloroso para una sociedad, pero, que sus vidas sean interrumpidas por la criminalidad es desesperanzador.<\/p>\n\n\n\n<p>Se refiri\u00f3 a la muerte de los seis j\u00f3venes en el municipio de Celaya lo cual, dijo, era una muestra m\u00e1s de las profundas fallas que se est\u00e1n teniendo como pa\u00eds, en donde cada orden de gobierno tiene una responsabilidad incumplida.<\/p>\n\n\n\n<p>Afirm\u00f3 que no se deben repartir culpas porque todos eran culpables.<\/p>\n\n\n\n<p>\u201cNo hemos comprendido que nuestra funci\u00f3n tiene como principal prop\u00f3sito, dar movimiento a los engranes del Estado, en beneficio de la sociedad, pues cuando el Estado falla en sus prop\u00f3sitos fundamentales, como la seguridad, pierde sentido para los gobernados mantener un pacto social\u201d, enfatiz\u00f3.<\/p>\n\n\n\n<p>Finalmente, manifest\u00f3 que siempre ser\u00e1 buen momento para reencauzar el rumbo, pero mientras m\u00e1s se postergue esa tarea, m\u00e1s altos ser\u00e1n los costos que se tendr\u00e1n que asumir.<\/p>\n\n\n\n<p>\u201cHoy nos solidarizamos con las familias de estos j\u00f3venes y de quienes han perecido ante el crimen, nos duelen, nos importan y seguiremos trabajando para que puedan obtener justicia\u201d, concluy\u00f3.<\/p>\n","protected":false},"excerpt":{"rendered":"Kuali\/Guanajuato, Gto.- El Congreso del estado de Guanajuato exhort\u00f3 a la Fiscal\u00eda General del Estado (FGE) y a la Fiscal\u00eda General de la Rep\u00fablica (FGR) a esclarecer los asesinatos de los cinco estudiante sde la Universidad Latina de M\u00e9xico de la ciudad de Celaya. En el exhort\u00f3 se incluy\u00f3 al presidente, Andr\u00e9s Manuel L\u00f3pez Obrador, [&hellip;]","protected":false},"author":2,"featured_media":109511,"comment_status":"open","ping_status":"open","sticky":false,"template":"","format":"standard","meta":{"_seopress_robots_primary_cat":"none","_seopress_titles_title":"","_seopress_titles_desc":"","_seopress_robots_index":"","_monsterinsights_skip_tracking":false,"_monsterinsights_sitenote_active":false,"_monsterinsights_sitenote_note":"","_monsterinsights_sitenote_category":0,"footnotes":""},"categories":[3,69],"tags":[],"class_list":["post-132157","post","type-post","status-publish","format-standard","has-post-thumbnail","hentry","category-politica","category-slider"],"yoast_head":"<!-- This site is optimized with the Yoast SEO plugin v27.4 - https:\/\/yoast.com\/product\/yoast-seo-wordpress\/ -->\n<title>EXHORTA CONGRESO A DETENER A HOMICIDAS DE UNIVERSITARIOS - Kuali<\/title>\n<meta name=\"robots\" content=\"index, follow, max-snippet:-1, max-image-preview:large, max-video-preview:-1\" \/>\n<link rel=\"canonical\" href=\"https:\/\/kuali.com.mx\/web\/2023\/12\/14\/exhorta-congreso-a-detener-a-homicidas-de-universitarios\/\" \/>\n<meta property=\"og:locale\" content=\"es_MX\" \/>\n<meta property=\"og:type\" content=\"article\" \/>\n<meta property=\"og:title\" content=\"EXHORTA CONGRESO A DETENER A HOMICIDAS DE UNIVERSITARIOS - Kuali\" \/>\n<meta property=\"og:description\" content=\"Kuali\/Guanajuato, Gto.- El Congreso del estado de Guanajuato exhort\u00f3 a la Fiscal\u00eda General del Estado (FGE) y a la Fiscal\u00eda General de la Rep\u00fablica (FGR) a esclarecer los asesinatos de los cinco estudiante sde la Universidad Latina de M\u00e9xico de la ciudad de Celaya. En el exhort\u00f3 se incluy\u00f3 al presidente, Andr\u00e9s Manuel L\u00f3pez Obrador, [&hellip;]\" \/>\n<meta property=\"og:url\" content=\"https:\/\/kuali.com.mx\/web\/2023\/12\/14\/exhorta-congreso-a-detener-a-homicidas-de-universitarios\/\" \/>\n<meta property=\"og:site_name\" content=\"Kuali\" \/>\n<meta property=\"article:publisher\" content=\"https:\/\/kuali.com.mx\/web\/wp-content\/uploads\/2018\/04\/cropped-kuali_logo-1-1.png\" \/>\n<meta property=\"article:published_time\" content=\"2023-12-15T00:34:46+00:00\" \/>\n<meta property=\"article:modified_time\" content=\"2023-12-15T01:29:17+00:00\" \/>\n<meta property=\"og:image\" content=\"https:\/\/kuali.com.mx\/web\/wp-content\/uploads\/2022\/12\/Congreso_deuda.gif\" \/>\n\t<meta property=\"og:image:width\" content=\"1800\" \/>\n\t<meta property=\"og:image:height\" content=\"750\" \/>\n\t<meta property=\"og:image:type\" content=\"image\/gif\" \/>\n<meta name=\"author\" content=\"Kuali Staff\" \/>\n<meta name=\"twitter:card\" content=\"summary_large_image\" \/>\n<meta name=\"twitter:creator\" content=\"@kuali_noticias\" \/>\n<meta name=\"twitter:site\" content=\"@kuali_noticias\" \/>\n<meta name=\"twitter:label1\" content=\"Escrito por\" \/>\n\t<meta name=\"twitter:data1\" content=\"Kuali Staff\" \/>\n\t<meta name=\"twitter:label2\" content=\"Tiempo de lectura\" \/>\n\t<meta name=\"twitter:data2\" content=\"2 minutos\" \/>\n<script type=\"application\/ld+json\" class=\"yoast-schema-graph\">{\"@context\":\"https:\\\/\\\/schema.org\",\"@graph\":[{\"@type\":\"Article\",\"@id\":\"https:\\\/\\\/kuali.com.mx\\\/web\\\/2023\\\/12\\\/14\\\/exhorta-congreso-a-detener-a-homicidas-de-universitarios\\\/#article\",\"isPartOf\":{\"@id\":\"https:\\\/\\\/kuali.com.mx\\\/web\\\/2023\\\/12\\\/14\\\/exhorta-congreso-a-detener-a-homicidas-de-universitarios\\\/\"},\"author\":{\"name\":\"Kuali Staff\",\"@id\":\"https:\\\/\\\/kuali.com.mx\\\/web\\\/#\\\/schema\\\/person\\\/6f89ffa8ecba9dae50662357923c5289\"},\"headline\":\"EXHORTA CONGRESO A DETENER A HOMICIDAS DE UNIVERSITARIOS\",\"datePublished\":\"2023-12-15T00:34:46+00:00\",\"dateModified\":\"2023-12-15T01:29:17+00:00\",\"mainEntityOfPage\":{\"@id\":\"https:\\\/\\\/kuali.com.mx\\\/web\\\/2023\\\/12\\\/14\\\/exhorta-congreso-a-detener-a-homicidas-de-universitarios\\\/\"},\"wordCount\":342,\"commentCount\":0,\"image\":{\"@id\":\"https:\\\/\\\/kuali.com.mx\\\/web\\\/2023\\\/12\\\/14\\\/exhorta-congreso-a-detener-a-homicidas-de-universitarios\\\/#primaryimage\"},\"thumbnailUrl\":\"https:\\\/\\\/kuali.com.mx\\\/web\\\/wp-content\\\/uploads\\\/2022\\\/12\\\/Congreso_deuda.gif\",\"articleSection\":[\"Pol\u00edtica\",\"slider\"],\"inLanguage\":\"es\",\"potentialAction\":[{\"@type\":\"CommentAction\",\"name\":\"Comment\",\"target\":[\"https:\\\/\\\/kuali.com.mx\\\/web\\\/2023\\\/12\\\/14\\\/exhorta-congreso-a-detener-a-homicidas-de-universitarios\\\/#respond\"]}]},{\"@type\":\"WebPage\",\"@id\":\"https:\\\/\\\/kuali.com.mx\\\/web\\\/2023\\\/12\\\/14\\\/exhorta-congreso-a-detener-a-homicidas-de-universitarios\\\/\",\"url\":\"https:\\\/\\\/kuali.com.mx\\\/web\\\/2023\\\/12\\\/14\\\/exhorta-congreso-a-detener-a-homicidas-de-universitarios\\\/\",\"name\":\"EXHORTA CONGRESO A DETENER A HOMICIDAS DE UNIVERSITARIOS - Kuali\",\"isPartOf\":{\"@id\":\"https:\\\/\\\/kuali.com.mx\\\/web\\\/#website\"},\"primaryImageOfPage\":{\"@id\":\"https:\\\/\\\/kuali.com.mx\\\/web\\\/2023\\\/12\\\/14\\\/exhorta-congreso-a-detener-a-homicidas-de-universitarios\\\/#primaryimage\"},\"image\":{\"@id\":\"https:\\\/\\\/kuali.com.mx\\\/web\\\/2023\\\/12\\\/14\\\/exhorta-congreso-a-detener-a-homicidas-de-universitarios\\\/#primaryimage\"},\"thumbnailUrl\":\"https:\\\/\\\/kuali.com.mx\\\/web\\\/wp-content\\\/uploads\\\/2022\\\/12\\\/Congreso_deuda.gif\",\"datePublished\":\"2023-12-15T00:34:46+00:00\",\"dateModified\":\"2023-12-15T01:29:17+00:00\",\"author\":{\"@id\":\"https:\\\/\\\/kuali.com.mx\\\/web\\\/#\\\/schema\\\/person\\\/6f89ffa8ecba9dae50662357923c5289\"},\"breadcrumb\":{\"@id\":\"https:\\\/\\\/kuali.com.mx\\\/web\\\/2023\\\/12\\\/14\\\/exhorta-congreso-a-detener-a-homicidas-de-universitarios\\\/#breadcrumb\"},\"inLanguage\":\"es\",\"potentialAction\":[{\"@type\":\"ReadAction\",\"target\":[\"https:\\\/\\\/kuali.com.mx\\\/web\\\/2023\\\/12\\\/14\\\/exhorta-congreso-a-detener-a-homicidas-de-universitarios\\\/\"]}]},{\"@type\":\"ImageObject\",\"inLanguage\":\"es\",\"@id\":\"https:\\\/\\\/kuali.com.mx\\\/web\\\/2023\\\/12\\\/14\\\/exhorta-congreso-a-detener-a-homicidas-de-universitarios\\\/#primaryimage\",\"url\":\"https:\\\/\\\/kuali.com.mx\\\/web\\\/wp-content\\\/uploads\\\/2022\\\/12\\\/Congreso_deuda.gif\",\"contentUrl\":\"https:\\\/\\\/kuali.com.mx\\\/web\\\/wp-content\\\/uploads\\\/2022\\\/12\\\/Congreso_deuda.gif\",\"width\":1800,\"height\":750},{\"@type\":\"BreadcrumbList\",\"@id\":\"https:\\\/\\\/kuali.com.mx\\\/web\\\/2023\\\/12\\\/14\\\/exhorta-congreso-a-detener-a-homicidas-de-universitarios\\\/#breadcrumb\",\"itemListElement\":[{\"@type\":\"ListItem\",\"position\":1,\"name\":\"Inicio\",\"item\":\"https:\\\/\\\/kuali.com.mx\\\/web\\\/\"},{\"@type\":\"ListItem\",\"position\":2,\"name\":\"EXHORTA CONGRESO A DETENER A HOMICIDAS DE UNIVERSITARIOS\"}]},{\"@type\":\"WebSite\",\"@id\":\"https:\\\/\\\/kuali.com.mx\\\/web\\\/#website\",\"url\":\"https:\\\/\\\/kuali.com.mx\\\/web\\\/\",\"name\":\"Kuali\",\"description\":\"\",\"potentialAction\":[{\"@type\":\"SearchAction\",\"target\":{\"@type\":\"EntryPoint\",\"urlTemplate\":\"https:\\\/\\\/kuali.com.mx\\\/web\\\/?s={search_term_string}\"},\"query-input\":{\"@type\":\"PropertyValueSpecification\",\"valueRequired\":true,\"valueName\":\"search_term_string\"}}],\"inLanguage\":\"es\"},{\"@type\":\"Person\",\"@id\":\"https:\\\/\\\/kuali.com.mx\\\/web\\\/#\\\/schema\\\/person\\\/6f89ffa8ecba9dae50662357923c5289\",\"name\":\"Kuali Staff\",\"image\":{\"@type\":\"ImageObject\",\"inLanguage\":\"es\",\"@id\":\"https:\\\/\\\/secure.gravatar.com\\\/avatar\\\/f917ad82e5ab71227a733c78b6e60715476f69ee6be59feee4eb5d9920c89e0f?s=96&d=mm&r=g\",\"url\":\"https:\\\/\\\/secure.gravatar.com\\\/avatar\\\/f917ad82e5ab71227a733c78b6e60715476f69ee6be59feee4eb5d9920c89e0f?s=96&d=mm&r=g\",\"contentUrl\":\"https:\\\/\\\/secure.gravatar.com\\\/avatar\\\/f917ad82e5ab71227a733c78b6e60715476f69ee6be59feee4eb5d9920c89e0f?s=96&d=mm&r=g\",\"caption\":\"Kuali Staff\"},\"url\":\"https:\\\/\\\/kuali.com.mx\\\/web\\\/author\\\/lagarto\\\/\"}]}<\/script>\n<!-- \/ Yoast SEO plugin. -->","yoast_head_json":{"title":"EXHORTA CONGRESO A DETENER A HOMICIDAS DE UNIVERSITARIOS - Kuali","robots":{"index":"index","follow":"follow","max-snippet":"max-snippet:-1","max-image-preview":"max-image-preview:large","max-video-preview":"max-video-preview:-1"},"canonical":"https:\/\/kuali.com.mx\/web\/2023\/12\/14\/exhorta-congreso-a-detener-a-homicidas-de-universitarios\/","og_locale":"es_MX","og_type":"article","og_title":"EXHORTA CONGRESO A DETENER A HOMICIDAS DE UNIVERSITARIOS - Kuali","og_description":"Kuali\/Guanajuato, Gto.- El Congreso del estado de Guanajuato exhort\u00f3 a la Fiscal\u00eda General del Estado (FGE) y a la Fiscal\u00eda General de la Rep\u00fablica (FGR) a esclarecer los asesinatos de los cinco estudiante sde la Universidad Latina de M\u00e9xico de la ciudad de Celaya. En el exhort\u00f3 se incluy\u00f3 al presidente, Andr\u00e9s Manuel L\u00f3pez Obrador, [&hellip;]","og_url":"https:\/\/kuali.com.mx\/web\/2023\/12\/14\/exhorta-congreso-a-detener-a-homicidas-de-universitarios\/","og_site_name":"Kuali","article_publisher":"https:\/\/kuali.com.mx\/web\/wp-content\/uploads\/2018\/04\/cropped-kuali_logo-1-1.png","article_published_time":"2023-12-15T00:34:46+00:00","article_modified_time":"2023-12-15T01:29:17+00:00","og_image":[{"width":1800,"height":750,"url":"https:\/\/kuali.com.mx\/web\/wp-content\/uploads\/2022\/12\/Congreso_deuda.gif","type":"image\/gif"}],"author":"Kuali Staff","twitter_card":"summary_large_image","twitter_creator":"@kuali_noticias","twitter_site":"@kuali_noticias","twitter_misc":{"Escrito por":"Kuali Staff","Tiempo de lectura":"2 minutos"},"schema":{"@context":"https:\/\/schema.org","@graph":[{"@type":"Article","@id":"https:\/\/kuali.com.mx\/web\/2023\/12\/14\/exhorta-congreso-a-detener-a-homicidas-de-universitarios\/#article","isPartOf":{"@id":"https:\/\/kuali.com.mx\/web\/2023\/12\/14\/exhorta-congreso-a-detener-a-homicidas-de-universitarios\/"},"author":{"name":"Kuali Staff","@id":"https:\/\/kuali.com.mx\/web\/#\/schema\/person\/6f89ffa8ecba9dae50662357923c5289"},"headline":"EXHORTA CONGRESO A DETENER A HOMICIDAS DE UNIVERSITARIOS","datePublished":"2023-12-15T00:34:46+00:00","dateModified":"2023-12-15T01:29:17+00:00","mainEntityOfPage":{"@id":"https:\/\/kuali.com.mx\/web\/2023\/12\/14\/exhorta-congreso-a-detener-a-homicidas-de-universitarios\/"},"wordCount":342,"commentCount":0,"image":{"@id":"https:\/\/kuali.com.mx\/web\/2023\/12\/14\/exhorta-congreso-a-detener-a-homicidas-de-universitarios\/#primaryimage"},"thumbnailUrl":"https:\/\/kuali.com.mx\/web\/wp-content\/uploads\/2022\/12\/Congreso_deuda.gif","articleSection":["Pol\u00edtica","slider"],"inLanguage":"es","potentialAction":[{"@type":"CommentAction","name":"Comment","target":["https:\/\/kuali.com.mx\/web\/2023\/12\/14\/exhorta-congreso-a-detener-a-homicidas-de-universitarios\/#respond"]}]},{"@type":"WebPage","@id":"https:\/\/kuali.com.mx\/web\/2023\/12\/14\/exhorta-congreso-a-detener-a-homicidas-de-universitarios\/","url":"https:\/\/kuali.com.mx\/web\/2023\/12\/14\/exhorta-congreso-a-detener-a-homicidas-de-universitarios\/","name":"EXHORTA CONGRESO A DETENER A HOMICIDAS DE UNIVERSITARIOS - Kuali","isPartOf":{"@id":"https:\/\/kuali.com.mx\/web\/#website"},"primaryImageOfPage":{"@id":"https:\/\/kuali.com.mx\/web\/2023\/12\/14\/exhorta-congreso-a-detener-a-homicidas-de-universitarios\/#primaryimage"},"image":{"@id":"https:\/\/kuali.com.mx\/web\/2023\/12\/14\/exhorta-congreso-a-detener-a-homicidas-de-universitarios\/#primaryimage"},"thumbnailUrl":"https:\/\/kuali.com.mx\/web\/wp-content\/uploads\/2022\/12\/Congreso_deuda.gif","datePublished":"2023-12-15T00:34:46+00:00","dateModified":"2023-12-15T01:29:17+00:00","author":{"@id":"https:\/\/kuali.com.mx\/web\/#\/schema\/person\/6f89ffa8ecba9dae50662357923c5289"},"breadcrumb":{"@id":"https:\/\/kuali.com.mx\/web\/2023\/12\/14\/exhorta-congreso-a-detener-a-homicidas-de-universitarios\/#breadcrumb"},"inLanguage":"es","potentialAction":[{"@type":"ReadAction","target":["https:\/\/kuali.com.mx\/web\/2023\/12\/14\/exhorta-congreso-a-detener-a-homicidas-de-universitarios\/"]}]},{"@type":"ImageObject","inLanguage":"es","@id":"https:\/\/kuali.com.mx\/web\/2023\/12\/14\/exhorta-congreso-a-detener-a-homicidas-de-universitarios\/#primaryimage","url":"https:\/\/kuali.com.mx\/web\/wp-content\/uploads\/2022\/12\/Congreso_deuda.gif","contentUrl":"https:\/\/kuali.com.mx\/web\/wp-content\/uploads\/2022\/12\/Congreso_deuda.gif","width":1800,"height":750},{"@type":"BreadcrumbList","@id":"https:\/\/kuali.com.mx\/web\/2023\/12\/14\/exhorta-congreso-a-detener-a-homicidas-de-universitarios\/#breadcrumb","itemListElement":[{"@type":"ListItem","position":1,"name":"Inicio","item":"https:\/\/kuali.com.mx\/web\/"},{"@type":"ListItem","position":2,"name":"EXHORTA CONGRESO A DETENER A HOMICIDAS DE UNIVERSITARIOS"}]},{"@type":"WebSite","@id":"https:\/\/kuali.com.mx\/web\/#website","url":"https:\/\/kuali.com.mx\/web\/","name":"Kuali","description":"","potentialAction":[{"@type":"SearchAction","target":{"@type":"EntryPoint","urlTemplate":"https:\/\/kuali.com.mx\/web\/?s={search_term_string}"},"query-input":{"@type":"PropertyValueSpecification","valueRequired":true,"valueName":"search_term_string"}}],"inLanguage":"es"},{"@type":"Person","@id":"https:\/\/kuali.com.mx\/web\/#\/schema\/person\/6f89ffa8ecba9dae50662357923c5289","name":"Kuali Staff","image":{"@type":"ImageObject","inLanguage":"es","@id":"https:\/\/secure.gravatar.com\/avatar\/f917ad82e5ab71227a733c78b6e60715476f69ee6be59feee4eb5d9920c89e0f?s=96&d=mm&r=g","url":"https:\/\/secure.gravatar.com\/avatar\/f917ad82e5ab71227a733c78b6e60715476f69ee6be59feee4eb5d9920c89e0f?s=96&d=mm&r=g","contentUrl":"https:\/\/secure.gravatar.com\/avatar\/f917ad82e5ab71227a733c78b6e60715476f69ee6be59feee4eb5d9920c89e0f?s=96&d=mm&r=g","caption":"Kuali Staff"},"url":"https:\/\/kuali.com.mx\/web\/author\/lagarto\/"}]}},"_links":{"self":[{"href":"https:\/\/kuali.com.mx\/web\/wp-json\/wp\/v2\/posts\/132157","targetHints":{"allow":["GET"]}}],"collection":[{"href":"https:\/\/kuali.com.mx\/web\/wp-json\/wp\/v2\/posts"}],"about":[{"href":"https:\/\/kuali.com.mx\/web\/wp-json\/wp\/v2\/types\/post"}],"author":[{"embeddable":true,"href":"https:\/\/kuali.com.mx\/web\/wp-json\/wp\/v2\/users\/2"}],"replies":[{"embeddable":true,"href":"https:\/\/kuali.com.mx\/web\/wp-json\/wp\/v2\/comments?post=132157"}],"version-history":[{"count":1,"href":"https:\/\/kuali.com.mx\/web\/wp-json\/wp\/v2\/posts\/132157\/revisions"}],"predecessor-version":[{"id":132160,"href":"https:\/\/kuali.com.mx\/web\/wp-json\/wp\/v2\/posts\/132157\/revisions\/132160"}],"wp:featuredmedia":[{"embeddable":true,"href":"https:\/\/kuali.com.mx\/web\/wp-json\/wp\/v2\/media\/109511"}],"wp:attachment":[{"href":"https:\/\/kuali.com.mx\/web\/wp-json\/wp\/v2\/media?parent=132157"}],"wp:term":[{"taxonomy":"category","embeddable":true,"href":"https:\/\/kuali.com.mx\/web\/wp-json\/wp\/v2\/categories?post=132157"},{"taxonomy":"post_tag","embeddable":true,"href":"https:\/\/kuali.com.mx\/web\/wp-json\/wp\/v2\/tags?post=132157"}],"curies":[{"name":"wp","href":"https:\/\/api.w.org\/{rel}","templated":true}]}}