{"id":131984,"date":"2023-12-11T19:13:37","date_gmt":"2023-12-12T01:13:37","guid":{"rendered":"https:\/\/kuali.com.mx\/web\/?p=131984"},"modified":"2023-12-11T19:13:37","modified_gmt":"2023-12-12T01:13:37","slug":"atacan-hombres-armados-a-2-policias-de-celaya","status":"publish","type":"post","link":"https:\/\/kuali.com.mx\/web\/2023\/12\/11\/atacan-hombres-armados-a-2-policias-de-celaya\/","title":{"rendered":"ATACAN HOMBRES ARMADOS A 2 POLIC\u00cdAS DE CELAYA"},"content":{"rendered":"\n<p><strong><em>Kuali\/Celaya, Gto.-\u00a0<\/em><\/strong>Dos elementos de la Secretar\u00eda de Seguridad Ciudadana de Celaya (SSCC) fueron agredidos por hombres fuertemente armados. Los oficiales est\u00e1n heridos, pero estables.<\/p>\n\n\n\n<p>Los hechos se registraron en la colonia Gobernadores durante la tarde de este lunes. De acuerdo a versiones preliminares, los elementos realizaban labores de patrullaje y vigilancia cuando fueron interceptados por hombres fuertemente armados, quienes les dispararon en varias ocasiones.<\/p>\n\n\n\n<p>Los elementos quedaron lesionados y fueron trasladados a una unidad de salud para ser atendidos. En tanto, elementos de la Secretar\u00eda de Seguridad Ciudadana montaron un operativo para localizar a los agresores de sus compa\u00f1eros.&nbsp;<\/p>\n\n\n\n<p>SSCC CONDENA ATAQUE A POLIC\u00cdAS MUNICIPALES<\/p>\n\n\n\n<p>La Secretar\u00eda de Seguridad Ciudadana de Celaya (SSCC) conden\u00f3 el ataque del que fueron v\u00edctimas los elementos y advirti\u00f3 que estos actos no provocar\u00e1n que en Celaya se d\u00e9 marcha atr\u00e1s en la lucha contra la delincuencia.<\/p>\n\n\n\n<p>Adem\u00e1s, inform\u00f3 que por fortuna las heridas que presentan los elementos por impacto de arma de fuego, no ponen en riesgo su vida.<\/p>\n\n\n\n<p>Se\u00f1al\u00f3 que desde el momento del suceso se coordinan los tres \u00f3rganos de gobierno y se implement\u00f3 un operativo de b\u00fasqueda para detener a los probables responsables a fin de llevarlos ante la justicia.<\/p>\n","protected":false},"excerpt":{"rendered":"Kuali\/Celaya, Gto.-\u00a0Dos elementos de la Secretar\u00eda de Seguridad Ciudadana de Celaya (SSCC) fueron agredidos por hombres fuertemente armados. Los oficiales est\u00e1n heridos, pero estables. Los hechos se registraron en la colonia Gobernadores durante la tarde de este lunes. De acuerdo a versiones preliminares, los elementos realizaban labores de patrullaje y vigilancia cuando fueron interceptados por [&hellip;]","protected":false},"author":2,"featured_media":39927,"comment_status":"open","ping_status":"open","sticky":false,"template":"","format":"standard","meta":{"_seopress_robots_primary_cat":"","_seopress_titles_title":"","_seopress_titles_desc":"","_seopress_robots_index":"","_monsterinsights_skip_tracking":false,"_monsterinsights_sitenote_active":false,"_monsterinsights_sitenote_note":"","_monsterinsights_sitenote_category":0,"footnotes":""},"categories":[3,69],"tags":[],"class_list":["post-131984","post","type-post","status-publish","format-standard","has-post-thumbnail","hentry","category-politica","category-slider"],"yoast_head":"<!-- This site is optimized with the Yoast SEO plugin v27.4 - https:\/\/yoast.com\/product\/yoast-seo-wordpress\/ -->\n<title>ATACAN HOMBRES ARMADOS A 2 POLIC\u00cdAS DE CELAYA - Kuali<\/title>\n<meta name=\"robots\" content=\"index, follow, max-snippet:-1, max-image-preview:large, max-video-preview:-1\" \/>\n<link rel=\"canonical\" href=\"https:\/\/kuali.com.mx\/web\/2023\/12\/11\/atacan-hombres-armados-a-2-policias-de-celaya\/\" \/>\n<meta property=\"og:locale\" content=\"es_MX\" \/>\n<meta property=\"og:type\" content=\"article\" \/>\n<meta property=\"og:title\" content=\"ATACAN HOMBRES ARMADOS A 2 POLIC\u00cdAS DE CELAYA - Kuali\" \/>\n<meta property=\"og:description\" content=\"Kuali\/Celaya, Gto.-\u00a0Dos elementos de la Secretar\u00eda de Seguridad Ciudadana de Celaya (SSCC) fueron agredidos por hombres fuertemente armados. Los oficiales est\u00e1n heridos, pero estables. Los hechos se registraron en la colonia Gobernadores durante la tarde de este lunes. De acuerdo a versiones preliminares, los elementos realizaban labores de patrullaje y vigilancia cuando fueron interceptados por [&hellip;]\" \/>\n<meta property=\"og:url\" content=\"https:\/\/kuali.com.mx\/web\/2023\/12\/11\/atacan-hombres-armados-a-2-policias-de-celaya\/\" \/>\n<meta property=\"og:site_name\" content=\"Kuali\" \/>\n<meta property=\"article:publisher\" content=\"https:\/\/kuali.com.mx\/web\/wp-content\/uploads\/2018\/04\/cropped-kuali_logo-1-1.png\" \/>\n<meta property=\"article:published_time\" content=\"2023-12-12T01:13:37+00:00\" \/>\n<meta property=\"og:image\" content=\"https:\/\/kuali.com.mx\/web\/wp-content\/uploads\/2018\/05\/Polic\u00edas-Protesta-Celaya-e1584209808232.jpg\" \/>\n\t<meta property=\"og:image:width\" content=\"1877\" \/>\n\t<meta property=\"og:image:height\" content=\"750\" \/>\n\t<meta property=\"og:image:type\" content=\"image\/jpeg\" \/>\n<meta name=\"author\" content=\"Kuali Staff\" \/>\n<meta name=\"twitter:card\" content=\"summary_large_image\" \/>\n<meta name=\"twitter:creator\" content=\"@kuali_noticias\" \/>\n<meta name=\"twitter:site\" content=\"@kuali_noticias\" \/>\n<meta name=\"twitter:label1\" content=\"Escrito por\" \/>\n\t<meta name=\"twitter:data1\" content=\"Kuali Staff\" \/>\n\t<meta name=\"twitter:label2\" content=\"Tiempo de lectura\" \/>\n\t<meta name=\"twitter:data2\" content=\"1 minuto\" \/>\n<script type=\"application\/ld+json\" class=\"yoast-schema-graph\">{\"@context\":\"https:\\\/\\\/schema.org\",\"@graph\":[{\"@type\":\"Article\",\"@id\":\"https:\\\/\\\/kuali.com.mx\\\/web\\\/2023\\\/12\\\/11\\\/atacan-hombres-armados-a-2-policias-de-celaya\\\/#article\",\"isPartOf\":{\"@id\":\"https:\\\/\\\/kuali.com.mx\\\/web\\\/2023\\\/12\\\/11\\\/atacan-hombres-armados-a-2-policias-de-celaya\\\/\"},\"author\":{\"name\":\"Kuali Staff\",\"@id\":\"https:\\\/\\\/kuali.com.mx\\\/web\\\/#\\\/schema\\\/person\\\/6f89ffa8ecba9dae50662357923c5289\"},\"headline\":\"ATACAN HOMBRES ARMADOS A 2 POLIC\u00cdAS DE CELAYA\",\"datePublished\":\"2023-12-12T01:13:37+00:00\",\"mainEntityOfPage\":{\"@id\":\"https:\\\/\\\/kuali.com.mx\\\/web\\\/2023\\\/12\\\/11\\\/atacan-hombres-armados-a-2-policias-de-celaya\\\/\"},\"wordCount\":223,\"commentCount\":0,\"image\":{\"@id\":\"https:\\\/\\\/kuali.com.mx\\\/web\\\/2023\\\/12\\\/11\\\/atacan-hombres-armados-a-2-policias-de-celaya\\\/#primaryimage\"},\"thumbnailUrl\":\"https:\\\/\\\/kuali.com.mx\\\/web\\\/wp-content\\\/uploads\\\/2018\\\/05\\\/Polic\u00edas-Protesta-Celaya-e1584209808232.jpg\",\"articleSection\":[\"Pol\u00edtica\",\"slider\"],\"inLanguage\":\"es\",\"potentialAction\":[{\"@type\":\"CommentAction\",\"name\":\"Comment\",\"target\":[\"https:\\\/\\\/kuali.com.mx\\\/web\\\/2023\\\/12\\\/11\\\/atacan-hombres-armados-a-2-policias-de-celaya\\\/#respond\"]}]},{\"@type\":\"WebPage\",\"@id\":\"https:\\\/\\\/kuali.com.mx\\\/web\\\/2023\\\/12\\\/11\\\/atacan-hombres-armados-a-2-policias-de-celaya\\\/\",\"url\":\"https:\\\/\\\/kuali.com.mx\\\/web\\\/2023\\\/12\\\/11\\\/atacan-hombres-armados-a-2-policias-de-celaya\\\/\",\"name\":\"ATACAN HOMBRES ARMADOS A 2 POLIC\u00cdAS DE CELAYA - Kuali\",\"isPartOf\":{\"@id\":\"https:\\\/\\\/kuali.com.mx\\\/web\\\/#website\"},\"primaryImageOfPage\":{\"@id\":\"https:\\\/\\\/kuali.com.mx\\\/web\\\/2023\\\/12\\\/11\\\/atacan-hombres-armados-a-2-policias-de-celaya\\\/#primaryimage\"},\"image\":{\"@id\":\"https:\\\/\\\/kuali.com.mx\\\/web\\\/2023\\\/12\\\/11\\\/atacan-hombres-armados-a-2-policias-de-celaya\\\/#primaryimage\"},\"thumbnailUrl\":\"https:\\\/\\\/kuali.com.mx\\\/web\\\/wp-content\\\/uploads\\\/2018\\\/05\\\/Polic\u00edas-Protesta-Celaya-e1584209808232.jpg\",\"datePublished\":\"2023-12-12T01:13:37+00:00\",\"author\":{\"@id\":\"https:\\\/\\\/kuali.com.mx\\\/web\\\/#\\\/schema\\\/person\\\/6f89ffa8ecba9dae50662357923c5289\"},\"breadcrumb\":{\"@id\":\"https:\\\/\\\/kuali.com.mx\\\/web\\\/2023\\\/12\\\/11\\\/atacan-hombres-armados-a-2-policias-de-celaya\\\/#breadcrumb\"},\"inLanguage\":\"es\",\"potentialAction\":[{\"@type\":\"ReadAction\",\"target\":[\"https:\\\/\\\/kuali.com.mx\\\/web\\\/2023\\\/12\\\/11\\\/atacan-hombres-armados-a-2-policias-de-celaya\\\/\"]}]},{\"@type\":\"ImageObject\",\"inLanguage\":\"es\",\"@id\":\"https:\\\/\\\/kuali.com.mx\\\/web\\\/2023\\\/12\\\/11\\\/atacan-hombres-armados-a-2-policias-de-celaya\\\/#primaryimage\",\"url\":\"https:\\\/\\\/kuali.com.mx\\\/web\\\/wp-content\\\/uploads\\\/2018\\\/05\\\/Polic\u00edas-Protesta-Celaya-e1584209808232.jpg\",\"contentUrl\":\"https:\\\/\\\/kuali.com.mx\\\/web\\\/wp-content\\\/uploads\\\/2018\\\/05\\\/Polic\u00edas-Protesta-Celaya-e1584209808232.jpg\",\"width\":1877,\"height\":750},{\"@type\":\"BreadcrumbList\",\"@id\":\"https:\\\/\\\/kuali.com.mx\\\/web\\\/2023\\\/12\\\/11\\\/atacan-hombres-armados-a-2-policias-de-celaya\\\/#breadcrumb\",\"itemListElement\":[{\"@type\":\"ListItem\",\"position\":1,\"name\":\"Inicio\",\"item\":\"https:\\\/\\\/kuali.com.mx\\\/web\\\/\"},{\"@type\":\"ListItem\",\"position\":2,\"name\":\"ATACAN HOMBRES ARMADOS A 2 POLIC\u00cdAS DE CELAYA\"}]},{\"@type\":\"WebSite\",\"@id\":\"https:\\\/\\\/kuali.com.mx\\\/web\\\/#website\",\"url\":\"https:\\\/\\\/kuali.com.mx\\\/web\\\/\",\"name\":\"Kuali\",\"description\":\"\",\"potentialAction\":[{\"@type\":\"SearchAction\",\"target\":{\"@type\":\"EntryPoint\",\"urlTemplate\":\"https:\\\/\\\/kuali.com.mx\\\/web\\\/?s={search_term_string}\"},\"query-input\":{\"@type\":\"PropertyValueSpecification\",\"valueRequired\":true,\"valueName\":\"search_term_string\"}}],\"inLanguage\":\"es\"},{\"@type\":\"Person\",\"@id\":\"https:\\\/\\\/kuali.com.mx\\\/web\\\/#\\\/schema\\\/person\\\/6f89ffa8ecba9dae50662357923c5289\",\"name\":\"Kuali Staff\",\"image\":{\"@type\":\"ImageObject\",\"inLanguage\":\"es\",\"@id\":\"https:\\\/\\\/secure.gravatar.com\\\/avatar\\\/f917ad82e5ab71227a733c78b6e60715476f69ee6be59feee4eb5d9920c89e0f?s=96&d=mm&r=g\",\"url\":\"https:\\\/\\\/secure.gravatar.com\\\/avatar\\\/f917ad82e5ab71227a733c78b6e60715476f69ee6be59feee4eb5d9920c89e0f?s=96&d=mm&r=g\",\"contentUrl\":\"https:\\\/\\\/secure.gravatar.com\\\/avatar\\\/f917ad82e5ab71227a733c78b6e60715476f69ee6be59feee4eb5d9920c89e0f?s=96&d=mm&r=g\",\"caption\":\"Kuali Staff\"},\"url\":\"https:\\\/\\\/kuali.com.mx\\\/web\\\/author\\\/lagarto\\\/\"}]}<\/script>\n<!-- \/ Yoast SEO plugin. -->","yoast_head_json":{"title":"ATACAN HOMBRES ARMADOS A 2 POLIC\u00cdAS DE CELAYA - Kuali","robots":{"index":"index","follow":"follow","max-snippet":"max-snippet:-1","max-image-preview":"max-image-preview:large","max-video-preview":"max-video-preview:-1"},"canonical":"https:\/\/kuali.com.mx\/web\/2023\/12\/11\/atacan-hombres-armados-a-2-policias-de-celaya\/","og_locale":"es_MX","og_type":"article","og_title":"ATACAN HOMBRES ARMADOS A 2 POLIC\u00cdAS DE CELAYA - Kuali","og_description":"Kuali\/Celaya, Gto.-\u00a0Dos elementos de la Secretar\u00eda de Seguridad Ciudadana de Celaya (SSCC) fueron agredidos por hombres fuertemente armados. Los oficiales est\u00e1n heridos, pero estables. Los hechos se registraron en la colonia Gobernadores durante la tarde de este lunes. De acuerdo a versiones preliminares, los elementos realizaban labores de patrullaje y vigilancia cuando fueron interceptados por [&hellip;]","og_url":"https:\/\/kuali.com.mx\/web\/2023\/12\/11\/atacan-hombres-armados-a-2-policias-de-celaya\/","og_site_name":"Kuali","article_publisher":"https:\/\/kuali.com.mx\/web\/wp-content\/uploads\/2018\/04\/cropped-kuali_logo-1-1.png","article_published_time":"2023-12-12T01:13:37+00:00","og_image":[{"width":1877,"height":750,"url":"https:\/\/kuali.com.mx\/web\/wp-content\/uploads\/2018\/05\/Polic\u00edas-Protesta-Celaya-e1584209808232.jpg","type":"image\/jpeg"}],"author":"Kuali Staff","twitter_card":"summary_large_image","twitter_creator":"@kuali_noticias","twitter_site":"@kuali_noticias","twitter_misc":{"Escrito por":"Kuali Staff","Tiempo de lectura":"1 minuto"},"schema":{"@context":"https:\/\/schema.org","@graph":[{"@type":"Article","@id":"https:\/\/kuali.com.mx\/web\/2023\/12\/11\/atacan-hombres-armados-a-2-policias-de-celaya\/#article","isPartOf":{"@id":"https:\/\/kuali.com.mx\/web\/2023\/12\/11\/atacan-hombres-armados-a-2-policias-de-celaya\/"},"author":{"name":"Kuali Staff","@id":"https:\/\/kuali.com.mx\/web\/#\/schema\/person\/6f89ffa8ecba9dae50662357923c5289"},"headline":"ATACAN HOMBRES ARMADOS A 2 POLIC\u00cdAS DE CELAYA","datePublished":"2023-12-12T01:13:37+00:00","mainEntityOfPage":{"@id":"https:\/\/kuali.com.mx\/web\/2023\/12\/11\/atacan-hombres-armados-a-2-policias-de-celaya\/"},"wordCount":223,"commentCount":0,"image":{"@id":"https:\/\/kuali.com.mx\/web\/2023\/12\/11\/atacan-hombres-armados-a-2-policias-de-celaya\/#primaryimage"},"thumbnailUrl":"https:\/\/kuali.com.mx\/web\/wp-content\/uploads\/2018\/05\/Polic\u00edas-Protesta-Celaya-e1584209808232.jpg","articleSection":["Pol\u00edtica","slider"],"inLanguage":"es","potentialAction":[{"@type":"CommentAction","name":"Comment","target":["https:\/\/kuali.com.mx\/web\/2023\/12\/11\/atacan-hombres-armados-a-2-policias-de-celaya\/#respond"]}]},{"@type":"WebPage","@id":"https:\/\/kuali.com.mx\/web\/2023\/12\/11\/atacan-hombres-armados-a-2-policias-de-celaya\/","url":"https:\/\/kuali.com.mx\/web\/2023\/12\/11\/atacan-hombres-armados-a-2-policias-de-celaya\/","name":"ATACAN HOMBRES ARMADOS A 2 POLIC\u00cdAS DE CELAYA - Kuali","isPartOf":{"@id":"https:\/\/kuali.com.mx\/web\/#website"},"primaryImageOfPage":{"@id":"https:\/\/kuali.com.mx\/web\/2023\/12\/11\/atacan-hombres-armados-a-2-policias-de-celaya\/#primaryimage"},"image":{"@id":"https:\/\/kuali.com.mx\/web\/2023\/12\/11\/atacan-hombres-armados-a-2-policias-de-celaya\/#primaryimage"},"thumbnailUrl":"https:\/\/kuali.com.mx\/web\/wp-content\/uploads\/2018\/05\/Polic\u00edas-Protesta-Celaya-e1584209808232.jpg","datePublished":"2023-12-12T01:13:37+00:00","author":{"@id":"https:\/\/kuali.com.mx\/web\/#\/schema\/person\/6f89ffa8ecba9dae50662357923c5289"},"breadcrumb":{"@id":"https:\/\/kuali.com.mx\/web\/2023\/12\/11\/atacan-hombres-armados-a-2-policias-de-celaya\/#breadcrumb"},"inLanguage":"es","potentialAction":[{"@type":"ReadAction","target":["https:\/\/kuali.com.mx\/web\/2023\/12\/11\/atacan-hombres-armados-a-2-policias-de-celaya\/"]}]},{"@type":"ImageObject","inLanguage":"es","@id":"https:\/\/kuali.com.mx\/web\/2023\/12\/11\/atacan-hombres-armados-a-2-policias-de-celaya\/#primaryimage","url":"https:\/\/kuali.com.mx\/web\/wp-content\/uploads\/2018\/05\/Polic\u00edas-Protesta-Celaya-e1584209808232.jpg","contentUrl":"https:\/\/kuali.com.mx\/web\/wp-content\/uploads\/2018\/05\/Polic\u00edas-Protesta-Celaya-e1584209808232.jpg","width":1877,"height":750},{"@type":"BreadcrumbList","@id":"https:\/\/kuali.com.mx\/web\/2023\/12\/11\/atacan-hombres-armados-a-2-policias-de-celaya\/#breadcrumb","itemListElement":[{"@type":"ListItem","position":1,"name":"Inicio","item":"https:\/\/kuali.com.mx\/web\/"},{"@type":"ListItem","position":2,"name":"ATACAN HOMBRES ARMADOS A 2 POLIC\u00cdAS DE CELAYA"}]},{"@type":"WebSite","@id":"https:\/\/kuali.com.mx\/web\/#website","url":"https:\/\/kuali.com.mx\/web\/","name":"Kuali","description":"","potentialAction":[{"@type":"SearchAction","target":{"@type":"EntryPoint","urlTemplate":"https:\/\/kuali.com.mx\/web\/?s={search_term_string}"},"query-input":{"@type":"PropertyValueSpecification","valueRequired":true,"valueName":"search_term_string"}}],"inLanguage":"es"},{"@type":"Person","@id":"https:\/\/kuali.com.mx\/web\/#\/schema\/person\/6f89ffa8ecba9dae50662357923c5289","name":"Kuali Staff","image":{"@type":"ImageObject","inLanguage":"es","@id":"https:\/\/secure.gravatar.com\/avatar\/f917ad82e5ab71227a733c78b6e60715476f69ee6be59feee4eb5d9920c89e0f?s=96&d=mm&r=g","url":"https:\/\/secure.gravatar.com\/avatar\/f917ad82e5ab71227a733c78b6e60715476f69ee6be59feee4eb5d9920c89e0f?s=96&d=mm&r=g","contentUrl":"https:\/\/secure.gravatar.com\/avatar\/f917ad82e5ab71227a733c78b6e60715476f69ee6be59feee4eb5d9920c89e0f?s=96&d=mm&r=g","caption":"Kuali Staff"},"url":"https:\/\/kuali.com.mx\/web\/author\/lagarto\/"}]}},"_links":{"self":[{"href":"https:\/\/kuali.com.mx\/web\/wp-json\/wp\/v2\/posts\/131984","targetHints":{"allow":["GET"]}}],"collection":[{"href":"https:\/\/kuali.com.mx\/web\/wp-json\/wp\/v2\/posts"}],"about":[{"href":"https:\/\/kuali.com.mx\/web\/wp-json\/wp\/v2\/types\/post"}],"author":[{"embeddable":true,"href":"https:\/\/kuali.com.mx\/web\/wp-json\/wp\/v2\/users\/2"}],"replies":[{"embeddable":true,"href":"https:\/\/kuali.com.mx\/web\/wp-json\/wp\/v2\/comments?post=131984"}],"version-history":[{"count":1,"href":"https:\/\/kuali.com.mx\/web\/wp-json\/wp\/v2\/posts\/131984\/revisions"}],"predecessor-version":[{"id":131987,"href":"https:\/\/kuali.com.mx\/web\/wp-json\/wp\/v2\/posts\/131984\/revisions\/131987"}],"wp:featuredmedia":[{"embeddable":true,"href":"https:\/\/kuali.com.mx\/web\/wp-json\/wp\/v2\/media\/39927"}],"wp:attachment":[{"href":"https:\/\/kuali.com.mx\/web\/wp-json\/wp\/v2\/media?parent=131984"}],"wp:term":[{"taxonomy":"category","embeddable":true,"href":"https:\/\/kuali.com.mx\/web\/wp-json\/wp\/v2\/categories?post=131984"},{"taxonomy":"post_tag","embeddable":true,"href":"https:\/\/kuali.com.mx\/web\/wp-json\/wp\/v2\/tags?post=131984"}],"curies":[{"name":"wp","href":"https:\/\/api.w.org\/{rel}","templated":true}]}}