{"id":131862,"date":"2023-12-10T10:29:57","date_gmt":"2023-12-10T16:29:57","guid":{"rendered":"https:\/\/kuali.com.mx\/web\/?p=131862"},"modified":"2023-12-10T10:29:58","modified_gmt":"2023-12-10T16:29:58","slug":"encienden-arbol-de-navidad-en-san-jose-iturbide","status":"publish","type":"post","link":"https:\/\/kuali.com.mx\/web\/2023\/12\/10\/encienden-arbol-de-navidad-en-san-jose-iturbide\/","title":{"rendered":"ENCIENDEN \u00c1RBOL DE NAVIDAD EN SAN JOS\u00c9 ITURBIDE"},"content":{"rendered":"\n<p><strong><em>Kuali\/San Jos\u00e9 Iturbide, Gto.-<\/em><\/strong> En una velada llena de magia y de esp\u00edritu navide\u00f1o, 2 mil ciudadanos y la alcaldesa de San Jos\u00e9 Iturbide, Cindy Abril Arvizu Hern\u00e1ndez, encendieron el \u00c1rbol de Navidad.<\/p>\n\n\n\n<p>Durante su mensaje, la presidenta municipal, resalt\u00f3 la importancia de las fechas decembrinas, siendo una \u00e9poca para reflexionar sobre las acciones realizadas durante el a\u00f1o y tambi\u00e9n, para hacer nuevos prop\u00f3sitos para el a\u00f1o venidero.<\/p>\n\n\n\n<p>Hizo \u00e9nfasis en la importancia de trabajar todas y todos juntos para la construcci\u00f3n de una mejor ciudad, conmin\u00f3 a los asistentes a seguir haciendo acciones que permitan tener un San Jos\u00e9 Iturbide de oportunidades para todos.<\/p>\n\n\n\n<p>Destac\u00f3 que el encendido del \u00e1rbol y la navidad tienen una dedicatoria especial para las ni\u00f1as, ni\u00f1os y adolescentes de San Jos\u00e9 Iturbide, porque ellos son el presente y el futuro de nuestra tierra \u201cLas infancias felices, cuando sean grandes van a ser ciudadanos felices, que enfrenten los retos con alegr\u00eda y optimismo\u201d mencion\u00f3.<\/p>\n\n\n\n<p>Fue a trav\u00e9s de un programa art\u00edstico y cultural cargado de elementos y motivos navide\u00f1os, que marcaron el pre\u00e1mbulo del encendido del \u00e1rbol, comenzando desde pasadas las 6 de la tarde con botargas y zanqueros, seguido de la interpretaci\u00f3n de villancicos por los integrantes de la Orquesta Sinf\u00f3nica Ren\u00e9 Rodr\u00edguez J\u00e1uregui y la obra musical \u201cEl Cascanueces\u201d.<\/p>\n\n\n\n<p>Al final del encendido del \u00e1rbol, los asistentes disfrutaron de la ca\u00edda de nieve y juegos pirot\u00e9cnicos que engalanaron la noche, transport\u00e1ndolos a una villa en el Polo Norte.<\/p>\n\n\n\n<p>Tambi\u00e9n las y los iturbidenses que se dieron cita a este evento, no perdieron la oportunidad de tomarse una foto con Santa Claus, a quien pudieron hacerle saber su lista de regalos para Navidad por su buen comportamiento en familia durante el a\u00f1o.<\/p>\n\n\n\n<p>Al evento asistieron las regidoras Mar\u00eda Isabel Arvizu Gudi\u00f1o y Mar\u00eda Carolina Ferro Ferro, el regidor Felipe de Jes\u00fas Cabrera Mata as\u00ed como el S\u00edndico Municipal Rafael Ledesma Basald\u00faa.<\/p>\n","protected":false},"excerpt":{"rendered":"Kuali\/San Jos\u00e9 Iturbide, Gto.- En una velada llena de magia y de esp\u00edritu navide\u00f1o, 2 mil ciudadanos y la alcaldesa de San Jos\u00e9 Iturbide, Cindy Abril Arvizu Hern\u00e1ndez, encendieron el \u00c1rbol de Navidad. Durante su mensaje, la presidenta municipal, resalt\u00f3 la importancia de las fechas decembrinas, siendo una \u00e9poca para reflexionar sobre las acciones realizadas [&hellip;]","protected":false},"author":2,"featured_media":131865,"comment_status":"open","ping_status":"open","sticky":false,"template":"","format":"standard","meta":{"_seopress_robots_primary_cat":"none","_seopress_titles_title":"","_seopress_titles_desc":"","_seopress_robots_index":"","_monsterinsights_skip_tracking":false,"_monsterinsights_sitenote_active":false,"_monsterinsights_sitenote_note":"","_monsterinsights_sitenote_category":0,"footnotes":""},"categories":[13],"tags":[],"class_list":["post-131862","post","type-post","status-publish","format-standard","has-post-thumbnail","hentry","category-turismo"],"yoast_head":"<!-- This site is optimized with the Yoast SEO plugin v27.4 - https:\/\/yoast.com\/product\/yoast-seo-wordpress\/ -->\n<title>ENCIENDEN \u00c1RBOL DE NAVIDAD EN SAN JOS\u00c9 ITURBIDE - Kuali<\/title>\n<meta name=\"robots\" content=\"index, follow, max-snippet:-1, max-image-preview:large, max-video-preview:-1\" \/>\n<link rel=\"canonical\" href=\"https:\/\/kuali.com.mx\/web\/2023\/12\/10\/encienden-arbol-de-navidad-en-san-jose-iturbide\/\" \/>\n<meta property=\"og:locale\" content=\"es_MX\" \/>\n<meta property=\"og:type\" content=\"article\" \/>\n<meta property=\"og:title\" content=\"ENCIENDEN \u00c1RBOL DE NAVIDAD EN SAN JOS\u00c9 ITURBIDE - Kuali\" \/>\n<meta property=\"og:description\" content=\"Kuali\/San Jos\u00e9 Iturbide, Gto.- En una velada llena de magia y de esp\u00edritu navide\u00f1o, 2 mil ciudadanos y la alcaldesa de San Jos\u00e9 Iturbide, Cindy Abril Arvizu Hern\u00e1ndez, encendieron el \u00c1rbol de Navidad. Durante su mensaje, la presidenta municipal, resalt\u00f3 la importancia de las fechas decembrinas, siendo una \u00e9poca para reflexionar sobre las acciones realizadas [&hellip;]\" \/>\n<meta property=\"og:url\" content=\"https:\/\/kuali.com.mx\/web\/2023\/12\/10\/encienden-arbol-de-navidad-en-san-jose-iturbide\/\" \/>\n<meta property=\"og:site_name\" content=\"Kuali\" \/>\n<meta property=\"article:publisher\" content=\"https:\/\/kuali.com.mx\/web\/wp-content\/uploads\/2018\/04\/cropped-kuali_logo-1-1.png\" \/>\n<meta property=\"article:published_time\" content=\"2023-12-10T16:29:57+00:00\" \/>\n<meta property=\"article:modified_time\" content=\"2023-12-10T16:29:58+00:00\" \/>\n<meta property=\"og:image\" content=\"https:\/\/kuali.com.mx\/web\/wp-content\/uploads\/2023\/12\/arbol-navidad-sji.jpeg\" \/>\n\t<meta property=\"og:image:width\" content=\"1280\" \/>\n\t<meta property=\"og:image:height\" content=\"853\" \/>\n\t<meta property=\"og:image:type\" content=\"image\/jpeg\" \/>\n<meta name=\"author\" content=\"Kuali Staff\" \/>\n<meta name=\"twitter:card\" content=\"summary_large_image\" \/>\n<meta name=\"twitter:creator\" content=\"@kuali_noticias\" \/>\n<meta name=\"twitter:site\" content=\"@kuali_noticias\" \/>\n<meta name=\"twitter:label1\" content=\"Escrito por\" \/>\n\t<meta name=\"twitter:data1\" content=\"Kuali Staff\" \/>\n\t<meta name=\"twitter:label2\" content=\"Tiempo de lectura\" \/>\n\t<meta name=\"twitter:data2\" content=\"2 minutos\" \/>\n<script type=\"application\/ld+json\" class=\"yoast-schema-graph\">{\"@context\":\"https:\\\/\\\/schema.org\",\"@graph\":[{\"@type\":\"Article\",\"@id\":\"https:\\\/\\\/kuali.com.mx\\\/web\\\/2023\\\/12\\\/10\\\/encienden-arbol-de-navidad-en-san-jose-iturbide\\\/#article\",\"isPartOf\":{\"@id\":\"https:\\\/\\\/kuali.com.mx\\\/web\\\/2023\\\/12\\\/10\\\/encienden-arbol-de-navidad-en-san-jose-iturbide\\\/\"},\"author\":{\"name\":\"Kuali Staff\",\"@id\":\"https:\\\/\\\/kuali.com.mx\\\/web\\\/#\\\/schema\\\/person\\\/6f89ffa8ecba9dae50662357923c5289\"},\"headline\":\"ENCIENDEN \u00c1RBOL DE NAVIDAD EN SAN JOS\u00c9 ITURBIDE\",\"datePublished\":\"2023-12-10T16:29:57+00:00\",\"dateModified\":\"2023-12-10T16:29:58+00:00\",\"mainEntityOfPage\":{\"@id\":\"https:\\\/\\\/kuali.com.mx\\\/web\\\/2023\\\/12\\\/10\\\/encienden-arbol-de-navidad-en-san-jose-iturbide\\\/\"},\"wordCount\":355,\"commentCount\":0,\"image\":{\"@id\":\"https:\\\/\\\/kuali.com.mx\\\/web\\\/2023\\\/12\\\/10\\\/encienden-arbol-de-navidad-en-san-jose-iturbide\\\/#primaryimage\"},\"thumbnailUrl\":\"https:\\\/\\\/kuali.com.mx\\\/web\\\/wp-content\\\/uploads\\\/2023\\\/12\\\/arbol-navidad-sji.jpeg\",\"articleSection\":[\"Turismo\"],\"inLanguage\":\"es\",\"potentialAction\":[{\"@type\":\"CommentAction\",\"name\":\"Comment\",\"target\":[\"https:\\\/\\\/kuali.com.mx\\\/web\\\/2023\\\/12\\\/10\\\/encienden-arbol-de-navidad-en-san-jose-iturbide\\\/#respond\"]}]},{\"@type\":\"WebPage\",\"@id\":\"https:\\\/\\\/kuali.com.mx\\\/web\\\/2023\\\/12\\\/10\\\/encienden-arbol-de-navidad-en-san-jose-iturbide\\\/\",\"url\":\"https:\\\/\\\/kuali.com.mx\\\/web\\\/2023\\\/12\\\/10\\\/encienden-arbol-de-navidad-en-san-jose-iturbide\\\/\",\"name\":\"ENCIENDEN \u00c1RBOL DE NAVIDAD EN SAN JOS\u00c9 ITURBIDE - Kuali\",\"isPartOf\":{\"@id\":\"https:\\\/\\\/kuali.com.mx\\\/web\\\/#website\"},\"primaryImageOfPage\":{\"@id\":\"https:\\\/\\\/kuali.com.mx\\\/web\\\/2023\\\/12\\\/10\\\/encienden-arbol-de-navidad-en-san-jose-iturbide\\\/#primaryimage\"},\"image\":{\"@id\":\"https:\\\/\\\/kuali.com.mx\\\/web\\\/2023\\\/12\\\/10\\\/encienden-arbol-de-navidad-en-san-jose-iturbide\\\/#primaryimage\"},\"thumbnailUrl\":\"https:\\\/\\\/kuali.com.mx\\\/web\\\/wp-content\\\/uploads\\\/2023\\\/12\\\/arbol-navidad-sji.jpeg\",\"datePublished\":\"2023-12-10T16:29:57+00:00\",\"dateModified\":\"2023-12-10T16:29:58+00:00\",\"author\":{\"@id\":\"https:\\\/\\\/kuali.com.mx\\\/web\\\/#\\\/schema\\\/person\\\/6f89ffa8ecba9dae50662357923c5289\"},\"breadcrumb\":{\"@id\":\"https:\\\/\\\/kuali.com.mx\\\/web\\\/2023\\\/12\\\/10\\\/encienden-arbol-de-navidad-en-san-jose-iturbide\\\/#breadcrumb\"},\"inLanguage\":\"es\",\"potentialAction\":[{\"@type\":\"ReadAction\",\"target\":[\"https:\\\/\\\/kuali.com.mx\\\/web\\\/2023\\\/12\\\/10\\\/encienden-arbol-de-navidad-en-san-jose-iturbide\\\/\"]}]},{\"@type\":\"ImageObject\",\"inLanguage\":\"es\",\"@id\":\"https:\\\/\\\/kuali.com.mx\\\/web\\\/2023\\\/12\\\/10\\\/encienden-arbol-de-navidad-en-san-jose-iturbide\\\/#primaryimage\",\"url\":\"https:\\\/\\\/kuali.com.mx\\\/web\\\/wp-content\\\/uploads\\\/2023\\\/12\\\/arbol-navidad-sji.jpeg\",\"contentUrl\":\"https:\\\/\\\/kuali.com.mx\\\/web\\\/wp-content\\\/uploads\\\/2023\\\/12\\\/arbol-navidad-sji.jpeg\",\"width\":1280,\"height\":853},{\"@type\":\"BreadcrumbList\",\"@id\":\"https:\\\/\\\/kuali.com.mx\\\/web\\\/2023\\\/12\\\/10\\\/encienden-arbol-de-navidad-en-san-jose-iturbide\\\/#breadcrumb\",\"itemListElement\":[{\"@type\":\"ListItem\",\"position\":1,\"name\":\"Inicio\",\"item\":\"https:\\\/\\\/kuali.com.mx\\\/web\\\/\"},{\"@type\":\"ListItem\",\"position\":2,\"name\":\"ENCIENDEN \u00c1RBOL DE NAVIDAD EN SAN JOS\u00c9 ITURBIDE\"}]},{\"@type\":\"WebSite\",\"@id\":\"https:\\\/\\\/kuali.com.mx\\\/web\\\/#website\",\"url\":\"https:\\\/\\\/kuali.com.mx\\\/web\\\/\",\"name\":\"Kuali\",\"description\":\"\",\"potentialAction\":[{\"@type\":\"SearchAction\",\"target\":{\"@type\":\"EntryPoint\",\"urlTemplate\":\"https:\\\/\\\/kuali.com.mx\\\/web\\\/?s={search_term_string}\"},\"query-input\":{\"@type\":\"PropertyValueSpecification\",\"valueRequired\":true,\"valueName\":\"search_term_string\"}}],\"inLanguage\":\"es\"},{\"@type\":\"Person\",\"@id\":\"https:\\\/\\\/kuali.com.mx\\\/web\\\/#\\\/schema\\\/person\\\/6f89ffa8ecba9dae50662357923c5289\",\"name\":\"Kuali Staff\",\"image\":{\"@type\":\"ImageObject\",\"inLanguage\":\"es\",\"@id\":\"https:\\\/\\\/secure.gravatar.com\\\/avatar\\\/f917ad82e5ab71227a733c78b6e60715476f69ee6be59feee4eb5d9920c89e0f?s=96&d=mm&r=g\",\"url\":\"https:\\\/\\\/secure.gravatar.com\\\/avatar\\\/f917ad82e5ab71227a733c78b6e60715476f69ee6be59feee4eb5d9920c89e0f?s=96&d=mm&r=g\",\"contentUrl\":\"https:\\\/\\\/secure.gravatar.com\\\/avatar\\\/f917ad82e5ab71227a733c78b6e60715476f69ee6be59feee4eb5d9920c89e0f?s=96&d=mm&r=g\",\"caption\":\"Kuali Staff\"},\"url\":\"https:\\\/\\\/kuali.com.mx\\\/web\\\/author\\\/lagarto\\\/\"}]}<\/script>\n<!-- \/ Yoast SEO plugin. -->","yoast_head_json":{"title":"ENCIENDEN \u00c1RBOL DE NAVIDAD EN SAN JOS\u00c9 ITURBIDE - Kuali","robots":{"index":"index","follow":"follow","max-snippet":"max-snippet:-1","max-image-preview":"max-image-preview:large","max-video-preview":"max-video-preview:-1"},"canonical":"https:\/\/kuali.com.mx\/web\/2023\/12\/10\/encienden-arbol-de-navidad-en-san-jose-iturbide\/","og_locale":"es_MX","og_type":"article","og_title":"ENCIENDEN \u00c1RBOL DE NAVIDAD EN SAN JOS\u00c9 ITURBIDE - Kuali","og_description":"Kuali\/San Jos\u00e9 Iturbide, Gto.- En una velada llena de magia y de esp\u00edritu navide\u00f1o, 2 mil ciudadanos y la alcaldesa de San Jos\u00e9 Iturbide, Cindy Abril Arvizu Hern\u00e1ndez, encendieron el \u00c1rbol de Navidad. Durante su mensaje, la presidenta municipal, resalt\u00f3 la importancia de las fechas decembrinas, siendo una \u00e9poca para reflexionar sobre las acciones realizadas [&hellip;]","og_url":"https:\/\/kuali.com.mx\/web\/2023\/12\/10\/encienden-arbol-de-navidad-en-san-jose-iturbide\/","og_site_name":"Kuali","article_publisher":"https:\/\/kuali.com.mx\/web\/wp-content\/uploads\/2018\/04\/cropped-kuali_logo-1-1.png","article_published_time":"2023-12-10T16:29:57+00:00","article_modified_time":"2023-12-10T16:29:58+00:00","og_image":[{"width":1280,"height":853,"url":"https:\/\/kuali.com.mx\/web\/wp-content\/uploads\/2023\/12\/arbol-navidad-sji.jpeg","type":"image\/jpeg"}],"author":"Kuali Staff","twitter_card":"summary_large_image","twitter_creator":"@kuali_noticias","twitter_site":"@kuali_noticias","twitter_misc":{"Escrito por":"Kuali Staff","Tiempo de lectura":"2 minutos"},"schema":{"@context":"https:\/\/schema.org","@graph":[{"@type":"Article","@id":"https:\/\/kuali.com.mx\/web\/2023\/12\/10\/encienden-arbol-de-navidad-en-san-jose-iturbide\/#article","isPartOf":{"@id":"https:\/\/kuali.com.mx\/web\/2023\/12\/10\/encienden-arbol-de-navidad-en-san-jose-iturbide\/"},"author":{"name":"Kuali Staff","@id":"https:\/\/kuali.com.mx\/web\/#\/schema\/person\/6f89ffa8ecba9dae50662357923c5289"},"headline":"ENCIENDEN \u00c1RBOL DE NAVIDAD EN SAN JOS\u00c9 ITURBIDE","datePublished":"2023-12-10T16:29:57+00:00","dateModified":"2023-12-10T16:29:58+00:00","mainEntityOfPage":{"@id":"https:\/\/kuali.com.mx\/web\/2023\/12\/10\/encienden-arbol-de-navidad-en-san-jose-iturbide\/"},"wordCount":355,"commentCount":0,"image":{"@id":"https:\/\/kuali.com.mx\/web\/2023\/12\/10\/encienden-arbol-de-navidad-en-san-jose-iturbide\/#primaryimage"},"thumbnailUrl":"https:\/\/kuali.com.mx\/web\/wp-content\/uploads\/2023\/12\/arbol-navidad-sji.jpeg","articleSection":["Turismo"],"inLanguage":"es","potentialAction":[{"@type":"CommentAction","name":"Comment","target":["https:\/\/kuali.com.mx\/web\/2023\/12\/10\/encienden-arbol-de-navidad-en-san-jose-iturbide\/#respond"]}]},{"@type":"WebPage","@id":"https:\/\/kuali.com.mx\/web\/2023\/12\/10\/encienden-arbol-de-navidad-en-san-jose-iturbide\/","url":"https:\/\/kuali.com.mx\/web\/2023\/12\/10\/encienden-arbol-de-navidad-en-san-jose-iturbide\/","name":"ENCIENDEN \u00c1RBOL DE NAVIDAD EN SAN JOS\u00c9 ITURBIDE - Kuali","isPartOf":{"@id":"https:\/\/kuali.com.mx\/web\/#website"},"primaryImageOfPage":{"@id":"https:\/\/kuali.com.mx\/web\/2023\/12\/10\/encienden-arbol-de-navidad-en-san-jose-iturbide\/#primaryimage"},"image":{"@id":"https:\/\/kuali.com.mx\/web\/2023\/12\/10\/encienden-arbol-de-navidad-en-san-jose-iturbide\/#primaryimage"},"thumbnailUrl":"https:\/\/kuali.com.mx\/web\/wp-content\/uploads\/2023\/12\/arbol-navidad-sji.jpeg","datePublished":"2023-12-10T16:29:57+00:00","dateModified":"2023-12-10T16:29:58+00:00","author":{"@id":"https:\/\/kuali.com.mx\/web\/#\/schema\/person\/6f89ffa8ecba9dae50662357923c5289"},"breadcrumb":{"@id":"https:\/\/kuali.com.mx\/web\/2023\/12\/10\/encienden-arbol-de-navidad-en-san-jose-iturbide\/#breadcrumb"},"inLanguage":"es","potentialAction":[{"@type":"ReadAction","target":["https:\/\/kuali.com.mx\/web\/2023\/12\/10\/encienden-arbol-de-navidad-en-san-jose-iturbide\/"]}]},{"@type":"ImageObject","inLanguage":"es","@id":"https:\/\/kuali.com.mx\/web\/2023\/12\/10\/encienden-arbol-de-navidad-en-san-jose-iturbide\/#primaryimage","url":"https:\/\/kuali.com.mx\/web\/wp-content\/uploads\/2023\/12\/arbol-navidad-sji.jpeg","contentUrl":"https:\/\/kuali.com.mx\/web\/wp-content\/uploads\/2023\/12\/arbol-navidad-sji.jpeg","width":1280,"height":853},{"@type":"BreadcrumbList","@id":"https:\/\/kuali.com.mx\/web\/2023\/12\/10\/encienden-arbol-de-navidad-en-san-jose-iturbide\/#breadcrumb","itemListElement":[{"@type":"ListItem","position":1,"name":"Inicio","item":"https:\/\/kuali.com.mx\/web\/"},{"@type":"ListItem","position":2,"name":"ENCIENDEN \u00c1RBOL DE NAVIDAD EN SAN JOS\u00c9 ITURBIDE"}]},{"@type":"WebSite","@id":"https:\/\/kuali.com.mx\/web\/#website","url":"https:\/\/kuali.com.mx\/web\/","name":"Kuali","description":"","potentialAction":[{"@type":"SearchAction","target":{"@type":"EntryPoint","urlTemplate":"https:\/\/kuali.com.mx\/web\/?s={search_term_string}"},"query-input":{"@type":"PropertyValueSpecification","valueRequired":true,"valueName":"search_term_string"}}],"inLanguage":"es"},{"@type":"Person","@id":"https:\/\/kuali.com.mx\/web\/#\/schema\/person\/6f89ffa8ecba9dae50662357923c5289","name":"Kuali Staff","image":{"@type":"ImageObject","inLanguage":"es","@id":"https:\/\/secure.gravatar.com\/avatar\/f917ad82e5ab71227a733c78b6e60715476f69ee6be59feee4eb5d9920c89e0f?s=96&d=mm&r=g","url":"https:\/\/secure.gravatar.com\/avatar\/f917ad82e5ab71227a733c78b6e60715476f69ee6be59feee4eb5d9920c89e0f?s=96&d=mm&r=g","contentUrl":"https:\/\/secure.gravatar.com\/avatar\/f917ad82e5ab71227a733c78b6e60715476f69ee6be59feee4eb5d9920c89e0f?s=96&d=mm&r=g","caption":"Kuali Staff"},"url":"https:\/\/kuali.com.mx\/web\/author\/lagarto\/"}]}},"_links":{"self":[{"href":"https:\/\/kuali.com.mx\/web\/wp-json\/wp\/v2\/posts\/131862","targetHints":{"allow":["GET"]}}],"collection":[{"href":"https:\/\/kuali.com.mx\/web\/wp-json\/wp\/v2\/posts"}],"about":[{"href":"https:\/\/kuali.com.mx\/web\/wp-json\/wp\/v2\/types\/post"}],"author":[{"embeddable":true,"href":"https:\/\/kuali.com.mx\/web\/wp-json\/wp\/v2\/users\/2"}],"replies":[{"embeddable":true,"href":"https:\/\/kuali.com.mx\/web\/wp-json\/wp\/v2\/comments?post=131862"}],"version-history":[{"count":1,"href":"https:\/\/kuali.com.mx\/web\/wp-json\/wp\/v2\/posts\/131862\/revisions"}],"predecessor-version":[{"id":131866,"href":"https:\/\/kuali.com.mx\/web\/wp-json\/wp\/v2\/posts\/131862\/revisions\/131866"}],"wp:featuredmedia":[{"embeddable":true,"href":"https:\/\/kuali.com.mx\/web\/wp-json\/wp\/v2\/media\/131865"}],"wp:attachment":[{"href":"https:\/\/kuali.com.mx\/web\/wp-json\/wp\/v2\/media?parent=131862"}],"wp:term":[{"taxonomy":"category","embeddable":true,"href":"https:\/\/kuali.com.mx\/web\/wp-json\/wp\/v2\/categories?post=131862"},{"taxonomy":"post_tag","embeddable":true,"href":"https:\/\/kuali.com.mx\/web\/wp-json\/wp\/v2\/tags?post=131862"}],"curies":[{"name":"wp","href":"https:\/\/api.w.org\/{rel}","templated":true}]}}