{"id":131850,"date":"2023-12-09T21:04:36","date_gmt":"2023-12-10T03:04:36","guid":{"rendered":"https:\/\/kuali.com.mx\/web\/?p=131850"},"modified":"2023-12-09T21:04:38","modified_gmt":"2023-12-10T03:04:38","slug":"violencia-en-guanajuato-es-por-consumo-de-droga-amlo","status":"publish","type":"post","link":"https:\/\/kuali.com.mx\/web\/2023\/12\/09\/violencia-en-guanajuato-es-por-consumo-de-droga-amlo\/","title":{"rendered":"VIOLENCIA EN GUANAJUATO ES POR CONSUMO DE DROGA: AMLO"},"content":{"rendered":"\n<p><strong><em>La Jornada\/Tejupilco,\u00a0M\u00e9x<\/em><\/strong><em>.<\/em>-\u00a0El presidente Andr\u00e9s Manuel L\u00f3pez Obrador sostuvo que es necesario impedir que el consumo de drogas se arraigue entre los j\u00f3venes, porque cuando esto ocurre, se asocia a la violencia.<\/p>\n\n\n\n<p>Sin mencionar expl\u00edcitamente el enfrentamiento ocurrido en Texcatitl\u00e1n (a unos 40 kil\u00f3metros), dijo que el caso de la violencia en Guanajuato es el m\u00e1s representativo de que cuando se consolida el consumo de drogas, se recrudece la violencia.<\/p>\n\n\n\n<p>Al t\u00e9rmino del encuentro con la comunidad de Tejupilco, en muy breve entrevista sobre lo sucedido en Texcatitl\u00e1n : \" ya est\u00e1 all\u00e1 la Guardia Nacional\" respondi\u00f3 en medio de algarab\u00eda de la gente que quer\u00eda entregarle documentos con demandas, tomarse una foto o saludarlo simplemente.<\/p>\n\n\n\n<p>Como lo hiciera en la ma\u00f1ana en Ciudad Altamirano, el mandatario insisti\u00f3 en la necesidad de combatir el consumo de drogas para prevenir otras consecuencias sociales como ocurre en Estados Unidos.<\/p>\n\n\n\n<p>Sostuvo que en ese pa\u00eds mueren anualmente cien mil j\u00f3venes por sobre dosis, especialmente de fentanilo. En M\u00e9xico, dijo, donde los valores familiares est\u00e1n m\u00e1s arraigados hay muy pocos casos de fallecimientos por estas sobredosis,<\/p>\n\n\n\n<p>Sin embargo, cit\u00f3 el caso Guanajuato, coexiste el consumo de drogas, con la violencia lo cual no ocurre en toda la entidad, sino en el corredor industrial donde las bandas del narcotr\u00e1fico se disputan a los consumidores.<\/p>\n","protected":false},"excerpt":{"rendered":"La Jornada\/Tejupilco,\u00a0M\u00e9x.-\u00a0El presidente Andr\u00e9s Manuel L\u00f3pez Obrador sostuvo que es necesario impedir que el consumo de drogas se arraigue entre los j\u00f3venes, porque cuando esto ocurre, se asocia a la violencia. Sin mencionar expl\u00edcitamente el enfrentamiento ocurrido en Texcatitl\u00e1n (a unos 40 kil\u00f3metros), dijo que el caso de la violencia en Guanajuato es el m\u00e1s [&hellip;]","protected":false},"author":2,"featured_media":124012,"comment_status":"open","ping_status":"open","sticky":false,"template":"","format":"standard","meta":{"_seopress_robots_primary_cat":"none","_seopress_titles_title":"","_seopress_titles_desc":"","_seopress_robots_index":"","_monsterinsights_skip_tracking":false,"_monsterinsights_sitenote_active":false,"_monsterinsights_sitenote_note":"","_monsterinsights_sitenote_category":0,"footnotes":""},"categories":[3],"tags":[],"class_list":["post-131850","post","type-post","status-publish","format-standard","has-post-thumbnail","hentry","category-politica"],"yoast_head":"<!-- This site is optimized with the Yoast SEO plugin v27.4 - https:\/\/yoast.com\/product\/yoast-seo-wordpress\/ -->\n<title>VIOLENCIA EN GUANAJUATO ES POR CONSUMO DE DROGA: AMLO - Kuali<\/title>\n<meta name=\"robots\" content=\"index, follow, max-snippet:-1, max-image-preview:large, max-video-preview:-1\" \/>\n<link rel=\"canonical\" href=\"https:\/\/kuali.com.mx\/web\/2023\/12\/09\/violencia-en-guanajuato-es-por-consumo-de-droga-amlo\/\" \/>\n<meta property=\"og:locale\" content=\"es_MX\" \/>\n<meta property=\"og:type\" content=\"article\" \/>\n<meta property=\"og:title\" content=\"VIOLENCIA EN GUANAJUATO ES POR CONSUMO DE DROGA: AMLO - Kuali\" \/>\n<meta property=\"og:description\" content=\"La Jornada\/Tejupilco,\u00a0M\u00e9x.-\u00a0El presidente Andr\u00e9s Manuel L\u00f3pez Obrador sostuvo que es necesario impedir que el consumo de drogas se arraigue entre los j\u00f3venes, porque cuando esto ocurre, se asocia a la violencia. Sin mencionar expl\u00edcitamente el enfrentamiento ocurrido en Texcatitl\u00e1n (a unos 40 kil\u00f3metros), dijo que el caso de la violencia en Guanajuato es el m\u00e1s [&hellip;]\" \/>\n<meta property=\"og:url\" content=\"https:\/\/kuali.com.mx\/web\/2023\/12\/09\/violencia-en-guanajuato-es-por-consumo-de-droga-amlo\/\" \/>\n<meta property=\"og:site_name\" content=\"Kuali\" \/>\n<meta property=\"article:publisher\" content=\"https:\/\/kuali.com.mx\/web\/wp-content\/uploads\/2018\/04\/cropped-kuali_logo-1-1.png\" \/>\n<meta property=\"article:published_time\" content=\"2023-12-10T03:04:36+00:00\" \/>\n<meta property=\"article:modified_time\" content=\"2023-12-10T03:04:38+00:00\" \/>\n<meta property=\"og:image\" content=\"https:\/\/kuali.com.mx\/web\/wp-content\/uploads\/2023\/08\/amlo-aerolinea.jpg\" \/>\n\t<meta property=\"og:image:width\" content=\"1871\" \/>\n\t<meta property=\"og:image:height\" content=\"750\" \/>\n\t<meta property=\"og:image:type\" content=\"image\/jpeg\" \/>\n<meta name=\"author\" content=\"Kuali Staff\" \/>\n<meta name=\"twitter:card\" content=\"summary_large_image\" \/>\n<meta name=\"twitter:creator\" content=\"@kuali_noticias\" \/>\n<meta name=\"twitter:site\" content=\"@kuali_noticias\" \/>\n<meta name=\"twitter:label1\" content=\"Escrito por\" \/>\n\t<meta name=\"twitter:data1\" content=\"Kuali Staff\" \/>\n\t<meta name=\"twitter:label2\" content=\"Tiempo de lectura\" \/>\n\t<meta name=\"twitter:data2\" content=\"1 minuto\" \/>\n<script type=\"application\/ld+json\" class=\"yoast-schema-graph\">{\"@context\":\"https:\\\/\\\/schema.org\",\"@graph\":[{\"@type\":\"Article\",\"@id\":\"https:\\\/\\\/kuali.com.mx\\\/web\\\/2023\\\/12\\\/09\\\/violencia-en-guanajuato-es-por-consumo-de-droga-amlo\\\/#article\",\"isPartOf\":{\"@id\":\"https:\\\/\\\/kuali.com.mx\\\/web\\\/2023\\\/12\\\/09\\\/violencia-en-guanajuato-es-por-consumo-de-droga-amlo\\\/\"},\"author\":{\"name\":\"Kuali Staff\",\"@id\":\"https:\\\/\\\/kuali.com.mx\\\/web\\\/#\\\/schema\\\/person\\\/6f89ffa8ecba9dae50662357923c5289\"},\"headline\":\"VIOLENCIA EN GUANAJUATO ES POR CONSUMO DE DROGA: AMLO\",\"datePublished\":\"2023-12-10T03:04:36+00:00\",\"dateModified\":\"2023-12-10T03:04:38+00:00\",\"mainEntityOfPage\":{\"@id\":\"https:\\\/\\\/kuali.com.mx\\\/web\\\/2023\\\/12\\\/09\\\/violencia-en-guanajuato-es-por-consumo-de-droga-amlo\\\/\"},\"wordCount\":247,\"commentCount\":0,\"image\":{\"@id\":\"https:\\\/\\\/kuali.com.mx\\\/web\\\/2023\\\/12\\\/09\\\/violencia-en-guanajuato-es-por-consumo-de-droga-amlo\\\/#primaryimage\"},\"thumbnailUrl\":\"https:\\\/\\\/kuali.com.mx\\\/web\\\/wp-content\\\/uploads\\\/2023\\\/08\\\/amlo-aerolinea.jpg\",\"articleSection\":[\"Pol\u00edtica\"],\"inLanguage\":\"es\",\"potentialAction\":[{\"@type\":\"CommentAction\",\"name\":\"Comment\",\"target\":[\"https:\\\/\\\/kuali.com.mx\\\/web\\\/2023\\\/12\\\/09\\\/violencia-en-guanajuato-es-por-consumo-de-droga-amlo\\\/#respond\"]}]},{\"@type\":\"WebPage\",\"@id\":\"https:\\\/\\\/kuali.com.mx\\\/web\\\/2023\\\/12\\\/09\\\/violencia-en-guanajuato-es-por-consumo-de-droga-amlo\\\/\",\"url\":\"https:\\\/\\\/kuali.com.mx\\\/web\\\/2023\\\/12\\\/09\\\/violencia-en-guanajuato-es-por-consumo-de-droga-amlo\\\/\",\"name\":\"VIOLENCIA EN GUANAJUATO ES POR CONSUMO DE DROGA: AMLO - Kuali\",\"isPartOf\":{\"@id\":\"https:\\\/\\\/kuali.com.mx\\\/web\\\/#website\"},\"primaryImageOfPage\":{\"@id\":\"https:\\\/\\\/kuali.com.mx\\\/web\\\/2023\\\/12\\\/09\\\/violencia-en-guanajuato-es-por-consumo-de-droga-amlo\\\/#primaryimage\"},\"image\":{\"@id\":\"https:\\\/\\\/kuali.com.mx\\\/web\\\/2023\\\/12\\\/09\\\/violencia-en-guanajuato-es-por-consumo-de-droga-amlo\\\/#primaryimage\"},\"thumbnailUrl\":\"https:\\\/\\\/kuali.com.mx\\\/web\\\/wp-content\\\/uploads\\\/2023\\\/08\\\/amlo-aerolinea.jpg\",\"datePublished\":\"2023-12-10T03:04:36+00:00\",\"dateModified\":\"2023-12-10T03:04:38+00:00\",\"author\":{\"@id\":\"https:\\\/\\\/kuali.com.mx\\\/web\\\/#\\\/schema\\\/person\\\/6f89ffa8ecba9dae50662357923c5289\"},\"breadcrumb\":{\"@id\":\"https:\\\/\\\/kuali.com.mx\\\/web\\\/2023\\\/12\\\/09\\\/violencia-en-guanajuato-es-por-consumo-de-droga-amlo\\\/#breadcrumb\"},\"inLanguage\":\"es\",\"potentialAction\":[{\"@type\":\"ReadAction\",\"target\":[\"https:\\\/\\\/kuali.com.mx\\\/web\\\/2023\\\/12\\\/09\\\/violencia-en-guanajuato-es-por-consumo-de-droga-amlo\\\/\"]}]},{\"@type\":\"ImageObject\",\"inLanguage\":\"es\",\"@id\":\"https:\\\/\\\/kuali.com.mx\\\/web\\\/2023\\\/12\\\/09\\\/violencia-en-guanajuato-es-por-consumo-de-droga-amlo\\\/#primaryimage\",\"url\":\"https:\\\/\\\/kuali.com.mx\\\/web\\\/wp-content\\\/uploads\\\/2023\\\/08\\\/amlo-aerolinea.jpg\",\"contentUrl\":\"https:\\\/\\\/kuali.com.mx\\\/web\\\/wp-content\\\/uploads\\\/2023\\\/08\\\/amlo-aerolinea.jpg\",\"width\":1871,\"height\":750},{\"@type\":\"BreadcrumbList\",\"@id\":\"https:\\\/\\\/kuali.com.mx\\\/web\\\/2023\\\/12\\\/09\\\/violencia-en-guanajuato-es-por-consumo-de-droga-amlo\\\/#breadcrumb\",\"itemListElement\":[{\"@type\":\"ListItem\",\"position\":1,\"name\":\"Inicio\",\"item\":\"https:\\\/\\\/kuali.com.mx\\\/web\\\/\"},{\"@type\":\"ListItem\",\"position\":2,\"name\":\"VIOLENCIA EN GUANAJUATO ES POR CONSUMO DE DROGA: AMLO\"}]},{\"@type\":\"WebSite\",\"@id\":\"https:\\\/\\\/kuali.com.mx\\\/web\\\/#website\",\"url\":\"https:\\\/\\\/kuali.com.mx\\\/web\\\/\",\"name\":\"Kuali\",\"description\":\"\",\"potentialAction\":[{\"@type\":\"SearchAction\",\"target\":{\"@type\":\"EntryPoint\",\"urlTemplate\":\"https:\\\/\\\/kuali.com.mx\\\/web\\\/?s={search_term_string}\"},\"query-input\":{\"@type\":\"PropertyValueSpecification\",\"valueRequired\":true,\"valueName\":\"search_term_string\"}}],\"inLanguage\":\"es\"},{\"@type\":\"Person\",\"@id\":\"https:\\\/\\\/kuali.com.mx\\\/web\\\/#\\\/schema\\\/person\\\/6f89ffa8ecba9dae50662357923c5289\",\"name\":\"Kuali Staff\",\"image\":{\"@type\":\"ImageObject\",\"inLanguage\":\"es\",\"@id\":\"https:\\\/\\\/secure.gravatar.com\\\/avatar\\\/f917ad82e5ab71227a733c78b6e60715476f69ee6be59feee4eb5d9920c89e0f?s=96&d=mm&r=g\",\"url\":\"https:\\\/\\\/secure.gravatar.com\\\/avatar\\\/f917ad82e5ab71227a733c78b6e60715476f69ee6be59feee4eb5d9920c89e0f?s=96&d=mm&r=g\",\"contentUrl\":\"https:\\\/\\\/secure.gravatar.com\\\/avatar\\\/f917ad82e5ab71227a733c78b6e60715476f69ee6be59feee4eb5d9920c89e0f?s=96&d=mm&r=g\",\"caption\":\"Kuali Staff\"},\"url\":\"https:\\\/\\\/kuali.com.mx\\\/web\\\/author\\\/lagarto\\\/\"}]}<\/script>\n<!-- \/ Yoast SEO plugin. -->","yoast_head_json":{"title":"VIOLENCIA EN GUANAJUATO ES POR CONSUMO DE DROGA: AMLO - Kuali","robots":{"index":"index","follow":"follow","max-snippet":"max-snippet:-1","max-image-preview":"max-image-preview:large","max-video-preview":"max-video-preview:-1"},"canonical":"https:\/\/kuali.com.mx\/web\/2023\/12\/09\/violencia-en-guanajuato-es-por-consumo-de-droga-amlo\/","og_locale":"es_MX","og_type":"article","og_title":"VIOLENCIA EN GUANAJUATO ES POR CONSUMO DE DROGA: AMLO - Kuali","og_description":"La Jornada\/Tejupilco,\u00a0M\u00e9x.-\u00a0El presidente Andr\u00e9s Manuel L\u00f3pez Obrador sostuvo que es necesario impedir que el consumo de drogas se arraigue entre los j\u00f3venes, porque cuando esto ocurre, se asocia a la violencia. Sin mencionar expl\u00edcitamente el enfrentamiento ocurrido en Texcatitl\u00e1n (a unos 40 kil\u00f3metros), dijo que el caso de la violencia en Guanajuato es el m\u00e1s [&hellip;]","og_url":"https:\/\/kuali.com.mx\/web\/2023\/12\/09\/violencia-en-guanajuato-es-por-consumo-de-droga-amlo\/","og_site_name":"Kuali","article_publisher":"https:\/\/kuali.com.mx\/web\/wp-content\/uploads\/2018\/04\/cropped-kuali_logo-1-1.png","article_published_time":"2023-12-10T03:04:36+00:00","article_modified_time":"2023-12-10T03:04:38+00:00","og_image":[{"width":1871,"height":750,"url":"https:\/\/kuali.com.mx\/web\/wp-content\/uploads\/2023\/08\/amlo-aerolinea.jpg","type":"image\/jpeg"}],"author":"Kuali Staff","twitter_card":"summary_large_image","twitter_creator":"@kuali_noticias","twitter_site":"@kuali_noticias","twitter_misc":{"Escrito por":"Kuali Staff","Tiempo de lectura":"1 minuto"},"schema":{"@context":"https:\/\/schema.org","@graph":[{"@type":"Article","@id":"https:\/\/kuali.com.mx\/web\/2023\/12\/09\/violencia-en-guanajuato-es-por-consumo-de-droga-amlo\/#article","isPartOf":{"@id":"https:\/\/kuali.com.mx\/web\/2023\/12\/09\/violencia-en-guanajuato-es-por-consumo-de-droga-amlo\/"},"author":{"name":"Kuali Staff","@id":"https:\/\/kuali.com.mx\/web\/#\/schema\/person\/6f89ffa8ecba9dae50662357923c5289"},"headline":"VIOLENCIA EN GUANAJUATO ES POR CONSUMO DE DROGA: AMLO","datePublished":"2023-12-10T03:04:36+00:00","dateModified":"2023-12-10T03:04:38+00:00","mainEntityOfPage":{"@id":"https:\/\/kuali.com.mx\/web\/2023\/12\/09\/violencia-en-guanajuato-es-por-consumo-de-droga-amlo\/"},"wordCount":247,"commentCount":0,"image":{"@id":"https:\/\/kuali.com.mx\/web\/2023\/12\/09\/violencia-en-guanajuato-es-por-consumo-de-droga-amlo\/#primaryimage"},"thumbnailUrl":"https:\/\/kuali.com.mx\/web\/wp-content\/uploads\/2023\/08\/amlo-aerolinea.jpg","articleSection":["Pol\u00edtica"],"inLanguage":"es","potentialAction":[{"@type":"CommentAction","name":"Comment","target":["https:\/\/kuali.com.mx\/web\/2023\/12\/09\/violencia-en-guanajuato-es-por-consumo-de-droga-amlo\/#respond"]}]},{"@type":"WebPage","@id":"https:\/\/kuali.com.mx\/web\/2023\/12\/09\/violencia-en-guanajuato-es-por-consumo-de-droga-amlo\/","url":"https:\/\/kuali.com.mx\/web\/2023\/12\/09\/violencia-en-guanajuato-es-por-consumo-de-droga-amlo\/","name":"VIOLENCIA EN GUANAJUATO ES POR CONSUMO DE DROGA: AMLO - Kuali","isPartOf":{"@id":"https:\/\/kuali.com.mx\/web\/#website"},"primaryImageOfPage":{"@id":"https:\/\/kuali.com.mx\/web\/2023\/12\/09\/violencia-en-guanajuato-es-por-consumo-de-droga-amlo\/#primaryimage"},"image":{"@id":"https:\/\/kuali.com.mx\/web\/2023\/12\/09\/violencia-en-guanajuato-es-por-consumo-de-droga-amlo\/#primaryimage"},"thumbnailUrl":"https:\/\/kuali.com.mx\/web\/wp-content\/uploads\/2023\/08\/amlo-aerolinea.jpg","datePublished":"2023-12-10T03:04:36+00:00","dateModified":"2023-12-10T03:04:38+00:00","author":{"@id":"https:\/\/kuali.com.mx\/web\/#\/schema\/person\/6f89ffa8ecba9dae50662357923c5289"},"breadcrumb":{"@id":"https:\/\/kuali.com.mx\/web\/2023\/12\/09\/violencia-en-guanajuato-es-por-consumo-de-droga-amlo\/#breadcrumb"},"inLanguage":"es","potentialAction":[{"@type":"ReadAction","target":["https:\/\/kuali.com.mx\/web\/2023\/12\/09\/violencia-en-guanajuato-es-por-consumo-de-droga-amlo\/"]}]},{"@type":"ImageObject","inLanguage":"es","@id":"https:\/\/kuali.com.mx\/web\/2023\/12\/09\/violencia-en-guanajuato-es-por-consumo-de-droga-amlo\/#primaryimage","url":"https:\/\/kuali.com.mx\/web\/wp-content\/uploads\/2023\/08\/amlo-aerolinea.jpg","contentUrl":"https:\/\/kuali.com.mx\/web\/wp-content\/uploads\/2023\/08\/amlo-aerolinea.jpg","width":1871,"height":750},{"@type":"BreadcrumbList","@id":"https:\/\/kuali.com.mx\/web\/2023\/12\/09\/violencia-en-guanajuato-es-por-consumo-de-droga-amlo\/#breadcrumb","itemListElement":[{"@type":"ListItem","position":1,"name":"Inicio","item":"https:\/\/kuali.com.mx\/web\/"},{"@type":"ListItem","position":2,"name":"VIOLENCIA EN GUANAJUATO ES POR CONSUMO DE DROGA: AMLO"}]},{"@type":"WebSite","@id":"https:\/\/kuali.com.mx\/web\/#website","url":"https:\/\/kuali.com.mx\/web\/","name":"Kuali","description":"","potentialAction":[{"@type":"SearchAction","target":{"@type":"EntryPoint","urlTemplate":"https:\/\/kuali.com.mx\/web\/?s={search_term_string}"},"query-input":{"@type":"PropertyValueSpecification","valueRequired":true,"valueName":"search_term_string"}}],"inLanguage":"es"},{"@type":"Person","@id":"https:\/\/kuali.com.mx\/web\/#\/schema\/person\/6f89ffa8ecba9dae50662357923c5289","name":"Kuali Staff","image":{"@type":"ImageObject","inLanguage":"es","@id":"https:\/\/secure.gravatar.com\/avatar\/f917ad82e5ab71227a733c78b6e60715476f69ee6be59feee4eb5d9920c89e0f?s=96&d=mm&r=g","url":"https:\/\/secure.gravatar.com\/avatar\/f917ad82e5ab71227a733c78b6e60715476f69ee6be59feee4eb5d9920c89e0f?s=96&d=mm&r=g","contentUrl":"https:\/\/secure.gravatar.com\/avatar\/f917ad82e5ab71227a733c78b6e60715476f69ee6be59feee4eb5d9920c89e0f?s=96&d=mm&r=g","caption":"Kuali Staff"},"url":"https:\/\/kuali.com.mx\/web\/author\/lagarto\/"}]}},"_links":{"self":[{"href":"https:\/\/kuali.com.mx\/web\/wp-json\/wp\/v2\/posts\/131850","targetHints":{"allow":["GET"]}}],"collection":[{"href":"https:\/\/kuali.com.mx\/web\/wp-json\/wp\/v2\/posts"}],"about":[{"href":"https:\/\/kuali.com.mx\/web\/wp-json\/wp\/v2\/types\/post"}],"author":[{"embeddable":true,"href":"https:\/\/kuali.com.mx\/web\/wp-json\/wp\/v2\/users\/2"}],"replies":[{"embeddable":true,"href":"https:\/\/kuali.com.mx\/web\/wp-json\/wp\/v2\/comments?post=131850"}],"version-history":[{"count":1,"href":"https:\/\/kuali.com.mx\/web\/wp-json\/wp\/v2\/posts\/131850\/revisions"}],"predecessor-version":[{"id":131853,"href":"https:\/\/kuali.com.mx\/web\/wp-json\/wp\/v2\/posts\/131850\/revisions\/131853"}],"wp:featuredmedia":[{"embeddable":true,"href":"https:\/\/kuali.com.mx\/web\/wp-json\/wp\/v2\/media\/124012"}],"wp:attachment":[{"href":"https:\/\/kuali.com.mx\/web\/wp-json\/wp\/v2\/media?parent=131850"}],"wp:term":[{"taxonomy":"category","embeddable":true,"href":"https:\/\/kuali.com.mx\/web\/wp-json\/wp\/v2\/categories?post=131850"},{"taxonomy":"post_tag","embeddable":true,"href":"https:\/\/kuali.com.mx\/web\/wp-json\/wp\/v2\/tags?post=131850"}],"curies":[{"name":"wp","href":"https:\/\/api.w.org\/{rel}","templated":true}]}}