{"id":131810,"date":"2023-12-09T21:05:15","date_gmt":"2023-12-10T03:05:15","guid":{"rendered":"https:\/\/kuali.com.mx\/web\/?p=131810"},"modified":"2023-12-09T21:14:05","modified_gmt":"2023-12-10T03:14:05","slug":"viridantha-minuscula-la-nueva-planta-descubierta-en-sma","status":"publish","type":"post","link":"https:\/\/kuali.com.mx\/web\/2023\/12\/09\/viridantha-minuscula-la-nueva-planta-descubierta-en-sma\/","title":{"rendered":"\u201cVIRIDANTHA MINUSCULA\u201d, LA NUEVA PLANTA  DESCUBIERTA EN SMA"},"content":{"rendered":"\n<p><strong>Alicia Arias\/San Miguel de Allende, Gto.- <\/strong>Viridantha min\u00fascula es la nueva especie de bromelias que fue descubierta en la reserva ecol\u00f3gica El Chaco del Ingenio y que ya figura en la revista cient\u00edfica Phytotaxa.<\/p>\n\n\n\n<p>\u201cNueva planta descrita para la ciencia y descubierta en el Charco del Ingenio\u201d, as\u00ed titula la directiva del jard\u00edn bot\u00e1nico su publicaci\u00f3n en el&nbsp; Bolet\u00edn Informativo del mes de diciembre.<\/p>\n\n\n\n<p>La especie fue descubierta en El Charco del Ingenio por el bi\u00f3logo Jos\u00e9 Viccon, quien se recorr\u00eda la ca\u00f1ada, donde se encuentra la reserva, cuando vio el ejemplar. Esper\u00f3 varios meses a que la planta floreciera para apreciar sus caracter\u00edsticas y comprobar que eran distintas a las de especies ya conocidas.<\/p>\n\n\n\n<p>El bi\u00f3logo, seg\u00fan cuenta la revista National Geographic, convoc\u00f3 a otros colegas para que vieran la planta y ninguno ten\u00eda certeza plena, pero meses despu\u00e9s, la revista<a href=\"https:\/\/phytotaxa.mapress.com\/pt\/article\/view\/phytotaxa.607.1.1\"> Phytotaxa<\/a> felicit\u00f3 a los directivos de la reserva, \u201cdeclar\u00f3 con emoci\u00f3n Mario Hern\u00e1ndez, el director del jard\u00edn bot\u00e1nico\u201d.<\/p>\n\n\n<div class=\"wp-block-image\">\n<figure class=\"aligncenter size-full\"><img loading=\"lazy\" decoding=\"async\" width=\"756\" height=\"310\" src=\"https:\/\/kuali.com.mx\/web\/wp-content\/uploads\/2023\/12\/Viridantha-minuscula.gif\" alt=\"\" class=\"wp-image-131814\"\/><figcaption>Imagen tomada del sitio web de National Geographic en espa\u00f1ol<\/figcaption><\/figure>\n<\/div>\n\n\n<p>\u201cNo es habitual en nuestros d\u00edas el hallazgo de nuevas especies vegetales, sobre todo en territorios poblados y estudiados por los bot\u00e1nicos durante siglos, como la regi\u00f3n de San Miguel de Allende en el estado de Guanajuato. Por ello resulta una noticia muy relevante el descubrimiento de una nueva especie vegetal, confirmada ya por instituciones cient\u00edficas especializadas. La planta fue avistada en los acantilados del Charco del Ingenio por Jos\u00e9 Viccon, bi\u00f3logo del Jard\u00edn Bot\u00e1nico, desde hace varios a\u00f1os\u201d, informa en su bolet\u00edn El Charco del Ingenio.<\/p>\n\n\n\n<p>La Viridantha min\u00fascula es parecida a dos especies de la familia de las bromelias, del g\u00e9nero Tillandsia -conocidas localmente como paxtle, gallitos, heno-, y result\u00f3 ser una nueva especie del g\u00e9nero Viridantha, conforme a los estudios realizados por expertos durante varios a\u00f1os y recientemente publicada en la revista cient\u00edfica Phytotaxa.<\/p>\n\n\n\n<p><strong>Caracter\u00edsticas<\/strong><\/p>\n\n\n\n<p>La Viridantha minuscula forma parte del g\u00e9nero de las bromelias, una g\u00e9nero que se caracteriza porque la mayor\u00eda de sus individuos crecen sobre los \u00e1rboles; sin embargo, esta crece sobre las piedras. El nuevo hallazgo devela uno de los ejemplares m\u00e1s peque\u00f1os de las bromelias, de ah\u00ed que la especie fuera llamada minuscula.<\/p>\n\n\n\n<p>El g\u00e9nero suele desarrollarse en los tr\u00f3picos americanos y distinguirse por su color verde gris\u00e1ceo.<\/p>\n\n\n\n<p>Las caracter\u00edsticas de la nueva especia son las siguientes:<\/p>\n\n\n\n<p>-Su tallo alcanza entre los 7 y 8 mil\u00edmetros de di\u00e1metro<\/p>\n\n\n\n<p>-Tiene flores entre verdes y amarillas, grandes en comparaci\u00f3n con el tama\u00f1o del resto de la planta<\/p>\n\n\n\n<p>-Da frutos y semillas (como todas las plantas) pero no es comestible.<\/p>\n\n\n\n<p>-Su altura m\u00e1xima registrada es de 5 cent\u00edmetros de altura.<\/p>\n","protected":false},"excerpt":{"rendered":"Alicia Arias\/San Miguel de Allende, Gto.- Viridantha min\u00fascula es la nueva especie de bromelias que fue descubierta en la reserva ecol\u00f3gica El Chaco del Ingenio y que ya figura en la revista cient\u00edfica Phytotaxa. \u201cNueva planta descrita para la ciencia y descubierta en el Charco del Ingenio\u201d, as\u00ed titula la directiva del jard\u00edn bot\u00e1nico su [&hellip;]","protected":false},"author":2,"featured_media":131813,"comment_status":"open","ping_status":"open","sticky":false,"template":"","format":"standard","meta":{"_seopress_robots_primary_cat":"none","_seopress_titles_title":"","_seopress_titles_desc":"","_seopress_robots_index":"","_monsterinsights_skip_tracking":false,"_monsterinsights_sitenote_active":false,"_monsterinsights_sitenote_note":"","_monsterinsights_sitenote_category":0,"footnotes":""},"categories":[2,17],"tags":[3095,3098,3099,3096,87,3097],"class_list":["post-131810","post","type-post","status-publish","format-standard","has-post-thumbnail","hentry","category-ciencia","category-ecologia","tag-bromelia","tag-el-charco-del-ingenio","tag-jose-viccon","tag-nueva-especie","tag-san-miguel-de-allende","tag-viridantha-minuscula"],"yoast_head":"<!-- This site is optimized with the Yoast SEO plugin v27.4 - https:\/\/yoast.com\/product\/yoast-seo-wordpress\/ -->\n<title>\u201cVIRIDANTHA MINUSCULA\u201d, LA NUEVA PLANTA DESCUBIERTA EN SMA - Kuali<\/title>\n<meta name=\"robots\" content=\"index, follow, max-snippet:-1, max-image-preview:large, max-video-preview:-1\" \/>\n<link rel=\"canonical\" href=\"https:\/\/kuali.com.mx\/web\/2023\/12\/09\/viridantha-minuscula-la-nueva-planta-descubierta-en-sma\/\" \/>\n<meta property=\"og:locale\" content=\"es_MX\" \/>\n<meta property=\"og:type\" content=\"article\" \/>\n<meta property=\"og:title\" content=\"\u201cVIRIDANTHA MINUSCULA\u201d, LA NUEVA PLANTA DESCUBIERTA EN SMA - Kuali\" \/>\n<meta property=\"og:description\" content=\"Alicia Arias\/San Miguel de Allende, Gto.- Viridantha min\u00fascula es la nueva especie de bromelias que fue descubierta en la reserva ecol\u00f3gica El Chaco del Ingenio y que ya figura en la revista cient\u00edfica Phytotaxa. \u201cNueva planta descrita para la ciencia y descubierta en el Charco del Ingenio\u201d, as\u00ed titula la directiva del jard\u00edn bot\u00e1nico su [&hellip;]\" \/>\n<meta property=\"og:url\" content=\"https:\/\/kuali.com.mx\/web\/2023\/12\/09\/viridantha-minuscula-la-nueva-planta-descubierta-en-sma\/\" \/>\n<meta property=\"og:site_name\" content=\"Kuali\" \/>\n<meta property=\"article:publisher\" content=\"https:\/\/kuali.com.mx\/web\/wp-content\/uploads\/2018\/04\/cropped-kuali_logo-1-1.png\" \/>\n<meta property=\"article:published_time\" content=\"2023-12-10T03:05:15+00:00\" \/>\n<meta property=\"article:modified_time\" content=\"2023-12-10T03:14:05+00:00\" \/>\n<meta property=\"og:image\" content=\"https:\/\/kuali.com.mx\/web\/wp-content\/uploads\/2023\/12\/Viridantha.gif\" \/>\n\t<meta property=\"og:image:width\" content=\"1700\" \/>\n\t<meta property=\"og:image:height\" content=\"750\" \/>\n\t<meta property=\"og:image:type\" content=\"image\/gif\" \/>\n<meta name=\"author\" content=\"Kuali Staff\" \/>\n<meta name=\"twitter:card\" content=\"summary_large_image\" \/>\n<meta name=\"twitter:creator\" content=\"@kuali_noticias\" \/>\n<meta name=\"twitter:site\" content=\"@kuali_noticias\" \/>\n<meta name=\"twitter:label1\" content=\"Escrito por\" \/>\n\t<meta name=\"twitter:data1\" content=\"Kuali Staff\" \/>\n\t<meta name=\"twitter:label2\" content=\"Tiempo de lectura\" \/>\n\t<meta name=\"twitter:data2\" content=\"2 minutos\" \/>\n<script type=\"application\/ld+json\" class=\"yoast-schema-graph\">{\"@context\":\"https:\\\/\\\/schema.org\",\"@graph\":[{\"@type\":\"Article\",\"@id\":\"https:\\\/\\\/kuali.com.mx\\\/web\\\/2023\\\/12\\\/09\\\/viridantha-minuscula-la-nueva-planta-descubierta-en-sma\\\/#article\",\"isPartOf\":{\"@id\":\"https:\\\/\\\/kuali.com.mx\\\/web\\\/2023\\\/12\\\/09\\\/viridantha-minuscula-la-nueva-planta-descubierta-en-sma\\\/\"},\"author\":{\"name\":\"Kuali Staff\",\"@id\":\"https:\\\/\\\/kuali.com.mx\\\/web\\\/#\\\/schema\\\/person\\\/6f89ffa8ecba9dae50662357923c5289\"},\"headline\":\"\u201cVIRIDANTHA MINUSCULA\u201d, LA NUEVA PLANTA DESCUBIERTA EN SMA\",\"datePublished\":\"2023-12-10T03:05:15+00:00\",\"dateModified\":\"2023-12-10T03:14:05+00:00\",\"mainEntityOfPage\":{\"@id\":\"https:\\\/\\\/kuali.com.mx\\\/web\\\/2023\\\/12\\\/09\\\/viridantha-minuscula-la-nueva-planta-descubierta-en-sma\\\/\"},\"wordCount\":493,\"commentCount\":0,\"image\":{\"@id\":\"https:\\\/\\\/kuali.com.mx\\\/web\\\/2023\\\/12\\\/09\\\/viridantha-minuscula-la-nueva-planta-descubierta-en-sma\\\/#primaryimage\"},\"thumbnailUrl\":\"https:\\\/\\\/kuali.com.mx\\\/web\\\/wp-content\\\/uploads\\\/2023\\\/12\\\/Viridantha.gif\",\"keywords\":[\"Bromelia\",\"El Charco del Ingenio\",\"Jos\u00e9 Viccon\",\"Nueva especie\",\"San Miguel de Allende\",\"Viridantha minuscula\"],\"articleSection\":[\"Ciencia\",\"Ecolog\u00eda\"],\"inLanguage\":\"es\",\"potentialAction\":[{\"@type\":\"CommentAction\",\"name\":\"Comment\",\"target\":[\"https:\\\/\\\/kuali.com.mx\\\/web\\\/2023\\\/12\\\/09\\\/viridantha-minuscula-la-nueva-planta-descubierta-en-sma\\\/#respond\"]}]},{\"@type\":\"WebPage\",\"@id\":\"https:\\\/\\\/kuali.com.mx\\\/web\\\/2023\\\/12\\\/09\\\/viridantha-minuscula-la-nueva-planta-descubierta-en-sma\\\/\",\"url\":\"https:\\\/\\\/kuali.com.mx\\\/web\\\/2023\\\/12\\\/09\\\/viridantha-minuscula-la-nueva-planta-descubierta-en-sma\\\/\",\"name\":\"\u201cVIRIDANTHA MINUSCULA\u201d, LA NUEVA PLANTA DESCUBIERTA EN SMA - Kuali\",\"isPartOf\":{\"@id\":\"https:\\\/\\\/kuali.com.mx\\\/web\\\/#website\"},\"primaryImageOfPage\":{\"@id\":\"https:\\\/\\\/kuali.com.mx\\\/web\\\/2023\\\/12\\\/09\\\/viridantha-minuscula-la-nueva-planta-descubierta-en-sma\\\/#primaryimage\"},\"image\":{\"@id\":\"https:\\\/\\\/kuali.com.mx\\\/web\\\/2023\\\/12\\\/09\\\/viridantha-minuscula-la-nueva-planta-descubierta-en-sma\\\/#primaryimage\"},\"thumbnailUrl\":\"https:\\\/\\\/kuali.com.mx\\\/web\\\/wp-content\\\/uploads\\\/2023\\\/12\\\/Viridantha.gif\",\"datePublished\":\"2023-12-10T03:05:15+00:00\",\"dateModified\":\"2023-12-10T03:14:05+00:00\",\"author\":{\"@id\":\"https:\\\/\\\/kuali.com.mx\\\/web\\\/#\\\/schema\\\/person\\\/6f89ffa8ecba9dae50662357923c5289\"},\"breadcrumb\":{\"@id\":\"https:\\\/\\\/kuali.com.mx\\\/web\\\/2023\\\/12\\\/09\\\/viridantha-minuscula-la-nueva-planta-descubierta-en-sma\\\/#breadcrumb\"},\"inLanguage\":\"es\",\"potentialAction\":[{\"@type\":\"ReadAction\",\"target\":[\"https:\\\/\\\/kuali.com.mx\\\/web\\\/2023\\\/12\\\/09\\\/viridantha-minuscula-la-nueva-planta-descubierta-en-sma\\\/\"]}]},{\"@type\":\"ImageObject\",\"inLanguage\":\"es\",\"@id\":\"https:\\\/\\\/kuali.com.mx\\\/web\\\/2023\\\/12\\\/09\\\/viridantha-minuscula-la-nueva-planta-descubierta-en-sma\\\/#primaryimage\",\"url\":\"https:\\\/\\\/kuali.com.mx\\\/web\\\/wp-content\\\/uploads\\\/2023\\\/12\\\/Viridantha.gif\",\"contentUrl\":\"https:\\\/\\\/kuali.com.mx\\\/web\\\/wp-content\\\/uploads\\\/2023\\\/12\\\/Viridantha.gif\",\"width\":1700,\"height\":750},{\"@type\":\"BreadcrumbList\",\"@id\":\"https:\\\/\\\/kuali.com.mx\\\/web\\\/2023\\\/12\\\/09\\\/viridantha-minuscula-la-nueva-planta-descubierta-en-sma\\\/#breadcrumb\",\"itemListElement\":[{\"@type\":\"ListItem\",\"position\":1,\"name\":\"Inicio\",\"item\":\"https:\\\/\\\/kuali.com.mx\\\/web\\\/\"},{\"@type\":\"ListItem\",\"position\":2,\"name\":\"\u201cVIRIDANTHA MINUSCULA\u201d, LA NUEVA PLANTA DESCUBIERTA EN SMA\"}]},{\"@type\":\"WebSite\",\"@id\":\"https:\\\/\\\/kuali.com.mx\\\/web\\\/#website\",\"url\":\"https:\\\/\\\/kuali.com.mx\\\/web\\\/\",\"name\":\"Kuali\",\"description\":\"\",\"potentialAction\":[{\"@type\":\"SearchAction\",\"target\":{\"@type\":\"EntryPoint\",\"urlTemplate\":\"https:\\\/\\\/kuali.com.mx\\\/web\\\/?s={search_term_string}\"},\"query-input\":{\"@type\":\"PropertyValueSpecification\",\"valueRequired\":true,\"valueName\":\"search_term_string\"}}],\"inLanguage\":\"es\"},{\"@type\":\"Person\",\"@id\":\"https:\\\/\\\/kuali.com.mx\\\/web\\\/#\\\/schema\\\/person\\\/6f89ffa8ecba9dae50662357923c5289\",\"name\":\"Kuali Staff\",\"image\":{\"@type\":\"ImageObject\",\"inLanguage\":\"es\",\"@id\":\"https:\\\/\\\/secure.gravatar.com\\\/avatar\\\/f917ad82e5ab71227a733c78b6e60715476f69ee6be59feee4eb5d9920c89e0f?s=96&d=mm&r=g\",\"url\":\"https:\\\/\\\/secure.gravatar.com\\\/avatar\\\/f917ad82e5ab71227a733c78b6e60715476f69ee6be59feee4eb5d9920c89e0f?s=96&d=mm&r=g\",\"contentUrl\":\"https:\\\/\\\/secure.gravatar.com\\\/avatar\\\/f917ad82e5ab71227a733c78b6e60715476f69ee6be59feee4eb5d9920c89e0f?s=96&d=mm&r=g\",\"caption\":\"Kuali Staff\"},\"url\":\"https:\\\/\\\/kuali.com.mx\\\/web\\\/author\\\/lagarto\\\/\"}]}<\/script>\n<!-- \/ Yoast SEO plugin. -->","yoast_head_json":{"title":"\u201cVIRIDANTHA MINUSCULA\u201d, LA NUEVA PLANTA DESCUBIERTA EN SMA - Kuali","robots":{"index":"index","follow":"follow","max-snippet":"max-snippet:-1","max-image-preview":"max-image-preview:large","max-video-preview":"max-video-preview:-1"},"canonical":"https:\/\/kuali.com.mx\/web\/2023\/12\/09\/viridantha-minuscula-la-nueva-planta-descubierta-en-sma\/","og_locale":"es_MX","og_type":"article","og_title":"\u201cVIRIDANTHA MINUSCULA\u201d, LA NUEVA PLANTA DESCUBIERTA EN SMA - Kuali","og_description":"Alicia Arias\/San Miguel de Allende, Gto.- Viridantha min\u00fascula es la nueva especie de bromelias que fue descubierta en la reserva ecol\u00f3gica El Chaco del Ingenio y que ya figura en la revista cient\u00edfica Phytotaxa. \u201cNueva planta descrita para la ciencia y descubierta en el Charco del Ingenio\u201d, as\u00ed titula la directiva del jard\u00edn bot\u00e1nico su [&hellip;]","og_url":"https:\/\/kuali.com.mx\/web\/2023\/12\/09\/viridantha-minuscula-la-nueva-planta-descubierta-en-sma\/","og_site_name":"Kuali","article_publisher":"https:\/\/kuali.com.mx\/web\/wp-content\/uploads\/2018\/04\/cropped-kuali_logo-1-1.png","article_published_time":"2023-12-10T03:05:15+00:00","article_modified_time":"2023-12-10T03:14:05+00:00","og_image":[{"width":1700,"height":750,"url":"https:\/\/kuali.com.mx\/web\/wp-content\/uploads\/2023\/12\/Viridantha.gif","type":"image\/gif"}],"author":"Kuali Staff","twitter_card":"summary_large_image","twitter_creator":"@kuali_noticias","twitter_site":"@kuali_noticias","twitter_misc":{"Escrito por":"Kuali Staff","Tiempo de lectura":"2 minutos"},"schema":{"@context":"https:\/\/schema.org","@graph":[{"@type":"Article","@id":"https:\/\/kuali.com.mx\/web\/2023\/12\/09\/viridantha-minuscula-la-nueva-planta-descubierta-en-sma\/#article","isPartOf":{"@id":"https:\/\/kuali.com.mx\/web\/2023\/12\/09\/viridantha-minuscula-la-nueva-planta-descubierta-en-sma\/"},"author":{"name":"Kuali Staff","@id":"https:\/\/kuali.com.mx\/web\/#\/schema\/person\/6f89ffa8ecba9dae50662357923c5289"},"headline":"\u201cVIRIDANTHA MINUSCULA\u201d, LA NUEVA PLANTA DESCUBIERTA EN SMA","datePublished":"2023-12-10T03:05:15+00:00","dateModified":"2023-12-10T03:14:05+00:00","mainEntityOfPage":{"@id":"https:\/\/kuali.com.mx\/web\/2023\/12\/09\/viridantha-minuscula-la-nueva-planta-descubierta-en-sma\/"},"wordCount":493,"commentCount":0,"image":{"@id":"https:\/\/kuali.com.mx\/web\/2023\/12\/09\/viridantha-minuscula-la-nueva-planta-descubierta-en-sma\/#primaryimage"},"thumbnailUrl":"https:\/\/kuali.com.mx\/web\/wp-content\/uploads\/2023\/12\/Viridantha.gif","keywords":["Bromelia","El Charco del Ingenio","Jos\u00e9 Viccon","Nueva especie","San Miguel de Allende","Viridantha minuscula"],"articleSection":["Ciencia","Ecolog\u00eda"],"inLanguage":"es","potentialAction":[{"@type":"CommentAction","name":"Comment","target":["https:\/\/kuali.com.mx\/web\/2023\/12\/09\/viridantha-minuscula-la-nueva-planta-descubierta-en-sma\/#respond"]}]},{"@type":"WebPage","@id":"https:\/\/kuali.com.mx\/web\/2023\/12\/09\/viridantha-minuscula-la-nueva-planta-descubierta-en-sma\/","url":"https:\/\/kuali.com.mx\/web\/2023\/12\/09\/viridantha-minuscula-la-nueva-planta-descubierta-en-sma\/","name":"\u201cVIRIDANTHA MINUSCULA\u201d, LA NUEVA PLANTA DESCUBIERTA EN SMA - Kuali","isPartOf":{"@id":"https:\/\/kuali.com.mx\/web\/#website"},"primaryImageOfPage":{"@id":"https:\/\/kuali.com.mx\/web\/2023\/12\/09\/viridantha-minuscula-la-nueva-planta-descubierta-en-sma\/#primaryimage"},"image":{"@id":"https:\/\/kuali.com.mx\/web\/2023\/12\/09\/viridantha-minuscula-la-nueva-planta-descubierta-en-sma\/#primaryimage"},"thumbnailUrl":"https:\/\/kuali.com.mx\/web\/wp-content\/uploads\/2023\/12\/Viridantha.gif","datePublished":"2023-12-10T03:05:15+00:00","dateModified":"2023-12-10T03:14:05+00:00","author":{"@id":"https:\/\/kuali.com.mx\/web\/#\/schema\/person\/6f89ffa8ecba9dae50662357923c5289"},"breadcrumb":{"@id":"https:\/\/kuali.com.mx\/web\/2023\/12\/09\/viridantha-minuscula-la-nueva-planta-descubierta-en-sma\/#breadcrumb"},"inLanguage":"es","potentialAction":[{"@type":"ReadAction","target":["https:\/\/kuali.com.mx\/web\/2023\/12\/09\/viridantha-minuscula-la-nueva-planta-descubierta-en-sma\/"]}]},{"@type":"ImageObject","inLanguage":"es","@id":"https:\/\/kuali.com.mx\/web\/2023\/12\/09\/viridantha-minuscula-la-nueva-planta-descubierta-en-sma\/#primaryimage","url":"https:\/\/kuali.com.mx\/web\/wp-content\/uploads\/2023\/12\/Viridantha.gif","contentUrl":"https:\/\/kuali.com.mx\/web\/wp-content\/uploads\/2023\/12\/Viridantha.gif","width":1700,"height":750},{"@type":"BreadcrumbList","@id":"https:\/\/kuali.com.mx\/web\/2023\/12\/09\/viridantha-minuscula-la-nueva-planta-descubierta-en-sma\/#breadcrumb","itemListElement":[{"@type":"ListItem","position":1,"name":"Inicio","item":"https:\/\/kuali.com.mx\/web\/"},{"@type":"ListItem","position":2,"name":"\u201cVIRIDANTHA MINUSCULA\u201d, LA NUEVA PLANTA DESCUBIERTA EN SMA"}]},{"@type":"WebSite","@id":"https:\/\/kuali.com.mx\/web\/#website","url":"https:\/\/kuali.com.mx\/web\/","name":"Kuali","description":"","potentialAction":[{"@type":"SearchAction","target":{"@type":"EntryPoint","urlTemplate":"https:\/\/kuali.com.mx\/web\/?s={search_term_string}"},"query-input":{"@type":"PropertyValueSpecification","valueRequired":true,"valueName":"search_term_string"}}],"inLanguage":"es"},{"@type":"Person","@id":"https:\/\/kuali.com.mx\/web\/#\/schema\/person\/6f89ffa8ecba9dae50662357923c5289","name":"Kuali Staff","image":{"@type":"ImageObject","inLanguage":"es","@id":"https:\/\/secure.gravatar.com\/avatar\/f917ad82e5ab71227a733c78b6e60715476f69ee6be59feee4eb5d9920c89e0f?s=96&d=mm&r=g","url":"https:\/\/secure.gravatar.com\/avatar\/f917ad82e5ab71227a733c78b6e60715476f69ee6be59feee4eb5d9920c89e0f?s=96&d=mm&r=g","contentUrl":"https:\/\/secure.gravatar.com\/avatar\/f917ad82e5ab71227a733c78b6e60715476f69ee6be59feee4eb5d9920c89e0f?s=96&d=mm&r=g","caption":"Kuali Staff"},"url":"https:\/\/kuali.com.mx\/web\/author\/lagarto\/"}]}},"_links":{"self":[{"href":"https:\/\/kuali.com.mx\/web\/wp-json\/wp\/v2\/posts\/131810","targetHints":{"allow":["GET"]}}],"collection":[{"href":"https:\/\/kuali.com.mx\/web\/wp-json\/wp\/v2\/posts"}],"about":[{"href":"https:\/\/kuali.com.mx\/web\/wp-json\/wp\/v2\/types\/post"}],"author":[{"embeddable":true,"href":"https:\/\/kuali.com.mx\/web\/wp-json\/wp\/v2\/users\/2"}],"replies":[{"embeddable":true,"href":"https:\/\/kuali.com.mx\/web\/wp-json\/wp\/v2\/comments?post=131810"}],"version-history":[{"count":1,"href":"https:\/\/kuali.com.mx\/web\/wp-json\/wp\/v2\/posts\/131810\/revisions"}],"predecessor-version":[{"id":131815,"href":"https:\/\/kuali.com.mx\/web\/wp-json\/wp\/v2\/posts\/131810\/revisions\/131815"}],"wp:featuredmedia":[{"embeddable":true,"href":"https:\/\/kuali.com.mx\/web\/wp-json\/wp\/v2\/media\/131813"}],"wp:attachment":[{"href":"https:\/\/kuali.com.mx\/web\/wp-json\/wp\/v2\/media?parent=131810"}],"wp:term":[{"taxonomy":"category","embeddable":true,"href":"https:\/\/kuali.com.mx\/web\/wp-json\/wp\/v2\/categories?post=131810"},{"taxonomy":"post_tag","embeddable":true,"href":"https:\/\/kuali.com.mx\/web\/wp-json\/wp\/v2\/tags?post=131810"}],"curies":[{"name":"wp","href":"https:\/\/api.w.org\/{rel}","templated":true}]}}