{"id":131650,"date":"2023-12-07T08:34:47","date_gmt":"2023-12-07T14:34:47","guid":{"rendered":"https:\/\/kuali.com.mx\/web\/?p=131650"},"modified":"2023-12-07T11:52:10","modified_gmt":"2023-12-07T17:52:10","slug":"arranca-la-villa-navidena-con-encendido-de-arbol-monumental","status":"publish","type":"post","link":"https:\/\/kuali.com.mx\/web\/2023\/12\/07\/arranca-la-villa-navidena-con-encendido-de-arbol-monumental\/","title":{"rendered":"ARRANCA LA VILLA NAVIDE\u00d1A CON ENCENDIDO DE \u00c1RBOL MONUMENTAL"},"content":{"rendered":"\n<p><strong><em>Kuali\/Irapuato, Gto<\/em>.-<\/strong>\u00a0Este 08 de diciembre, a partir de las 8 de la noche, la ciudadan\u00eda podr\u00e1 presenciar el encendido del \u00c1rbol Monumental, con el que se da por inaugurada la Villa Navide\u00f1a 2023, Fiestas de Paz, por lo que se invita a toda la poblaci\u00f3n acudir y divertirse.\u00a0<\/p>\n\n\n\n<p>Ser\u00e1 hasta el 7 de enero del 2024 que el Centro Hist\u00f3rico de Irapuato se mantendr\u00e1 iluminado con bellos adornos, que buscan brindar mensajes de paz y armon\u00eda. Tambi\u00e9n se contar\u00e1 con atractivos que se ofrecen en esta edici\u00f3n, muchos de ellos nuevos, con lo que se innova y mejora la calidad de este festejo tradicional, para seguir haciendo de Irapuato, un municipio festivo.\u00a0<\/p>\n\n\n\n<figure class=\"wp-block-image size-large\"><img loading=\"lazy\" decoding=\"async\" width=\"1024\" height=\"520\" src=\"https:\/\/kuali.com.mx\/web\/wp-content\/uploads\/2023\/12\/villa-2-1024x520.jpg\" alt=\"\" class=\"wp-image-131653\" srcset=\"https:\/\/kuali.com.mx\/web\/wp-content\/uploads\/2023\/12\/villa-2-1024x520.jpg 1024w, https:\/\/kuali.com.mx\/web\/wp-content\/uploads\/2023\/12\/villa-2-300x152.jpg 300w, https:\/\/kuali.com.mx\/web\/wp-content\/uploads\/2023\/12\/villa-2-768x390.jpg 768w, https:\/\/kuali.com.mx\/web\/wp-content\/uploads\/2023\/12\/villa-2-228x116.jpg 228w, https:\/\/kuali.com.mx\/web\/wp-content\/uploads\/2023\/12\/villa-2.jpg 1477w\" sizes=\"auto, (max-width: 1024px) 100vw, 1024px\" \/><\/figure>\n\n\n\n<p>Entre las novedades se encuentra el telef\u00e9rico, que se ubicar\u00e1 a lo largo del Andador Ju\u00e1rez, a un costado del Jard\u00edn Principal; tambi\u00e9n se contar\u00e1 con un carrusel y un Velo de Luces la plaza de Los Fundadores y un set fotogr\u00e1fico.&nbsp;<\/p>\n\n\n\n<p>Como parte de la Villa Navide\u00f1a, adem\u00e1s del \u00c1rbol Monumental, se mantienen el Nacimiento, los paseos en el trenecito, el Foro Cultural, las esferas y las pi\u00f1atas gigantes, el t\u00fanel de luces con show de nieve, entre otros.<\/p>\n\n\n\n<p>Adem\u00e1s, este a\u00f1o tambi\u00e9n se dar\u00e1 empleo temporal a 157 personas, entre ellos 37 personas con discapacidad y adultas mayores; tambi\u00e9n, el Sistema DIF Municipal, mantendr\u00e1 la campa\u00f1a \u2018Generando Sonrisas\u2019, que tiene como meta superar los 30 mil juguetes recaudados en la edici\u00f3n 2022-2023 de la Villa, por lo que se invita a la ciudadan\u00eda a traer su donativo para que ni\u00f1os y ni\u00f1as en situaci\u00f3n vulnerable reciban un obsequio de D\u00eda de Reyes.<\/p>\n\n\n\n<p>Esta edici\u00f3n de la Villa Navide\u00f1a contar\u00e1 con grandes mejoras, para generar una experiencia de diversi\u00f3n y esparcimiento de las familias, fomentando la generaci\u00f3n de entornos de paz, una de las metas del gobierno que impulsa la presidenta municipal, Lorena Alfaro Garc\u00eda.<\/p>\n","protected":false},"excerpt":{"rendered":"Kuali\/Irapuato, Gto.-\u00a0Este 08 de diciembre, a partir de las 8 de la noche, la ciudadan\u00eda podr\u00e1 presenciar el encendido del \u00c1rbol Monumental, con el que se da por inaugurada la Villa Navide\u00f1a 2023, Fiestas de Paz, por lo que se invita a toda la poblaci\u00f3n acudir y divertirse.\u00a0 Ser\u00e1 hasta el 7 de enero del [&hellip;]","protected":false},"author":2,"featured_media":131652,"comment_status":"open","ping_status":"open","sticky":false,"template":"","format":"standard","meta":{"_seopress_robots_primary_cat":"none","_seopress_titles_title":"","_seopress_titles_desc":"","_seopress_robots_index":"","_monsterinsights_skip_tracking":false,"_monsterinsights_sitenote_active":false,"_monsterinsights_sitenote_note":"","_monsterinsights_sitenote_category":0,"footnotes":""},"categories":[13],"tags":[],"class_list":["post-131650","post","type-post","status-publish","format-standard","has-post-thumbnail","hentry","category-turismo"],"yoast_head":"<!-- This site is optimized with the Yoast SEO plugin v27.4 - https:\/\/yoast.com\/product\/yoast-seo-wordpress\/ -->\n<title>ARRANCA LA VILLA NAVIDE\u00d1A CON ENCENDIDO DE \u00c1RBOL MONUMENTAL - Kuali<\/title>\n<meta name=\"robots\" content=\"index, follow, max-snippet:-1, max-image-preview:large, max-video-preview:-1\" \/>\n<link rel=\"canonical\" href=\"https:\/\/kuali.com.mx\/web\/2023\/12\/07\/arranca-la-villa-navidena-con-encendido-de-arbol-monumental\/\" \/>\n<meta property=\"og:locale\" content=\"es_MX\" \/>\n<meta property=\"og:type\" content=\"article\" \/>\n<meta property=\"og:title\" content=\"ARRANCA LA VILLA NAVIDE\u00d1A CON ENCENDIDO DE \u00c1RBOL MONUMENTAL - Kuali\" \/>\n<meta property=\"og:description\" content=\"Kuali\/Irapuato, Gto.-\u00a0Este 08 de diciembre, a partir de las 8 de la noche, la ciudadan\u00eda podr\u00e1 presenciar el encendido del \u00c1rbol Monumental, con el que se da por inaugurada la Villa Navide\u00f1a 2023, Fiestas de Paz, por lo que se invita a toda la poblaci\u00f3n acudir y divertirse.\u00a0 Ser\u00e1 hasta el 7 de enero del [&hellip;]\" \/>\n<meta property=\"og:url\" content=\"https:\/\/kuali.com.mx\/web\/2023\/12\/07\/arranca-la-villa-navidena-con-encendido-de-arbol-monumental\/\" \/>\n<meta property=\"og:site_name\" content=\"Kuali\" \/>\n<meta property=\"article:publisher\" content=\"https:\/\/kuali.com.mx\/web\/wp-content\/uploads\/2018\/04\/cropped-kuali_logo-1-1.png\" \/>\n<meta property=\"article:published_time\" content=\"2023-12-07T14:34:47+00:00\" \/>\n<meta property=\"article:modified_time\" content=\"2023-12-07T17:52:10+00:00\" \/>\n<meta property=\"og:image\" content=\"https:\/\/kuali.com.mx\/web\/wp-content\/uploads\/2023\/12\/villa-1.jpg\" \/>\n\t<meta property=\"og:image:width\" content=\"1709\" \/>\n\t<meta property=\"og:image:height\" content=\"750\" \/>\n\t<meta property=\"og:image:type\" content=\"image\/jpeg\" \/>\n<meta name=\"author\" content=\"Kuali Staff\" \/>\n<meta name=\"twitter:card\" content=\"summary_large_image\" \/>\n<meta name=\"twitter:creator\" content=\"@kuali_noticias\" \/>\n<meta name=\"twitter:site\" content=\"@kuali_noticias\" \/>\n<meta name=\"twitter:label1\" content=\"Escrito por\" \/>\n\t<meta name=\"twitter:data1\" content=\"Kuali Staff\" \/>\n\t<meta name=\"twitter:label2\" content=\"Tiempo de lectura\" \/>\n\t<meta name=\"twitter:data2\" content=\"2 minutos\" \/>\n<script type=\"application\/ld+json\" class=\"yoast-schema-graph\">{\"@context\":\"https:\\\/\\\/schema.org\",\"@graph\":[{\"@type\":\"Article\",\"@id\":\"https:\\\/\\\/kuali.com.mx\\\/web\\\/2023\\\/12\\\/07\\\/arranca-la-villa-navidena-con-encendido-de-arbol-monumental\\\/#article\",\"isPartOf\":{\"@id\":\"https:\\\/\\\/kuali.com.mx\\\/web\\\/2023\\\/12\\\/07\\\/arranca-la-villa-navidena-con-encendido-de-arbol-monumental\\\/\"},\"author\":{\"name\":\"Kuali Staff\",\"@id\":\"https:\\\/\\\/kuali.com.mx\\\/web\\\/#\\\/schema\\\/person\\\/6f89ffa8ecba9dae50662357923c5289\"},\"headline\":\"ARRANCA LA VILLA NAVIDE\u00d1A CON ENCENDIDO DE \u00c1RBOL MONUMENTAL\",\"datePublished\":\"2023-12-07T14:34:47+00:00\",\"dateModified\":\"2023-12-07T17:52:10+00:00\",\"mainEntityOfPage\":{\"@id\":\"https:\\\/\\\/kuali.com.mx\\\/web\\\/2023\\\/12\\\/07\\\/arranca-la-villa-navidena-con-encendido-de-arbol-monumental\\\/\"},\"wordCount\":346,\"commentCount\":0,\"image\":{\"@id\":\"https:\\\/\\\/kuali.com.mx\\\/web\\\/2023\\\/12\\\/07\\\/arranca-la-villa-navidena-con-encendido-de-arbol-monumental\\\/#primaryimage\"},\"thumbnailUrl\":\"https:\\\/\\\/kuali.com.mx\\\/web\\\/wp-content\\\/uploads\\\/2023\\\/12\\\/villa-1.jpg\",\"articleSection\":[\"Turismo\"],\"inLanguage\":\"es\",\"potentialAction\":[{\"@type\":\"CommentAction\",\"name\":\"Comment\",\"target\":[\"https:\\\/\\\/kuali.com.mx\\\/web\\\/2023\\\/12\\\/07\\\/arranca-la-villa-navidena-con-encendido-de-arbol-monumental\\\/#respond\"]}]},{\"@type\":\"WebPage\",\"@id\":\"https:\\\/\\\/kuali.com.mx\\\/web\\\/2023\\\/12\\\/07\\\/arranca-la-villa-navidena-con-encendido-de-arbol-monumental\\\/\",\"url\":\"https:\\\/\\\/kuali.com.mx\\\/web\\\/2023\\\/12\\\/07\\\/arranca-la-villa-navidena-con-encendido-de-arbol-monumental\\\/\",\"name\":\"ARRANCA LA VILLA NAVIDE\u00d1A CON ENCENDIDO DE \u00c1RBOL MONUMENTAL - Kuali\",\"isPartOf\":{\"@id\":\"https:\\\/\\\/kuali.com.mx\\\/web\\\/#website\"},\"primaryImageOfPage\":{\"@id\":\"https:\\\/\\\/kuali.com.mx\\\/web\\\/2023\\\/12\\\/07\\\/arranca-la-villa-navidena-con-encendido-de-arbol-monumental\\\/#primaryimage\"},\"image\":{\"@id\":\"https:\\\/\\\/kuali.com.mx\\\/web\\\/2023\\\/12\\\/07\\\/arranca-la-villa-navidena-con-encendido-de-arbol-monumental\\\/#primaryimage\"},\"thumbnailUrl\":\"https:\\\/\\\/kuali.com.mx\\\/web\\\/wp-content\\\/uploads\\\/2023\\\/12\\\/villa-1.jpg\",\"datePublished\":\"2023-12-07T14:34:47+00:00\",\"dateModified\":\"2023-12-07T17:52:10+00:00\",\"author\":{\"@id\":\"https:\\\/\\\/kuali.com.mx\\\/web\\\/#\\\/schema\\\/person\\\/6f89ffa8ecba9dae50662357923c5289\"},\"breadcrumb\":{\"@id\":\"https:\\\/\\\/kuali.com.mx\\\/web\\\/2023\\\/12\\\/07\\\/arranca-la-villa-navidena-con-encendido-de-arbol-monumental\\\/#breadcrumb\"},\"inLanguage\":\"es\",\"potentialAction\":[{\"@type\":\"ReadAction\",\"target\":[\"https:\\\/\\\/kuali.com.mx\\\/web\\\/2023\\\/12\\\/07\\\/arranca-la-villa-navidena-con-encendido-de-arbol-monumental\\\/\"]}]},{\"@type\":\"ImageObject\",\"inLanguage\":\"es\",\"@id\":\"https:\\\/\\\/kuali.com.mx\\\/web\\\/2023\\\/12\\\/07\\\/arranca-la-villa-navidena-con-encendido-de-arbol-monumental\\\/#primaryimage\",\"url\":\"https:\\\/\\\/kuali.com.mx\\\/web\\\/wp-content\\\/uploads\\\/2023\\\/12\\\/villa-1.jpg\",\"contentUrl\":\"https:\\\/\\\/kuali.com.mx\\\/web\\\/wp-content\\\/uploads\\\/2023\\\/12\\\/villa-1.jpg\",\"width\":1709,\"height\":750},{\"@type\":\"BreadcrumbList\",\"@id\":\"https:\\\/\\\/kuali.com.mx\\\/web\\\/2023\\\/12\\\/07\\\/arranca-la-villa-navidena-con-encendido-de-arbol-monumental\\\/#breadcrumb\",\"itemListElement\":[{\"@type\":\"ListItem\",\"position\":1,\"name\":\"Inicio\",\"item\":\"https:\\\/\\\/kuali.com.mx\\\/web\\\/\"},{\"@type\":\"ListItem\",\"position\":2,\"name\":\"ARRANCA LA VILLA NAVIDE\u00d1A CON ENCENDIDO DE \u00c1RBOL MONUMENTAL\"}]},{\"@type\":\"WebSite\",\"@id\":\"https:\\\/\\\/kuali.com.mx\\\/web\\\/#website\",\"url\":\"https:\\\/\\\/kuali.com.mx\\\/web\\\/\",\"name\":\"Kuali\",\"description\":\"\",\"potentialAction\":[{\"@type\":\"SearchAction\",\"target\":{\"@type\":\"EntryPoint\",\"urlTemplate\":\"https:\\\/\\\/kuali.com.mx\\\/web\\\/?s={search_term_string}\"},\"query-input\":{\"@type\":\"PropertyValueSpecification\",\"valueRequired\":true,\"valueName\":\"search_term_string\"}}],\"inLanguage\":\"es\"},{\"@type\":\"Person\",\"@id\":\"https:\\\/\\\/kuali.com.mx\\\/web\\\/#\\\/schema\\\/person\\\/6f89ffa8ecba9dae50662357923c5289\",\"name\":\"Kuali Staff\",\"image\":{\"@type\":\"ImageObject\",\"inLanguage\":\"es\",\"@id\":\"https:\\\/\\\/secure.gravatar.com\\\/avatar\\\/f917ad82e5ab71227a733c78b6e60715476f69ee6be59feee4eb5d9920c89e0f?s=96&d=mm&r=g\",\"url\":\"https:\\\/\\\/secure.gravatar.com\\\/avatar\\\/f917ad82e5ab71227a733c78b6e60715476f69ee6be59feee4eb5d9920c89e0f?s=96&d=mm&r=g\",\"contentUrl\":\"https:\\\/\\\/secure.gravatar.com\\\/avatar\\\/f917ad82e5ab71227a733c78b6e60715476f69ee6be59feee4eb5d9920c89e0f?s=96&d=mm&r=g\",\"caption\":\"Kuali Staff\"},\"url\":\"https:\\\/\\\/kuali.com.mx\\\/web\\\/author\\\/lagarto\\\/\"}]}<\/script>\n<!-- \/ Yoast SEO plugin. -->","yoast_head_json":{"title":"ARRANCA LA VILLA NAVIDE\u00d1A CON ENCENDIDO DE \u00c1RBOL MONUMENTAL - Kuali","robots":{"index":"index","follow":"follow","max-snippet":"max-snippet:-1","max-image-preview":"max-image-preview:large","max-video-preview":"max-video-preview:-1"},"canonical":"https:\/\/kuali.com.mx\/web\/2023\/12\/07\/arranca-la-villa-navidena-con-encendido-de-arbol-monumental\/","og_locale":"es_MX","og_type":"article","og_title":"ARRANCA LA VILLA NAVIDE\u00d1A CON ENCENDIDO DE \u00c1RBOL MONUMENTAL - Kuali","og_description":"Kuali\/Irapuato, Gto.-\u00a0Este 08 de diciembre, a partir de las 8 de la noche, la ciudadan\u00eda podr\u00e1 presenciar el encendido del \u00c1rbol Monumental, con el que se da por inaugurada la Villa Navide\u00f1a 2023, Fiestas de Paz, por lo que se invita a toda la poblaci\u00f3n acudir y divertirse.\u00a0 Ser\u00e1 hasta el 7 de enero del [&hellip;]","og_url":"https:\/\/kuali.com.mx\/web\/2023\/12\/07\/arranca-la-villa-navidena-con-encendido-de-arbol-monumental\/","og_site_name":"Kuali","article_publisher":"https:\/\/kuali.com.mx\/web\/wp-content\/uploads\/2018\/04\/cropped-kuali_logo-1-1.png","article_published_time":"2023-12-07T14:34:47+00:00","article_modified_time":"2023-12-07T17:52:10+00:00","og_image":[{"width":1709,"height":750,"url":"https:\/\/kuali.com.mx\/web\/wp-content\/uploads\/2023\/12\/villa-1.jpg","type":"image\/jpeg"}],"author":"Kuali Staff","twitter_card":"summary_large_image","twitter_creator":"@kuali_noticias","twitter_site":"@kuali_noticias","twitter_misc":{"Escrito por":"Kuali Staff","Tiempo de lectura":"2 minutos"},"schema":{"@context":"https:\/\/schema.org","@graph":[{"@type":"Article","@id":"https:\/\/kuali.com.mx\/web\/2023\/12\/07\/arranca-la-villa-navidena-con-encendido-de-arbol-monumental\/#article","isPartOf":{"@id":"https:\/\/kuali.com.mx\/web\/2023\/12\/07\/arranca-la-villa-navidena-con-encendido-de-arbol-monumental\/"},"author":{"name":"Kuali Staff","@id":"https:\/\/kuali.com.mx\/web\/#\/schema\/person\/6f89ffa8ecba9dae50662357923c5289"},"headline":"ARRANCA LA VILLA NAVIDE\u00d1A CON ENCENDIDO DE \u00c1RBOL MONUMENTAL","datePublished":"2023-12-07T14:34:47+00:00","dateModified":"2023-12-07T17:52:10+00:00","mainEntityOfPage":{"@id":"https:\/\/kuali.com.mx\/web\/2023\/12\/07\/arranca-la-villa-navidena-con-encendido-de-arbol-monumental\/"},"wordCount":346,"commentCount":0,"image":{"@id":"https:\/\/kuali.com.mx\/web\/2023\/12\/07\/arranca-la-villa-navidena-con-encendido-de-arbol-monumental\/#primaryimage"},"thumbnailUrl":"https:\/\/kuali.com.mx\/web\/wp-content\/uploads\/2023\/12\/villa-1.jpg","articleSection":["Turismo"],"inLanguage":"es","potentialAction":[{"@type":"CommentAction","name":"Comment","target":["https:\/\/kuali.com.mx\/web\/2023\/12\/07\/arranca-la-villa-navidena-con-encendido-de-arbol-monumental\/#respond"]}]},{"@type":"WebPage","@id":"https:\/\/kuali.com.mx\/web\/2023\/12\/07\/arranca-la-villa-navidena-con-encendido-de-arbol-monumental\/","url":"https:\/\/kuali.com.mx\/web\/2023\/12\/07\/arranca-la-villa-navidena-con-encendido-de-arbol-monumental\/","name":"ARRANCA LA VILLA NAVIDE\u00d1A CON ENCENDIDO DE \u00c1RBOL MONUMENTAL - Kuali","isPartOf":{"@id":"https:\/\/kuali.com.mx\/web\/#website"},"primaryImageOfPage":{"@id":"https:\/\/kuali.com.mx\/web\/2023\/12\/07\/arranca-la-villa-navidena-con-encendido-de-arbol-monumental\/#primaryimage"},"image":{"@id":"https:\/\/kuali.com.mx\/web\/2023\/12\/07\/arranca-la-villa-navidena-con-encendido-de-arbol-monumental\/#primaryimage"},"thumbnailUrl":"https:\/\/kuali.com.mx\/web\/wp-content\/uploads\/2023\/12\/villa-1.jpg","datePublished":"2023-12-07T14:34:47+00:00","dateModified":"2023-12-07T17:52:10+00:00","author":{"@id":"https:\/\/kuali.com.mx\/web\/#\/schema\/person\/6f89ffa8ecba9dae50662357923c5289"},"breadcrumb":{"@id":"https:\/\/kuali.com.mx\/web\/2023\/12\/07\/arranca-la-villa-navidena-con-encendido-de-arbol-monumental\/#breadcrumb"},"inLanguage":"es","potentialAction":[{"@type":"ReadAction","target":["https:\/\/kuali.com.mx\/web\/2023\/12\/07\/arranca-la-villa-navidena-con-encendido-de-arbol-monumental\/"]}]},{"@type":"ImageObject","inLanguage":"es","@id":"https:\/\/kuali.com.mx\/web\/2023\/12\/07\/arranca-la-villa-navidena-con-encendido-de-arbol-monumental\/#primaryimage","url":"https:\/\/kuali.com.mx\/web\/wp-content\/uploads\/2023\/12\/villa-1.jpg","contentUrl":"https:\/\/kuali.com.mx\/web\/wp-content\/uploads\/2023\/12\/villa-1.jpg","width":1709,"height":750},{"@type":"BreadcrumbList","@id":"https:\/\/kuali.com.mx\/web\/2023\/12\/07\/arranca-la-villa-navidena-con-encendido-de-arbol-monumental\/#breadcrumb","itemListElement":[{"@type":"ListItem","position":1,"name":"Inicio","item":"https:\/\/kuali.com.mx\/web\/"},{"@type":"ListItem","position":2,"name":"ARRANCA LA VILLA NAVIDE\u00d1A CON ENCENDIDO DE \u00c1RBOL MONUMENTAL"}]},{"@type":"WebSite","@id":"https:\/\/kuali.com.mx\/web\/#website","url":"https:\/\/kuali.com.mx\/web\/","name":"Kuali","description":"","potentialAction":[{"@type":"SearchAction","target":{"@type":"EntryPoint","urlTemplate":"https:\/\/kuali.com.mx\/web\/?s={search_term_string}"},"query-input":{"@type":"PropertyValueSpecification","valueRequired":true,"valueName":"search_term_string"}}],"inLanguage":"es"},{"@type":"Person","@id":"https:\/\/kuali.com.mx\/web\/#\/schema\/person\/6f89ffa8ecba9dae50662357923c5289","name":"Kuali Staff","image":{"@type":"ImageObject","inLanguage":"es","@id":"https:\/\/secure.gravatar.com\/avatar\/f917ad82e5ab71227a733c78b6e60715476f69ee6be59feee4eb5d9920c89e0f?s=96&d=mm&r=g","url":"https:\/\/secure.gravatar.com\/avatar\/f917ad82e5ab71227a733c78b6e60715476f69ee6be59feee4eb5d9920c89e0f?s=96&d=mm&r=g","contentUrl":"https:\/\/secure.gravatar.com\/avatar\/f917ad82e5ab71227a733c78b6e60715476f69ee6be59feee4eb5d9920c89e0f?s=96&d=mm&r=g","caption":"Kuali Staff"},"url":"https:\/\/kuali.com.mx\/web\/author\/lagarto\/"}]}},"_links":{"self":[{"href":"https:\/\/kuali.com.mx\/web\/wp-json\/wp\/v2\/posts\/131650","targetHints":{"allow":["GET"]}}],"collection":[{"href":"https:\/\/kuali.com.mx\/web\/wp-json\/wp\/v2\/posts"}],"about":[{"href":"https:\/\/kuali.com.mx\/web\/wp-json\/wp\/v2\/types\/post"}],"author":[{"embeddable":true,"href":"https:\/\/kuali.com.mx\/web\/wp-json\/wp\/v2\/users\/2"}],"replies":[{"embeddable":true,"href":"https:\/\/kuali.com.mx\/web\/wp-json\/wp\/v2\/comments?post=131650"}],"version-history":[{"count":1,"href":"https:\/\/kuali.com.mx\/web\/wp-json\/wp\/v2\/posts\/131650\/revisions"}],"predecessor-version":[{"id":131654,"href":"https:\/\/kuali.com.mx\/web\/wp-json\/wp\/v2\/posts\/131650\/revisions\/131654"}],"wp:featuredmedia":[{"embeddable":true,"href":"https:\/\/kuali.com.mx\/web\/wp-json\/wp\/v2\/media\/131652"}],"wp:attachment":[{"href":"https:\/\/kuali.com.mx\/web\/wp-json\/wp\/v2\/media?parent=131650"}],"wp:term":[{"taxonomy":"category","embeddable":true,"href":"https:\/\/kuali.com.mx\/web\/wp-json\/wp\/v2\/categories?post=131650"},{"taxonomy":"post_tag","embeddable":true,"href":"https:\/\/kuali.com.mx\/web\/wp-json\/wp\/v2\/tags?post=131650"}],"curies":[{"name":"wp","href":"https:\/\/api.w.org\/{rel}","templated":true}]}}