{"id":131386,"date":"2023-12-03T13:08:45","date_gmt":"2023-12-03T19:08:45","guid":{"rendered":"https:\/\/kuali.com.mx\/web\/?p=131386"},"modified":"2023-12-04T10:38:02","modified_gmt":"2023-12-04T16:38:02","slug":"severa-sequia-afecta-a-purisima-del-rincon","status":"publish","type":"post","link":"https:\/\/kuali.com.mx\/web\/2023\/12\/03\/severa-sequia-afecta-a-purisima-del-rincon\/","title":{"rendered":"SEVERA SEQU\u00cdA AFECTA A PUR\u00cdSIMA DEL RINC\u00d3N"},"content":{"rendered":"\n<p><strong>Alicia Arias\/Pur\u00edsima del Rinc\u00f3n, Gto.- <\/strong>El municipio de Pur\u00edsima del Rinc\u00f3n enfrenta una sequ\u00eda de intensidad 3, considerada en el rango de las m\u00e1s severas. Las autoridades racionalizar\u00e1n el agua potable y llaman a la poblaci\u00f3n a evitar actividades no esenciales que requieran del vital l\u00edquido.<\/p>\n\n\n\n<p>Francisco Javier V\u00e1zquez G\u00f3mez, Director del Sistema de Agua Potable, Alcantarillado y Saneamiento del Municipio de Pur\u00edsima del Rinc\u00f3n (SAPAP), anunci\u00f3 este domingo que la situaci\u00f3n obliga a seguir acciones a las que ya no estaban acostumbrados, ya que &nbsp;se programar\u00e1n tandeos en determinados horarios en ciertos puntos de la ciudad.<\/p>\n\n\n\n<p>Adem\u00e1s, inform\u00f3 que se sacar\u00e1 agua de tres pozos a una mayor profundidad, de 10 a 200 metros, y revisar\u00e1n si es posible perforar nuevos pozos.<\/p>\n\n\n\n<p>\u201cLa falta de lluvia en 2023 es real,&nbsp; se extralimit\u00f3 la extracci\u00f3n de agua para consumo, en este caso para habitantes de Pur\u00edsima del Rinc\u00f3n, a todos nos afecta la sequ\u00eda. De ah\u00ed el llamado a la conciencia social. Ojal\u00e1 se est\u00e9 haciendo uso razonado, sin desperdicios y reutilizando el agua de casa en el mayor n\u00famero de acciones, porque de lo contrario no se va contar con la suficiente agua de vida y alimento de todos\u201d, expres\u00f3 el director de SAPAP en una nota de prensa.<\/p>\n\n\n\n<p>Los tres niveles de gobierno tienen una acci\u00f3n inmediata, en este momento el Municipio dispone ya de una aportaci\u00f3n para poder proceder en extender el alcance en la profundidad de extracci\u00f3n de agua; Comisi\u00f3n Estatal de Agua (CEA) estar\u00e1 apoyando en la mitigaci\u00f3n y rehabilitaci\u00f3n para mantenimiento de pozos profundos porque est\u00e1n bajando dr\u00e1sticamente los niveles, y con Gobierno Federal, se trabaja ya en la entrega de expedientes para disponer de aportaciones que abonen a las mismas acciones por atender estudios de calidad del agua y la extracci\u00f3n.<\/p>\n\n\n\n<p>Francisco Javier V\u00e1zquez G\u00f3mez, indic\u00f3 que el permiso de extracci\u00f3n anual de agua en Pur\u00edsima del Rinc\u00f3n, es de 2.8 millones de metros c\u00fabicos, cuando en realidad se est\u00e1n gastando 5.4 millones de metros c\u00fabicos anuales, as\u00ed ha sucedido los \u00faltimos cuatro a\u00f1os, lo extremo, es que este a\u00f1o no hubo nada de agua de lluvia para recarga, son 5.4 millones de metros c\u00fabicos no recuperados, y hacia la zona sur del municipio son quienes est\u00e1n comenzando a padecer la escasez.<\/p>\n\n\n\n<p>En este momento el Municipio gestiona apoyos, pero lo central es que todos seamos conscientes de c\u00f3mo cuidar el agua y evitar escasez como evitar el encarecimiento del servicio, porque la escasez nos lleva a subir costos porque hay que perforar m\u00e1s, porque se gasta energ\u00eda el\u00e9ctrica para extraer agua, porque hay que generar su traslado, hacer mantenimiento, vigilar servicio, que es la parte que de pronto olvidan algunas personas que se debe realizar y llegan a pensar que el agua no les debe de costar por llegar a su domicilio.<\/p>\n\n\n\n<p>\u201cDebemos tener claro que es una realidad la escasez de agua, y todos podemos ahorrar: las cargas de lavado en lavadora deben aprovecharse con la cantidad de ropa adecuada, instalar sistema ahorrador de agua en retretes y regaderas, el agua de regadera no se debe dejar tirar hay que guardar en contenedor la primera para usar en limpieza, la de los trastes utilizarla igual en limpieza de pisos, y las empresas que tienen sistemas pesados de trabajo considerar la cosecha de agua de lluvia para cuando llegue esa temporada\u201d, enlist\u00f3.<\/p>\n\n\n\n<p>La Administraci\u00f3n Municipal de Pur\u00edsima del Rinc\u00f3n, a trav\u00e9s de SAPAP, est\u00e1 en el proceso de gesti\u00f3n con los tres niveles de gobierno para la rehabilitaci\u00f3n de pozos en funcionamiento y la posible perforaci\u00f3n de otros tres.<\/p>\n\n\n\n<p>Pur\u00edsima dispone de pozos de 40 a 50 metros de profundidad en Los Arcos, Guadalupe de Jalpa y Puerta de Jalpa, que son los considerados en ampliar hasta 200 metros de profundidad, y se revisa si igual acci\u00f3n se propone en Ca\u00f1ada de Sotos, aunque para estos cambios hay que esperar la definici\u00f3n de apoyos entre los tres niveles de gobierno.<\/p>\n\n\n\n<p>El ideal es no llegar a profundidades extremas, porque al tener perforaciones tan profundas genera mala calidad en el agua, siendo espacios donde es m\u00e1s probable encontrar metales pesados, por ende, se corren riesgos en la calidad de vida, todos tenemos la responsabilidad de cuidar, tener vida, para todos en casa, concluy\u00f3.<\/p>\n","protected":false},"excerpt":{"rendered":"Alicia Arias\/Pur\u00edsima del Rinc\u00f3n, Gto.- El municipio de Pur\u00edsima del Rinc\u00f3n enfrenta una sequ\u00eda de intensidad 3, considerada en el rango de las m\u00e1s severas. Las autoridades racionalizar\u00e1n el agua potable y llaman a la poblaci\u00f3n a evitar actividades no esenciales que requieran del vital l\u00edquido. Francisco Javier V\u00e1zquez G\u00f3mez, Director del Sistema de Agua [&hellip;]","protected":false},"author":2,"featured_media":82065,"comment_status":"open","ping_status":"open","sticky":false,"template":"","format":"standard","meta":{"_seopress_robots_primary_cat":"none","_seopress_titles_title":"","_seopress_titles_desc":"","_seopress_robots_index":"","_monsterinsights_skip_tracking":false,"_monsterinsights_sitenote_active":false,"_monsterinsights_sitenote_note":"","_monsterinsights_sitenote_category":0,"footnotes":""},"categories":[17],"tags":[23,1115,190],"class_list":["post-131386","post","type-post","status-publish","format-standard","has-post-thumbnail","hentry","category-ecologia","tag-agua","tag-purisima-del-rincon","tag-sequia"],"yoast_head":"<!-- This site is optimized with the Yoast SEO plugin v27.4 - https:\/\/yoast.com\/product\/yoast-seo-wordpress\/ -->\n<title>SEVERA SEQU\u00cdA AFECTA A PUR\u00cdSIMA DEL RINC\u00d3N - Kuali<\/title>\n<meta name=\"robots\" content=\"index, follow, max-snippet:-1, max-image-preview:large, max-video-preview:-1\" \/>\n<link rel=\"canonical\" href=\"https:\/\/kuali.com.mx\/web\/2023\/12\/03\/severa-sequia-afecta-a-purisima-del-rincon\/\" \/>\n<meta property=\"og:locale\" content=\"es_MX\" \/>\n<meta property=\"og:type\" content=\"article\" \/>\n<meta property=\"og:title\" content=\"SEVERA SEQU\u00cdA AFECTA A PUR\u00cdSIMA DEL RINC\u00d3N - Kuali\" \/>\n<meta property=\"og:description\" content=\"Alicia Arias\/Pur\u00edsima del Rinc\u00f3n, Gto.- El municipio de Pur\u00edsima del Rinc\u00f3n enfrenta una sequ\u00eda de intensidad 3, considerada en el rango de las m\u00e1s severas. Las autoridades racionalizar\u00e1n el agua potable y llaman a la poblaci\u00f3n a evitar actividades no esenciales que requieran del vital l\u00edquido. Francisco Javier V\u00e1zquez G\u00f3mez, Director del Sistema de Agua [&hellip;]\" \/>\n<meta property=\"og:url\" content=\"https:\/\/kuali.com.mx\/web\/2023\/12\/03\/severa-sequia-afecta-a-purisima-del-rincon\/\" \/>\n<meta property=\"og:site_name\" content=\"Kuali\" \/>\n<meta property=\"article:publisher\" content=\"https:\/\/kuali.com.mx\/web\/wp-content\/uploads\/2018\/04\/cropped-kuali_logo-1-1.png\" \/>\n<meta property=\"article:published_time\" content=\"2023-12-03T19:08:45+00:00\" \/>\n<meta property=\"article:modified_time\" content=\"2023-12-04T16:38:02+00:00\" \/>\n<meta property=\"og:image\" content=\"https:\/\/kuali.com.mx\/web\/wp-content\/uploads\/2021\/04\/SEQU\u00cdA-e1619396730390.jpg\" \/>\n\t<meta property=\"og:image:width\" content=\"1745\" \/>\n\t<meta property=\"og:image:height\" content=\"750\" \/>\n\t<meta property=\"og:image:type\" content=\"image\/jpeg\" \/>\n<meta name=\"author\" content=\"Kuali Staff\" \/>\n<meta name=\"twitter:card\" content=\"summary_large_image\" \/>\n<meta name=\"twitter:creator\" content=\"@kuali_noticias\" \/>\n<meta name=\"twitter:site\" content=\"@kuali_noticias\" \/>\n<meta name=\"twitter:label1\" content=\"Escrito por\" \/>\n\t<meta name=\"twitter:data1\" content=\"Kuali Staff\" \/>\n\t<meta name=\"twitter:label2\" content=\"Tiempo de lectura\" \/>\n\t<meta name=\"twitter:data2\" content=\"4 minutos\" \/>\n<script type=\"application\/ld+json\" class=\"yoast-schema-graph\">{\"@context\":\"https:\\\/\\\/schema.org\",\"@graph\":[{\"@type\":\"Article\",\"@id\":\"https:\\\/\\\/kuali.com.mx\\\/web\\\/2023\\\/12\\\/03\\\/severa-sequia-afecta-a-purisima-del-rincon\\\/#article\",\"isPartOf\":{\"@id\":\"https:\\\/\\\/kuali.com.mx\\\/web\\\/2023\\\/12\\\/03\\\/severa-sequia-afecta-a-purisima-del-rincon\\\/\"},\"author\":{\"name\":\"Kuali Staff\",\"@id\":\"https:\\\/\\\/kuali.com.mx\\\/web\\\/#\\\/schema\\\/person\\\/6f89ffa8ecba9dae50662357923c5289\"},\"headline\":\"SEVERA SEQU\u00cdA AFECTA A PUR\u00cdSIMA DEL RINC\u00d3N\",\"datePublished\":\"2023-12-03T19:08:45+00:00\",\"dateModified\":\"2023-12-04T16:38:02+00:00\",\"mainEntityOfPage\":{\"@id\":\"https:\\\/\\\/kuali.com.mx\\\/web\\\/2023\\\/12\\\/03\\\/severa-sequia-afecta-a-purisima-del-rincon\\\/\"},\"wordCount\":773,\"commentCount\":0,\"image\":{\"@id\":\"https:\\\/\\\/kuali.com.mx\\\/web\\\/2023\\\/12\\\/03\\\/severa-sequia-afecta-a-purisima-del-rincon\\\/#primaryimage\"},\"thumbnailUrl\":\"https:\\\/\\\/kuali.com.mx\\\/web\\\/wp-content\\\/uploads\\\/2021\\\/04\\\/SEQU\u00cdA-e1619396730390.jpg\",\"keywords\":[\"agua\",\"Pur\u00edsima del Rinc\u00f3n\",\"Sequ\u00eda\"],\"articleSection\":[\"Ecolog\u00eda\"],\"inLanguage\":\"es\",\"potentialAction\":[{\"@type\":\"CommentAction\",\"name\":\"Comment\",\"target\":[\"https:\\\/\\\/kuali.com.mx\\\/web\\\/2023\\\/12\\\/03\\\/severa-sequia-afecta-a-purisima-del-rincon\\\/#respond\"]}]},{\"@type\":\"WebPage\",\"@id\":\"https:\\\/\\\/kuali.com.mx\\\/web\\\/2023\\\/12\\\/03\\\/severa-sequia-afecta-a-purisima-del-rincon\\\/\",\"url\":\"https:\\\/\\\/kuali.com.mx\\\/web\\\/2023\\\/12\\\/03\\\/severa-sequia-afecta-a-purisima-del-rincon\\\/\",\"name\":\"SEVERA SEQU\u00cdA AFECTA A PUR\u00cdSIMA DEL RINC\u00d3N - Kuali\",\"isPartOf\":{\"@id\":\"https:\\\/\\\/kuali.com.mx\\\/web\\\/#website\"},\"primaryImageOfPage\":{\"@id\":\"https:\\\/\\\/kuali.com.mx\\\/web\\\/2023\\\/12\\\/03\\\/severa-sequia-afecta-a-purisima-del-rincon\\\/#primaryimage\"},\"image\":{\"@id\":\"https:\\\/\\\/kuali.com.mx\\\/web\\\/2023\\\/12\\\/03\\\/severa-sequia-afecta-a-purisima-del-rincon\\\/#primaryimage\"},\"thumbnailUrl\":\"https:\\\/\\\/kuali.com.mx\\\/web\\\/wp-content\\\/uploads\\\/2021\\\/04\\\/SEQU\u00cdA-e1619396730390.jpg\",\"datePublished\":\"2023-12-03T19:08:45+00:00\",\"dateModified\":\"2023-12-04T16:38:02+00:00\",\"author\":{\"@id\":\"https:\\\/\\\/kuali.com.mx\\\/web\\\/#\\\/schema\\\/person\\\/6f89ffa8ecba9dae50662357923c5289\"},\"breadcrumb\":{\"@id\":\"https:\\\/\\\/kuali.com.mx\\\/web\\\/2023\\\/12\\\/03\\\/severa-sequia-afecta-a-purisima-del-rincon\\\/#breadcrumb\"},\"inLanguage\":\"es\",\"potentialAction\":[{\"@type\":\"ReadAction\",\"target\":[\"https:\\\/\\\/kuali.com.mx\\\/web\\\/2023\\\/12\\\/03\\\/severa-sequia-afecta-a-purisima-del-rincon\\\/\"]}]},{\"@type\":\"ImageObject\",\"inLanguage\":\"es\",\"@id\":\"https:\\\/\\\/kuali.com.mx\\\/web\\\/2023\\\/12\\\/03\\\/severa-sequia-afecta-a-purisima-del-rincon\\\/#primaryimage\",\"url\":\"https:\\\/\\\/kuali.com.mx\\\/web\\\/wp-content\\\/uploads\\\/2021\\\/04\\\/SEQU\u00cdA-e1619396730390.jpg\",\"contentUrl\":\"https:\\\/\\\/kuali.com.mx\\\/web\\\/wp-content\\\/uploads\\\/2021\\\/04\\\/SEQU\u00cdA-e1619396730390.jpg\",\"width\":1745,\"height\":750},{\"@type\":\"BreadcrumbList\",\"@id\":\"https:\\\/\\\/kuali.com.mx\\\/web\\\/2023\\\/12\\\/03\\\/severa-sequia-afecta-a-purisima-del-rincon\\\/#breadcrumb\",\"itemListElement\":[{\"@type\":\"ListItem\",\"position\":1,\"name\":\"Inicio\",\"item\":\"https:\\\/\\\/kuali.com.mx\\\/web\\\/\"},{\"@type\":\"ListItem\",\"position\":2,\"name\":\"SEVERA SEQU\u00cdA AFECTA A PUR\u00cdSIMA DEL RINC\u00d3N\"}]},{\"@type\":\"WebSite\",\"@id\":\"https:\\\/\\\/kuali.com.mx\\\/web\\\/#website\",\"url\":\"https:\\\/\\\/kuali.com.mx\\\/web\\\/\",\"name\":\"Kuali\",\"description\":\"\",\"potentialAction\":[{\"@type\":\"SearchAction\",\"target\":{\"@type\":\"EntryPoint\",\"urlTemplate\":\"https:\\\/\\\/kuali.com.mx\\\/web\\\/?s={search_term_string}\"},\"query-input\":{\"@type\":\"PropertyValueSpecification\",\"valueRequired\":true,\"valueName\":\"search_term_string\"}}],\"inLanguage\":\"es\"},{\"@type\":\"Person\",\"@id\":\"https:\\\/\\\/kuali.com.mx\\\/web\\\/#\\\/schema\\\/person\\\/6f89ffa8ecba9dae50662357923c5289\",\"name\":\"Kuali Staff\",\"image\":{\"@type\":\"ImageObject\",\"inLanguage\":\"es\",\"@id\":\"https:\\\/\\\/secure.gravatar.com\\\/avatar\\\/f917ad82e5ab71227a733c78b6e60715476f69ee6be59feee4eb5d9920c89e0f?s=96&d=mm&r=g\",\"url\":\"https:\\\/\\\/secure.gravatar.com\\\/avatar\\\/f917ad82e5ab71227a733c78b6e60715476f69ee6be59feee4eb5d9920c89e0f?s=96&d=mm&r=g\",\"contentUrl\":\"https:\\\/\\\/secure.gravatar.com\\\/avatar\\\/f917ad82e5ab71227a733c78b6e60715476f69ee6be59feee4eb5d9920c89e0f?s=96&d=mm&r=g\",\"caption\":\"Kuali Staff\"},\"url\":\"https:\\\/\\\/kuali.com.mx\\\/web\\\/author\\\/lagarto\\\/\"}]}<\/script>\n<!-- \/ Yoast SEO plugin. -->","yoast_head_json":{"title":"SEVERA SEQU\u00cdA AFECTA A PUR\u00cdSIMA DEL RINC\u00d3N - Kuali","robots":{"index":"index","follow":"follow","max-snippet":"max-snippet:-1","max-image-preview":"max-image-preview:large","max-video-preview":"max-video-preview:-1"},"canonical":"https:\/\/kuali.com.mx\/web\/2023\/12\/03\/severa-sequia-afecta-a-purisima-del-rincon\/","og_locale":"es_MX","og_type":"article","og_title":"SEVERA SEQU\u00cdA AFECTA A PUR\u00cdSIMA DEL RINC\u00d3N - Kuali","og_description":"Alicia Arias\/Pur\u00edsima del Rinc\u00f3n, Gto.- El municipio de Pur\u00edsima del Rinc\u00f3n enfrenta una sequ\u00eda de intensidad 3, considerada en el rango de las m\u00e1s severas. Las autoridades racionalizar\u00e1n el agua potable y llaman a la poblaci\u00f3n a evitar actividades no esenciales que requieran del vital l\u00edquido. Francisco Javier V\u00e1zquez G\u00f3mez, Director del Sistema de Agua [&hellip;]","og_url":"https:\/\/kuali.com.mx\/web\/2023\/12\/03\/severa-sequia-afecta-a-purisima-del-rincon\/","og_site_name":"Kuali","article_publisher":"https:\/\/kuali.com.mx\/web\/wp-content\/uploads\/2018\/04\/cropped-kuali_logo-1-1.png","article_published_time":"2023-12-03T19:08:45+00:00","article_modified_time":"2023-12-04T16:38:02+00:00","og_image":[{"width":1745,"height":750,"url":"https:\/\/kuali.com.mx\/web\/wp-content\/uploads\/2021\/04\/SEQU\u00cdA-e1619396730390.jpg","type":"image\/jpeg"}],"author":"Kuali Staff","twitter_card":"summary_large_image","twitter_creator":"@kuali_noticias","twitter_site":"@kuali_noticias","twitter_misc":{"Escrito por":"Kuali Staff","Tiempo de lectura":"4 minutos"},"schema":{"@context":"https:\/\/schema.org","@graph":[{"@type":"Article","@id":"https:\/\/kuali.com.mx\/web\/2023\/12\/03\/severa-sequia-afecta-a-purisima-del-rincon\/#article","isPartOf":{"@id":"https:\/\/kuali.com.mx\/web\/2023\/12\/03\/severa-sequia-afecta-a-purisima-del-rincon\/"},"author":{"name":"Kuali Staff","@id":"https:\/\/kuali.com.mx\/web\/#\/schema\/person\/6f89ffa8ecba9dae50662357923c5289"},"headline":"SEVERA SEQU\u00cdA AFECTA A PUR\u00cdSIMA DEL RINC\u00d3N","datePublished":"2023-12-03T19:08:45+00:00","dateModified":"2023-12-04T16:38:02+00:00","mainEntityOfPage":{"@id":"https:\/\/kuali.com.mx\/web\/2023\/12\/03\/severa-sequia-afecta-a-purisima-del-rincon\/"},"wordCount":773,"commentCount":0,"image":{"@id":"https:\/\/kuali.com.mx\/web\/2023\/12\/03\/severa-sequia-afecta-a-purisima-del-rincon\/#primaryimage"},"thumbnailUrl":"https:\/\/kuali.com.mx\/web\/wp-content\/uploads\/2021\/04\/SEQU\u00cdA-e1619396730390.jpg","keywords":["agua","Pur\u00edsima del Rinc\u00f3n","Sequ\u00eda"],"articleSection":["Ecolog\u00eda"],"inLanguage":"es","potentialAction":[{"@type":"CommentAction","name":"Comment","target":["https:\/\/kuali.com.mx\/web\/2023\/12\/03\/severa-sequia-afecta-a-purisima-del-rincon\/#respond"]}]},{"@type":"WebPage","@id":"https:\/\/kuali.com.mx\/web\/2023\/12\/03\/severa-sequia-afecta-a-purisima-del-rincon\/","url":"https:\/\/kuali.com.mx\/web\/2023\/12\/03\/severa-sequia-afecta-a-purisima-del-rincon\/","name":"SEVERA SEQU\u00cdA AFECTA A PUR\u00cdSIMA DEL RINC\u00d3N - Kuali","isPartOf":{"@id":"https:\/\/kuali.com.mx\/web\/#website"},"primaryImageOfPage":{"@id":"https:\/\/kuali.com.mx\/web\/2023\/12\/03\/severa-sequia-afecta-a-purisima-del-rincon\/#primaryimage"},"image":{"@id":"https:\/\/kuali.com.mx\/web\/2023\/12\/03\/severa-sequia-afecta-a-purisima-del-rincon\/#primaryimage"},"thumbnailUrl":"https:\/\/kuali.com.mx\/web\/wp-content\/uploads\/2021\/04\/SEQU\u00cdA-e1619396730390.jpg","datePublished":"2023-12-03T19:08:45+00:00","dateModified":"2023-12-04T16:38:02+00:00","author":{"@id":"https:\/\/kuali.com.mx\/web\/#\/schema\/person\/6f89ffa8ecba9dae50662357923c5289"},"breadcrumb":{"@id":"https:\/\/kuali.com.mx\/web\/2023\/12\/03\/severa-sequia-afecta-a-purisima-del-rincon\/#breadcrumb"},"inLanguage":"es","potentialAction":[{"@type":"ReadAction","target":["https:\/\/kuali.com.mx\/web\/2023\/12\/03\/severa-sequia-afecta-a-purisima-del-rincon\/"]}]},{"@type":"ImageObject","inLanguage":"es","@id":"https:\/\/kuali.com.mx\/web\/2023\/12\/03\/severa-sequia-afecta-a-purisima-del-rincon\/#primaryimage","url":"https:\/\/kuali.com.mx\/web\/wp-content\/uploads\/2021\/04\/SEQU\u00cdA-e1619396730390.jpg","contentUrl":"https:\/\/kuali.com.mx\/web\/wp-content\/uploads\/2021\/04\/SEQU\u00cdA-e1619396730390.jpg","width":1745,"height":750},{"@type":"BreadcrumbList","@id":"https:\/\/kuali.com.mx\/web\/2023\/12\/03\/severa-sequia-afecta-a-purisima-del-rincon\/#breadcrumb","itemListElement":[{"@type":"ListItem","position":1,"name":"Inicio","item":"https:\/\/kuali.com.mx\/web\/"},{"@type":"ListItem","position":2,"name":"SEVERA SEQU\u00cdA AFECTA A PUR\u00cdSIMA DEL RINC\u00d3N"}]},{"@type":"WebSite","@id":"https:\/\/kuali.com.mx\/web\/#website","url":"https:\/\/kuali.com.mx\/web\/","name":"Kuali","description":"","potentialAction":[{"@type":"SearchAction","target":{"@type":"EntryPoint","urlTemplate":"https:\/\/kuali.com.mx\/web\/?s={search_term_string}"},"query-input":{"@type":"PropertyValueSpecification","valueRequired":true,"valueName":"search_term_string"}}],"inLanguage":"es"},{"@type":"Person","@id":"https:\/\/kuali.com.mx\/web\/#\/schema\/person\/6f89ffa8ecba9dae50662357923c5289","name":"Kuali Staff","image":{"@type":"ImageObject","inLanguage":"es","@id":"https:\/\/secure.gravatar.com\/avatar\/f917ad82e5ab71227a733c78b6e60715476f69ee6be59feee4eb5d9920c89e0f?s=96&d=mm&r=g","url":"https:\/\/secure.gravatar.com\/avatar\/f917ad82e5ab71227a733c78b6e60715476f69ee6be59feee4eb5d9920c89e0f?s=96&d=mm&r=g","contentUrl":"https:\/\/secure.gravatar.com\/avatar\/f917ad82e5ab71227a733c78b6e60715476f69ee6be59feee4eb5d9920c89e0f?s=96&d=mm&r=g","caption":"Kuali Staff"},"url":"https:\/\/kuali.com.mx\/web\/author\/lagarto\/"}]}},"_links":{"self":[{"href":"https:\/\/kuali.com.mx\/web\/wp-json\/wp\/v2\/posts\/131386","targetHints":{"allow":["GET"]}}],"collection":[{"href":"https:\/\/kuali.com.mx\/web\/wp-json\/wp\/v2\/posts"}],"about":[{"href":"https:\/\/kuali.com.mx\/web\/wp-json\/wp\/v2\/types\/post"}],"author":[{"embeddable":true,"href":"https:\/\/kuali.com.mx\/web\/wp-json\/wp\/v2\/users\/2"}],"replies":[{"embeddable":true,"href":"https:\/\/kuali.com.mx\/web\/wp-json\/wp\/v2\/comments?post=131386"}],"version-history":[{"count":1,"href":"https:\/\/kuali.com.mx\/web\/wp-json\/wp\/v2\/posts\/131386\/revisions"}],"predecessor-version":[{"id":131389,"href":"https:\/\/kuali.com.mx\/web\/wp-json\/wp\/v2\/posts\/131386\/revisions\/131389"}],"wp:featuredmedia":[{"embeddable":true,"href":"https:\/\/kuali.com.mx\/web\/wp-json\/wp\/v2\/media\/82065"}],"wp:attachment":[{"href":"https:\/\/kuali.com.mx\/web\/wp-json\/wp\/v2\/media?parent=131386"}],"wp:term":[{"taxonomy":"category","embeddable":true,"href":"https:\/\/kuali.com.mx\/web\/wp-json\/wp\/v2\/categories?post=131386"},{"taxonomy":"post_tag","embeddable":true,"href":"https:\/\/kuali.com.mx\/web\/wp-json\/wp\/v2\/tags?post=131386"}],"curies":[{"name":"wp","href":"https:\/\/api.w.org\/{rel}","templated":true}]}}