{"id":131131,"date":"2023-11-29T13:14:22","date_gmt":"2023-11-29T19:14:22","guid":{"rendered":"https:\/\/kuali.com.mx\/web\/?p=131131"},"modified":"2023-11-29T20:51:56","modified_gmt":"2023-11-30T02:51:56","slug":"entrego-roberto-garcia-apoyos-a-emprendedores","status":"publish","type":"post","link":"https:\/\/kuali.com.mx\/web\/2023\/11\/29\/entrego-roberto-garcia-apoyos-a-emprendedores\/","title":{"rendered":"ENTREG\u00d3 ROBERTO GARC\u00cdA APOYOS A EMPRENDEDORES"},"content":{"rendered":"\n<p><strong>Kuali\/Pur\u00edsima del Rinc\u00f3n, Gto.- <\/strong>Por segunda ocasi\u00f3n, el presidente municipal de Pur\u00edsima del Rinc\u00f3n, Roberto Garc\u00eda Urbano, entreg\u00f3 apoyos del programa Pur\u00edsima Emprende por m\u00e1s de 600 mil pesos.<\/p>\n\n\n\n<p>En un evento realizado este mi\u00e9rcoles, el alcalde hizo la segunda entrega de equipo e insumos a comerciantes y prestadores de servicios por un monto total de 605 mil 743.64 pesos.<\/p>\n\n\n\n<p>Se trata de una atenci\u00f3n a comerciantes de 16 giros econ\u00f3micos, procedentes de 21 comunidades, colonias y comunidades de Pur\u00edsima del Rinc\u00f3n, como apoyo al comercio tradicional, gracias a al apoyo que fue aprobado por el ayuntamiento para ser ejercido en la \u00a0Administraci\u00f3n 2021-2024.<\/p>\n\n\n<div class=\"wp-block-image\">\n<figure class=\"aligncenter size-large\"><img loading=\"lazy\" decoding=\"async\" width=\"1024\" height=\"452\" src=\"https:\/\/kuali.com.mx\/web\/wp-content\/uploads\/2023\/11\/Entrega-de-apoyos-Purisima-1024x452.gif\" alt=\"\" class=\"wp-image-131141\" srcset=\"https:\/\/kuali.com.mx\/web\/wp-content\/uploads\/2023\/11\/Entrega-de-apoyos-Purisima-1024x452.gif 1024w, https:\/\/kuali.com.mx\/web\/wp-content\/uploads\/2023\/11\/Entrega-de-apoyos-Purisima-300x132.gif 300w, https:\/\/kuali.com.mx\/web\/wp-content\/uploads\/2023\/11\/Entrega-de-apoyos-Purisima-768x339.gif 768w, https:\/\/kuali.com.mx\/web\/wp-content\/uploads\/2023\/11\/Entrega-de-apoyos-Purisima-228x101.gif 228w\" sizes=\"auto, (max-width: 1024px) 100vw, 1024px\" \/><figcaption>Reciben apoyos 56 micronegocios de Pur\u00edsima del Rinc\u00f3n. FOTO: CORTES\u00cdA<\/figcaption><\/figure>\n<\/div>\n\n\n<p>\u201cDinamizamos la econom\u00eda local, estamos concretando un segundo apoyo en lo que va del trienio, a trav\u00e9s de este esquema. El Programa Pur\u00edsima Emprende surge como una iniciativa integral para impulsar la modernizaci\u00f3n y aumentar la competitividad con rentabilidad al sector comercio. Vamos hacia el desarrollo sostenible para enfrentar los retos del mercado actual, propiciando su crecimiento s\u00f3lido y trascender con equipamiento productivo, por optimizar sus procesos, mejorar la calidad de sus productos o servicios y, en \u00faltima instancia, incrementar su capacidad para satisfacer la demanda\u201d, dijo en su mensaje Roberto Garc\u00eda.<\/p>\n\n\n\n<p>Agreg\u00f3 que se conjuntan apoyos estrat\u00e9gicos en el &nbsp;equipamiento productivo, impulsando con ello el progreso y bienestar de toda la comunidad.<\/p>\n\n\n\n<p>El a\u00f1o pasado fueron 42 comerciantes atendidos y ahora son 56 micronegocios. El gobierno municipal aporta el 70 por ciento de la inversi\u00f3n y el 30 por ciento restante, las y los beneficiados.<\/p>\n\n\n\n<p>Para esta entrega el gobierno municipal aport\u00f3 424 mil 020.54 pesos y los beneficiados 181 kil 723.09 pesos.<\/p>\n\n\n\n<p>Antonia Valverde Palma, a nombre de los beneficiados agradeci\u00f3 que hubo acompa\u00f1amiento en cada paso y destac\u00f3 que es un apoyo muy grande porque va mejorar el servicio que ofrece.<\/p>\n\n\n\n<p>El director de Desarrollo Econ\u00f3mico, Oscar Mu\u00f1oz Ram\u00edrez, insisti\u00f3 a las y los comerciantes que regularicen su situaci\u00f3n fiscal para que el Municipio los pueda apoyar en la capacitaci\u00f3n y accedan a los apoyos.<\/p>\n\n\n\n<p><strong>Giros comerciales atendidos este 2023<\/strong><\/p>\n\n\n\n<figure class=\"wp-block-table\"><table class=\"table table-hover\"><tbody><tr><td>Almuerzos y comidas<\/td><td>Reposter\u00eda<\/td><td>Herrer\u00eda<\/td><td>Barber\u00eda<\/td><td>Ciber<\/td><td>Cafeter\u00eda<\/td><\/tr><tr><td>Taquer\u00eda<\/td><td>Loncher\u00eda<\/td><td>Est\u00e9tica<\/td><td>Papeler\u00eda<\/td><td>Zapater\u00eda<\/td><td>Tortiller\u00eda<\/td><\/tr><tr><td>Tienda de abarrotes<\/td><td>Jardiner\u00eda<\/td><td>Carpinter\u00eda<\/td><td>Maquila de corte y confecci\u00f3n<\/td><td>&nbsp;<\/td><td>&nbsp;<\/td><\/tr><\/tbody><\/table><\/figure>\n\n\n\n<p><strong>Mobiliario<\/strong><\/p>\n\n\n\n<figure class=\"wp-block-table\"><table class=\"table table-hover\"><tbody><tr><td>Refrigeradores<\/td><td>Hornos para pan<\/td><td>Licuadoras<\/td><td>Sillas para est\u00e9tica<\/td><\/tr><tr><td>Congeladores<\/td><td>Mesas<\/td><td>Batidoras<\/td><td>Mobiliario de est\u00e9tica<\/td><\/tr><tr><td>Mesa caliente<\/td><td>Sillas<\/td><td>Planchas<\/td><td>Espejos<\/td><\/tr><\/tbody><\/table><\/figure>\n\n\n\n<p><strong>21 comunidades beneficiadas<\/strong><\/p>\n\n\n\n<figure class=\"wp-block-table\"><table class=\"table table-hover\"><tbody><tr><td>Bello Horizonte<\/td><td>San Andr\u00e9s de Jalpa<\/td><td>Monte Grande<\/td><td>Los Arcos<\/td><td>Loma de Obrajeros<\/td><\/tr><tr><td>Potrerillos-Guanajal<\/td><td>Ampliaci\u00f3n Francisco Villa<\/td><td>San Jos\u00e9 de la Presa<\/td><td>San Bernardo<\/td><td>Amanecer<\/td><\/tr><tr><td>El Huinduri<\/td><td>Colonia del Carmen<\/td><td>Ca\u00f1ada de Negros<\/td><td>Real del Bosque<\/td><td>Los Mirasoles<\/td><\/tr><tr><td>San \u00c1ngel<\/td><td>El Tecolote<\/td><td>El Palenque<\/td><td>Las Crucitas<\/td><td>Santa Eduwiges<\/td><\/tr><tr><td>Centro<\/td><td>&nbsp;<\/td><td>&nbsp;<\/td><td>&nbsp;<\/td><td>&nbsp;<\/td><\/tr><\/tbody><\/table><\/figure>\n","protected":false},"excerpt":{"rendered":"Kuali\/Pur\u00edsima del Rinc\u00f3n, Gto.- Por segunda ocasi\u00f3n, el presidente municipal de Pur\u00edsima del Rinc\u00f3n, Roberto Garc\u00eda Urbano, entreg\u00f3 apoyos del programa Pur\u00edsima Emprende por m\u00e1s de 600 mil pesos. En un evento realizado este mi\u00e9rcoles, el alcalde hizo la segunda entrega de equipo e insumos a comerciantes y prestadores de servicios por un monto total [&hellip;]","protected":false},"author":2,"featured_media":131140,"comment_status":"open","ping_status":"open","sticky":false,"template":"","format":"standard","meta":{"_seopress_robots_primary_cat":"none","_seopress_titles_title":"","_seopress_titles_desc":"","_seopress_robots_index":"","_monsterinsights_skip_tracking":false,"_monsterinsights_sitenote_active":false,"_monsterinsights_sitenote_note":"","_monsterinsights_sitenote_category":0,"footnotes":""},"categories":[3],"tags":[1323,3052,1115],"class_list":["post-131131","post","type-post","status-publish","format-standard","has-post-thumbnail","hentry","category-politica","tag-apoyos-gubernamentales","tag-comerciantes","tag-purisima-del-rincon"],"yoast_head":"<!-- This site is optimized with the Yoast SEO plugin v27.5 - https:\/\/yoast.com\/product\/yoast-seo-wordpress\/ -->\n<title>ENTREG\u00d3 ROBERTO GARC\u00cdA APOYOS A EMPRENDEDORES - Kuali<\/title>\n<meta name=\"robots\" content=\"index, follow, max-snippet:-1, max-image-preview:large, max-video-preview:-1\" \/>\n<link rel=\"canonical\" href=\"https:\/\/kuali.com.mx\/web\/2023\/11\/29\/entrego-roberto-garcia-apoyos-a-emprendedores\/\" \/>\n<meta property=\"og:locale\" content=\"es_MX\" \/>\n<meta property=\"og:type\" content=\"article\" \/>\n<meta property=\"og:title\" content=\"ENTREG\u00d3 ROBERTO GARC\u00cdA APOYOS A EMPRENDEDORES - Kuali\" \/>\n<meta property=\"og:description\" content=\"Kuali\/Pur\u00edsima del Rinc\u00f3n, Gto.- Por segunda ocasi\u00f3n, el presidente municipal de Pur\u00edsima del Rinc\u00f3n, Roberto Garc\u00eda Urbano, entreg\u00f3 apoyos del programa Pur\u00edsima Emprende por m\u00e1s de 600 mil pesos. En un evento realizado este mi\u00e9rcoles, el alcalde hizo la segunda entrega de equipo e insumos a comerciantes y prestadores de servicios por un monto total [&hellip;]\" \/>\n<meta property=\"og:url\" content=\"https:\/\/kuali.com.mx\/web\/2023\/11\/29\/entrego-roberto-garcia-apoyos-a-emprendedores\/\" \/>\n<meta property=\"og:site_name\" content=\"Kuali\" \/>\n<meta property=\"article:publisher\" content=\"https:\/\/kuali.com.mx\/web\/wp-content\/uploads\/2018\/04\/cropped-kuali_logo-1-1.png\" \/>\n<meta property=\"article:published_time\" content=\"2023-11-29T19:14:22+00:00\" \/>\n<meta property=\"article:modified_time\" content=\"2023-11-30T02:51:56+00:00\" \/>\n<meta property=\"og:image\" content=\"https:\/\/kuali.com.mx\/web\/wp-content\/uploads\/2023\/11\/Entrega-de-apoyos-Purisima-1.gif\" \/>\n\t<meta property=\"og:image:width\" content=\"1700\" \/>\n\t<meta property=\"og:image:height\" content=\"750\" \/>\n\t<meta property=\"og:image:type\" content=\"image\/gif\" \/>\n<meta name=\"author\" content=\"Kuali Staff\" \/>\n<meta name=\"twitter:card\" content=\"summary_large_image\" \/>\n<meta name=\"twitter:creator\" content=\"@kuali_noticias\" \/>\n<meta name=\"twitter:site\" content=\"@kuali_noticias\" \/>\n<meta name=\"twitter:label1\" content=\"Escrito por\" \/>\n\t<meta name=\"twitter:data1\" content=\"Kuali Staff\" \/>\n\t<meta name=\"twitter:label2\" content=\"Tiempo de lectura\" \/>\n\t<meta name=\"twitter:data2\" content=\"2 minutos\" \/>\n<script type=\"application\/ld+json\" class=\"yoast-schema-graph\">{\"@context\":\"https:\\\/\\\/schema.org\",\"@graph\":[{\"@type\":\"Article\",\"@id\":\"https:\\\/\\\/kuali.com.mx\\\/web\\\/2023\\\/11\\\/29\\\/entrego-roberto-garcia-apoyos-a-emprendedores\\\/#article\",\"isPartOf\":{\"@id\":\"https:\\\/\\\/kuali.com.mx\\\/web\\\/2023\\\/11\\\/29\\\/entrego-roberto-garcia-apoyos-a-emprendedores\\\/\"},\"author\":{\"name\":\"Kuali Staff\",\"@id\":\"https:\\\/\\\/kuali.com.mx\\\/web\\\/#\\\/schema\\\/person\\\/6f89ffa8ecba9dae50662357923c5289\"},\"headline\":\"ENTREG\u00d3 ROBERTO GARC\u00cdA APOYOS A EMPRENDEDORES\",\"datePublished\":\"2023-11-29T19:14:22+00:00\",\"dateModified\":\"2023-11-30T02:51:56+00:00\",\"mainEntityOfPage\":{\"@id\":\"https:\\\/\\\/kuali.com.mx\\\/web\\\/2023\\\/11\\\/29\\\/entrego-roberto-garcia-apoyos-a-emprendedores\\\/\"},\"wordCount\":493,\"commentCount\":0,\"image\":{\"@id\":\"https:\\\/\\\/kuali.com.mx\\\/web\\\/2023\\\/11\\\/29\\\/entrego-roberto-garcia-apoyos-a-emprendedores\\\/#primaryimage\"},\"thumbnailUrl\":\"https:\\\/\\\/kuali.com.mx\\\/web\\\/wp-content\\\/uploads\\\/2023\\\/11\\\/Entrega-de-apoyos-Purisima-1.gif\",\"keywords\":[\"Apoyos gubernamentales\",\"Comerciantes\",\"Pur\u00edsima del Rinc\u00f3n\"],\"articleSection\":[\"Pol\u00edtica\"],\"inLanguage\":\"es\",\"potentialAction\":[{\"@type\":\"CommentAction\",\"name\":\"Comment\",\"target\":[\"https:\\\/\\\/kuali.com.mx\\\/web\\\/2023\\\/11\\\/29\\\/entrego-roberto-garcia-apoyos-a-emprendedores\\\/#respond\"]}]},{\"@type\":\"WebPage\",\"@id\":\"https:\\\/\\\/kuali.com.mx\\\/web\\\/2023\\\/11\\\/29\\\/entrego-roberto-garcia-apoyos-a-emprendedores\\\/\",\"url\":\"https:\\\/\\\/kuali.com.mx\\\/web\\\/2023\\\/11\\\/29\\\/entrego-roberto-garcia-apoyos-a-emprendedores\\\/\",\"name\":\"ENTREG\u00d3 ROBERTO GARC\u00cdA APOYOS A EMPRENDEDORES - Kuali\",\"isPartOf\":{\"@id\":\"https:\\\/\\\/kuali.com.mx\\\/web\\\/#website\"},\"primaryImageOfPage\":{\"@id\":\"https:\\\/\\\/kuali.com.mx\\\/web\\\/2023\\\/11\\\/29\\\/entrego-roberto-garcia-apoyos-a-emprendedores\\\/#primaryimage\"},\"image\":{\"@id\":\"https:\\\/\\\/kuali.com.mx\\\/web\\\/2023\\\/11\\\/29\\\/entrego-roberto-garcia-apoyos-a-emprendedores\\\/#primaryimage\"},\"thumbnailUrl\":\"https:\\\/\\\/kuali.com.mx\\\/web\\\/wp-content\\\/uploads\\\/2023\\\/11\\\/Entrega-de-apoyos-Purisima-1.gif\",\"datePublished\":\"2023-11-29T19:14:22+00:00\",\"dateModified\":\"2023-11-30T02:51:56+00:00\",\"author\":{\"@id\":\"https:\\\/\\\/kuali.com.mx\\\/web\\\/#\\\/schema\\\/person\\\/6f89ffa8ecba9dae50662357923c5289\"},\"breadcrumb\":{\"@id\":\"https:\\\/\\\/kuali.com.mx\\\/web\\\/2023\\\/11\\\/29\\\/entrego-roberto-garcia-apoyos-a-emprendedores\\\/#breadcrumb\"},\"inLanguage\":\"es\",\"potentialAction\":[{\"@type\":\"ReadAction\",\"target\":[\"https:\\\/\\\/kuali.com.mx\\\/web\\\/2023\\\/11\\\/29\\\/entrego-roberto-garcia-apoyos-a-emprendedores\\\/\"]}]},{\"@type\":\"ImageObject\",\"inLanguage\":\"es\",\"@id\":\"https:\\\/\\\/kuali.com.mx\\\/web\\\/2023\\\/11\\\/29\\\/entrego-roberto-garcia-apoyos-a-emprendedores\\\/#primaryimage\",\"url\":\"https:\\\/\\\/kuali.com.mx\\\/web\\\/wp-content\\\/uploads\\\/2023\\\/11\\\/Entrega-de-apoyos-Purisima-1.gif\",\"contentUrl\":\"https:\\\/\\\/kuali.com.mx\\\/web\\\/wp-content\\\/uploads\\\/2023\\\/11\\\/Entrega-de-apoyos-Purisima-1.gif\",\"width\":1700,\"height\":750},{\"@type\":\"BreadcrumbList\",\"@id\":\"https:\\\/\\\/kuali.com.mx\\\/web\\\/2023\\\/11\\\/29\\\/entrego-roberto-garcia-apoyos-a-emprendedores\\\/#breadcrumb\",\"itemListElement\":[{\"@type\":\"ListItem\",\"position\":1,\"name\":\"Inicio\",\"item\":\"https:\\\/\\\/kuali.com.mx\\\/web\\\/\"},{\"@type\":\"ListItem\",\"position\":2,\"name\":\"ENTREG\u00d3 ROBERTO GARC\u00cdA APOYOS A EMPRENDEDORES\"}]},{\"@type\":\"WebSite\",\"@id\":\"https:\\\/\\\/kuali.com.mx\\\/web\\\/#website\",\"url\":\"https:\\\/\\\/kuali.com.mx\\\/web\\\/\",\"name\":\"Kuali\",\"description\":\"\",\"potentialAction\":[{\"@type\":\"SearchAction\",\"target\":{\"@type\":\"EntryPoint\",\"urlTemplate\":\"https:\\\/\\\/kuali.com.mx\\\/web\\\/?s={search_term_string}\"},\"query-input\":{\"@type\":\"PropertyValueSpecification\",\"valueRequired\":true,\"valueName\":\"search_term_string\"}}],\"inLanguage\":\"es\"},{\"@type\":\"Person\",\"@id\":\"https:\\\/\\\/kuali.com.mx\\\/web\\\/#\\\/schema\\\/person\\\/6f89ffa8ecba9dae50662357923c5289\",\"name\":\"Kuali Staff\",\"image\":{\"@type\":\"ImageObject\",\"inLanguage\":\"es\",\"@id\":\"https:\\\/\\\/secure.gravatar.com\\\/avatar\\\/f917ad82e5ab71227a733c78b6e60715476f69ee6be59feee4eb5d9920c89e0f?s=96&d=mm&r=g\",\"url\":\"https:\\\/\\\/secure.gravatar.com\\\/avatar\\\/f917ad82e5ab71227a733c78b6e60715476f69ee6be59feee4eb5d9920c89e0f?s=96&d=mm&r=g\",\"contentUrl\":\"https:\\\/\\\/secure.gravatar.com\\\/avatar\\\/f917ad82e5ab71227a733c78b6e60715476f69ee6be59feee4eb5d9920c89e0f?s=96&d=mm&r=g\",\"caption\":\"Kuali Staff\"},\"url\":\"https:\\\/\\\/kuali.com.mx\\\/web\\\/author\\\/lagarto\\\/\"}]}<\/script>\n<!-- \/ Yoast SEO plugin. -->","yoast_head_json":{"title":"ENTREG\u00d3 ROBERTO GARC\u00cdA APOYOS A EMPRENDEDORES - Kuali","robots":{"index":"index","follow":"follow","max-snippet":"max-snippet:-1","max-image-preview":"max-image-preview:large","max-video-preview":"max-video-preview:-1"},"canonical":"https:\/\/kuali.com.mx\/web\/2023\/11\/29\/entrego-roberto-garcia-apoyos-a-emprendedores\/","og_locale":"es_MX","og_type":"article","og_title":"ENTREG\u00d3 ROBERTO GARC\u00cdA APOYOS A EMPRENDEDORES - Kuali","og_description":"Kuali\/Pur\u00edsima del Rinc\u00f3n, Gto.- Por segunda ocasi\u00f3n, el presidente municipal de Pur\u00edsima del Rinc\u00f3n, Roberto Garc\u00eda Urbano, entreg\u00f3 apoyos del programa Pur\u00edsima Emprende por m\u00e1s de 600 mil pesos. En un evento realizado este mi\u00e9rcoles, el alcalde hizo la segunda entrega de equipo e insumos a comerciantes y prestadores de servicios por un monto total [&hellip;]","og_url":"https:\/\/kuali.com.mx\/web\/2023\/11\/29\/entrego-roberto-garcia-apoyos-a-emprendedores\/","og_site_name":"Kuali","article_publisher":"https:\/\/kuali.com.mx\/web\/wp-content\/uploads\/2018\/04\/cropped-kuali_logo-1-1.png","article_published_time":"2023-11-29T19:14:22+00:00","article_modified_time":"2023-11-30T02:51:56+00:00","og_image":[{"width":1700,"height":750,"url":"https:\/\/kuali.com.mx\/web\/wp-content\/uploads\/2023\/11\/Entrega-de-apoyos-Purisima-1.gif","type":"image\/gif"}],"author":"Kuali Staff","twitter_card":"summary_large_image","twitter_creator":"@kuali_noticias","twitter_site":"@kuali_noticias","twitter_misc":{"Escrito por":"Kuali Staff","Tiempo de lectura":"2 minutos"},"schema":{"@context":"https:\/\/schema.org","@graph":[{"@type":"Article","@id":"https:\/\/kuali.com.mx\/web\/2023\/11\/29\/entrego-roberto-garcia-apoyos-a-emprendedores\/#article","isPartOf":{"@id":"https:\/\/kuali.com.mx\/web\/2023\/11\/29\/entrego-roberto-garcia-apoyos-a-emprendedores\/"},"author":{"name":"Kuali Staff","@id":"https:\/\/kuali.com.mx\/web\/#\/schema\/person\/6f89ffa8ecba9dae50662357923c5289"},"headline":"ENTREG\u00d3 ROBERTO GARC\u00cdA APOYOS A EMPRENDEDORES","datePublished":"2023-11-29T19:14:22+00:00","dateModified":"2023-11-30T02:51:56+00:00","mainEntityOfPage":{"@id":"https:\/\/kuali.com.mx\/web\/2023\/11\/29\/entrego-roberto-garcia-apoyos-a-emprendedores\/"},"wordCount":493,"commentCount":0,"image":{"@id":"https:\/\/kuali.com.mx\/web\/2023\/11\/29\/entrego-roberto-garcia-apoyos-a-emprendedores\/#primaryimage"},"thumbnailUrl":"https:\/\/kuali.com.mx\/web\/wp-content\/uploads\/2023\/11\/Entrega-de-apoyos-Purisima-1.gif","keywords":["Apoyos gubernamentales","Comerciantes","Pur\u00edsima del Rinc\u00f3n"],"articleSection":["Pol\u00edtica"],"inLanguage":"es","potentialAction":[{"@type":"CommentAction","name":"Comment","target":["https:\/\/kuali.com.mx\/web\/2023\/11\/29\/entrego-roberto-garcia-apoyos-a-emprendedores\/#respond"]}]},{"@type":"WebPage","@id":"https:\/\/kuali.com.mx\/web\/2023\/11\/29\/entrego-roberto-garcia-apoyos-a-emprendedores\/","url":"https:\/\/kuali.com.mx\/web\/2023\/11\/29\/entrego-roberto-garcia-apoyos-a-emprendedores\/","name":"ENTREG\u00d3 ROBERTO GARC\u00cdA APOYOS A EMPRENDEDORES - Kuali","isPartOf":{"@id":"https:\/\/kuali.com.mx\/web\/#website"},"primaryImageOfPage":{"@id":"https:\/\/kuali.com.mx\/web\/2023\/11\/29\/entrego-roberto-garcia-apoyos-a-emprendedores\/#primaryimage"},"image":{"@id":"https:\/\/kuali.com.mx\/web\/2023\/11\/29\/entrego-roberto-garcia-apoyos-a-emprendedores\/#primaryimage"},"thumbnailUrl":"https:\/\/kuali.com.mx\/web\/wp-content\/uploads\/2023\/11\/Entrega-de-apoyos-Purisima-1.gif","datePublished":"2023-11-29T19:14:22+00:00","dateModified":"2023-11-30T02:51:56+00:00","author":{"@id":"https:\/\/kuali.com.mx\/web\/#\/schema\/person\/6f89ffa8ecba9dae50662357923c5289"},"breadcrumb":{"@id":"https:\/\/kuali.com.mx\/web\/2023\/11\/29\/entrego-roberto-garcia-apoyos-a-emprendedores\/#breadcrumb"},"inLanguage":"es","potentialAction":[{"@type":"ReadAction","target":["https:\/\/kuali.com.mx\/web\/2023\/11\/29\/entrego-roberto-garcia-apoyos-a-emprendedores\/"]}]},{"@type":"ImageObject","inLanguage":"es","@id":"https:\/\/kuali.com.mx\/web\/2023\/11\/29\/entrego-roberto-garcia-apoyos-a-emprendedores\/#primaryimage","url":"https:\/\/kuali.com.mx\/web\/wp-content\/uploads\/2023\/11\/Entrega-de-apoyos-Purisima-1.gif","contentUrl":"https:\/\/kuali.com.mx\/web\/wp-content\/uploads\/2023\/11\/Entrega-de-apoyos-Purisima-1.gif","width":1700,"height":750},{"@type":"BreadcrumbList","@id":"https:\/\/kuali.com.mx\/web\/2023\/11\/29\/entrego-roberto-garcia-apoyos-a-emprendedores\/#breadcrumb","itemListElement":[{"@type":"ListItem","position":1,"name":"Inicio","item":"https:\/\/kuali.com.mx\/web\/"},{"@type":"ListItem","position":2,"name":"ENTREG\u00d3 ROBERTO GARC\u00cdA APOYOS A EMPRENDEDORES"}]},{"@type":"WebSite","@id":"https:\/\/kuali.com.mx\/web\/#website","url":"https:\/\/kuali.com.mx\/web\/","name":"Kuali","description":"","potentialAction":[{"@type":"SearchAction","target":{"@type":"EntryPoint","urlTemplate":"https:\/\/kuali.com.mx\/web\/?s={search_term_string}"},"query-input":{"@type":"PropertyValueSpecification","valueRequired":true,"valueName":"search_term_string"}}],"inLanguage":"es"},{"@type":"Person","@id":"https:\/\/kuali.com.mx\/web\/#\/schema\/person\/6f89ffa8ecba9dae50662357923c5289","name":"Kuali Staff","image":{"@type":"ImageObject","inLanguage":"es","@id":"https:\/\/secure.gravatar.com\/avatar\/f917ad82e5ab71227a733c78b6e60715476f69ee6be59feee4eb5d9920c89e0f?s=96&d=mm&r=g","url":"https:\/\/secure.gravatar.com\/avatar\/f917ad82e5ab71227a733c78b6e60715476f69ee6be59feee4eb5d9920c89e0f?s=96&d=mm&r=g","contentUrl":"https:\/\/secure.gravatar.com\/avatar\/f917ad82e5ab71227a733c78b6e60715476f69ee6be59feee4eb5d9920c89e0f?s=96&d=mm&r=g","caption":"Kuali Staff"},"url":"https:\/\/kuali.com.mx\/web\/author\/lagarto\/"}]}},"_links":{"self":[{"href":"https:\/\/kuali.com.mx\/web\/wp-json\/wp\/v2\/posts\/131131","targetHints":{"allow":["GET"]}}],"collection":[{"href":"https:\/\/kuali.com.mx\/web\/wp-json\/wp\/v2\/posts"}],"about":[{"href":"https:\/\/kuali.com.mx\/web\/wp-json\/wp\/v2\/types\/post"}],"author":[{"embeddable":true,"href":"https:\/\/kuali.com.mx\/web\/wp-json\/wp\/v2\/users\/2"}],"replies":[{"embeddable":true,"href":"https:\/\/kuali.com.mx\/web\/wp-json\/wp\/v2\/comments?post=131131"}],"version-history":[{"count":2,"href":"https:\/\/kuali.com.mx\/web\/wp-json\/wp\/v2\/posts\/131131\/revisions"}],"predecessor-version":[{"id":131155,"href":"https:\/\/kuali.com.mx\/web\/wp-json\/wp\/v2\/posts\/131131\/revisions\/131155"}],"wp:featuredmedia":[{"embeddable":true,"href":"https:\/\/kuali.com.mx\/web\/wp-json\/wp\/v2\/media\/131140"}],"wp:attachment":[{"href":"https:\/\/kuali.com.mx\/web\/wp-json\/wp\/v2\/media?parent=131131"}],"wp:term":[{"taxonomy":"category","embeddable":true,"href":"https:\/\/kuali.com.mx\/web\/wp-json\/wp\/v2\/categories?post=131131"},{"taxonomy":"post_tag","embeddable":true,"href":"https:\/\/kuali.com.mx\/web\/wp-json\/wp\/v2\/tags?post=131131"}],"curies":[{"name":"wp","href":"https:\/\/api.w.org\/{rel}","templated":true}]}}