{"id":130835,"date":"2023-11-25T14:41:01","date_gmt":"2023-11-25T20:41:01","guid":{"rendered":"https:\/\/kuali.com.mx\/web\/?p=130835"},"modified":"2023-11-25T14:41:03","modified_gmt":"2023-11-25T20:41:03","slug":"el-1-de-los-ricos-contamina-mas-que-el-80-de-mexico-oxfam","status":"publish","type":"post","link":"https:\/\/kuali.com.mx\/web\/2023\/11\/25\/el-1-de-los-ricos-contamina-mas-que-el-80-de-mexico-oxfam\/","title":{"rendered":"EL 1% DE LOS RICOS CONTAMINA M\u00c1S QUE EL 80% DE M\u00c9XICO: OXFAM"},"content":{"rendered":"\n<p><strong>Kuali\/Le\u00f3n, Gto.- <\/strong>De acuerdo con un informe de la organizaci\u00f3n Oxfam, el uno por ciento de la poblaci\u00f3n m\u00e1s rica, econ\u00f3micamente hablando, contamin\u00f3 m\u00e1s que el 80 por ciento de la poblaci\u00f3n mexicana en el a\u00f1o 2019.<\/p>\n\n\n\n<p>El estudio revela que del a\u00f1o 2000 al 2019, ese grupo de la poblaci\u00f3n duplic\u00f3 sus emisiones de di\u00f3xido de carbono (CO2), mientras que el 99 por ciento restante las redujo en un 30 por ciento.<\/p>\n\n\n\n<p>En 2019 el uno por ciento m\u00e1s rico de la poblaci\u00f3n mundial gener\u00f3 la misma cantidad de emisiones de carbono que los 5 mil millones de personas que componen los dos tercios m\u00e1s pobres de la humanidad.<\/p>\n\n\n\n<p>\u201cEn otras palabras, el uno por ciento contamina m\u00e1s y es el \u00fanico grupo que contamina m\u00e1s hoy que hace 20 a\u00f1os\u201d, se indica en el comunicado que emiti\u00f3 Oxfam dsobre su informe difundidio el martes de esta semana, con motivo de la Conferencia de las Naciones Unidas sobre el Cambio Clim\u00e1tico de 2023 (COP28), que se celebrar\u00e1 en Dub\u00e1i.<\/p>\n\n\n\n<p>Oxfam considera que fundamental imponer impuesto a los m\u00e1s ricos para atender y mitigar la crisis actual as\u00ed como para reducir las emisiones de CO2, coment\u00f3 Alexandra Haas, directora ejecutiva de la organizaci\u00f3n.<\/p>\n\n\n\n<p>Dijo que hace casi un mes, el 25 de octubre, el hurac\u00e1n Otis impact\u00f3 en el estado de Guerrero, dejando un saldo de 49 muertos y 32 desaparecidos; y rompi\u00f3 el r\u00e9cord de intensificaci\u00f3n de un cicl\u00f3n en M\u00e9xico, ya que impact\u00f3 como categor\u00eda 5 y da\u00f1\u00f3 250 mil viviendas, seg\u00fan datos oficiales.<\/p>\n\n\n\n<p>\u201c(Otis) Afect\u00f3 a todas las personas, pero perdieron m\u00e1s quienes menos tienen. Es crucial comprender que la crisis clim\u00e1tica y la crisis de desigualdad son una sola. Necesitamos recursos para atender la emergencia, reconstruir, recuperar las fuentes de ingreso y prepararnos como sociedad para los siguientes huracanes, inundaciones, sequ\u00edas\u201d, expres\u00f3 Alejandra Haas.<\/p>\n\n\n\n<p>La tendencia se replica en el resto del mundo. En 2019 el uno por ciento m\u00e1s rico de la poblaci\u00f3n mundial gener\u00f3 la misma cantidad de emisiones de carbono que los 5 mil millones de personas que componen los dos tercios m\u00e1s pobres de la humanidad.<\/p>\n\n\n\n<p><strong>Las emisiones provocar\u00e1n 1.3 millones de muertes<\/strong><\/p>\n\n\n\n<p>Las emisiones \u201cdesmedidas\u201d causar\u00e1n 1.3 millones de muertes m\u00e1s sobre lo previsto asociadas al calor y la mayor parte de ellas ser\u00e1n entre 2020 y 2030, asegura Oxfam.<\/p>\n\n\n\n<p>Los m\u00e1s ricos est\u00e1n destruyendo el planeta, saque\u00e1ndolo y contamin\u00e1ndolo, mientras el calor extremo, las inundaciones y las sequ\u00edas asfixian a la humanidad\u201d, denunci\u00f3 el director ejecutivo interino de Oxfam Internacional, Amitabh Behar.<\/p>\n\n\n\n<p>Por tal motivo, Oxfam hiz un llamado a los gobiernos del mundo a reducir la desigualdad mediante la redistribuci\u00f3n global de los ingresos, a abandonar los combustibles f\u00f3siles de forma urgente, y a anteponer el bienestar de la poblaci\u00f3n y el planeta a la b\u00fasqueda implacable de beneficios, la extracci\u00f3n y el consumo.<\/p>\n\n\n\n<p>El informe, titulado \u2018Igualdad clim\u00e1tica: un planeta para el 99%\u2019, se desarroll\u00f3 en base a una &nbsp;investigaci\u00f3n que Oxfam realiza junto el Stockholm Environment Institute (SEI), y analiza las emisiones ligadas a los h\u00e1bitos de consumo de distintos grupos de renta en 2019, \u00faltimo a\u00f1o para el que se dispone de datos.<\/p>\n","protected":false},"excerpt":{"rendered":"Kuali\/Le\u00f3n, Gto.- De acuerdo con un informe de la organizaci\u00f3n Oxfam, el uno por ciento de la poblaci\u00f3n m\u00e1s rica, econ\u00f3micamente hablando, contamin\u00f3 m\u00e1s que el 80 por ciento de la poblaci\u00f3n mexicana en el a\u00f1o 2019. El estudio revela que del a\u00f1o 2000 al 2019, ese grupo de la poblaci\u00f3n duplic\u00f3 sus emisiones de [&hellip;]","protected":false},"author":2,"featured_media":49103,"comment_status":"open","ping_status":"open","sticky":false,"template":"","format":"standard","meta":{"_seopress_robots_primary_cat":"none","_seopress_titles_title":"","_seopress_titles_desc":"","_seopress_robots_index":"","_monsterinsights_skip_tracking":false,"_monsterinsights_sitenote_active":false,"_monsterinsights_sitenote_note":"","_monsterinsights_sitenote_category":0,"footnotes":""},"categories":[17],"tags":[461,3039,307,305,3038,187,3041,3040],"class_list":["post-130835","post","type-post","status-publish","format-standard","has-post-thumbnail","hentry","category-ecologia","tag-aire","tag-co2","tag-contaminacion","tag-ecologia","tag-emisiones-atmosfericas","tag-medio-ambiente","tag-oxfam","tag-ricos-y-pobres"],"yoast_head":"<!-- This site is optimized with the Yoast SEO plugin v27.4 - https:\/\/yoast.com\/product\/yoast-seo-wordpress\/ -->\n<title>EL 1% DE LOS RICOS CONTAMINA M\u00c1S QUE EL 80% DE M\u00c9XICO: OXFAM - Kuali<\/title>\n<meta name=\"robots\" content=\"index, follow, max-snippet:-1, max-image-preview:large, max-video-preview:-1\" \/>\n<link rel=\"canonical\" href=\"https:\/\/kuali.com.mx\/web\/2023\/11\/25\/el-1-de-los-ricos-contamina-mas-que-el-80-de-mexico-oxfam\/\" \/>\n<meta property=\"og:locale\" content=\"es_MX\" \/>\n<meta property=\"og:type\" content=\"article\" \/>\n<meta property=\"og:title\" content=\"EL 1% DE LOS RICOS CONTAMINA M\u00c1S QUE EL 80% DE M\u00c9XICO: OXFAM - Kuali\" \/>\n<meta property=\"og:description\" content=\"Kuali\/Le\u00f3n, Gto.- De acuerdo con un informe de la organizaci\u00f3n Oxfam, el uno por ciento de la poblaci\u00f3n m\u00e1s rica, econ\u00f3micamente hablando, contamin\u00f3 m\u00e1s que el 80 por ciento de la poblaci\u00f3n mexicana en el a\u00f1o 2019. El estudio revela que del a\u00f1o 2000 al 2019, ese grupo de la poblaci\u00f3n duplic\u00f3 sus emisiones de [&hellip;]\" \/>\n<meta property=\"og:url\" content=\"https:\/\/kuali.com.mx\/web\/2023\/11\/25\/el-1-de-los-ricos-contamina-mas-que-el-80-de-mexico-oxfam\/\" \/>\n<meta property=\"og:site_name\" content=\"Kuali\" \/>\n<meta property=\"article:publisher\" content=\"https:\/\/kuali.com.mx\/web\/wp-content\/uploads\/2018\/04\/cropped-kuali_logo-1-1.png\" \/>\n<meta property=\"article:published_time\" content=\"2023-11-25T20:41:01+00:00\" \/>\n<meta property=\"article:modified_time\" content=\"2023-11-25T20:41:03+00:00\" \/>\n<meta property=\"og:image\" content=\"https:\/\/kuali.com.mx\/web\/wp-content\/uploads\/2018\/12\/Contaminaci\u00f3n-CO2-SLIDER.jpg\" \/>\n\t<meta property=\"og:image:width\" content=\"1873\" \/>\n\t<meta property=\"og:image:height\" content=\"750\" \/>\n\t<meta property=\"og:image:type\" content=\"image\/jpeg\" \/>\n<meta name=\"author\" content=\"Kuali Staff\" \/>\n<meta name=\"twitter:card\" content=\"summary_large_image\" \/>\n<meta name=\"twitter:creator\" content=\"@kuali_noticias\" \/>\n<meta name=\"twitter:site\" content=\"@kuali_noticias\" \/>\n<meta name=\"twitter:label1\" content=\"Escrito por\" \/>\n\t<meta name=\"twitter:data1\" content=\"Kuali Staff\" \/>\n\t<meta name=\"twitter:label2\" content=\"Tiempo de lectura\" \/>\n\t<meta name=\"twitter:data2\" content=\"3 minutos\" \/>\n<script type=\"application\/ld+json\" class=\"yoast-schema-graph\">{\"@context\":\"https:\\\/\\\/schema.org\",\"@graph\":[{\"@type\":\"Article\",\"@id\":\"https:\\\/\\\/kuali.com.mx\\\/web\\\/2023\\\/11\\\/25\\\/el-1-de-los-ricos-contamina-mas-que-el-80-de-mexico-oxfam\\\/#article\",\"isPartOf\":{\"@id\":\"https:\\\/\\\/kuali.com.mx\\\/web\\\/2023\\\/11\\\/25\\\/el-1-de-los-ricos-contamina-mas-que-el-80-de-mexico-oxfam\\\/\"},\"author\":{\"name\":\"Kuali Staff\",\"@id\":\"https:\\\/\\\/kuali.com.mx\\\/web\\\/#\\\/schema\\\/person\\\/6f89ffa8ecba9dae50662357923c5289\"},\"headline\":\"EL 1% DE LOS RICOS CONTAMINA M\u00c1S QUE EL 80% DE M\u00c9XICO: OXFAM\",\"datePublished\":\"2023-11-25T20:41:01+00:00\",\"dateModified\":\"2023-11-25T20:41:03+00:00\",\"mainEntityOfPage\":{\"@id\":\"https:\\\/\\\/kuali.com.mx\\\/web\\\/2023\\\/11\\\/25\\\/el-1-de-los-ricos-contamina-mas-que-el-80-de-mexico-oxfam\\\/\"},\"wordCount\":572,\"commentCount\":0,\"image\":{\"@id\":\"https:\\\/\\\/kuali.com.mx\\\/web\\\/2023\\\/11\\\/25\\\/el-1-de-los-ricos-contamina-mas-que-el-80-de-mexico-oxfam\\\/#primaryimage\"},\"thumbnailUrl\":\"https:\\\/\\\/kuali.com.mx\\\/web\\\/wp-content\\\/uploads\\\/2018\\\/12\\\/Contaminaci\u00f3n-CO2-SLIDER.jpg\",\"keywords\":[\"Aire\",\"CO2\",\"Contaminaci\u00f3n\",\"Ecolog\u00eda\",\"Emisiones atmosf\u00e9ricas\",\"Medio ambiente\",\"Oxfam\",\"Ricos y pobres\"],\"articleSection\":[\"Ecolog\u00eda\"],\"inLanguage\":\"es\",\"potentialAction\":[{\"@type\":\"CommentAction\",\"name\":\"Comment\",\"target\":[\"https:\\\/\\\/kuali.com.mx\\\/web\\\/2023\\\/11\\\/25\\\/el-1-de-los-ricos-contamina-mas-que-el-80-de-mexico-oxfam\\\/#respond\"]}]},{\"@type\":\"WebPage\",\"@id\":\"https:\\\/\\\/kuali.com.mx\\\/web\\\/2023\\\/11\\\/25\\\/el-1-de-los-ricos-contamina-mas-que-el-80-de-mexico-oxfam\\\/\",\"url\":\"https:\\\/\\\/kuali.com.mx\\\/web\\\/2023\\\/11\\\/25\\\/el-1-de-los-ricos-contamina-mas-que-el-80-de-mexico-oxfam\\\/\",\"name\":\"EL 1% DE LOS RICOS CONTAMINA M\u00c1S QUE EL 80% DE M\u00c9XICO: OXFAM - Kuali\",\"isPartOf\":{\"@id\":\"https:\\\/\\\/kuali.com.mx\\\/web\\\/#website\"},\"primaryImageOfPage\":{\"@id\":\"https:\\\/\\\/kuali.com.mx\\\/web\\\/2023\\\/11\\\/25\\\/el-1-de-los-ricos-contamina-mas-que-el-80-de-mexico-oxfam\\\/#primaryimage\"},\"image\":{\"@id\":\"https:\\\/\\\/kuali.com.mx\\\/web\\\/2023\\\/11\\\/25\\\/el-1-de-los-ricos-contamina-mas-que-el-80-de-mexico-oxfam\\\/#primaryimage\"},\"thumbnailUrl\":\"https:\\\/\\\/kuali.com.mx\\\/web\\\/wp-content\\\/uploads\\\/2018\\\/12\\\/Contaminaci\u00f3n-CO2-SLIDER.jpg\",\"datePublished\":\"2023-11-25T20:41:01+00:00\",\"dateModified\":\"2023-11-25T20:41:03+00:00\",\"author\":{\"@id\":\"https:\\\/\\\/kuali.com.mx\\\/web\\\/#\\\/schema\\\/person\\\/6f89ffa8ecba9dae50662357923c5289\"},\"breadcrumb\":{\"@id\":\"https:\\\/\\\/kuali.com.mx\\\/web\\\/2023\\\/11\\\/25\\\/el-1-de-los-ricos-contamina-mas-que-el-80-de-mexico-oxfam\\\/#breadcrumb\"},\"inLanguage\":\"es\",\"potentialAction\":[{\"@type\":\"ReadAction\",\"target\":[\"https:\\\/\\\/kuali.com.mx\\\/web\\\/2023\\\/11\\\/25\\\/el-1-de-los-ricos-contamina-mas-que-el-80-de-mexico-oxfam\\\/\"]}]},{\"@type\":\"ImageObject\",\"inLanguage\":\"es\",\"@id\":\"https:\\\/\\\/kuali.com.mx\\\/web\\\/2023\\\/11\\\/25\\\/el-1-de-los-ricos-contamina-mas-que-el-80-de-mexico-oxfam\\\/#primaryimage\",\"url\":\"https:\\\/\\\/kuali.com.mx\\\/web\\\/wp-content\\\/uploads\\\/2018\\\/12\\\/Contaminaci\u00f3n-CO2-SLIDER.jpg\",\"contentUrl\":\"https:\\\/\\\/kuali.com.mx\\\/web\\\/wp-content\\\/uploads\\\/2018\\\/12\\\/Contaminaci\u00f3n-CO2-SLIDER.jpg\",\"width\":1873,\"height\":750},{\"@type\":\"BreadcrumbList\",\"@id\":\"https:\\\/\\\/kuali.com.mx\\\/web\\\/2023\\\/11\\\/25\\\/el-1-de-los-ricos-contamina-mas-que-el-80-de-mexico-oxfam\\\/#breadcrumb\",\"itemListElement\":[{\"@type\":\"ListItem\",\"position\":1,\"name\":\"Inicio\",\"item\":\"https:\\\/\\\/kuali.com.mx\\\/web\\\/\"},{\"@type\":\"ListItem\",\"position\":2,\"name\":\"EL 1% DE LOS RICOS CONTAMINA M\u00c1S QUE EL 80% DE M\u00c9XICO: OXFAM\"}]},{\"@type\":\"WebSite\",\"@id\":\"https:\\\/\\\/kuali.com.mx\\\/web\\\/#website\",\"url\":\"https:\\\/\\\/kuali.com.mx\\\/web\\\/\",\"name\":\"Kuali\",\"description\":\"\",\"potentialAction\":[{\"@type\":\"SearchAction\",\"target\":{\"@type\":\"EntryPoint\",\"urlTemplate\":\"https:\\\/\\\/kuali.com.mx\\\/web\\\/?s={search_term_string}\"},\"query-input\":{\"@type\":\"PropertyValueSpecification\",\"valueRequired\":true,\"valueName\":\"search_term_string\"}}],\"inLanguage\":\"es\"},{\"@type\":\"Person\",\"@id\":\"https:\\\/\\\/kuali.com.mx\\\/web\\\/#\\\/schema\\\/person\\\/6f89ffa8ecba9dae50662357923c5289\",\"name\":\"Kuali Staff\",\"image\":{\"@type\":\"ImageObject\",\"inLanguage\":\"es\",\"@id\":\"https:\\\/\\\/secure.gravatar.com\\\/avatar\\\/f917ad82e5ab71227a733c78b6e60715476f69ee6be59feee4eb5d9920c89e0f?s=96&d=mm&r=g\",\"url\":\"https:\\\/\\\/secure.gravatar.com\\\/avatar\\\/f917ad82e5ab71227a733c78b6e60715476f69ee6be59feee4eb5d9920c89e0f?s=96&d=mm&r=g\",\"contentUrl\":\"https:\\\/\\\/secure.gravatar.com\\\/avatar\\\/f917ad82e5ab71227a733c78b6e60715476f69ee6be59feee4eb5d9920c89e0f?s=96&d=mm&r=g\",\"caption\":\"Kuali Staff\"},\"url\":\"https:\\\/\\\/kuali.com.mx\\\/web\\\/author\\\/lagarto\\\/\"}]}<\/script>\n<!-- \/ Yoast SEO plugin. -->","yoast_head_json":{"title":"EL 1% DE LOS RICOS CONTAMINA M\u00c1S QUE EL 80% DE M\u00c9XICO: OXFAM - Kuali","robots":{"index":"index","follow":"follow","max-snippet":"max-snippet:-1","max-image-preview":"max-image-preview:large","max-video-preview":"max-video-preview:-1"},"canonical":"https:\/\/kuali.com.mx\/web\/2023\/11\/25\/el-1-de-los-ricos-contamina-mas-que-el-80-de-mexico-oxfam\/","og_locale":"es_MX","og_type":"article","og_title":"EL 1% DE LOS RICOS CONTAMINA M\u00c1S QUE EL 80% DE M\u00c9XICO: OXFAM - Kuali","og_description":"Kuali\/Le\u00f3n, Gto.- De acuerdo con un informe de la organizaci\u00f3n Oxfam, el uno por ciento de la poblaci\u00f3n m\u00e1s rica, econ\u00f3micamente hablando, contamin\u00f3 m\u00e1s que el 80 por ciento de la poblaci\u00f3n mexicana en el a\u00f1o 2019. El estudio revela que del a\u00f1o 2000 al 2019, ese grupo de la poblaci\u00f3n duplic\u00f3 sus emisiones de [&hellip;]","og_url":"https:\/\/kuali.com.mx\/web\/2023\/11\/25\/el-1-de-los-ricos-contamina-mas-que-el-80-de-mexico-oxfam\/","og_site_name":"Kuali","article_publisher":"https:\/\/kuali.com.mx\/web\/wp-content\/uploads\/2018\/04\/cropped-kuali_logo-1-1.png","article_published_time":"2023-11-25T20:41:01+00:00","article_modified_time":"2023-11-25T20:41:03+00:00","og_image":[{"width":1873,"height":750,"url":"https:\/\/kuali.com.mx\/web\/wp-content\/uploads\/2018\/12\/Contaminaci\u00f3n-CO2-SLIDER.jpg","type":"image\/jpeg"}],"author":"Kuali Staff","twitter_card":"summary_large_image","twitter_creator":"@kuali_noticias","twitter_site":"@kuali_noticias","twitter_misc":{"Escrito por":"Kuali Staff","Tiempo de lectura":"3 minutos"},"schema":{"@context":"https:\/\/schema.org","@graph":[{"@type":"Article","@id":"https:\/\/kuali.com.mx\/web\/2023\/11\/25\/el-1-de-los-ricos-contamina-mas-que-el-80-de-mexico-oxfam\/#article","isPartOf":{"@id":"https:\/\/kuali.com.mx\/web\/2023\/11\/25\/el-1-de-los-ricos-contamina-mas-que-el-80-de-mexico-oxfam\/"},"author":{"name":"Kuali Staff","@id":"https:\/\/kuali.com.mx\/web\/#\/schema\/person\/6f89ffa8ecba9dae50662357923c5289"},"headline":"EL 1% DE LOS RICOS CONTAMINA M\u00c1S QUE EL 80% DE M\u00c9XICO: OXFAM","datePublished":"2023-11-25T20:41:01+00:00","dateModified":"2023-11-25T20:41:03+00:00","mainEntityOfPage":{"@id":"https:\/\/kuali.com.mx\/web\/2023\/11\/25\/el-1-de-los-ricos-contamina-mas-que-el-80-de-mexico-oxfam\/"},"wordCount":572,"commentCount":0,"image":{"@id":"https:\/\/kuali.com.mx\/web\/2023\/11\/25\/el-1-de-los-ricos-contamina-mas-que-el-80-de-mexico-oxfam\/#primaryimage"},"thumbnailUrl":"https:\/\/kuali.com.mx\/web\/wp-content\/uploads\/2018\/12\/Contaminaci\u00f3n-CO2-SLIDER.jpg","keywords":["Aire","CO2","Contaminaci\u00f3n","Ecolog\u00eda","Emisiones atmosf\u00e9ricas","Medio ambiente","Oxfam","Ricos y pobres"],"articleSection":["Ecolog\u00eda"],"inLanguage":"es","potentialAction":[{"@type":"CommentAction","name":"Comment","target":["https:\/\/kuali.com.mx\/web\/2023\/11\/25\/el-1-de-los-ricos-contamina-mas-que-el-80-de-mexico-oxfam\/#respond"]}]},{"@type":"WebPage","@id":"https:\/\/kuali.com.mx\/web\/2023\/11\/25\/el-1-de-los-ricos-contamina-mas-que-el-80-de-mexico-oxfam\/","url":"https:\/\/kuali.com.mx\/web\/2023\/11\/25\/el-1-de-los-ricos-contamina-mas-que-el-80-de-mexico-oxfam\/","name":"EL 1% DE LOS RICOS CONTAMINA M\u00c1S QUE EL 80% DE M\u00c9XICO: OXFAM - Kuali","isPartOf":{"@id":"https:\/\/kuali.com.mx\/web\/#website"},"primaryImageOfPage":{"@id":"https:\/\/kuali.com.mx\/web\/2023\/11\/25\/el-1-de-los-ricos-contamina-mas-que-el-80-de-mexico-oxfam\/#primaryimage"},"image":{"@id":"https:\/\/kuali.com.mx\/web\/2023\/11\/25\/el-1-de-los-ricos-contamina-mas-que-el-80-de-mexico-oxfam\/#primaryimage"},"thumbnailUrl":"https:\/\/kuali.com.mx\/web\/wp-content\/uploads\/2018\/12\/Contaminaci\u00f3n-CO2-SLIDER.jpg","datePublished":"2023-11-25T20:41:01+00:00","dateModified":"2023-11-25T20:41:03+00:00","author":{"@id":"https:\/\/kuali.com.mx\/web\/#\/schema\/person\/6f89ffa8ecba9dae50662357923c5289"},"breadcrumb":{"@id":"https:\/\/kuali.com.mx\/web\/2023\/11\/25\/el-1-de-los-ricos-contamina-mas-que-el-80-de-mexico-oxfam\/#breadcrumb"},"inLanguage":"es","potentialAction":[{"@type":"ReadAction","target":["https:\/\/kuali.com.mx\/web\/2023\/11\/25\/el-1-de-los-ricos-contamina-mas-que-el-80-de-mexico-oxfam\/"]}]},{"@type":"ImageObject","inLanguage":"es","@id":"https:\/\/kuali.com.mx\/web\/2023\/11\/25\/el-1-de-los-ricos-contamina-mas-que-el-80-de-mexico-oxfam\/#primaryimage","url":"https:\/\/kuali.com.mx\/web\/wp-content\/uploads\/2018\/12\/Contaminaci\u00f3n-CO2-SLIDER.jpg","contentUrl":"https:\/\/kuali.com.mx\/web\/wp-content\/uploads\/2018\/12\/Contaminaci\u00f3n-CO2-SLIDER.jpg","width":1873,"height":750},{"@type":"BreadcrumbList","@id":"https:\/\/kuali.com.mx\/web\/2023\/11\/25\/el-1-de-los-ricos-contamina-mas-que-el-80-de-mexico-oxfam\/#breadcrumb","itemListElement":[{"@type":"ListItem","position":1,"name":"Inicio","item":"https:\/\/kuali.com.mx\/web\/"},{"@type":"ListItem","position":2,"name":"EL 1% DE LOS RICOS CONTAMINA M\u00c1S QUE EL 80% DE M\u00c9XICO: OXFAM"}]},{"@type":"WebSite","@id":"https:\/\/kuali.com.mx\/web\/#website","url":"https:\/\/kuali.com.mx\/web\/","name":"Kuali","description":"","potentialAction":[{"@type":"SearchAction","target":{"@type":"EntryPoint","urlTemplate":"https:\/\/kuali.com.mx\/web\/?s={search_term_string}"},"query-input":{"@type":"PropertyValueSpecification","valueRequired":true,"valueName":"search_term_string"}}],"inLanguage":"es"},{"@type":"Person","@id":"https:\/\/kuali.com.mx\/web\/#\/schema\/person\/6f89ffa8ecba9dae50662357923c5289","name":"Kuali Staff","image":{"@type":"ImageObject","inLanguage":"es","@id":"https:\/\/secure.gravatar.com\/avatar\/f917ad82e5ab71227a733c78b6e60715476f69ee6be59feee4eb5d9920c89e0f?s=96&d=mm&r=g","url":"https:\/\/secure.gravatar.com\/avatar\/f917ad82e5ab71227a733c78b6e60715476f69ee6be59feee4eb5d9920c89e0f?s=96&d=mm&r=g","contentUrl":"https:\/\/secure.gravatar.com\/avatar\/f917ad82e5ab71227a733c78b6e60715476f69ee6be59feee4eb5d9920c89e0f?s=96&d=mm&r=g","caption":"Kuali Staff"},"url":"https:\/\/kuali.com.mx\/web\/author\/lagarto\/"}]}},"_links":{"self":[{"href":"https:\/\/kuali.com.mx\/web\/wp-json\/wp\/v2\/posts\/130835","targetHints":{"allow":["GET"]}}],"collection":[{"href":"https:\/\/kuali.com.mx\/web\/wp-json\/wp\/v2\/posts"}],"about":[{"href":"https:\/\/kuali.com.mx\/web\/wp-json\/wp\/v2\/types\/post"}],"author":[{"embeddable":true,"href":"https:\/\/kuali.com.mx\/web\/wp-json\/wp\/v2\/users\/2"}],"replies":[{"embeddable":true,"href":"https:\/\/kuali.com.mx\/web\/wp-json\/wp\/v2\/comments?post=130835"}],"version-history":[{"count":1,"href":"https:\/\/kuali.com.mx\/web\/wp-json\/wp\/v2\/posts\/130835\/revisions"}],"predecessor-version":[{"id":130838,"href":"https:\/\/kuali.com.mx\/web\/wp-json\/wp\/v2\/posts\/130835\/revisions\/130838"}],"wp:featuredmedia":[{"embeddable":true,"href":"https:\/\/kuali.com.mx\/web\/wp-json\/wp\/v2\/media\/49103"}],"wp:attachment":[{"href":"https:\/\/kuali.com.mx\/web\/wp-json\/wp\/v2\/media?parent=130835"}],"wp:term":[{"taxonomy":"category","embeddable":true,"href":"https:\/\/kuali.com.mx\/web\/wp-json\/wp\/v2\/categories?post=130835"},{"taxonomy":"post_tag","embeddable":true,"href":"https:\/\/kuali.com.mx\/web\/wp-json\/wp\/v2\/tags?post=130835"}],"curies":[{"name":"wp","href":"https:\/\/api.w.org\/{rel}","templated":true}]}}