{"id":130619,"date":"2023-11-22T00:20:46","date_gmt":"2023-11-22T06:20:46","guid":{"rendered":"https:\/\/kuali.com.mx\/web\/?p=130619"},"modified":"2023-11-22T08:15:09","modified_gmt":"2023-11-22T14:15:09","slug":"matan-a-adolfo-enriquez-vanderkam","status":"publish","type":"post","link":"https:\/\/kuali.com.mx\/web\/2023\/11\/22\/matan-a-adolfo-enriquez-vanderkam\/","title":{"rendered":"MATAN A ADOLFO ENR\u00cdQUEZ VANDERKAM"},"content":{"rendered":"\n<p><strong><em>Carlos Garc\u00eda\/Le\u00f3n, Gto.<\/em><\/strong>- El reconocido y querido activista de la ciudad de Le\u00f3n, Adolfo Enr\u00edquez Vanderkam, fue asesinado a balazos cuando sali\u00f3 de cenar tacos en el barrio de San Juan de Dios.<\/p>\n\n\n\n<p>Vanderkam fue atacado a fuera de una taquer\u00eda ubicada en la calle 5 de Febrero, a una cuadra del Arco de la Calzada, en la zona centro.<\/p>\n\n\n\n<p>\u201cEste martes el activista Adolfo Enr\u00edquez perdi\u00f3 la vida al ser atacado en la colonia San Juan de Dios\u201d, confirm\u00f3 la Secretar\u00eda de Seguridad de Le\u00f3n.<\/p>\n\n\n\n<p>La dependencia inform\u00f3 que mantiene un intenso operativo para buscar a los presuntos asesinos de Adolfo Enr\u00edquez.<\/p>\n\n\n\n<p>Los datos obtenidos en el lugar del crimen ser\u00e1n entregados a la Fiscal\u00eda General del Estado (FGE), se\u00f1al\u00f3.<\/p>\n\n\n\n<p>Adolfo Enr\u00edquez era un activista -hermano de la fallecida ex diputada del PAN y ex secretaria del Ayuntamiento de Le\u00f3n, Mayra Enr\u00edquez Vanderkam- se dedicada a exhibir videos de robos, fotograf\u00edas de delincuentes, principalmente asaltantes y asesinos.<\/p>\n\n\n\n<p>Tambi\u00e9n criticaba la ineficiencia de la Fiscal\u00eda General del Estado (FGE), porque no actuaba a pesar de que ventilaba nombres, fotograf\u00edas y domicilios de delincuentes. El activista cuestion\u00f3 fuertemente al gobierno del alcalde panista de Le\u00f3n (2015-2021), H\u00e9ctor L\u00f3pez Santillana.<\/p>\n\n\n\n<figure class=\"wp-block-embed is-type-wp-embed is-provider-kuali wp-block-embed-kuali\"><div class=\"wp-block-embed__wrapper\">\n<blockquote class=\"wp-embedded-content\" data-secret=\"FiWbZuCXWJ\"><a href=\"https:\/\/kuali.com.mx\/web\/2017\/09\/06\/realiza-santillana-informe-vip-excluye-a-ciudadanos\/\">REALIZA SANTILLANA INFORME VIP; EXCLUYE A CIUDADANOS<\/a><\/blockquote><iframe loading=\"lazy\" class=\"wp-embedded-content\" sandbox=\"allow-scripts\" security=\"restricted\" style=\"position: absolute; clip: rect(1px, 1px, 1px, 1px);\" title=\"&#8220;REALIZA SANTILLANA INFORME VIP; EXCLUYE A CIUDADANOS&#8221; &#8212; Kuali\" src=\"https:\/\/kuali.com.mx\/web\/2017\/09\/06\/realiza-santillana-informe-vip-excluye-a-ciudadanos\/embed\/#?secret=AYJPqFVaMB#?secret=FiWbZuCXWJ\" data-secret=\"FiWbZuCXWJ\" width=\"600\" height=\"338\" frameborder=\"0\" marginwidth=\"0\" marginheight=\"0\" scrolling=\"no\"><\/iframe>\n<\/div><\/figure>\n\n\n\n<p>A trav\u00e9s de redes sociales y de un grupo de Telegram publicada videos, fotograf\u00eda y el recuento de los asesinatos cometidos en Le\u00f3n.<\/p>\n\n\n\n<p>Fue Enr\u00edquez el primero en difundir el video cuando la joven Milagros Meza fue asesinada a pu\u00f1aladas por Miguel de Jes\u00fas Octavio. &nbsp;Ventil\u00f3 la foto del homicida y su domicilio.<\/p>\n\n\n\n<p>\u201cEn la colonia Las Margaritas, homicidio doloso n\u00famero 55 en lo que va de noviembre en Le\u00f3n\u201d, as\u00ed como fotograf\u00edas de dos hombres que roban a bordo de una motocicleta, fueron las \u00faltimas publicaciones que hizo en Facebook y en Telegram.<\/p>\n\n\n\n<p>En varias ocasiones denunci\u00f3 que era amenazado por los criminales que exhib\u00eda y para vivir comenz\u00f3 a tener patrocinadores en sus cuentas de redes y Telegram.<\/p>\n\n\n\n<p>\u201cMuestro inter\u00e9s en ocupar un cargo de elecci\u00f3n popular, creo que ah\u00ed podr\u00eda ayudar m\u00e1s. Creen que es buena idea? (No tengo partido pol\u00edtico y nadie me ha invitado)\u201d, public\u00f3 hace seis d\u00edas con una encuesta, donde el 92 por ciento de los que respondieron avalaron una posible postulaci\u00f3n.<\/p>\n\n\n\n<p>El 14 de febrero del 2022, Adolfo Enr\u00edquez Vanderkam, denunci\u00f3, en una entrevista con Kuali, que era un \u201cperseguido pol\u00edtico\u201d porque la Fiscal\u00eda General del Estado (FGE) quiere que purgue seis meses de prisi\u00f3n por replicar la fotograf\u00eda de una mujer polic\u00eda \u2013 con uniforme y en horario laboral- dando sexo oral a un comandante y la imagen de una \u201cnarcomanta\u201d donde apareci\u00f3 el nombre de la servidora p\u00fablica.<\/p>\n\n\n\n<figure class=\"wp-block-embed is-type-wp-embed is-provider-kuali wp-block-embed-kuali\"><div class=\"wp-block-embed__wrapper\">\n<blockquote class=\"wp-embedded-content\" data-secret=\"XCqb6kLv8O\"><a href=\"https:\/\/kuali.com.mx\/web\/2022\/02\/14\/denuncia-vanderkam-persecucion-politica\/\">DENUNCIA VANDERKAM PERSECUCI\u00d3N POL\u00cdTICA<\/a><\/blockquote><iframe loading=\"lazy\" class=\"wp-embedded-content\" sandbox=\"allow-scripts\" security=\"restricted\" style=\"position: absolute; clip: rect(1px, 1px, 1px, 1px);\" title=\"&#8220;DENUNCIA VANDERKAM PERSECUCI\u00d3N POL\u00cdTICA&#8221; &#8212; Kuali\" src=\"https:\/\/kuali.com.mx\/web\/2022\/02\/14\/denuncia-vanderkam-persecucion-politica\/embed\/#?secret=vkMe8bf0eZ#?secret=XCqb6kLv8O\" data-secret=\"XCqb6kLv8O\" width=\"600\" height=\"338\" frameborder=\"0\" marginwidth=\"0\" marginheight=\"0\" scrolling=\"no\"><\/iframe>\n<\/div><\/figure>\n\n\n\n<p>\u201cLes molesta que los exhibo en mis redes, todos lo pueden ver, yo exhibo a ratas de civil, a ratas con uniforme y a ratas de cuello blanco, busco justicia y darle voz a los que no la tienen, eso les molesta, les incomoda\u201d, manifest\u00f3 en la entrevista.<\/p>\n\n\n\n<p>La presidenta municipal, Alejandra Guti\u00e9rrez Campos, lament\u00f3 el asesinato de Adolfo Enr\u00edquez y prometi\u00f3 que el \u201ccompromiso es asegurar que los responsables sean presentados ante la justicia\u201d.<\/p>\n\n\n\n<p>El homicidio de Vanderkam caus\u00f3 indignaci\u00f3n entre la poblaci\u00f3n de Le\u00f3n, en medios de comunicaci\u00f3n y periodistas.<\/p>\n\n\n\n<blockquote class=\"twitter-tweet\"><p lang=\"es\" dir=\"ltr\">Nuestro compromiso es asegurar que los responsables sean presentados ante la justicia.<br><br>Mantendremos a la ciudadan\u00eda informada sobre cualquier avance significativo a trav\u00e9s de nuestros canales institucionales.<\/p>\u2014 Alejandra Guti\u00e9rrez (@AleGutierrez_mx) <a href=\"https:\/\/twitter.com\/AleGutierrez_mx\/status\/1727212382827532324?ref_src=twsrc%5Etfw\">November 22, 2023<\/a><\/blockquote> <script async=\"\" src=\"https:\/\/platform.twitter.com\/widgets.js\" charset=\"utf-8\"><\/script>\n","protected":false},"excerpt":{"rendered":"Carlos Garc\u00eda\/Le\u00f3n, Gto.- El reconocido y querido activista de la ciudad de Le\u00f3n, Adolfo Enr\u00edquez Vanderkam, fue asesinado a balazos cuando sali\u00f3 de cenar tacos en el barrio de San Juan de Dios. Vanderkam fue atacado a fuera de una taquer\u00eda ubicada en la calle 5 de Febrero, a una cuadra del Arco de la [&hellip;]","protected":false},"author":2,"featured_media":92111,"comment_status":"open","ping_status":"open","sticky":false,"template":"","format":"standard","meta":{"_seopress_robots_primary_cat":"none","_seopress_titles_title":"","_seopress_titles_desc":"","_seopress_robots_index":"","_monsterinsights_skip_tracking":false,"_monsterinsights_sitenote_active":false,"_monsterinsights_sitenote_note":"","_monsterinsights_sitenote_category":0,"footnotes":""},"categories":[3,69],"tags":[],"class_list":["post-130619","post","type-post","status-publish","format-standard","has-post-thumbnail","hentry","category-politica","category-slider"],"yoast_head":"<!-- This site is optimized with the Yoast SEO plugin v27.5 - https:\/\/yoast.com\/product\/yoast-seo-wordpress\/ -->\n<title>MATAN A ADOLFO ENR\u00cdQUEZ VANDERKAM - Kuali<\/title>\n<meta name=\"robots\" content=\"index, follow, max-snippet:-1, max-image-preview:large, max-video-preview:-1\" \/>\n<link rel=\"canonical\" href=\"https:\/\/kuali.com.mx\/web\/2023\/11\/22\/matan-a-adolfo-enriquez-vanderkam\/\" \/>\n<meta property=\"og:locale\" content=\"es_MX\" \/>\n<meta property=\"og:type\" content=\"article\" \/>\n<meta property=\"og:title\" content=\"MATAN A ADOLFO ENR\u00cdQUEZ VANDERKAM - Kuali\" \/>\n<meta property=\"og:description\" content=\"Carlos Garc\u00eda\/Le\u00f3n, Gto.- El reconocido y querido activista de la ciudad de Le\u00f3n, Adolfo Enr\u00edquez Vanderkam, fue asesinado a balazos cuando sali\u00f3 de cenar tacos en el barrio de San Juan de Dios. Vanderkam fue atacado a fuera de una taquer\u00eda ubicada en la calle 5 de Febrero, a una cuadra del Arco de la [&hellip;]\" \/>\n<meta property=\"og:url\" content=\"https:\/\/kuali.com.mx\/web\/2023\/11\/22\/matan-a-adolfo-enriquez-vanderkam\/\" \/>\n<meta property=\"og:site_name\" content=\"Kuali\" \/>\n<meta property=\"article:publisher\" content=\"https:\/\/kuali.com.mx\/web\/wp-content\/uploads\/2018\/04\/cropped-kuali_logo-1-1.png\" \/>\n<meta property=\"article:published_time\" content=\"2023-11-22T06:20:46+00:00\" \/>\n<meta property=\"article:modified_time\" content=\"2023-11-22T14:15:09+00:00\" \/>\n<meta property=\"og:image\" content=\"https:\/\/kuali.com.mx\/web\/wp-content\/uploads\/2022\/02\/Adolfo-Enriquez-Vanderkam.jpg\" \/>\n\t<meta property=\"og:image:width\" content=\"1769\" \/>\n\t<meta property=\"og:image:height\" content=\"750\" \/>\n\t<meta property=\"og:image:type\" content=\"image\/jpeg\" \/>\n<meta name=\"author\" content=\"Kuali Staff\" \/>\n<meta name=\"twitter:card\" content=\"summary_large_image\" \/>\n<meta name=\"twitter:creator\" content=\"@kuali_noticias\" \/>\n<meta name=\"twitter:site\" content=\"@kuali_noticias\" \/>\n<meta name=\"twitter:label1\" content=\"Escrito por\" \/>\n\t<meta name=\"twitter:data1\" content=\"Kuali Staff\" \/>\n\t<meta name=\"twitter:label2\" content=\"Tiempo de lectura\" \/>\n\t<meta name=\"twitter:data2\" content=\"3 minutos\" \/>\n<script type=\"application\/ld+json\" class=\"yoast-schema-graph\">{\"@context\":\"https:\\\/\\\/schema.org\",\"@graph\":[{\"@type\":\"Article\",\"@id\":\"https:\\\/\\\/kuali.com.mx\\\/web\\\/2023\\\/11\\\/22\\\/matan-a-adolfo-enriquez-vanderkam\\\/#article\",\"isPartOf\":{\"@id\":\"https:\\\/\\\/kuali.com.mx\\\/web\\\/2023\\\/11\\\/22\\\/matan-a-adolfo-enriquez-vanderkam\\\/\"},\"author\":{\"name\":\"Kuali Staff\",\"@id\":\"https:\\\/\\\/kuali.com.mx\\\/web\\\/#\\\/schema\\\/person\\\/6f89ffa8ecba9dae50662357923c5289\"},\"headline\":\"MATAN A ADOLFO ENR\u00cdQUEZ VANDERKAM\",\"datePublished\":\"2023-11-22T06:20:46+00:00\",\"dateModified\":\"2023-11-22T14:15:09+00:00\",\"mainEntityOfPage\":{\"@id\":\"https:\\\/\\\/kuali.com.mx\\\/web\\\/2023\\\/11\\\/22\\\/matan-a-adolfo-enriquez-vanderkam\\\/\"},\"wordCount\":630,\"commentCount\":0,\"image\":{\"@id\":\"https:\\\/\\\/kuali.com.mx\\\/web\\\/2023\\\/11\\\/22\\\/matan-a-adolfo-enriquez-vanderkam\\\/#primaryimage\"},\"thumbnailUrl\":\"https:\\\/\\\/kuali.com.mx\\\/web\\\/wp-content\\\/uploads\\\/2022\\\/02\\\/Adolfo-Enriquez-Vanderkam.jpg\",\"articleSection\":[\"Pol\u00edtica\",\"slider\"],\"inLanguage\":\"es\",\"potentialAction\":[{\"@type\":\"CommentAction\",\"name\":\"Comment\",\"target\":[\"https:\\\/\\\/kuali.com.mx\\\/web\\\/2023\\\/11\\\/22\\\/matan-a-adolfo-enriquez-vanderkam\\\/#respond\"]}]},{\"@type\":\"WebPage\",\"@id\":\"https:\\\/\\\/kuali.com.mx\\\/web\\\/2023\\\/11\\\/22\\\/matan-a-adolfo-enriquez-vanderkam\\\/\",\"url\":\"https:\\\/\\\/kuali.com.mx\\\/web\\\/2023\\\/11\\\/22\\\/matan-a-adolfo-enriquez-vanderkam\\\/\",\"name\":\"MATAN A ADOLFO ENR\u00cdQUEZ VANDERKAM - Kuali\",\"isPartOf\":{\"@id\":\"https:\\\/\\\/kuali.com.mx\\\/web\\\/#website\"},\"primaryImageOfPage\":{\"@id\":\"https:\\\/\\\/kuali.com.mx\\\/web\\\/2023\\\/11\\\/22\\\/matan-a-adolfo-enriquez-vanderkam\\\/#primaryimage\"},\"image\":{\"@id\":\"https:\\\/\\\/kuali.com.mx\\\/web\\\/2023\\\/11\\\/22\\\/matan-a-adolfo-enriquez-vanderkam\\\/#primaryimage\"},\"thumbnailUrl\":\"https:\\\/\\\/kuali.com.mx\\\/web\\\/wp-content\\\/uploads\\\/2022\\\/02\\\/Adolfo-Enriquez-Vanderkam.jpg\",\"datePublished\":\"2023-11-22T06:20:46+00:00\",\"dateModified\":\"2023-11-22T14:15:09+00:00\",\"author\":{\"@id\":\"https:\\\/\\\/kuali.com.mx\\\/web\\\/#\\\/schema\\\/person\\\/6f89ffa8ecba9dae50662357923c5289\"},\"breadcrumb\":{\"@id\":\"https:\\\/\\\/kuali.com.mx\\\/web\\\/2023\\\/11\\\/22\\\/matan-a-adolfo-enriquez-vanderkam\\\/#breadcrumb\"},\"inLanguage\":\"es\",\"potentialAction\":[{\"@type\":\"ReadAction\",\"target\":[\"https:\\\/\\\/kuali.com.mx\\\/web\\\/2023\\\/11\\\/22\\\/matan-a-adolfo-enriquez-vanderkam\\\/\"]}]},{\"@type\":\"ImageObject\",\"inLanguage\":\"es\",\"@id\":\"https:\\\/\\\/kuali.com.mx\\\/web\\\/2023\\\/11\\\/22\\\/matan-a-adolfo-enriquez-vanderkam\\\/#primaryimage\",\"url\":\"https:\\\/\\\/kuali.com.mx\\\/web\\\/wp-content\\\/uploads\\\/2022\\\/02\\\/Adolfo-Enriquez-Vanderkam.jpg\",\"contentUrl\":\"https:\\\/\\\/kuali.com.mx\\\/web\\\/wp-content\\\/uploads\\\/2022\\\/02\\\/Adolfo-Enriquez-Vanderkam.jpg\",\"width\":1769,\"height\":750},{\"@type\":\"BreadcrumbList\",\"@id\":\"https:\\\/\\\/kuali.com.mx\\\/web\\\/2023\\\/11\\\/22\\\/matan-a-adolfo-enriquez-vanderkam\\\/#breadcrumb\",\"itemListElement\":[{\"@type\":\"ListItem\",\"position\":1,\"name\":\"Inicio\",\"item\":\"https:\\\/\\\/kuali.com.mx\\\/web\\\/\"},{\"@type\":\"ListItem\",\"position\":2,\"name\":\"MATAN A ADOLFO ENR\u00cdQUEZ VANDERKAM\"}]},{\"@type\":\"WebSite\",\"@id\":\"https:\\\/\\\/kuali.com.mx\\\/web\\\/#website\",\"url\":\"https:\\\/\\\/kuali.com.mx\\\/web\\\/\",\"name\":\"Kuali\",\"description\":\"\",\"potentialAction\":[{\"@type\":\"SearchAction\",\"target\":{\"@type\":\"EntryPoint\",\"urlTemplate\":\"https:\\\/\\\/kuali.com.mx\\\/web\\\/?s={search_term_string}\"},\"query-input\":{\"@type\":\"PropertyValueSpecification\",\"valueRequired\":true,\"valueName\":\"search_term_string\"}}],\"inLanguage\":\"es\"},{\"@type\":\"Person\",\"@id\":\"https:\\\/\\\/kuali.com.mx\\\/web\\\/#\\\/schema\\\/person\\\/6f89ffa8ecba9dae50662357923c5289\",\"name\":\"Kuali Staff\",\"image\":{\"@type\":\"ImageObject\",\"inLanguage\":\"es\",\"@id\":\"https:\\\/\\\/secure.gravatar.com\\\/avatar\\\/f917ad82e5ab71227a733c78b6e60715476f69ee6be59feee4eb5d9920c89e0f?s=96&d=mm&r=g\",\"url\":\"https:\\\/\\\/secure.gravatar.com\\\/avatar\\\/f917ad82e5ab71227a733c78b6e60715476f69ee6be59feee4eb5d9920c89e0f?s=96&d=mm&r=g\",\"contentUrl\":\"https:\\\/\\\/secure.gravatar.com\\\/avatar\\\/f917ad82e5ab71227a733c78b6e60715476f69ee6be59feee4eb5d9920c89e0f?s=96&d=mm&r=g\",\"caption\":\"Kuali Staff\"},\"url\":\"https:\\\/\\\/kuali.com.mx\\\/web\\\/author\\\/lagarto\\\/\"}]}<\/script>\n<!-- \/ Yoast SEO plugin. -->","yoast_head_json":{"title":"MATAN A ADOLFO ENR\u00cdQUEZ VANDERKAM - Kuali","robots":{"index":"index","follow":"follow","max-snippet":"max-snippet:-1","max-image-preview":"max-image-preview:large","max-video-preview":"max-video-preview:-1"},"canonical":"https:\/\/kuali.com.mx\/web\/2023\/11\/22\/matan-a-adolfo-enriquez-vanderkam\/","og_locale":"es_MX","og_type":"article","og_title":"MATAN A ADOLFO ENR\u00cdQUEZ VANDERKAM - Kuali","og_description":"Carlos Garc\u00eda\/Le\u00f3n, Gto.- El reconocido y querido activista de la ciudad de Le\u00f3n, Adolfo Enr\u00edquez Vanderkam, fue asesinado a balazos cuando sali\u00f3 de cenar tacos en el barrio de San Juan de Dios. Vanderkam fue atacado a fuera de una taquer\u00eda ubicada en la calle 5 de Febrero, a una cuadra del Arco de la [&hellip;]","og_url":"https:\/\/kuali.com.mx\/web\/2023\/11\/22\/matan-a-adolfo-enriquez-vanderkam\/","og_site_name":"Kuali","article_publisher":"https:\/\/kuali.com.mx\/web\/wp-content\/uploads\/2018\/04\/cropped-kuali_logo-1-1.png","article_published_time":"2023-11-22T06:20:46+00:00","article_modified_time":"2023-11-22T14:15:09+00:00","og_image":[{"width":1769,"height":750,"url":"https:\/\/kuali.com.mx\/web\/wp-content\/uploads\/2022\/02\/Adolfo-Enriquez-Vanderkam.jpg","type":"image\/jpeg"}],"author":"Kuali Staff","twitter_card":"summary_large_image","twitter_creator":"@kuali_noticias","twitter_site":"@kuali_noticias","twitter_misc":{"Escrito por":"Kuali Staff","Tiempo de lectura":"3 minutos"},"schema":{"@context":"https:\/\/schema.org","@graph":[{"@type":"Article","@id":"https:\/\/kuali.com.mx\/web\/2023\/11\/22\/matan-a-adolfo-enriquez-vanderkam\/#article","isPartOf":{"@id":"https:\/\/kuali.com.mx\/web\/2023\/11\/22\/matan-a-adolfo-enriquez-vanderkam\/"},"author":{"name":"Kuali Staff","@id":"https:\/\/kuali.com.mx\/web\/#\/schema\/person\/6f89ffa8ecba9dae50662357923c5289"},"headline":"MATAN A ADOLFO ENR\u00cdQUEZ VANDERKAM","datePublished":"2023-11-22T06:20:46+00:00","dateModified":"2023-11-22T14:15:09+00:00","mainEntityOfPage":{"@id":"https:\/\/kuali.com.mx\/web\/2023\/11\/22\/matan-a-adolfo-enriquez-vanderkam\/"},"wordCount":630,"commentCount":0,"image":{"@id":"https:\/\/kuali.com.mx\/web\/2023\/11\/22\/matan-a-adolfo-enriquez-vanderkam\/#primaryimage"},"thumbnailUrl":"https:\/\/kuali.com.mx\/web\/wp-content\/uploads\/2022\/02\/Adolfo-Enriquez-Vanderkam.jpg","articleSection":["Pol\u00edtica","slider"],"inLanguage":"es","potentialAction":[{"@type":"CommentAction","name":"Comment","target":["https:\/\/kuali.com.mx\/web\/2023\/11\/22\/matan-a-adolfo-enriquez-vanderkam\/#respond"]}]},{"@type":"WebPage","@id":"https:\/\/kuali.com.mx\/web\/2023\/11\/22\/matan-a-adolfo-enriquez-vanderkam\/","url":"https:\/\/kuali.com.mx\/web\/2023\/11\/22\/matan-a-adolfo-enriquez-vanderkam\/","name":"MATAN A ADOLFO ENR\u00cdQUEZ VANDERKAM - Kuali","isPartOf":{"@id":"https:\/\/kuali.com.mx\/web\/#website"},"primaryImageOfPage":{"@id":"https:\/\/kuali.com.mx\/web\/2023\/11\/22\/matan-a-adolfo-enriquez-vanderkam\/#primaryimage"},"image":{"@id":"https:\/\/kuali.com.mx\/web\/2023\/11\/22\/matan-a-adolfo-enriquez-vanderkam\/#primaryimage"},"thumbnailUrl":"https:\/\/kuali.com.mx\/web\/wp-content\/uploads\/2022\/02\/Adolfo-Enriquez-Vanderkam.jpg","datePublished":"2023-11-22T06:20:46+00:00","dateModified":"2023-11-22T14:15:09+00:00","author":{"@id":"https:\/\/kuali.com.mx\/web\/#\/schema\/person\/6f89ffa8ecba9dae50662357923c5289"},"breadcrumb":{"@id":"https:\/\/kuali.com.mx\/web\/2023\/11\/22\/matan-a-adolfo-enriquez-vanderkam\/#breadcrumb"},"inLanguage":"es","potentialAction":[{"@type":"ReadAction","target":["https:\/\/kuali.com.mx\/web\/2023\/11\/22\/matan-a-adolfo-enriquez-vanderkam\/"]}]},{"@type":"ImageObject","inLanguage":"es","@id":"https:\/\/kuali.com.mx\/web\/2023\/11\/22\/matan-a-adolfo-enriquez-vanderkam\/#primaryimage","url":"https:\/\/kuali.com.mx\/web\/wp-content\/uploads\/2022\/02\/Adolfo-Enriquez-Vanderkam.jpg","contentUrl":"https:\/\/kuali.com.mx\/web\/wp-content\/uploads\/2022\/02\/Adolfo-Enriquez-Vanderkam.jpg","width":1769,"height":750},{"@type":"BreadcrumbList","@id":"https:\/\/kuali.com.mx\/web\/2023\/11\/22\/matan-a-adolfo-enriquez-vanderkam\/#breadcrumb","itemListElement":[{"@type":"ListItem","position":1,"name":"Inicio","item":"https:\/\/kuali.com.mx\/web\/"},{"@type":"ListItem","position":2,"name":"MATAN A ADOLFO ENR\u00cdQUEZ VANDERKAM"}]},{"@type":"WebSite","@id":"https:\/\/kuali.com.mx\/web\/#website","url":"https:\/\/kuali.com.mx\/web\/","name":"Kuali","description":"","potentialAction":[{"@type":"SearchAction","target":{"@type":"EntryPoint","urlTemplate":"https:\/\/kuali.com.mx\/web\/?s={search_term_string}"},"query-input":{"@type":"PropertyValueSpecification","valueRequired":true,"valueName":"search_term_string"}}],"inLanguage":"es"},{"@type":"Person","@id":"https:\/\/kuali.com.mx\/web\/#\/schema\/person\/6f89ffa8ecba9dae50662357923c5289","name":"Kuali Staff","image":{"@type":"ImageObject","inLanguage":"es","@id":"https:\/\/secure.gravatar.com\/avatar\/f917ad82e5ab71227a733c78b6e60715476f69ee6be59feee4eb5d9920c89e0f?s=96&d=mm&r=g","url":"https:\/\/secure.gravatar.com\/avatar\/f917ad82e5ab71227a733c78b6e60715476f69ee6be59feee4eb5d9920c89e0f?s=96&d=mm&r=g","contentUrl":"https:\/\/secure.gravatar.com\/avatar\/f917ad82e5ab71227a733c78b6e60715476f69ee6be59feee4eb5d9920c89e0f?s=96&d=mm&r=g","caption":"Kuali Staff"},"url":"https:\/\/kuali.com.mx\/web\/author\/lagarto\/"}]}},"_links":{"self":[{"href":"https:\/\/kuali.com.mx\/web\/wp-json\/wp\/v2\/posts\/130619","targetHints":{"allow":["GET"]}}],"collection":[{"href":"https:\/\/kuali.com.mx\/web\/wp-json\/wp\/v2\/posts"}],"about":[{"href":"https:\/\/kuali.com.mx\/web\/wp-json\/wp\/v2\/types\/post"}],"author":[{"embeddable":true,"href":"https:\/\/kuali.com.mx\/web\/wp-json\/wp\/v2\/users\/2"}],"replies":[{"embeddable":true,"href":"https:\/\/kuali.com.mx\/web\/wp-json\/wp\/v2\/comments?post=130619"}],"version-history":[{"count":3,"href":"https:\/\/kuali.com.mx\/web\/wp-json\/wp\/v2\/posts\/130619\/revisions"}],"predecessor-version":[{"id":130625,"href":"https:\/\/kuali.com.mx\/web\/wp-json\/wp\/v2\/posts\/130619\/revisions\/130625"}],"wp:featuredmedia":[{"embeddable":true,"href":"https:\/\/kuali.com.mx\/web\/wp-json\/wp\/v2\/media\/92111"}],"wp:attachment":[{"href":"https:\/\/kuali.com.mx\/web\/wp-json\/wp\/v2\/media?parent=130619"}],"wp:term":[{"taxonomy":"category","embeddable":true,"href":"https:\/\/kuali.com.mx\/web\/wp-json\/wp\/v2\/categories?post=130619"},{"taxonomy":"post_tag","embeddable":true,"href":"https:\/\/kuali.com.mx\/web\/wp-json\/wp\/v2\/tags?post=130619"}],"curies":[{"name":"wp","href":"https:\/\/api.w.org\/{rel}","templated":true}]}}