{"id":129197,"date":"2023-10-29T16:52:00","date_gmt":"2023-10-29T22:52:00","guid":{"rendered":"https:\/\/kuali.com.mx\/web\/?p=129197"},"modified":"2023-10-29T18:54:13","modified_gmt":"2023-10-30T00:54:13","slug":"promueven-vuelos-directos-de-guanajuato-a-europa","status":"publish","type":"post","link":"https:\/\/kuali.com.mx\/web\/2023\/10\/29\/promueven-vuelos-directos-de-guanajuato-a-europa\/","title":{"rendered":"PROMUEVEN VUELOS DIRECTOS DE GUANAJUATO A EUROPA"},"content":{"rendered":"\n<p><strong><em>Milagros Tadeo\/Le\u00f3n, Gto.-<\/em><\/strong> El\u00a0 pr\u00f3ximo a\u00f1o podr\u00eda concretarse un vuelo directo a Europa expres\u00f3 el secretario de Turismo de Guanajuato, Juan Jos\u00e9 \u00c1lvarez Brunel,\u00a0 quien indic\u00f3 que incluso ya se est\u00e1 trabajando en adecuaciones en el Aeropuerto Internacional del Baj\u00edo por parte de Grupo Aeroportuario del Pac\u00edfico.\u00a0<\/p>\n\n\n\n<p>\u201cHay varias capitales europeas y aerol\u00edneas para que podamos ir desarrollando esto, lo importante es que esta semana tuvimos una reuni\u00f3n nueva y nuevamente nos dijeron que hab\u00eda posibilidades. Es un tema de equipo, tienen los aviones, un tema de aspectos t\u00e9cnicos que ya se est\u00e1n platicando con el Grupo Aeroportuario del Pac\u00edfico y tendremos una muy buena noticia para el a\u00f1o que entra\u201d, anticip\u00f3.<\/p>\n\n\n\n<p>Sin embargo, expres\u00f3 que el contar con vuelos directos con Europa es un reto grande que requiere de tiempo.<\/p>\n\n\n\n<p>1:22 \u201cNo hemos dejado las pl\u00e1ticas con las l\u00edneas europeas para tener vuelo directo de una de las capitales europeas al Aeropuerto Internacional de Guanajuato, es un reto importante, no es algo que se vislumbre de manera inmediata pero el hecho de que se tenga m\u00e1s informaci\u00f3n\u201d, indic\u00f3.<\/p>\n\n\n\n<p>El funcionario estatal se\u00f1al\u00f3 que el objetivo es claro, incrementar la oferta a\u00e9rea en Guanajuato, en donde al d\u00eda de hoy se cuentan con 21 vuelos nacionales y 9 internacionales, incluso se sumar\u00e1 uno internacional (Detroit-Atlanta).<\/p>\n\n\n\n<p>\u201cY en los \u00faltimos meses hemos recibido rutas, 12 de ellas que suman 21 nacionales, en lo internacional tenemos 9 y ya se anunci\u00f3 por parte de Aerom\u00e9xico que en el primer trimestre del 2024 se har\u00e1 la ruta de Detroit-Atlanta y estamos en pl\u00e1ticas con una aerol\u00ednea canadiense que vuela directo al Aeropuerto Internacional de Guanajuato\u201d, explic\u00f3<\/p>\n","protected":false},"excerpt":{"rendered":"Milagros Tadeo\/Le\u00f3n, Gto.- El\u00a0 pr\u00f3ximo a\u00f1o podr\u00eda concretarse un vuelo directo a Europa expres\u00f3 el secretario de Turismo de Guanajuato, Juan Jos\u00e9 \u00c1lvarez Brunel,\u00a0 quien indic\u00f3 que incluso ya se est\u00e1 trabajando en adecuaciones en el Aeropuerto Internacional del Baj\u00edo por parte de Grupo Aeroportuario del Pac\u00edfico.\u00a0 \u201cHay varias capitales europeas y aerol\u00edneas para que [&hellip;]","protected":false},"author":2,"featured_media":119504,"comment_status":"open","ping_status":"open","sticky":false,"template":"","format":"standard","meta":{"_seopress_robots_primary_cat":"none","_seopress_titles_title":"","_seopress_titles_desc":"","_seopress_robots_index":"","_monsterinsights_skip_tracking":false,"_monsterinsights_sitenote_active":false,"_monsterinsights_sitenote_note":"","_monsterinsights_sitenote_category":0,"footnotes":""},"categories":[69,13],"tags":[],"class_list":["post-129197","post","type-post","status-publish","format-standard","has-post-thumbnail","hentry","category-slider","category-turismo"],"yoast_head":"<!-- This site is optimized with the Yoast SEO plugin v27.4 - https:\/\/yoast.com\/product\/yoast-seo-wordpress\/ -->\n<title>PROMUEVEN VUELOS DIRECTOS DE GUANAJUATO A EUROPA - Kuali<\/title>\n<meta name=\"robots\" content=\"index, follow, max-snippet:-1, max-image-preview:large, max-video-preview:-1\" \/>\n<link rel=\"canonical\" href=\"https:\/\/kuali.com.mx\/web\/2023\/10\/29\/promueven-vuelos-directos-de-guanajuato-a-europa\/\" \/>\n<meta property=\"og:locale\" content=\"es_MX\" \/>\n<meta property=\"og:type\" content=\"article\" \/>\n<meta property=\"og:title\" content=\"PROMUEVEN VUELOS DIRECTOS DE GUANAJUATO A EUROPA - Kuali\" \/>\n<meta property=\"og:description\" content=\"Milagros Tadeo\/Le\u00f3n, Gto.- El\u00a0 pr\u00f3ximo a\u00f1o podr\u00eda concretarse un vuelo directo a Europa expres\u00f3 el secretario de Turismo de Guanajuato, Juan Jos\u00e9 \u00c1lvarez Brunel,\u00a0 quien indic\u00f3 que incluso ya se est\u00e1 trabajando en adecuaciones en el Aeropuerto Internacional del Baj\u00edo por parte de Grupo Aeroportuario del Pac\u00edfico.\u00a0 \u201cHay varias capitales europeas y aerol\u00edneas para que [&hellip;]\" \/>\n<meta property=\"og:url\" content=\"https:\/\/kuali.com.mx\/web\/2023\/10\/29\/promueven-vuelos-directos-de-guanajuato-a-europa\/\" \/>\n<meta property=\"og:site_name\" content=\"Kuali\" \/>\n<meta property=\"article:publisher\" content=\"https:\/\/kuali.com.mx\/web\/wp-content\/uploads\/2018\/04\/cropped-kuali_logo-1-1.png\" \/>\n<meta property=\"article:published_time\" content=\"2023-10-29T22:52:00+00:00\" \/>\n<meta property=\"article:modified_time\" content=\"2023-10-30T00:54:13+00:00\" \/>\n<meta property=\"og:image\" content=\"https:\/\/kuali.com.mx\/web\/wp-content\/uploads\/2023\/05\/Aeropuerto.gif\" \/>\n\t<meta property=\"og:image:width\" content=\"1700\" \/>\n\t<meta property=\"og:image:height\" content=\"750\" \/>\n\t<meta property=\"og:image:type\" content=\"image\/gif\" \/>\n<meta name=\"author\" content=\"Kuali Staff\" \/>\n<meta name=\"twitter:card\" content=\"summary_large_image\" \/>\n<meta name=\"twitter:creator\" content=\"@kuali_noticias\" \/>\n<meta name=\"twitter:site\" content=\"@kuali_noticias\" \/>\n<meta name=\"twitter:label1\" content=\"Escrito por\" \/>\n\t<meta name=\"twitter:data1\" content=\"Kuali Staff\" \/>\n\t<meta name=\"twitter:label2\" content=\"Tiempo de lectura\" \/>\n\t<meta name=\"twitter:data2\" content=\"1 minuto\" \/>\n<script type=\"application\/ld+json\" class=\"yoast-schema-graph\">{\"@context\":\"https:\\\/\\\/schema.org\",\"@graph\":[{\"@type\":\"Article\",\"@id\":\"https:\\\/\\\/kuali.com.mx\\\/web\\\/2023\\\/10\\\/29\\\/promueven-vuelos-directos-de-guanajuato-a-europa\\\/#article\",\"isPartOf\":{\"@id\":\"https:\\\/\\\/kuali.com.mx\\\/web\\\/2023\\\/10\\\/29\\\/promueven-vuelos-directos-de-guanajuato-a-europa\\\/\"},\"author\":{\"name\":\"Kuali Staff\",\"@id\":\"https:\\\/\\\/kuali.com.mx\\\/web\\\/#\\\/schema\\\/person\\\/6f89ffa8ecba9dae50662357923c5289\"},\"headline\":\"PROMUEVEN VUELOS DIRECTOS DE GUANAJUATO A EUROPA\",\"datePublished\":\"2023-10-29T22:52:00+00:00\",\"dateModified\":\"2023-10-30T00:54:13+00:00\",\"mainEntityOfPage\":{\"@id\":\"https:\\\/\\\/kuali.com.mx\\\/web\\\/2023\\\/10\\\/29\\\/promueven-vuelos-directos-de-guanajuato-a-europa\\\/\"},\"wordCount\":298,\"commentCount\":0,\"image\":{\"@id\":\"https:\\\/\\\/kuali.com.mx\\\/web\\\/2023\\\/10\\\/29\\\/promueven-vuelos-directos-de-guanajuato-a-europa\\\/#primaryimage\"},\"thumbnailUrl\":\"https:\\\/\\\/kuali.com.mx\\\/web\\\/wp-content\\\/uploads\\\/2023\\\/05\\\/Aeropuerto.gif\",\"articleSection\":[\"slider\",\"Turismo\"],\"inLanguage\":\"es\",\"potentialAction\":[{\"@type\":\"CommentAction\",\"name\":\"Comment\",\"target\":[\"https:\\\/\\\/kuali.com.mx\\\/web\\\/2023\\\/10\\\/29\\\/promueven-vuelos-directos-de-guanajuato-a-europa\\\/#respond\"]}]},{\"@type\":\"WebPage\",\"@id\":\"https:\\\/\\\/kuali.com.mx\\\/web\\\/2023\\\/10\\\/29\\\/promueven-vuelos-directos-de-guanajuato-a-europa\\\/\",\"url\":\"https:\\\/\\\/kuali.com.mx\\\/web\\\/2023\\\/10\\\/29\\\/promueven-vuelos-directos-de-guanajuato-a-europa\\\/\",\"name\":\"PROMUEVEN VUELOS DIRECTOS DE GUANAJUATO A EUROPA - Kuali\",\"isPartOf\":{\"@id\":\"https:\\\/\\\/kuali.com.mx\\\/web\\\/#website\"},\"primaryImageOfPage\":{\"@id\":\"https:\\\/\\\/kuali.com.mx\\\/web\\\/2023\\\/10\\\/29\\\/promueven-vuelos-directos-de-guanajuato-a-europa\\\/#primaryimage\"},\"image\":{\"@id\":\"https:\\\/\\\/kuali.com.mx\\\/web\\\/2023\\\/10\\\/29\\\/promueven-vuelos-directos-de-guanajuato-a-europa\\\/#primaryimage\"},\"thumbnailUrl\":\"https:\\\/\\\/kuali.com.mx\\\/web\\\/wp-content\\\/uploads\\\/2023\\\/05\\\/Aeropuerto.gif\",\"datePublished\":\"2023-10-29T22:52:00+00:00\",\"dateModified\":\"2023-10-30T00:54:13+00:00\",\"author\":{\"@id\":\"https:\\\/\\\/kuali.com.mx\\\/web\\\/#\\\/schema\\\/person\\\/6f89ffa8ecba9dae50662357923c5289\"},\"breadcrumb\":{\"@id\":\"https:\\\/\\\/kuali.com.mx\\\/web\\\/2023\\\/10\\\/29\\\/promueven-vuelos-directos-de-guanajuato-a-europa\\\/#breadcrumb\"},\"inLanguage\":\"es\",\"potentialAction\":[{\"@type\":\"ReadAction\",\"target\":[\"https:\\\/\\\/kuali.com.mx\\\/web\\\/2023\\\/10\\\/29\\\/promueven-vuelos-directos-de-guanajuato-a-europa\\\/\"]}]},{\"@type\":\"ImageObject\",\"inLanguage\":\"es\",\"@id\":\"https:\\\/\\\/kuali.com.mx\\\/web\\\/2023\\\/10\\\/29\\\/promueven-vuelos-directos-de-guanajuato-a-europa\\\/#primaryimage\",\"url\":\"https:\\\/\\\/kuali.com.mx\\\/web\\\/wp-content\\\/uploads\\\/2023\\\/05\\\/Aeropuerto.gif\",\"contentUrl\":\"https:\\\/\\\/kuali.com.mx\\\/web\\\/wp-content\\\/uploads\\\/2023\\\/05\\\/Aeropuerto.gif\",\"width\":1700,\"height\":750},{\"@type\":\"BreadcrumbList\",\"@id\":\"https:\\\/\\\/kuali.com.mx\\\/web\\\/2023\\\/10\\\/29\\\/promueven-vuelos-directos-de-guanajuato-a-europa\\\/#breadcrumb\",\"itemListElement\":[{\"@type\":\"ListItem\",\"position\":1,\"name\":\"Inicio\",\"item\":\"https:\\\/\\\/kuali.com.mx\\\/web\\\/\"},{\"@type\":\"ListItem\",\"position\":2,\"name\":\"PROMUEVEN VUELOS DIRECTOS DE GUANAJUATO A EUROPA\"}]},{\"@type\":\"WebSite\",\"@id\":\"https:\\\/\\\/kuali.com.mx\\\/web\\\/#website\",\"url\":\"https:\\\/\\\/kuali.com.mx\\\/web\\\/\",\"name\":\"Kuali\",\"description\":\"\",\"potentialAction\":[{\"@type\":\"SearchAction\",\"target\":{\"@type\":\"EntryPoint\",\"urlTemplate\":\"https:\\\/\\\/kuali.com.mx\\\/web\\\/?s={search_term_string}\"},\"query-input\":{\"@type\":\"PropertyValueSpecification\",\"valueRequired\":true,\"valueName\":\"search_term_string\"}}],\"inLanguage\":\"es\"},{\"@type\":\"Person\",\"@id\":\"https:\\\/\\\/kuali.com.mx\\\/web\\\/#\\\/schema\\\/person\\\/6f89ffa8ecba9dae50662357923c5289\",\"name\":\"Kuali Staff\",\"image\":{\"@type\":\"ImageObject\",\"inLanguage\":\"es\",\"@id\":\"https:\\\/\\\/secure.gravatar.com\\\/avatar\\\/f917ad82e5ab71227a733c78b6e60715476f69ee6be59feee4eb5d9920c89e0f?s=96&d=mm&r=g\",\"url\":\"https:\\\/\\\/secure.gravatar.com\\\/avatar\\\/f917ad82e5ab71227a733c78b6e60715476f69ee6be59feee4eb5d9920c89e0f?s=96&d=mm&r=g\",\"contentUrl\":\"https:\\\/\\\/secure.gravatar.com\\\/avatar\\\/f917ad82e5ab71227a733c78b6e60715476f69ee6be59feee4eb5d9920c89e0f?s=96&d=mm&r=g\",\"caption\":\"Kuali Staff\"},\"url\":\"https:\\\/\\\/kuali.com.mx\\\/web\\\/author\\\/lagarto\\\/\"}]}<\/script>\n<!-- \/ Yoast SEO plugin. -->","yoast_head_json":{"title":"PROMUEVEN VUELOS DIRECTOS DE GUANAJUATO A EUROPA - Kuali","robots":{"index":"index","follow":"follow","max-snippet":"max-snippet:-1","max-image-preview":"max-image-preview:large","max-video-preview":"max-video-preview:-1"},"canonical":"https:\/\/kuali.com.mx\/web\/2023\/10\/29\/promueven-vuelos-directos-de-guanajuato-a-europa\/","og_locale":"es_MX","og_type":"article","og_title":"PROMUEVEN VUELOS DIRECTOS DE GUANAJUATO A EUROPA - Kuali","og_description":"Milagros Tadeo\/Le\u00f3n, Gto.- El\u00a0 pr\u00f3ximo a\u00f1o podr\u00eda concretarse un vuelo directo a Europa expres\u00f3 el secretario de Turismo de Guanajuato, Juan Jos\u00e9 \u00c1lvarez Brunel,\u00a0 quien indic\u00f3 que incluso ya se est\u00e1 trabajando en adecuaciones en el Aeropuerto Internacional del Baj\u00edo por parte de Grupo Aeroportuario del Pac\u00edfico.\u00a0 \u201cHay varias capitales europeas y aerol\u00edneas para que [&hellip;]","og_url":"https:\/\/kuali.com.mx\/web\/2023\/10\/29\/promueven-vuelos-directos-de-guanajuato-a-europa\/","og_site_name":"Kuali","article_publisher":"https:\/\/kuali.com.mx\/web\/wp-content\/uploads\/2018\/04\/cropped-kuali_logo-1-1.png","article_published_time":"2023-10-29T22:52:00+00:00","article_modified_time":"2023-10-30T00:54:13+00:00","og_image":[{"width":1700,"height":750,"url":"https:\/\/kuali.com.mx\/web\/wp-content\/uploads\/2023\/05\/Aeropuerto.gif","type":"image\/gif"}],"author":"Kuali Staff","twitter_card":"summary_large_image","twitter_creator":"@kuali_noticias","twitter_site":"@kuali_noticias","twitter_misc":{"Escrito por":"Kuali Staff","Tiempo de lectura":"1 minuto"},"schema":{"@context":"https:\/\/schema.org","@graph":[{"@type":"Article","@id":"https:\/\/kuali.com.mx\/web\/2023\/10\/29\/promueven-vuelos-directos-de-guanajuato-a-europa\/#article","isPartOf":{"@id":"https:\/\/kuali.com.mx\/web\/2023\/10\/29\/promueven-vuelos-directos-de-guanajuato-a-europa\/"},"author":{"name":"Kuali Staff","@id":"https:\/\/kuali.com.mx\/web\/#\/schema\/person\/6f89ffa8ecba9dae50662357923c5289"},"headline":"PROMUEVEN VUELOS DIRECTOS DE GUANAJUATO A EUROPA","datePublished":"2023-10-29T22:52:00+00:00","dateModified":"2023-10-30T00:54:13+00:00","mainEntityOfPage":{"@id":"https:\/\/kuali.com.mx\/web\/2023\/10\/29\/promueven-vuelos-directos-de-guanajuato-a-europa\/"},"wordCount":298,"commentCount":0,"image":{"@id":"https:\/\/kuali.com.mx\/web\/2023\/10\/29\/promueven-vuelos-directos-de-guanajuato-a-europa\/#primaryimage"},"thumbnailUrl":"https:\/\/kuali.com.mx\/web\/wp-content\/uploads\/2023\/05\/Aeropuerto.gif","articleSection":["slider","Turismo"],"inLanguage":"es","potentialAction":[{"@type":"CommentAction","name":"Comment","target":["https:\/\/kuali.com.mx\/web\/2023\/10\/29\/promueven-vuelos-directos-de-guanajuato-a-europa\/#respond"]}]},{"@type":"WebPage","@id":"https:\/\/kuali.com.mx\/web\/2023\/10\/29\/promueven-vuelos-directos-de-guanajuato-a-europa\/","url":"https:\/\/kuali.com.mx\/web\/2023\/10\/29\/promueven-vuelos-directos-de-guanajuato-a-europa\/","name":"PROMUEVEN VUELOS DIRECTOS DE GUANAJUATO A EUROPA - Kuali","isPartOf":{"@id":"https:\/\/kuali.com.mx\/web\/#website"},"primaryImageOfPage":{"@id":"https:\/\/kuali.com.mx\/web\/2023\/10\/29\/promueven-vuelos-directos-de-guanajuato-a-europa\/#primaryimage"},"image":{"@id":"https:\/\/kuali.com.mx\/web\/2023\/10\/29\/promueven-vuelos-directos-de-guanajuato-a-europa\/#primaryimage"},"thumbnailUrl":"https:\/\/kuali.com.mx\/web\/wp-content\/uploads\/2023\/05\/Aeropuerto.gif","datePublished":"2023-10-29T22:52:00+00:00","dateModified":"2023-10-30T00:54:13+00:00","author":{"@id":"https:\/\/kuali.com.mx\/web\/#\/schema\/person\/6f89ffa8ecba9dae50662357923c5289"},"breadcrumb":{"@id":"https:\/\/kuali.com.mx\/web\/2023\/10\/29\/promueven-vuelos-directos-de-guanajuato-a-europa\/#breadcrumb"},"inLanguage":"es","potentialAction":[{"@type":"ReadAction","target":["https:\/\/kuali.com.mx\/web\/2023\/10\/29\/promueven-vuelos-directos-de-guanajuato-a-europa\/"]}]},{"@type":"ImageObject","inLanguage":"es","@id":"https:\/\/kuali.com.mx\/web\/2023\/10\/29\/promueven-vuelos-directos-de-guanajuato-a-europa\/#primaryimage","url":"https:\/\/kuali.com.mx\/web\/wp-content\/uploads\/2023\/05\/Aeropuerto.gif","contentUrl":"https:\/\/kuali.com.mx\/web\/wp-content\/uploads\/2023\/05\/Aeropuerto.gif","width":1700,"height":750},{"@type":"BreadcrumbList","@id":"https:\/\/kuali.com.mx\/web\/2023\/10\/29\/promueven-vuelos-directos-de-guanajuato-a-europa\/#breadcrumb","itemListElement":[{"@type":"ListItem","position":1,"name":"Inicio","item":"https:\/\/kuali.com.mx\/web\/"},{"@type":"ListItem","position":2,"name":"PROMUEVEN VUELOS DIRECTOS DE GUANAJUATO A EUROPA"}]},{"@type":"WebSite","@id":"https:\/\/kuali.com.mx\/web\/#website","url":"https:\/\/kuali.com.mx\/web\/","name":"Kuali","description":"","potentialAction":[{"@type":"SearchAction","target":{"@type":"EntryPoint","urlTemplate":"https:\/\/kuali.com.mx\/web\/?s={search_term_string}"},"query-input":{"@type":"PropertyValueSpecification","valueRequired":true,"valueName":"search_term_string"}}],"inLanguage":"es"},{"@type":"Person","@id":"https:\/\/kuali.com.mx\/web\/#\/schema\/person\/6f89ffa8ecba9dae50662357923c5289","name":"Kuali Staff","image":{"@type":"ImageObject","inLanguage":"es","@id":"https:\/\/secure.gravatar.com\/avatar\/f917ad82e5ab71227a733c78b6e60715476f69ee6be59feee4eb5d9920c89e0f?s=96&d=mm&r=g","url":"https:\/\/secure.gravatar.com\/avatar\/f917ad82e5ab71227a733c78b6e60715476f69ee6be59feee4eb5d9920c89e0f?s=96&d=mm&r=g","contentUrl":"https:\/\/secure.gravatar.com\/avatar\/f917ad82e5ab71227a733c78b6e60715476f69ee6be59feee4eb5d9920c89e0f?s=96&d=mm&r=g","caption":"Kuali Staff"},"url":"https:\/\/kuali.com.mx\/web\/author\/lagarto\/"}]}},"_links":{"self":[{"href":"https:\/\/kuali.com.mx\/web\/wp-json\/wp\/v2\/posts\/129197","targetHints":{"allow":["GET"]}}],"collection":[{"href":"https:\/\/kuali.com.mx\/web\/wp-json\/wp\/v2\/posts"}],"about":[{"href":"https:\/\/kuali.com.mx\/web\/wp-json\/wp\/v2\/types\/post"}],"author":[{"embeddable":true,"href":"https:\/\/kuali.com.mx\/web\/wp-json\/wp\/v2\/users\/2"}],"replies":[{"embeddable":true,"href":"https:\/\/kuali.com.mx\/web\/wp-json\/wp\/v2\/comments?post=129197"}],"version-history":[{"count":1,"href":"https:\/\/kuali.com.mx\/web\/wp-json\/wp\/v2\/posts\/129197\/revisions"}],"predecessor-version":[{"id":129200,"href":"https:\/\/kuali.com.mx\/web\/wp-json\/wp\/v2\/posts\/129197\/revisions\/129200"}],"wp:featuredmedia":[{"embeddable":true,"href":"https:\/\/kuali.com.mx\/web\/wp-json\/wp\/v2\/media\/119504"}],"wp:attachment":[{"href":"https:\/\/kuali.com.mx\/web\/wp-json\/wp\/v2\/media?parent=129197"}],"wp:term":[{"taxonomy":"category","embeddable":true,"href":"https:\/\/kuali.com.mx\/web\/wp-json\/wp\/v2\/categories?post=129197"},{"taxonomy":"post_tag","embeddable":true,"href":"https:\/\/kuali.com.mx\/web\/wp-json\/wp\/v2\/tags?post=129197"}],"curies":[{"name":"wp","href":"https:\/\/api.w.org\/{rel}","templated":true}]}}