{"id":128825,"date":"2023-10-24T17:40:00","date_gmt":"2023-10-24T23:40:00","guid":{"rendered":"https:\/\/kuali.com.mx\/web\/?p=128825"},"modified":"2023-10-24T18:00:44","modified_gmt":"2023-10-25T00:00:44","slug":"elaboraran-policromatico-tapete-de-la-muerte","status":"publish","type":"post","link":"https:\/\/kuali.com.mx\/web\/2023\/10\/24\/elaboraran-policromatico-tapete-de-la-muerte\/","title":{"rendered":"ELABORAR\u00c1N POLICROM\u00c1TICO TAPETE DE LA MUERTE"},"content":{"rendered":"\n<p><strong><em>Kuali\/Guanajuato, Gto.-<\/em><\/strong>M\u00e1s de 80 equipos creativos participar\u00e1n en la d\u00e9cimo sexta edici\u00f3n del Tapete de la Muerte, uno de los principales atractivos del Festival del D\u00eda de los Muertos que este a\u00f1o se celebrar\u00e1 en Guanajuato Capital, del martes 31 de octubre al domingo 5 de noviembre.<\/p>\n\n\n\n<p>El policrom\u00e1tico Tapete de la Muerte se elabora el jueves 2 de noviembre con aserr\u00edn, flores y semillas, y se extiende del templo de San Francisco a la Plaza de la Paz, se\u00f1al\u00f3 Pedro Chac\u00f3n, presidente de la asociaci\u00f3n Manos Unidas, principal motor de esta pasajera manifestaci\u00f3n del arte guanajuatense.<\/p>\n\n\n\n<p>Es una extensa muestra de arte ef\u00edmero que, este a\u00f1o, congrega a Colombia como pa\u00eds invitado de honor y a los estados de Oaxaca, Guerrero, Michoac\u00e1n, Tlaxcala, Hidalgo, Quer\u00e9taro y Nayarit, as\u00ed como a los municipios guanajuatenses de Uriangato, Dolores Hidalgo, Silao y Le\u00f3n, y a las comunidades capitalinas La Concepci\u00f3n, Santa Rosa, El Tejab\u00e1n y San Jos\u00e9 de Llanos.<\/p>\n\n\n\n<p>En representaci\u00f3n del alcalde capitalino, Alejandro Navarro, el director de Desarrollo Tur\u00edstico y Econ\u00f3mico, Daniel Guti\u00e9rrez Meave, se\u00f1al\u00f3 que el Tapete de la Muerte ha contribuido a posicionar&nbsp; a Guanajuato Capital como un destino ideal para vivir el D\u00eda de Muertos, no solo en M\u00e9xico, sino en otras partes del mundo.<\/p>\n\n\n\n<p>La elaboraci\u00f3n de las obras ef\u00edmeras que integran el Tapete de la Muerte comenzar\u00e1 a las 7:00 de la ma\u00f1ana, mientras que el repique de campanas se llevar\u00e1 a cabo a las 3:00 de la tarde junto con el lanzamiento de globos biodegradables, un espect\u00e1culo que representa el ascenso de las almas.<\/p>\n\n\n\n<p>La exposici\u00f3n del Tapete de la Muerte concluir\u00e1 a las 10:00 de la noche con el Retorno al Mictl\u00e1n, un&nbsp; recorrido encabezado por la personificaci\u00f3n femenina de la muerte, quien macera las obras ef\u00edmeras con sus pies, acompa\u00f1ada por una fascinante y multisensorial combinaci\u00f3n de m\u00fasica prehisp\u00e1nica, flores e incienso. El recorrido nocturno iniciar\u00e1 en el puente del Campanero y concluir\u00e1 en la Bas\u00edlica Colegiata de Nuestra Se\u00f1ora de Guanajuato, bajo la coordinaci\u00f3n del grupo Coreda, finaliz\u00f3 Pedro Chac\u00f3n.<\/p>\n","protected":false},"excerpt":{"rendered":"Kuali\/Guanajuato, Gto.-M\u00e1s de 80 equipos creativos participar\u00e1n en la d\u00e9cimo sexta edici\u00f3n del Tapete de la Muerte, uno de los principales atractivos del Festival del D\u00eda de los Muertos que este a\u00f1o se celebrar\u00e1 en Guanajuato Capital, del martes 31 de octubre al domingo 5 de noviembre. El policrom\u00e1tico Tapete de la Muerte se elabora [&hellip;]","protected":false},"author":2,"featured_media":128828,"comment_status":"open","ping_status":"open","sticky":false,"template":"","format":"standard","meta":{"_seopress_robots_primary_cat":"none","_seopress_titles_title":"","_seopress_titles_desc":"","_seopress_robots_index":"","_monsterinsights_skip_tracking":false,"_monsterinsights_sitenote_active":false,"_monsterinsights_sitenote_note":"","_monsterinsights_sitenote_category":0,"footnotes":""},"categories":[8],"tags":[],"class_list":["post-128825","post","type-post","status-publish","format-standard","has-post-thumbnail","hentry","category-espectaculos"],"yoast_head":"<!-- This site is optimized with the Yoast SEO plugin v27.4 - https:\/\/yoast.com\/product\/yoast-seo-wordpress\/ -->\n<title>ELABORAR\u00c1N POLICROM\u00c1TICO TAPETE DE LA MUERTE - Kuali<\/title>\n<meta name=\"robots\" content=\"index, follow, max-snippet:-1, max-image-preview:large, max-video-preview:-1\" \/>\n<link rel=\"canonical\" href=\"https:\/\/kuali.com.mx\/web\/2023\/10\/24\/elaboraran-policromatico-tapete-de-la-muerte\/\" \/>\n<meta property=\"og:locale\" content=\"es_MX\" \/>\n<meta property=\"og:type\" content=\"article\" \/>\n<meta property=\"og:title\" content=\"ELABORAR\u00c1N POLICROM\u00c1TICO TAPETE DE LA MUERTE - Kuali\" \/>\n<meta property=\"og:description\" content=\"Kuali\/Guanajuato, Gto.-M\u00e1s de 80 equipos creativos participar\u00e1n en la d\u00e9cimo sexta edici\u00f3n del Tapete de la Muerte, uno de los principales atractivos del Festival del D\u00eda de los Muertos que este a\u00f1o se celebrar\u00e1 en Guanajuato Capital, del martes 31 de octubre al domingo 5 de noviembre. El policrom\u00e1tico Tapete de la Muerte se elabora [&hellip;]\" \/>\n<meta property=\"og:url\" content=\"https:\/\/kuali.com.mx\/web\/2023\/10\/24\/elaboraran-policromatico-tapete-de-la-muerte\/\" \/>\n<meta property=\"og:site_name\" content=\"Kuali\" \/>\n<meta property=\"article:publisher\" content=\"https:\/\/kuali.com.mx\/web\/wp-content\/uploads\/2018\/04\/cropped-kuali_logo-1-1.png\" \/>\n<meta property=\"article:published_time\" content=\"2023-10-24T23:40:00+00:00\" \/>\n<meta property=\"article:modified_time\" content=\"2023-10-25T00:00:44+00:00\" \/>\n<meta property=\"og:image\" content=\"https:\/\/kuali.com.mx\/web\/wp-content\/uploads\/2023\/10\/DIA-MUERTOS.jpeg\" \/>\n\t<meta property=\"og:image:width\" content=\"1600\" \/>\n\t<meta property=\"og:image:height\" content=\"1066\" \/>\n\t<meta property=\"og:image:type\" content=\"image\/jpeg\" \/>\n<meta name=\"author\" content=\"Kuali Staff\" \/>\n<meta name=\"twitter:card\" content=\"summary_large_image\" \/>\n<meta name=\"twitter:creator\" content=\"@kuali_noticias\" \/>\n<meta name=\"twitter:site\" content=\"@kuali_noticias\" \/>\n<meta name=\"twitter:label1\" content=\"Escrito por\" \/>\n\t<meta name=\"twitter:data1\" content=\"Kuali Staff\" \/>\n\t<meta name=\"twitter:label2\" content=\"Tiempo de lectura\" \/>\n\t<meta name=\"twitter:data2\" content=\"2 minutos\" \/>\n<script type=\"application\/ld+json\" class=\"yoast-schema-graph\">{\"@context\":\"https:\\\/\\\/schema.org\",\"@graph\":[{\"@type\":\"Article\",\"@id\":\"https:\\\/\\\/kuali.com.mx\\\/web\\\/2023\\\/10\\\/24\\\/elaboraran-policromatico-tapete-de-la-muerte\\\/#article\",\"isPartOf\":{\"@id\":\"https:\\\/\\\/kuali.com.mx\\\/web\\\/2023\\\/10\\\/24\\\/elaboraran-policromatico-tapete-de-la-muerte\\\/\"},\"author\":{\"name\":\"Kuali Staff\",\"@id\":\"https:\\\/\\\/kuali.com.mx\\\/web\\\/#\\\/schema\\\/person\\\/6f89ffa8ecba9dae50662357923c5289\"},\"headline\":\"ELABORAR\u00c1N POLICROM\u00c1TICO TAPETE DE LA MUERTE\",\"datePublished\":\"2023-10-24T23:40:00+00:00\",\"dateModified\":\"2023-10-25T00:00:44+00:00\",\"mainEntityOfPage\":{\"@id\":\"https:\\\/\\\/kuali.com.mx\\\/web\\\/2023\\\/10\\\/24\\\/elaboraran-policromatico-tapete-de-la-muerte\\\/\"},\"wordCount\":388,\"commentCount\":0,\"image\":{\"@id\":\"https:\\\/\\\/kuali.com.mx\\\/web\\\/2023\\\/10\\\/24\\\/elaboraran-policromatico-tapete-de-la-muerte\\\/#primaryimage\"},\"thumbnailUrl\":\"https:\\\/\\\/kuali.com.mx\\\/web\\\/wp-content\\\/uploads\\\/2023\\\/10\\\/DIA-MUERTOS.jpeg\",\"articleSection\":[\"Cultura\"],\"inLanguage\":\"es\",\"potentialAction\":[{\"@type\":\"CommentAction\",\"name\":\"Comment\",\"target\":[\"https:\\\/\\\/kuali.com.mx\\\/web\\\/2023\\\/10\\\/24\\\/elaboraran-policromatico-tapete-de-la-muerte\\\/#respond\"]}]},{\"@type\":\"WebPage\",\"@id\":\"https:\\\/\\\/kuali.com.mx\\\/web\\\/2023\\\/10\\\/24\\\/elaboraran-policromatico-tapete-de-la-muerte\\\/\",\"url\":\"https:\\\/\\\/kuali.com.mx\\\/web\\\/2023\\\/10\\\/24\\\/elaboraran-policromatico-tapete-de-la-muerte\\\/\",\"name\":\"ELABORAR\u00c1N POLICROM\u00c1TICO TAPETE DE LA MUERTE - Kuali\",\"isPartOf\":{\"@id\":\"https:\\\/\\\/kuali.com.mx\\\/web\\\/#website\"},\"primaryImageOfPage\":{\"@id\":\"https:\\\/\\\/kuali.com.mx\\\/web\\\/2023\\\/10\\\/24\\\/elaboraran-policromatico-tapete-de-la-muerte\\\/#primaryimage\"},\"image\":{\"@id\":\"https:\\\/\\\/kuali.com.mx\\\/web\\\/2023\\\/10\\\/24\\\/elaboraran-policromatico-tapete-de-la-muerte\\\/#primaryimage\"},\"thumbnailUrl\":\"https:\\\/\\\/kuali.com.mx\\\/web\\\/wp-content\\\/uploads\\\/2023\\\/10\\\/DIA-MUERTOS.jpeg\",\"datePublished\":\"2023-10-24T23:40:00+00:00\",\"dateModified\":\"2023-10-25T00:00:44+00:00\",\"author\":{\"@id\":\"https:\\\/\\\/kuali.com.mx\\\/web\\\/#\\\/schema\\\/person\\\/6f89ffa8ecba9dae50662357923c5289\"},\"breadcrumb\":{\"@id\":\"https:\\\/\\\/kuali.com.mx\\\/web\\\/2023\\\/10\\\/24\\\/elaboraran-policromatico-tapete-de-la-muerte\\\/#breadcrumb\"},\"inLanguage\":\"es\",\"potentialAction\":[{\"@type\":\"ReadAction\",\"target\":[\"https:\\\/\\\/kuali.com.mx\\\/web\\\/2023\\\/10\\\/24\\\/elaboraran-policromatico-tapete-de-la-muerte\\\/\"]}]},{\"@type\":\"ImageObject\",\"inLanguage\":\"es\",\"@id\":\"https:\\\/\\\/kuali.com.mx\\\/web\\\/2023\\\/10\\\/24\\\/elaboraran-policromatico-tapete-de-la-muerte\\\/#primaryimage\",\"url\":\"https:\\\/\\\/kuali.com.mx\\\/web\\\/wp-content\\\/uploads\\\/2023\\\/10\\\/DIA-MUERTOS.jpeg\",\"contentUrl\":\"https:\\\/\\\/kuali.com.mx\\\/web\\\/wp-content\\\/uploads\\\/2023\\\/10\\\/DIA-MUERTOS.jpeg\",\"width\":1600,\"height\":1066},{\"@type\":\"BreadcrumbList\",\"@id\":\"https:\\\/\\\/kuali.com.mx\\\/web\\\/2023\\\/10\\\/24\\\/elaboraran-policromatico-tapete-de-la-muerte\\\/#breadcrumb\",\"itemListElement\":[{\"@type\":\"ListItem\",\"position\":1,\"name\":\"Inicio\",\"item\":\"https:\\\/\\\/kuali.com.mx\\\/web\\\/\"},{\"@type\":\"ListItem\",\"position\":2,\"name\":\"ELABORAR\u00c1N POLICROM\u00c1TICO TAPETE DE LA MUERTE\"}]},{\"@type\":\"WebSite\",\"@id\":\"https:\\\/\\\/kuali.com.mx\\\/web\\\/#website\",\"url\":\"https:\\\/\\\/kuali.com.mx\\\/web\\\/\",\"name\":\"Kuali\",\"description\":\"\",\"potentialAction\":[{\"@type\":\"SearchAction\",\"target\":{\"@type\":\"EntryPoint\",\"urlTemplate\":\"https:\\\/\\\/kuali.com.mx\\\/web\\\/?s={search_term_string}\"},\"query-input\":{\"@type\":\"PropertyValueSpecification\",\"valueRequired\":true,\"valueName\":\"search_term_string\"}}],\"inLanguage\":\"es\"},{\"@type\":\"Person\",\"@id\":\"https:\\\/\\\/kuali.com.mx\\\/web\\\/#\\\/schema\\\/person\\\/6f89ffa8ecba9dae50662357923c5289\",\"name\":\"Kuali Staff\",\"image\":{\"@type\":\"ImageObject\",\"inLanguage\":\"es\",\"@id\":\"https:\\\/\\\/secure.gravatar.com\\\/avatar\\\/f917ad82e5ab71227a733c78b6e60715476f69ee6be59feee4eb5d9920c89e0f?s=96&d=mm&r=g\",\"url\":\"https:\\\/\\\/secure.gravatar.com\\\/avatar\\\/f917ad82e5ab71227a733c78b6e60715476f69ee6be59feee4eb5d9920c89e0f?s=96&d=mm&r=g\",\"contentUrl\":\"https:\\\/\\\/secure.gravatar.com\\\/avatar\\\/f917ad82e5ab71227a733c78b6e60715476f69ee6be59feee4eb5d9920c89e0f?s=96&d=mm&r=g\",\"caption\":\"Kuali Staff\"},\"url\":\"https:\\\/\\\/kuali.com.mx\\\/web\\\/author\\\/lagarto\\\/\"}]}<\/script>\n<!-- \/ Yoast SEO plugin. -->","yoast_head_json":{"title":"ELABORAR\u00c1N POLICROM\u00c1TICO TAPETE DE LA MUERTE - Kuali","robots":{"index":"index","follow":"follow","max-snippet":"max-snippet:-1","max-image-preview":"max-image-preview:large","max-video-preview":"max-video-preview:-1"},"canonical":"https:\/\/kuali.com.mx\/web\/2023\/10\/24\/elaboraran-policromatico-tapete-de-la-muerte\/","og_locale":"es_MX","og_type":"article","og_title":"ELABORAR\u00c1N POLICROM\u00c1TICO TAPETE DE LA MUERTE - Kuali","og_description":"Kuali\/Guanajuato, Gto.-M\u00e1s de 80 equipos creativos participar\u00e1n en la d\u00e9cimo sexta edici\u00f3n del Tapete de la Muerte, uno de los principales atractivos del Festival del D\u00eda de los Muertos que este a\u00f1o se celebrar\u00e1 en Guanajuato Capital, del martes 31 de octubre al domingo 5 de noviembre. El policrom\u00e1tico Tapete de la Muerte se elabora [&hellip;]","og_url":"https:\/\/kuali.com.mx\/web\/2023\/10\/24\/elaboraran-policromatico-tapete-de-la-muerte\/","og_site_name":"Kuali","article_publisher":"https:\/\/kuali.com.mx\/web\/wp-content\/uploads\/2018\/04\/cropped-kuali_logo-1-1.png","article_published_time":"2023-10-24T23:40:00+00:00","article_modified_time":"2023-10-25T00:00:44+00:00","og_image":[{"width":1600,"height":1066,"url":"https:\/\/kuali.com.mx\/web\/wp-content\/uploads\/2023\/10\/DIA-MUERTOS.jpeg","type":"image\/jpeg"}],"author":"Kuali Staff","twitter_card":"summary_large_image","twitter_creator":"@kuali_noticias","twitter_site":"@kuali_noticias","twitter_misc":{"Escrito por":"Kuali Staff","Tiempo de lectura":"2 minutos"},"schema":{"@context":"https:\/\/schema.org","@graph":[{"@type":"Article","@id":"https:\/\/kuali.com.mx\/web\/2023\/10\/24\/elaboraran-policromatico-tapete-de-la-muerte\/#article","isPartOf":{"@id":"https:\/\/kuali.com.mx\/web\/2023\/10\/24\/elaboraran-policromatico-tapete-de-la-muerte\/"},"author":{"name":"Kuali Staff","@id":"https:\/\/kuali.com.mx\/web\/#\/schema\/person\/6f89ffa8ecba9dae50662357923c5289"},"headline":"ELABORAR\u00c1N POLICROM\u00c1TICO TAPETE DE LA MUERTE","datePublished":"2023-10-24T23:40:00+00:00","dateModified":"2023-10-25T00:00:44+00:00","mainEntityOfPage":{"@id":"https:\/\/kuali.com.mx\/web\/2023\/10\/24\/elaboraran-policromatico-tapete-de-la-muerte\/"},"wordCount":388,"commentCount":0,"image":{"@id":"https:\/\/kuali.com.mx\/web\/2023\/10\/24\/elaboraran-policromatico-tapete-de-la-muerte\/#primaryimage"},"thumbnailUrl":"https:\/\/kuali.com.mx\/web\/wp-content\/uploads\/2023\/10\/DIA-MUERTOS.jpeg","articleSection":["Cultura"],"inLanguage":"es","potentialAction":[{"@type":"CommentAction","name":"Comment","target":["https:\/\/kuali.com.mx\/web\/2023\/10\/24\/elaboraran-policromatico-tapete-de-la-muerte\/#respond"]}]},{"@type":"WebPage","@id":"https:\/\/kuali.com.mx\/web\/2023\/10\/24\/elaboraran-policromatico-tapete-de-la-muerte\/","url":"https:\/\/kuali.com.mx\/web\/2023\/10\/24\/elaboraran-policromatico-tapete-de-la-muerte\/","name":"ELABORAR\u00c1N POLICROM\u00c1TICO TAPETE DE LA MUERTE - Kuali","isPartOf":{"@id":"https:\/\/kuali.com.mx\/web\/#website"},"primaryImageOfPage":{"@id":"https:\/\/kuali.com.mx\/web\/2023\/10\/24\/elaboraran-policromatico-tapete-de-la-muerte\/#primaryimage"},"image":{"@id":"https:\/\/kuali.com.mx\/web\/2023\/10\/24\/elaboraran-policromatico-tapete-de-la-muerte\/#primaryimage"},"thumbnailUrl":"https:\/\/kuali.com.mx\/web\/wp-content\/uploads\/2023\/10\/DIA-MUERTOS.jpeg","datePublished":"2023-10-24T23:40:00+00:00","dateModified":"2023-10-25T00:00:44+00:00","author":{"@id":"https:\/\/kuali.com.mx\/web\/#\/schema\/person\/6f89ffa8ecba9dae50662357923c5289"},"breadcrumb":{"@id":"https:\/\/kuali.com.mx\/web\/2023\/10\/24\/elaboraran-policromatico-tapete-de-la-muerte\/#breadcrumb"},"inLanguage":"es","potentialAction":[{"@type":"ReadAction","target":["https:\/\/kuali.com.mx\/web\/2023\/10\/24\/elaboraran-policromatico-tapete-de-la-muerte\/"]}]},{"@type":"ImageObject","inLanguage":"es","@id":"https:\/\/kuali.com.mx\/web\/2023\/10\/24\/elaboraran-policromatico-tapete-de-la-muerte\/#primaryimage","url":"https:\/\/kuali.com.mx\/web\/wp-content\/uploads\/2023\/10\/DIA-MUERTOS.jpeg","contentUrl":"https:\/\/kuali.com.mx\/web\/wp-content\/uploads\/2023\/10\/DIA-MUERTOS.jpeg","width":1600,"height":1066},{"@type":"BreadcrumbList","@id":"https:\/\/kuali.com.mx\/web\/2023\/10\/24\/elaboraran-policromatico-tapete-de-la-muerte\/#breadcrumb","itemListElement":[{"@type":"ListItem","position":1,"name":"Inicio","item":"https:\/\/kuali.com.mx\/web\/"},{"@type":"ListItem","position":2,"name":"ELABORAR\u00c1N POLICROM\u00c1TICO TAPETE DE LA MUERTE"}]},{"@type":"WebSite","@id":"https:\/\/kuali.com.mx\/web\/#website","url":"https:\/\/kuali.com.mx\/web\/","name":"Kuali","description":"","potentialAction":[{"@type":"SearchAction","target":{"@type":"EntryPoint","urlTemplate":"https:\/\/kuali.com.mx\/web\/?s={search_term_string}"},"query-input":{"@type":"PropertyValueSpecification","valueRequired":true,"valueName":"search_term_string"}}],"inLanguage":"es"},{"@type":"Person","@id":"https:\/\/kuali.com.mx\/web\/#\/schema\/person\/6f89ffa8ecba9dae50662357923c5289","name":"Kuali Staff","image":{"@type":"ImageObject","inLanguage":"es","@id":"https:\/\/secure.gravatar.com\/avatar\/f917ad82e5ab71227a733c78b6e60715476f69ee6be59feee4eb5d9920c89e0f?s=96&d=mm&r=g","url":"https:\/\/secure.gravatar.com\/avatar\/f917ad82e5ab71227a733c78b6e60715476f69ee6be59feee4eb5d9920c89e0f?s=96&d=mm&r=g","contentUrl":"https:\/\/secure.gravatar.com\/avatar\/f917ad82e5ab71227a733c78b6e60715476f69ee6be59feee4eb5d9920c89e0f?s=96&d=mm&r=g","caption":"Kuali Staff"},"url":"https:\/\/kuali.com.mx\/web\/author\/lagarto\/"}]}},"_links":{"self":[{"href":"https:\/\/kuali.com.mx\/web\/wp-json\/wp\/v2\/posts\/128825","targetHints":{"allow":["GET"]}}],"collection":[{"href":"https:\/\/kuali.com.mx\/web\/wp-json\/wp\/v2\/posts"}],"about":[{"href":"https:\/\/kuali.com.mx\/web\/wp-json\/wp\/v2\/types\/post"}],"author":[{"embeddable":true,"href":"https:\/\/kuali.com.mx\/web\/wp-json\/wp\/v2\/users\/2"}],"replies":[{"embeddable":true,"href":"https:\/\/kuali.com.mx\/web\/wp-json\/wp\/v2\/comments?post=128825"}],"version-history":[{"count":1,"href":"https:\/\/kuali.com.mx\/web\/wp-json\/wp\/v2\/posts\/128825\/revisions"}],"predecessor-version":[{"id":128829,"href":"https:\/\/kuali.com.mx\/web\/wp-json\/wp\/v2\/posts\/128825\/revisions\/128829"}],"wp:featuredmedia":[{"embeddable":true,"href":"https:\/\/kuali.com.mx\/web\/wp-json\/wp\/v2\/media\/128828"}],"wp:attachment":[{"href":"https:\/\/kuali.com.mx\/web\/wp-json\/wp\/v2\/media?parent=128825"}],"wp:term":[{"taxonomy":"category","embeddable":true,"href":"https:\/\/kuali.com.mx\/web\/wp-json\/wp\/v2\/categories?post=128825"},{"taxonomy":"post_tag","embeddable":true,"href":"https:\/\/kuali.com.mx\/web\/wp-json\/wp\/v2\/tags?post=128825"}],"curies":[{"name":"wp","href":"https:\/\/api.w.org\/{rel}","templated":true}]}}