{"id":128819,"date":"2023-10-24T17:57:44","date_gmt":"2023-10-24T23:57:44","guid":{"rendered":"https:\/\/kuali.com.mx\/web\/?p=128819"},"modified":"2023-10-24T17:58:25","modified_gmt":"2023-10-24T23:58:25","slug":"recibira-festival-del-globo-a-400-mil-turistas","status":"publish","type":"post","link":"https:\/\/kuali.com.mx\/web\/2023\/10\/24\/recibira-festival-del-globo-a-400-mil-turistas\/","title":{"rendered":"RECIBIR\u00c1 FESTIVAL DEL GLOBO A 400 MIL TURISTAS"},"content":{"rendered":"\n<p><strong><em>Kuali\/Ciudad de M\u00e9xico.-<\/em><\/strong> <strong>De<\/strong>l 17 al 20 de noviembre se llevar\u00e1 a cabo el Festival Internacional del Globo, en el Parque Metropolitano de la ciudad de Le\u00f3n, con la participaci\u00f3n de 200 globos aerost\u00e1ticos procedentes de 23 pa\u00edses.<\/p>\n\n\n\n<p>\u00a0El Gobernador del Estado, Diego Sinhue Rodr\u00edguez Vallejo, en rueda de prensa, vaticin\u00f3 que \u201cser\u00e1 un gran evento, que en esta edici\u00f3n se celebra con los 200 a\u00f1os de Guanajuato, de ser un estado que ha formado la identidad de una Naci\u00f3n\u201d.<\/p>\n\n\n\n<p>El Mandatario Estatal dio la bienvenida a los pa\u00edses invitados a esta edici\u00f3n del FIG: Estados Unidos, Canad\u00e1, Brasil, B\u00e9lgica, Lituania, Pa\u00edses Bajos, Kazajist\u00e1n, Rusia, Emiratos \u00c1rabes Unidos, Luxemburgo, Turqu\u00eda, Italia, entre otros pa\u00edses m\u00e1s.<\/p>\n\n\n\n<p>Hoy el Festival Internacional del Globo se ha convertido en digno embajador de Le\u00f3n y de Guanajuato en el mundo, resalt\u00f3 el Gobernador.<\/p>\n\n\n\n<p>Rodr\u00edguez Vallejo record\u00f3 que el Festival Internacional del Globo, inici\u00f3 en el a\u00f1o 2002 con la participaci\u00f3n de s\u00f3lo 27 globos aerost\u00e1ticos. Y para este a\u00f1o ya son 200 globos. Se ha convertido en un gran motor del sector tur\u00edstico de Guanajuato.<\/p>\n\n\n\n<figure class=\"wp-block-image size-full\"><img loading=\"lazy\" decoding=\"async\" width=\"899\" height=\"599\" src=\"https:\/\/kuali.com.mx\/web\/wp-content\/uploads\/2023\/10\/FIG.jpg\" alt=\"\" class=\"wp-image-128822\" srcset=\"https:\/\/kuali.com.mx\/web\/wp-content\/uploads\/2023\/10\/FIG.jpg 899w, https:\/\/kuali.com.mx\/web\/wp-content\/uploads\/2023\/10\/FIG-300x200.jpg 300w, https:\/\/kuali.com.mx\/web\/wp-content\/uploads\/2023\/10\/FIG-768x512.jpg 768w, https:\/\/kuali.com.mx\/web\/wp-content\/uploads\/2023\/10\/FIG-174x116.jpg 174w\" sizes=\"auto, (max-width: 899px) 100vw, 899px\" \/><\/figure>\n\n\n\n<p>Este a\u00f1o se espera recibir a\u00a0<a>m\u00e1s de 400 mil personas, de los cuales el 85 por ciento son visitantes de otros estados de la Rep\u00fablica.<\/a><\/p>\n\n\n\n<p>La Secretar\u00eda de Turismo de Guanajuato estima una derrama econ\u00f3mica de m\u00e1s de 506 millones de pesos.<\/p>\n\n\n\n<p>\u00a0Una ocupaci\u00f3n hotelera promedio del 82 por ciento, con cerca de 17 mil cuartos ocupados, un aumento del 3 por ciento en comparaci\u00f3n al a\u00f1o pasado.<\/p>\n\n\n\n<p>\u00a0El FIG se realiza en el Parque Ecol\u00f3gico Metropolitano de Le\u00f3n, un \u00e1rea natural protegida con m\u00e1s de 337 hect\u00e1reas.<\/p>\n\n\n\n<p>La presidenta de Le\u00f3n, Alejandra Guti\u00e9rrez Campos, resalt\u00f3 la importancia de este evento, pues destac\u00f3 que se trata de una actividad que crece a\u00f1o con a\u00f1o ofreciendo m\u00e1s y mejores espect\u00e1culos.<\/p>\n\n\n\n<p>\u201cDel 17 al 20 de noviembre los esperamos como siempre lo hacemos, con los brazos abiertos, en una ciudad que cada vez la estamos dejando m\u00e1s bonita, con iluminaci\u00f3n esc\u00e9nica de muchos lugares hist\u00f3ricos.<\/p>\n\n\n\n<p>\u201cEl sue\u00f1o de muchos es volar, ver el cielo de colores y tambi\u00e9n buscamos qu\u00e9 otras experiencias vamos a dar para que la gente se vaya contenta y llegue a todos los corazones\", afirm\u00f3.<\/p>\n\n\n\n<p>La alcaldesa de Le\u00f3n destac\u00f3 que en el municipio ya se est\u00e1n construyendo tres nuevos parques metropolitanos m\u00e1s la ampliaci\u00f3n de la actual sede del FIG, la cual sumar\u00e1 para la edici\u00f3n 2024, las 22 nuevas hect\u00e1reas anunciadas por el Gobierno Municipal y Estatal para deleite de los visitantes.<\/p>\n\n\n\n<p>En la rueda de prensa se tuvo la presencia del Secretario de Turismo, Miguel Torruco Marqu\u00e9s, quien resalt\u00f3 que el FIG Le\u00f3n se ha posicionado como uno de los tres m\u00e1s importantes del mundo, y de los principales eventos del sector tur\u00edstico que se organizan en el pa\u00eds.<\/p>\n\n\n\n<p>Agreg\u00f3 que con el trabajo coordinado de los tres niveles de gobierno se ha fortalecido al Festival Internacional del Globo en beneficio de los visitantes nacionales y extranjeros.<\/p>\n\n\n\n<p>\u00a0Dijo que se continuar\u00e1 apoyando al Estado de Guanajuato para impulsar sus atractivos tur\u00edsticos.<\/p>\n\n\n\n<p>Algunas atracciones del FIG para este a\u00f1o son sus espectaculares despegues al amanecer con 200 globos, m\u00e1s de 30 figuras especiales, zeppelins show, eventos alternos, y noches m\u00e1gicas.<\/p>\n\n\n\n<p>\u00a0Este a\u00f1o hay algunas nuevas figuras especiales: Bella The Bulldog, DYNO, Jota Ballon, Cockoo Mag y Tortuga.<\/p>\n\n\n\n<p>&nbsp;&nbsp;&nbsp; M\u00f3nica Noguera, Galilea Montijo y Ra\u00fal Araiza ser\u00e1n los conductores que llevar\u00e1n a los seguidores del FIG Le\u00f3n lo m\u00e1s sobresaliente del evento a trav\u00e9s de FIG EN DIRECTO de manera gratuita a trav\u00e9s de redes sociales.<\/p>\n\n\n\n<p>\u00a0El FIG 2023 contar\u00e1 con los conciertos de la Banda Recoditos y la Orquesta Sinf\u00f3nica de la SEDENA el 17 de noviembre; el 18 se presentar\u00e1n Burak Yeter, Timmy Trumpet y The Chainsmokers; el 19 de noviembre estar\u00e1n Danna Paola y Ozuna.<\/p>\n","protected":false},"excerpt":{"rendered":"Kuali\/Ciudad de M\u00e9xico.- Del 17 al 20 de noviembre se llevar\u00e1 a cabo el Festival Internacional del Globo, en el Parque Metropolitano de la ciudad de Le\u00f3n, con la participaci\u00f3n de 200 globos aerost\u00e1ticos procedentes de 23 pa\u00edses. \u00a0El Gobernador del Estado, Diego Sinhue Rodr\u00edguez Vallejo, en rueda de prensa, vaticin\u00f3 que \u201cser\u00e1 un gran [&hellip;]","protected":false},"author":2,"featured_media":47449,"comment_status":"open","ping_status":"open","sticky":false,"template":"","format":"standard","meta":{"_seopress_robots_primary_cat":"none","_seopress_titles_title":"","_seopress_titles_desc":"","_seopress_robots_index":"","_monsterinsights_skip_tracking":false,"_monsterinsights_sitenote_active":false,"_monsterinsights_sitenote_note":"","_monsterinsights_sitenote_category":0,"footnotes":""},"categories":[69,13],"tags":[],"class_list":["post-128819","post","type-post","status-publish","format-standard","has-post-thumbnail","hentry","category-slider","category-turismo"],"yoast_head":"<!-- This site is optimized with the Yoast SEO plugin v27.4 - https:\/\/yoast.com\/product\/yoast-seo-wordpress\/ -->\n<title>RECIBIR\u00c1 FESTIVAL DEL GLOBO A 400 MIL TURISTAS - Kuali<\/title>\n<meta name=\"robots\" content=\"index, follow, max-snippet:-1, max-image-preview:large, max-video-preview:-1\" \/>\n<link rel=\"canonical\" href=\"https:\/\/kuali.com.mx\/web\/2023\/10\/24\/recibira-festival-del-globo-a-400-mil-turistas\/\" \/>\n<meta property=\"og:locale\" content=\"es_MX\" \/>\n<meta property=\"og:type\" content=\"article\" \/>\n<meta property=\"og:title\" content=\"RECIBIR\u00c1 FESTIVAL DEL GLOBO A 400 MIL TURISTAS - Kuali\" \/>\n<meta property=\"og:description\" content=\"Kuali\/Ciudad de M\u00e9xico.- Del 17 al 20 de noviembre se llevar\u00e1 a cabo el Festival Internacional del Globo, en el Parque Metropolitano de la ciudad de Le\u00f3n, con la participaci\u00f3n de 200 globos aerost\u00e1ticos procedentes de 23 pa\u00edses. \u00a0El Gobernador del Estado, Diego Sinhue Rodr\u00edguez Vallejo, en rueda de prensa, vaticin\u00f3 que \u201cser\u00e1 un gran [&hellip;]\" \/>\n<meta property=\"og:url\" content=\"https:\/\/kuali.com.mx\/web\/2023\/10\/24\/recibira-festival-del-globo-a-400-mil-turistas\/\" \/>\n<meta property=\"og:site_name\" content=\"Kuali\" \/>\n<meta property=\"article:publisher\" content=\"https:\/\/kuali.com.mx\/web\/wp-content\/uploads\/2018\/04\/cropped-kuali_logo-1-1.png\" \/>\n<meta property=\"article:published_time\" content=\"2023-10-24T23:57:44+00:00\" \/>\n<meta property=\"article:modified_time\" content=\"2023-10-24T23:58:25+00:00\" \/>\n<meta property=\"og:image\" content=\"https:\/\/kuali.com.mx\/web\/wp-content\/uploads\/2018\/11\/FIG-2018.jpg\" \/>\n\t<meta property=\"og:image:width\" content=\"1889\" \/>\n\t<meta property=\"og:image:height\" content=\"750\" \/>\n\t<meta property=\"og:image:type\" content=\"image\/jpeg\" \/>\n<meta name=\"author\" content=\"Kuali Staff\" \/>\n<meta name=\"twitter:card\" content=\"summary_large_image\" \/>\n<meta name=\"twitter:creator\" content=\"@kuali_noticias\" \/>\n<meta name=\"twitter:site\" content=\"@kuali_noticias\" \/>\n<meta name=\"twitter:label1\" content=\"Escrito por\" \/>\n\t<meta name=\"twitter:data1\" content=\"Kuali Staff\" \/>\n\t<meta name=\"twitter:label2\" content=\"Tiempo de lectura\" \/>\n\t<meta name=\"twitter:data2\" content=\"3 minutos\" \/>\n<script type=\"application\/ld+json\" class=\"yoast-schema-graph\">{\"@context\":\"https:\\\/\\\/schema.org\",\"@graph\":[{\"@type\":\"Article\",\"@id\":\"https:\\\/\\\/kuali.com.mx\\\/web\\\/2023\\\/10\\\/24\\\/recibira-festival-del-globo-a-400-mil-turistas\\\/#article\",\"isPartOf\":{\"@id\":\"https:\\\/\\\/kuali.com.mx\\\/web\\\/2023\\\/10\\\/24\\\/recibira-festival-del-globo-a-400-mil-turistas\\\/\"},\"author\":{\"name\":\"Kuali Staff\",\"@id\":\"https:\\\/\\\/kuali.com.mx\\\/web\\\/#\\\/schema\\\/person\\\/6f89ffa8ecba9dae50662357923c5289\"},\"headline\":\"RECIBIR\u00c1 FESTIVAL DEL GLOBO A 400 MIL TURISTAS\",\"datePublished\":\"2023-10-24T23:57:44+00:00\",\"dateModified\":\"2023-10-24T23:58:25+00:00\",\"mainEntityOfPage\":{\"@id\":\"https:\\\/\\\/kuali.com.mx\\\/web\\\/2023\\\/10\\\/24\\\/recibira-festival-del-globo-a-400-mil-turistas\\\/\"},\"wordCount\":695,\"commentCount\":0,\"image\":{\"@id\":\"https:\\\/\\\/kuali.com.mx\\\/web\\\/2023\\\/10\\\/24\\\/recibira-festival-del-globo-a-400-mil-turistas\\\/#primaryimage\"},\"thumbnailUrl\":\"https:\\\/\\\/kuali.com.mx\\\/web\\\/wp-content\\\/uploads\\\/2018\\\/11\\\/FIG-2018.jpg\",\"articleSection\":[\"slider\",\"Turismo\"],\"inLanguage\":\"es\",\"potentialAction\":[{\"@type\":\"CommentAction\",\"name\":\"Comment\",\"target\":[\"https:\\\/\\\/kuali.com.mx\\\/web\\\/2023\\\/10\\\/24\\\/recibira-festival-del-globo-a-400-mil-turistas\\\/#respond\"]}]},{\"@type\":\"WebPage\",\"@id\":\"https:\\\/\\\/kuali.com.mx\\\/web\\\/2023\\\/10\\\/24\\\/recibira-festival-del-globo-a-400-mil-turistas\\\/\",\"url\":\"https:\\\/\\\/kuali.com.mx\\\/web\\\/2023\\\/10\\\/24\\\/recibira-festival-del-globo-a-400-mil-turistas\\\/\",\"name\":\"RECIBIR\u00c1 FESTIVAL DEL GLOBO A 400 MIL TURISTAS - Kuali\",\"isPartOf\":{\"@id\":\"https:\\\/\\\/kuali.com.mx\\\/web\\\/#website\"},\"primaryImageOfPage\":{\"@id\":\"https:\\\/\\\/kuali.com.mx\\\/web\\\/2023\\\/10\\\/24\\\/recibira-festival-del-globo-a-400-mil-turistas\\\/#primaryimage\"},\"image\":{\"@id\":\"https:\\\/\\\/kuali.com.mx\\\/web\\\/2023\\\/10\\\/24\\\/recibira-festival-del-globo-a-400-mil-turistas\\\/#primaryimage\"},\"thumbnailUrl\":\"https:\\\/\\\/kuali.com.mx\\\/web\\\/wp-content\\\/uploads\\\/2018\\\/11\\\/FIG-2018.jpg\",\"datePublished\":\"2023-10-24T23:57:44+00:00\",\"dateModified\":\"2023-10-24T23:58:25+00:00\",\"author\":{\"@id\":\"https:\\\/\\\/kuali.com.mx\\\/web\\\/#\\\/schema\\\/person\\\/6f89ffa8ecba9dae50662357923c5289\"},\"breadcrumb\":{\"@id\":\"https:\\\/\\\/kuali.com.mx\\\/web\\\/2023\\\/10\\\/24\\\/recibira-festival-del-globo-a-400-mil-turistas\\\/#breadcrumb\"},\"inLanguage\":\"es\",\"potentialAction\":[{\"@type\":\"ReadAction\",\"target\":[\"https:\\\/\\\/kuali.com.mx\\\/web\\\/2023\\\/10\\\/24\\\/recibira-festival-del-globo-a-400-mil-turistas\\\/\"]}]},{\"@type\":\"ImageObject\",\"inLanguage\":\"es\",\"@id\":\"https:\\\/\\\/kuali.com.mx\\\/web\\\/2023\\\/10\\\/24\\\/recibira-festival-del-globo-a-400-mil-turistas\\\/#primaryimage\",\"url\":\"https:\\\/\\\/kuali.com.mx\\\/web\\\/wp-content\\\/uploads\\\/2018\\\/11\\\/FIG-2018.jpg\",\"contentUrl\":\"https:\\\/\\\/kuali.com.mx\\\/web\\\/wp-content\\\/uploads\\\/2018\\\/11\\\/FIG-2018.jpg\",\"width\":1889,\"height\":750},{\"@type\":\"BreadcrumbList\",\"@id\":\"https:\\\/\\\/kuali.com.mx\\\/web\\\/2023\\\/10\\\/24\\\/recibira-festival-del-globo-a-400-mil-turistas\\\/#breadcrumb\",\"itemListElement\":[{\"@type\":\"ListItem\",\"position\":1,\"name\":\"Inicio\",\"item\":\"https:\\\/\\\/kuali.com.mx\\\/web\\\/\"},{\"@type\":\"ListItem\",\"position\":2,\"name\":\"RECIBIR\u00c1 FESTIVAL DEL GLOBO A 400 MIL TURISTAS\"}]},{\"@type\":\"WebSite\",\"@id\":\"https:\\\/\\\/kuali.com.mx\\\/web\\\/#website\",\"url\":\"https:\\\/\\\/kuali.com.mx\\\/web\\\/\",\"name\":\"Kuali\",\"description\":\"\",\"potentialAction\":[{\"@type\":\"SearchAction\",\"target\":{\"@type\":\"EntryPoint\",\"urlTemplate\":\"https:\\\/\\\/kuali.com.mx\\\/web\\\/?s={search_term_string}\"},\"query-input\":{\"@type\":\"PropertyValueSpecification\",\"valueRequired\":true,\"valueName\":\"search_term_string\"}}],\"inLanguage\":\"es\"},{\"@type\":\"Person\",\"@id\":\"https:\\\/\\\/kuali.com.mx\\\/web\\\/#\\\/schema\\\/person\\\/6f89ffa8ecba9dae50662357923c5289\",\"name\":\"Kuali Staff\",\"image\":{\"@type\":\"ImageObject\",\"inLanguage\":\"es\",\"@id\":\"https:\\\/\\\/secure.gravatar.com\\\/avatar\\\/f917ad82e5ab71227a733c78b6e60715476f69ee6be59feee4eb5d9920c89e0f?s=96&d=mm&r=g\",\"url\":\"https:\\\/\\\/secure.gravatar.com\\\/avatar\\\/f917ad82e5ab71227a733c78b6e60715476f69ee6be59feee4eb5d9920c89e0f?s=96&d=mm&r=g\",\"contentUrl\":\"https:\\\/\\\/secure.gravatar.com\\\/avatar\\\/f917ad82e5ab71227a733c78b6e60715476f69ee6be59feee4eb5d9920c89e0f?s=96&d=mm&r=g\",\"caption\":\"Kuali Staff\"},\"url\":\"https:\\\/\\\/kuali.com.mx\\\/web\\\/author\\\/lagarto\\\/\"}]}<\/script>\n<!-- \/ Yoast SEO plugin. -->","yoast_head_json":{"title":"RECIBIR\u00c1 FESTIVAL DEL GLOBO A 400 MIL TURISTAS - Kuali","robots":{"index":"index","follow":"follow","max-snippet":"max-snippet:-1","max-image-preview":"max-image-preview:large","max-video-preview":"max-video-preview:-1"},"canonical":"https:\/\/kuali.com.mx\/web\/2023\/10\/24\/recibira-festival-del-globo-a-400-mil-turistas\/","og_locale":"es_MX","og_type":"article","og_title":"RECIBIR\u00c1 FESTIVAL DEL GLOBO A 400 MIL TURISTAS - Kuali","og_description":"Kuali\/Ciudad de M\u00e9xico.- Del 17 al 20 de noviembre se llevar\u00e1 a cabo el Festival Internacional del Globo, en el Parque Metropolitano de la ciudad de Le\u00f3n, con la participaci\u00f3n de 200 globos aerost\u00e1ticos procedentes de 23 pa\u00edses. \u00a0El Gobernador del Estado, Diego Sinhue Rodr\u00edguez Vallejo, en rueda de prensa, vaticin\u00f3 que \u201cser\u00e1 un gran [&hellip;]","og_url":"https:\/\/kuali.com.mx\/web\/2023\/10\/24\/recibira-festival-del-globo-a-400-mil-turistas\/","og_site_name":"Kuali","article_publisher":"https:\/\/kuali.com.mx\/web\/wp-content\/uploads\/2018\/04\/cropped-kuali_logo-1-1.png","article_published_time":"2023-10-24T23:57:44+00:00","article_modified_time":"2023-10-24T23:58:25+00:00","og_image":[{"width":1889,"height":750,"url":"https:\/\/kuali.com.mx\/web\/wp-content\/uploads\/2018\/11\/FIG-2018.jpg","type":"image\/jpeg"}],"author":"Kuali Staff","twitter_card":"summary_large_image","twitter_creator":"@kuali_noticias","twitter_site":"@kuali_noticias","twitter_misc":{"Escrito por":"Kuali Staff","Tiempo de lectura":"3 minutos"},"schema":{"@context":"https:\/\/schema.org","@graph":[{"@type":"Article","@id":"https:\/\/kuali.com.mx\/web\/2023\/10\/24\/recibira-festival-del-globo-a-400-mil-turistas\/#article","isPartOf":{"@id":"https:\/\/kuali.com.mx\/web\/2023\/10\/24\/recibira-festival-del-globo-a-400-mil-turistas\/"},"author":{"name":"Kuali Staff","@id":"https:\/\/kuali.com.mx\/web\/#\/schema\/person\/6f89ffa8ecba9dae50662357923c5289"},"headline":"RECIBIR\u00c1 FESTIVAL DEL GLOBO A 400 MIL TURISTAS","datePublished":"2023-10-24T23:57:44+00:00","dateModified":"2023-10-24T23:58:25+00:00","mainEntityOfPage":{"@id":"https:\/\/kuali.com.mx\/web\/2023\/10\/24\/recibira-festival-del-globo-a-400-mil-turistas\/"},"wordCount":695,"commentCount":0,"image":{"@id":"https:\/\/kuali.com.mx\/web\/2023\/10\/24\/recibira-festival-del-globo-a-400-mil-turistas\/#primaryimage"},"thumbnailUrl":"https:\/\/kuali.com.mx\/web\/wp-content\/uploads\/2018\/11\/FIG-2018.jpg","articleSection":["slider","Turismo"],"inLanguage":"es","potentialAction":[{"@type":"CommentAction","name":"Comment","target":["https:\/\/kuali.com.mx\/web\/2023\/10\/24\/recibira-festival-del-globo-a-400-mil-turistas\/#respond"]}]},{"@type":"WebPage","@id":"https:\/\/kuali.com.mx\/web\/2023\/10\/24\/recibira-festival-del-globo-a-400-mil-turistas\/","url":"https:\/\/kuali.com.mx\/web\/2023\/10\/24\/recibira-festival-del-globo-a-400-mil-turistas\/","name":"RECIBIR\u00c1 FESTIVAL DEL GLOBO A 400 MIL TURISTAS - Kuali","isPartOf":{"@id":"https:\/\/kuali.com.mx\/web\/#website"},"primaryImageOfPage":{"@id":"https:\/\/kuali.com.mx\/web\/2023\/10\/24\/recibira-festival-del-globo-a-400-mil-turistas\/#primaryimage"},"image":{"@id":"https:\/\/kuali.com.mx\/web\/2023\/10\/24\/recibira-festival-del-globo-a-400-mil-turistas\/#primaryimage"},"thumbnailUrl":"https:\/\/kuali.com.mx\/web\/wp-content\/uploads\/2018\/11\/FIG-2018.jpg","datePublished":"2023-10-24T23:57:44+00:00","dateModified":"2023-10-24T23:58:25+00:00","author":{"@id":"https:\/\/kuali.com.mx\/web\/#\/schema\/person\/6f89ffa8ecba9dae50662357923c5289"},"breadcrumb":{"@id":"https:\/\/kuali.com.mx\/web\/2023\/10\/24\/recibira-festival-del-globo-a-400-mil-turistas\/#breadcrumb"},"inLanguage":"es","potentialAction":[{"@type":"ReadAction","target":["https:\/\/kuali.com.mx\/web\/2023\/10\/24\/recibira-festival-del-globo-a-400-mil-turistas\/"]}]},{"@type":"ImageObject","inLanguage":"es","@id":"https:\/\/kuali.com.mx\/web\/2023\/10\/24\/recibira-festival-del-globo-a-400-mil-turistas\/#primaryimage","url":"https:\/\/kuali.com.mx\/web\/wp-content\/uploads\/2018\/11\/FIG-2018.jpg","contentUrl":"https:\/\/kuali.com.mx\/web\/wp-content\/uploads\/2018\/11\/FIG-2018.jpg","width":1889,"height":750},{"@type":"BreadcrumbList","@id":"https:\/\/kuali.com.mx\/web\/2023\/10\/24\/recibira-festival-del-globo-a-400-mil-turistas\/#breadcrumb","itemListElement":[{"@type":"ListItem","position":1,"name":"Inicio","item":"https:\/\/kuali.com.mx\/web\/"},{"@type":"ListItem","position":2,"name":"RECIBIR\u00c1 FESTIVAL DEL GLOBO A 400 MIL TURISTAS"}]},{"@type":"WebSite","@id":"https:\/\/kuali.com.mx\/web\/#website","url":"https:\/\/kuali.com.mx\/web\/","name":"Kuali","description":"","potentialAction":[{"@type":"SearchAction","target":{"@type":"EntryPoint","urlTemplate":"https:\/\/kuali.com.mx\/web\/?s={search_term_string}"},"query-input":{"@type":"PropertyValueSpecification","valueRequired":true,"valueName":"search_term_string"}}],"inLanguage":"es"},{"@type":"Person","@id":"https:\/\/kuali.com.mx\/web\/#\/schema\/person\/6f89ffa8ecba9dae50662357923c5289","name":"Kuali Staff","image":{"@type":"ImageObject","inLanguage":"es","@id":"https:\/\/secure.gravatar.com\/avatar\/f917ad82e5ab71227a733c78b6e60715476f69ee6be59feee4eb5d9920c89e0f?s=96&d=mm&r=g","url":"https:\/\/secure.gravatar.com\/avatar\/f917ad82e5ab71227a733c78b6e60715476f69ee6be59feee4eb5d9920c89e0f?s=96&d=mm&r=g","contentUrl":"https:\/\/secure.gravatar.com\/avatar\/f917ad82e5ab71227a733c78b6e60715476f69ee6be59feee4eb5d9920c89e0f?s=96&d=mm&r=g","caption":"Kuali Staff"},"url":"https:\/\/kuali.com.mx\/web\/author\/lagarto\/"}]}},"_links":{"self":[{"href":"https:\/\/kuali.com.mx\/web\/wp-json\/wp\/v2\/posts\/128819","targetHints":{"allow":["GET"]}}],"collection":[{"href":"https:\/\/kuali.com.mx\/web\/wp-json\/wp\/v2\/posts"}],"about":[{"href":"https:\/\/kuali.com.mx\/web\/wp-json\/wp\/v2\/types\/post"}],"author":[{"embeddable":true,"href":"https:\/\/kuali.com.mx\/web\/wp-json\/wp\/v2\/users\/2"}],"replies":[{"embeddable":true,"href":"https:\/\/kuali.com.mx\/web\/wp-json\/wp\/v2\/comments?post=128819"}],"version-history":[{"count":2,"href":"https:\/\/kuali.com.mx\/web\/wp-json\/wp\/v2\/posts\/128819\/revisions"}],"predecessor-version":[{"id":128824,"href":"https:\/\/kuali.com.mx\/web\/wp-json\/wp\/v2\/posts\/128819\/revisions\/128824"}],"wp:featuredmedia":[{"embeddable":true,"href":"https:\/\/kuali.com.mx\/web\/wp-json\/wp\/v2\/media\/47449"}],"wp:attachment":[{"href":"https:\/\/kuali.com.mx\/web\/wp-json\/wp\/v2\/media?parent=128819"}],"wp:term":[{"taxonomy":"category","embeddable":true,"href":"https:\/\/kuali.com.mx\/web\/wp-json\/wp\/v2\/categories?post=128819"},{"taxonomy":"post_tag","embeddable":true,"href":"https:\/\/kuali.com.mx\/web\/wp-json\/wp\/v2\/tags?post=128819"}],"curies":[{"name":"wp","href":"https:\/\/api.w.org\/{rel}","templated":true}]}}