{"id":128810,"date":"2023-10-24T17:44:46","date_gmt":"2023-10-24T23:44:46","guid":{"rendered":"https:\/\/kuali.com.mx\/web\/?p=128810"},"modified":"2023-10-24T17:44:47","modified_gmt":"2023-10-24T23:44:47","slug":"coquetea-pvem-con-la-priista-yulma-rocha","status":"publish","type":"post","link":"https:\/\/kuali.com.mx\/web\/2023\/10\/24\/coquetea-pvem-con-la-priista-yulma-rocha\/","title":{"rendered":"&#8220;COQUETEA&#8221; PVEM CON LA PRIISTA YULMA ROCHA"},"content":{"rendered":"\n<p><strong>Milagros Tadeo\/Le\u00f3n, Gto.-\u00a0<\/strong>La diputada priista, Yulma Rocha Aguilar, podr\u00eda sumarse a los perfiles del Partido Verde Ecologista (PVEM) en busca de un cargo de elecci\u00f3n popular.<\/p>\n\n\n\n<p>El dirigente del PVEM en la entidad, Sergio Contreras Guerrero, se\u00f1al\u00f3 que s\u00ed ha tenido pl\u00e1ticas con la legisladora local a quien le ha externado su inter\u00e9s para que se sume &nbsp;a los perfiles que competir\u00e1n por un cargo de elecci\u00f3n popular.<\/p>\n\n\n\n<p>\u201cS\u00ed hemos tenido reuniones en el plano de amistad y tambi\u00e9n hemos involucrado pl\u00e1ticas sobre los proyectos del escenario en Guanajuato. No s\u00e9 en su momento qu\u00e9 decisi\u00f3n vaya a tomar, si se queda en el PRI, lo que s\u00ed es que yo le he externado que las puertas del PVEM est\u00e1n abiertas para construir con ella un proyecto que sea importante para el partido y para ella, es el coqueteo que hacemos a los buenos perfiles\u201d, expres\u00f3.<\/p>\n\n\n\n<p>Aunque destac\u00f3 que es necesario que primero exista una definici\u00f3n por parte de la priista Yulma Rocha, coment\u00f3 que su perfil \u201cpodr\u00eda sumar&nbsp; al Partido Verde en un proyecto estatal o con repercusi\u00f3n nacional\u201d.<\/p>\n\n\n\n<p>\u201cCreo que el PVEM se enriquecer\u00eda mucho con la presencia y el trabajo de ella, no hay un s\u00ed ni un no, ha habido muchas risas, de veremos, de qu\u00e9 est\u00e1 valorando el escenario y no es f\u00e1cil dejar un partido despu\u00e9s de tantos a\u00f1os\u201d, resalt\u00f3.<\/p>\n\n\n\n<p>Sergio Contreras indic\u00f3 que hasta el d\u00eda de hoy, todo parece indicar que en Guanajuato la candidatura a la gubernatura ser\u00e1 encabezada por un hombre, aunque dijo que en caso de existir cambio de g\u00e9nero no descartaron el perfil de Yulma Rocha.<\/p>\n\n\n\n<p>\u201cEl proyecto hoy, del partido, es Gerardo Fern\u00e1ndez. No nos han definido si toca hombre o mujer en Guanajuato, sin embargo, si toca mujer pues el proyecto se ver\u00eda incre\u00edble en ella como en muchas mujeres que tenemos en el Verde\u201d, concluy\u00f3.&nbsp;<\/p>\n","protected":false},"excerpt":{"rendered":"Milagros Tadeo\/Le\u00f3n, Gto.-\u00a0La diputada priista, Yulma Rocha Aguilar, podr\u00eda sumarse a los perfiles del Partido Verde Ecologista (PVEM) en busca de un cargo de elecci\u00f3n popular. El dirigente del PVEM en la entidad, Sergio Contreras Guerrero, se\u00f1al\u00f3 que s\u00ed ha tenido pl\u00e1ticas con la legisladora local a quien le ha externado su inter\u00e9s para que [&hellip;]","protected":false},"author":2,"featured_media":128813,"comment_status":"open","ping_status":"open","sticky":false,"template":"","format":"standard","meta":{"_seopress_robots_primary_cat":"none","_seopress_titles_title":"","_seopress_titles_desc":"","_seopress_robots_index":"","_monsterinsights_skip_tracking":false,"_monsterinsights_sitenote_active":false,"_monsterinsights_sitenote_note":"","_monsterinsights_sitenote_category":0,"footnotes":""},"categories":[3,69],"tags":[],"class_list":["post-128810","post","type-post","status-publish","format-standard","has-post-thumbnail","hentry","category-politica","category-slider"],"yoast_head":"<!-- This site is optimized with the Yoast SEO plugin v27.4 - https:\/\/yoast.com\/product\/yoast-seo-wordpress\/ -->\n<title>&quot;COQUETEA&quot; PVEM CON LA PRIISTA YULMA ROCHA - Kuali<\/title>\n<meta name=\"robots\" content=\"index, follow, max-snippet:-1, max-image-preview:large, max-video-preview:-1\" \/>\n<link rel=\"canonical\" href=\"https:\/\/kuali.com.mx\/web\/2023\/10\/24\/coquetea-pvem-con-la-priista-yulma-rocha\/\" \/>\n<meta property=\"og:locale\" content=\"es_MX\" \/>\n<meta property=\"og:type\" content=\"article\" \/>\n<meta property=\"og:title\" content=\"&quot;COQUETEA&quot; PVEM CON LA PRIISTA YULMA ROCHA - Kuali\" \/>\n<meta property=\"og:description\" content=\"Milagros Tadeo\/Le\u00f3n, Gto.-\u00a0La diputada priista, Yulma Rocha Aguilar, podr\u00eda sumarse a los perfiles del Partido Verde Ecologista (PVEM) en busca de un cargo de elecci\u00f3n popular. El dirigente del PVEM en la entidad, Sergio Contreras Guerrero, se\u00f1al\u00f3 que s\u00ed ha tenido pl\u00e1ticas con la legisladora local a quien le ha externado su inter\u00e9s para que [&hellip;]\" \/>\n<meta property=\"og:url\" content=\"https:\/\/kuali.com.mx\/web\/2023\/10\/24\/coquetea-pvem-con-la-priista-yulma-rocha\/\" \/>\n<meta property=\"og:site_name\" content=\"Kuali\" \/>\n<meta property=\"article:publisher\" content=\"https:\/\/kuali.com.mx\/web\/wp-content\/uploads\/2018\/04\/cropped-kuali_logo-1-1.png\" \/>\n<meta property=\"article:published_time\" content=\"2023-10-24T23:44:46+00:00\" \/>\n<meta property=\"article:modified_time\" content=\"2023-10-24T23:44:47+00:00\" \/>\n<meta property=\"og:image\" content=\"https:\/\/kuali.com.mx\/web\/wp-content\/uploads\/2023\/10\/Yulma-Rocha.jpg\" \/>\n\t<meta property=\"og:image:width\" content=\"1712\" \/>\n\t<meta property=\"og:image:height\" content=\"750\" \/>\n\t<meta property=\"og:image:type\" content=\"image\/jpeg\" \/>\n<meta name=\"author\" content=\"Kuali Staff\" \/>\n<meta name=\"twitter:card\" content=\"summary_large_image\" \/>\n<meta name=\"twitter:creator\" content=\"@kuali_noticias\" \/>\n<meta name=\"twitter:site\" content=\"@kuali_noticias\" \/>\n<meta name=\"twitter:label1\" content=\"Escrito por\" \/>\n\t<meta name=\"twitter:data1\" content=\"Kuali Staff\" \/>\n\t<meta name=\"twitter:label2\" content=\"Tiempo de lectura\" \/>\n\t<meta name=\"twitter:data2\" content=\"2 minutos\" \/>\n<script type=\"application\/ld+json\" class=\"yoast-schema-graph\">{\"@context\":\"https:\\\/\\\/schema.org\",\"@graph\":[{\"@type\":\"Article\",\"@id\":\"https:\\\/\\\/kuali.com.mx\\\/web\\\/2023\\\/10\\\/24\\\/coquetea-pvem-con-la-priista-yulma-rocha\\\/#article\",\"isPartOf\":{\"@id\":\"https:\\\/\\\/kuali.com.mx\\\/web\\\/2023\\\/10\\\/24\\\/coquetea-pvem-con-la-priista-yulma-rocha\\\/\"},\"author\":{\"name\":\"Kuali Staff\",\"@id\":\"https:\\\/\\\/kuali.com.mx\\\/web\\\/#\\\/schema\\\/person\\\/6f89ffa8ecba9dae50662357923c5289\"},\"headline\":\"&#8220;COQUETEA&#8221; PVEM CON LA PRIISTA YULMA ROCHA\",\"datePublished\":\"2023-10-24T23:44:46+00:00\",\"dateModified\":\"2023-10-24T23:44:47+00:00\",\"mainEntityOfPage\":{\"@id\":\"https:\\\/\\\/kuali.com.mx\\\/web\\\/2023\\\/10\\\/24\\\/coquetea-pvem-con-la-priista-yulma-rocha\\\/\"},\"wordCount\":347,\"commentCount\":0,\"image\":{\"@id\":\"https:\\\/\\\/kuali.com.mx\\\/web\\\/2023\\\/10\\\/24\\\/coquetea-pvem-con-la-priista-yulma-rocha\\\/#primaryimage\"},\"thumbnailUrl\":\"https:\\\/\\\/kuali.com.mx\\\/web\\\/wp-content\\\/uploads\\\/2023\\\/10\\\/Yulma-Rocha.jpg\",\"articleSection\":[\"Pol\u00edtica\",\"slider\"],\"inLanguage\":\"es\",\"potentialAction\":[{\"@type\":\"CommentAction\",\"name\":\"Comment\",\"target\":[\"https:\\\/\\\/kuali.com.mx\\\/web\\\/2023\\\/10\\\/24\\\/coquetea-pvem-con-la-priista-yulma-rocha\\\/#respond\"]}]},{\"@type\":\"WebPage\",\"@id\":\"https:\\\/\\\/kuali.com.mx\\\/web\\\/2023\\\/10\\\/24\\\/coquetea-pvem-con-la-priista-yulma-rocha\\\/\",\"url\":\"https:\\\/\\\/kuali.com.mx\\\/web\\\/2023\\\/10\\\/24\\\/coquetea-pvem-con-la-priista-yulma-rocha\\\/\",\"name\":\"\\\"COQUETEA\\\" PVEM CON LA PRIISTA YULMA ROCHA - Kuali\",\"isPartOf\":{\"@id\":\"https:\\\/\\\/kuali.com.mx\\\/web\\\/#website\"},\"primaryImageOfPage\":{\"@id\":\"https:\\\/\\\/kuali.com.mx\\\/web\\\/2023\\\/10\\\/24\\\/coquetea-pvem-con-la-priista-yulma-rocha\\\/#primaryimage\"},\"image\":{\"@id\":\"https:\\\/\\\/kuali.com.mx\\\/web\\\/2023\\\/10\\\/24\\\/coquetea-pvem-con-la-priista-yulma-rocha\\\/#primaryimage\"},\"thumbnailUrl\":\"https:\\\/\\\/kuali.com.mx\\\/web\\\/wp-content\\\/uploads\\\/2023\\\/10\\\/Yulma-Rocha.jpg\",\"datePublished\":\"2023-10-24T23:44:46+00:00\",\"dateModified\":\"2023-10-24T23:44:47+00:00\",\"author\":{\"@id\":\"https:\\\/\\\/kuali.com.mx\\\/web\\\/#\\\/schema\\\/person\\\/6f89ffa8ecba9dae50662357923c5289\"},\"breadcrumb\":{\"@id\":\"https:\\\/\\\/kuali.com.mx\\\/web\\\/2023\\\/10\\\/24\\\/coquetea-pvem-con-la-priista-yulma-rocha\\\/#breadcrumb\"},\"inLanguage\":\"es\",\"potentialAction\":[{\"@type\":\"ReadAction\",\"target\":[\"https:\\\/\\\/kuali.com.mx\\\/web\\\/2023\\\/10\\\/24\\\/coquetea-pvem-con-la-priista-yulma-rocha\\\/\"]}]},{\"@type\":\"ImageObject\",\"inLanguage\":\"es\",\"@id\":\"https:\\\/\\\/kuali.com.mx\\\/web\\\/2023\\\/10\\\/24\\\/coquetea-pvem-con-la-priista-yulma-rocha\\\/#primaryimage\",\"url\":\"https:\\\/\\\/kuali.com.mx\\\/web\\\/wp-content\\\/uploads\\\/2023\\\/10\\\/Yulma-Rocha.jpg\",\"contentUrl\":\"https:\\\/\\\/kuali.com.mx\\\/web\\\/wp-content\\\/uploads\\\/2023\\\/10\\\/Yulma-Rocha.jpg\",\"width\":1712,\"height\":750},{\"@type\":\"BreadcrumbList\",\"@id\":\"https:\\\/\\\/kuali.com.mx\\\/web\\\/2023\\\/10\\\/24\\\/coquetea-pvem-con-la-priista-yulma-rocha\\\/#breadcrumb\",\"itemListElement\":[{\"@type\":\"ListItem\",\"position\":1,\"name\":\"Inicio\",\"item\":\"https:\\\/\\\/kuali.com.mx\\\/web\\\/\"},{\"@type\":\"ListItem\",\"position\":2,\"name\":\"&#8220;COQUETEA&#8221; PVEM CON LA PRIISTA YULMA ROCHA\"}]},{\"@type\":\"WebSite\",\"@id\":\"https:\\\/\\\/kuali.com.mx\\\/web\\\/#website\",\"url\":\"https:\\\/\\\/kuali.com.mx\\\/web\\\/\",\"name\":\"Kuali\",\"description\":\"\",\"potentialAction\":[{\"@type\":\"SearchAction\",\"target\":{\"@type\":\"EntryPoint\",\"urlTemplate\":\"https:\\\/\\\/kuali.com.mx\\\/web\\\/?s={search_term_string}\"},\"query-input\":{\"@type\":\"PropertyValueSpecification\",\"valueRequired\":true,\"valueName\":\"search_term_string\"}}],\"inLanguage\":\"es\"},{\"@type\":\"Person\",\"@id\":\"https:\\\/\\\/kuali.com.mx\\\/web\\\/#\\\/schema\\\/person\\\/6f89ffa8ecba9dae50662357923c5289\",\"name\":\"Kuali Staff\",\"image\":{\"@type\":\"ImageObject\",\"inLanguage\":\"es\",\"@id\":\"https:\\\/\\\/secure.gravatar.com\\\/avatar\\\/f917ad82e5ab71227a733c78b6e60715476f69ee6be59feee4eb5d9920c89e0f?s=96&d=mm&r=g\",\"url\":\"https:\\\/\\\/secure.gravatar.com\\\/avatar\\\/f917ad82e5ab71227a733c78b6e60715476f69ee6be59feee4eb5d9920c89e0f?s=96&d=mm&r=g\",\"contentUrl\":\"https:\\\/\\\/secure.gravatar.com\\\/avatar\\\/f917ad82e5ab71227a733c78b6e60715476f69ee6be59feee4eb5d9920c89e0f?s=96&d=mm&r=g\",\"caption\":\"Kuali Staff\"},\"url\":\"https:\\\/\\\/kuali.com.mx\\\/web\\\/author\\\/lagarto\\\/\"}]}<\/script>\n<!-- \/ Yoast SEO plugin. -->","yoast_head_json":{"title":"\"COQUETEA\" PVEM CON LA PRIISTA YULMA ROCHA - Kuali","robots":{"index":"index","follow":"follow","max-snippet":"max-snippet:-1","max-image-preview":"max-image-preview:large","max-video-preview":"max-video-preview:-1"},"canonical":"https:\/\/kuali.com.mx\/web\/2023\/10\/24\/coquetea-pvem-con-la-priista-yulma-rocha\/","og_locale":"es_MX","og_type":"article","og_title":"\"COQUETEA\" PVEM CON LA PRIISTA YULMA ROCHA - Kuali","og_description":"Milagros Tadeo\/Le\u00f3n, Gto.-\u00a0La diputada priista, Yulma Rocha Aguilar, podr\u00eda sumarse a los perfiles del Partido Verde Ecologista (PVEM) en busca de un cargo de elecci\u00f3n popular. El dirigente del PVEM en la entidad, Sergio Contreras Guerrero, se\u00f1al\u00f3 que s\u00ed ha tenido pl\u00e1ticas con la legisladora local a quien le ha externado su inter\u00e9s para que [&hellip;]","og_url":"https:\/\/kuali.com.mx\/web\/2023\/10\/24\/coquetea-pvem-con-la-priista-yulma-rocha\/","og_site_name":"Kuali","article_publisher":"https:\/\/kuali.com.mx\/web\/wp-content\/uploads\/2018\/04\/cropped-kuali_logo-1-1.png","article_published_time":"2023-10-24T23:44:46+00:00","article_modified_time":"2023-10-24T23:44:47+00:00","og_image":[{"width":1712,"height":750,"url":"https:\/\/kuali.com.mx\/web\/wp-content\/uploads\/2023\/10\/Yulma-Rocha.jpg","type":"image\/jpeg"}],"author":"Kuali Staff","twitter_card":"summary_large_image","twitter_creator":"@kuali_noticias","twitter_site":"@kuali_noticias","twitter_misc":{"Escrito por":"Kuali Staff","Tiempo de lectura":"2 minutos"},"schema":{"@context":"https:\/\/schema.org","@graph":[{"@type":"Article","@id":"https:\/\/kuali.com.mx\/web\/2023\/10\/24\/coquetea-pvem-con-la-priista-yulma-rocha\/#article","isPartOf":{"@id":"https:\/\/kuali.com.mx\/web\/2023\/10\/24\/coquetea-pvem-con-la-priista-yulma-rocha\/"},"author":{"name":"Kuali Staff","@id":"https:\/\/kuali.com.mx\/web\/#\/schema\/person\/6f89ffa8ecba9dae50662357923c5289"},"headline":"&#8220;COQUETEA&#8221; PVEM CON LA PRIISTA YULMA ROCHA","datePublished":"2023-10-24T23:44:46+00:00","dateModified":"2023-10-24T23:44:47+00:00","mainEntityOfPage":{"@id":"https:\/\/kuali.com.mx\/web\/2023\/10\/24\/coquetea-pvem-con-la-priista-yulma-rocha\/"},"wordCount":347,"commentCount":0,"image":{"@id":"https:\/\/kuali.com.mx\/web\/2023\/10\/24\/coquetea-pvem-con-la-priista-yulma-rocha\/#primaryimage"},"thumbnailUrl":"https:\/\/kuali.com.mx\/web\/wp-content\/uploads\/2023\/10\/Yulma-Rocha.jpg","articleSection":["Pol\u00edtica","slider"],"inLanguage":"es","potentialAction":[{"@type":"CommentAction","name":"Comment","target":["https:\/\/kuali.com.mx\/web\/2023\/10\/24\/coquetea-pvem-con-la-priista-yulma-rocha\/#respond"]}]},{"@type":"WebPage","@id":"https:\/\/kuali.com.mx\/web\/2023\/10\/24\/coquetea-pvem-con-la-priista-yulma-rocha\/","url":"https:\/\/kuali.com.mx\/web\/2023\/10\/24\/coquetea-pvem-con-la-priista-yulma-rocha\/","name":"\"COQUETEA\" PVEM CON LA PRIISTA YULMA ROCHA - Kuali","isPartOf":{"@id":"https:\/\/kuali.com.mx\/web\/#website"},"primaryImageOfPage":{"@id":"https:\/\/kuali.com.mx\/web\/2023\/10\/24\/coquetea-pvem-con-la-priista-yulma-rocha\/#primaryimage"},"image":{"@id":"https:\/\/kuali.com.mx\/web\/2023\/10\/24\/coquetea-pvem-con-la-priista-yulma-rocha\/#primaryimage"},"thumbnailUrl":"https:\/\/kuali.com.mx\/web\/wp-content\/uploads\/2023\/10\/Yulma-Rocha.jpg","datePublished":"2023-10-24T23:44:46+00:00","dateModified":"2023-10-24T23:44:47+00:00","author":{"@id":"https:\/\/kuali.com.mx\/web\/#\/schema\/person\/6f89ffa8ecba9dae50662357923c5289"},"breadcrumb":{"@id":"https:\/\/kuali.com.mx\/web\/2023\/10\/24\/coquetea-pvem-con-la-priista-yulma-rocha\/#breadcrumb"},"inLanguage":"es","potentialAction":[{"@type":"ReadAction","target":["https:\/\/kuali.com.mx\/web\/2023\/10\/24\/coquetea-pvem-con-la-priista-yulma-rocha\/"]}]},{"@type":"ImageObject","inLanguage":"es","@id":"https:\/\/kuali.com.mx\/web\/2023\/10\/24\/coquetea-pvem-con-la-priista-yulma-rocha\/#primaryimage","url":"https:\/\/kuali.com.mx\/web\/wp-content\/uploads\/2023\/10\/Yulma-Rocha.jpg","contentUrl":"https:\/\/kuali.com.mx\/web\/wp-content\/uploads\/2023\/10\/Yulma-Rocha.jpg","width":1712,"height":750},{"@type":"BreadcrumbList","@id":"https:\/\/kuali.com.mx\/web\/2023\/10\/24\/coquetea-pvem-con-la-priista-yulma-rocha\/#breadcrumb","itemListElement":[{"@type":"ListItem","position":1,"name":"Inicio","item":"https:\/\/kuali.com.mx\/web\/"},{"@type":"ListItem","position":2,"name":"&#8220;COQUETEA&#8221; PVEM CON LA PRIISTA YULMA ROCHA"}]},{"@type":"WebSite","@id":"https:\/\/kuali.com.mx\/web\/#website","url":"https:\/\/kuali.com.mx\/web\/","name":"Kuali","description":"","potentialAction":[{"@type":"SearchAction","target":{"@type":"EntryPoint","urlTemplate":"https:\/\/kuali.com.mx\/web\/?s={search_term_string}"},"query-input":{"@type":"PropertyValueSpecification","valueRequired":true,"valueName":"search_term_string"}}],"inLanguage":"es"},{"@type":"Person","@id":"https:\/\/kuali.com.mx\/web\/#\/schema\/person\/6f89ffa8ecba9dae50662357923c5289","name":"Kuali Staff","image":{"@type":"ImageObject","inLanguage":"es","@id":"https:\/\/secure.gravatar.com\/avatar\/f917ad82e5ab71227a733c78b6e60715476f69ee6be59feee4eb5d9920c89e0f?s=96&d=mm&r=g","url":"https:\/\/secure.gravatar.com\/avatar\/f917ad82e5ab71227a733c78b6e60715476f69ee6be59feee4eb5d9920c89e0f?s=96&d=mm&r=g","contentUrl":"https:\/\/secure.gravatar.com\/avatar\/f917ad82e5ab71227a733c78b6e60715476f69ee6be59feee4eb5d9920c89e0f?s=96&d=mm&r=g","caption":"Kuali Staff"},"url":"https:\/\/kuali.com.mx\/web\/author\/lagarto\/"}]}},"_links":{"self":[{"href":"https:\/\/kuali.com.mx\/web\/wp-json\/wp\/v2\/posts\/128810","targetHints":{"allow":["GET"]}}],"collection":[{"href":"https:\/\/kuali.com.mx\/web\/wp-json\/wp\/v2\/posts"}],"about":[{"href":"https:\/\/kuali.com.mx\/web\/wp-json\/wp\/v2\/types\/post"}],"author":[{"embeddable":true,"href":"https:\/\/kuali.com.mx\/web\/wp-json\/wp\/v2\/users\/2"}],"replies":[{"embeddable":true,"href":"https:\/\/kuali.com.mx\/web\/wp-json\/wp\/v2\/comments?post=128810"}],"version-history":[{"count":1,"href":"https:\/\/kuali.com.mx\/web\/wp-json\/wp\/v2\/posts\/128810\/revisions"}],"predecessor-version":[{"id":128814,"href":"https:\/\/kuali.com.mx\/web\/wp-json\/wp\/v2\/posts\/128810\/revisions\/128814"}],"wp:featuredmedia":[{"embeddable":true,"href":"https:\/\/kuali.com.mx\/web\/wp-json\/wp\/v2\/media\/128813"}],"wp:attachment":[{"href":"https:\/\/kuali.com.mx\/web\/wp-json\/wp\/v2\/media?parent=128810"}],"wp:term":[{"taxonomy":"category","embeddable":true,"href":"https:\/\/kuali.com.mx\/web\/wp-json\/wp\/v2\/categories?post=128810"},{"taxonomy":"post_tag","embeddable":true,"href":"https:\/\/kuali.com.mx\/web\/wp-json\/wp\/v2\/tags?post=128810"}],"curies":[{"name":"wp","href":"https:\/\/api.w.org\/{rel}","templated":true}]}}