{"id":128707,"date":"2023-10-22T19:43:51","date_gmt":"2023-10-23T01:43:51","guid":{"rendered":"https:\/\/kuali.com.mx\/web\/?p=128707"},"modified":"2023-10-22T19:43:52","modified_gmt":"2023-10-23T01:43:52","slug":"reconocen-trayectoria-de-catedratica","status":"publish","type":"post","link":"https:\/\/kuali.com.mx\/web\/2023\/10\/22\/reconocen-trayectoria-de-catedratica\/","title":{"rendered":"RECONOCEN TRAYECTORIA DE CATEDR\u00c1TICA"},"content":{"rendered":"\n<p><strong><em>Kuali\/Irapuato, Gto.-<\/em><\/strong>La doctora Mar\u00eda Cristina del Rinc\u00f3n Castro, profesora de la Universidad de Guanajuato (UG), recibir\u00e1 el Premio Nacional de Control Biol\u00f3gico por parte de la Asociaci\u00f3n Mexicana de Control Biol\u00f3gico, como reconocimiento a su trayectoria acad\u00e9mica y experiencia en el campo.<\/p>\n\n\n\n<p>La profesora del Departamento de Alimentos de la Divisi\u00f3n de Ciencias de la Vida recibir\u00e1 una medalla y un reconocimiento el pr\u00f3ximo 27 de octubre, en el marco del XLV Congreso Nacional de Control Biol\u00f3gico, a realizarse en Saltillo, Coahuila.<\/p>\n\n\n\n<p>La cient\u00edfica mexicana pertenece al Sistema Nacional de Investigadoras e Investigadores en el nivel II y a la Academia Mexicana de Ciencias. Ha organizado 15 congresos nacionales de control biol\u00f3gico, ya que pertenece a esa sociedad desde hace 25 a\u00f1os, misma que presidi\u00f3 en el a\u00f1o 2011. Tambi\u00e9n ha organizado dos eventos de alcance internacional en Guanajuato y en Francia.<\/p>\n\n\n\n<p>La Asociaci\u00f3n consider\u00f3 otorgarle este distintivo, ya que sus aportaciones van m\u00e1s all\u00e1 del laboratorio o la publicaci\u00f3n de art\u00edculos. Ella se vincula con las y los productores de alimentos como: ma\u00edz, br\u00f3coli, lechuga, esp\u00e1rrago o pimiento verde, a quienes ofertar alternativas que eviten el uso de insecticidas qu\u00edmicos, con el uso de productos biol\u00f3gicos como microorganismos, virus, bacterias y hongos.<\/p>\n\n\n\n<p>\u201cPara m\u00ed fue una sorpresa, porque la comunidad de control biol\u00f3gico es muy amplia. Recibir esta distinci\u00f3n trabajando en una universidad p\u00fablica, que no tiene tanto presupuesto como otros centros de investigaci\u00f3n, es un compromiso muy fuerte porque eso significa que hay que seguir trabajando m\u00e1s duro para producir conocimiento cient\u00edfico. Ojal\u00e1 sea una motivaci\u00f3n para mis estudiantes, que vean que somos capaces de ser reconocidos a nivel nacional\u201d, coment\u00f3 la profesora.<\/p>\n\n\n\n<p>Su experiencia en el control biol\u00f3gico suma 35 a\u00f1os, iniciados desde que era alumna de la Maestr\u00eda en Biotecnolog\u00eda de Plantas en el Centro de Investigaci\u00f3n y de Estudios Avanzados del Instituto Polit\u00e9cnico Nacional (Cinvestav), donde tambi\u00e9n estudi\u00f3 su doctorado. Posteriormente realiz\u00f3 estancias posdoctorales en Francia y EE. UU.<\/p>\n\n\n\n<p>A la Universidad de Guanajuato ingres\u00f3 como docente en el 2008. Es la responsable del laboratorio de Biotecnolog\u00eda Alimentaria y Agr\u00edcola, donde trabaja con las y los estudiantes de licenciatura, maestr\u00eda y doctorado. Espec\u00edficamente trabajan con los baculovirus o virus que infectan a los insectos.<\/p>\n\n\n\n<p>Como parte de sus proyectos, acude con sus estudiantes al campo a buscar insectos infectados, con enfermedades que ya existen en la naturaleza y los llevan al laboratorio para caracterizar y definir cu\u00e1les virus son m\u00e1s intensos. En su laboratorio los caracterizan a nivel biol\u00f3gico para determinar cu\u00e1ntos virus se necesitan para matar una plaga, con qu\u00e9 genes, qu\u00e9 prote\u00ednas y luego los aplican en sembrad\u00edos para dar seguimiento al insecto en el desarrollo de su enfermedad.<\/p>\n\n\n\n<p>Adem\u00e1s de formar recursos humanos, ha publicado 65 art\u00edculos, 11 cap\u00edtulos de libros. Ha dirigido 22 tesis de licenciatura, 20 de maestr\u00eda y 9 tesis del doctorado en Biociencias.<\/p>\n","protected":false},"excerpt":{"rendered":"Kuali\/Irapuato, Gto.-La doctora Mar\u00eda Cristina del Rinc\u00f3n Castro, profesora de la Universidad de Guanajuato (UG), recibir\u00e1 el Premio Nacional de Control Biol\u00f3gico por parte de la Asociaci\u00f3n Mexicana de Control Biol\u00f3gico, como reconocimiento a su trayectoria acad\u00e9mica y experiencia en el campo. La profesora del Departamento de Alimentos de la Divisi\u00f3n de Ciencias de la [&hellip;]","protected":false},"author":2,"featured_media":128710,"comment_status":"open","ping_status":"open","sticky":false,"template":"","format":"standard","meta":{"_seopress_robots_primary_cat":"none","_seopress_titles_title":"","_seopress_titles_desc":"","_seopress_robots_index":"","_monsterinsights_skip_tracking":false,"_monsterinsights_sitenote_active":false,"_monsterinsights_sitenote_note":"","_monsterinsights_sitenote_category":0,"footnotes":""},"categories":[2],"tags":[],"class_list":["post-128707","post","type-post","status-publish","format-standard","has-post-thumbnail","hentry","category-ciencia"],"yoast_head":"<!-- This site is optimized with the Yoast SEO plugin v27.4 - https:\/\/yoast.com\/product\/yoast-seo-wordpress\/ -->\n<title>RECONOCEN TRAYECTORIA DE CATEDR\u00c1TICA - Kuali<\/title>\n<meta name=\"robots\" content=\"index, follow, max-snippet:-1, max-image-preview:large, max-video-preview:-1\" \/>\n<link rel=\"canonical\" href=\"https:\/\/kuali.com.mx\/web\/2023\/10\/22\/reconocen-trayectoria-de-catedratica\/\" \/>\n<meta property=\"og:locale\" content=\"es_MX\" \/>\n<meta property=\"og:type\" content=\"article\" \/>\n<meta property=\"og:title\" content=\"RECONOCEN TRAYECTORIA DE CATEDR\u00c1TICA - Kuali\" \/>\n<meta property=\"og:description\" content=\"Kuali\/Irapuato, Gto.-La doctora Mar\u00eda Cristina del Rinc\u00f3n Castro, profesora de la Universidad de Guanajuato (UG), recibir\u00e1 el Premio Nacional de Control Biol\u00f3gico por parte de la Asociaci\u00f3n Mexicana de Control Biol\u00f3gico, como reconocimiento a su trayectoria acad\u00e9mica y experiencia en el campo. La profesora del Departamento de Alimentos de la Divisi\u00f3n de Ciencias de la [&hellip;]\" \/>\n<meta property=\"og:url\" content=\"https:\/\/kuali.com.mx\/web\/2023\/10\/22\/reconocen-trayectoria-de-catedratica\/\" \/>\n<meta property=\"og:site_name\" content=\"Kuali\" \/>\n<meta property=\"article:publisher\" content=\"https:\/\/kuali.com.mx\/web\/wp-content\/uploads\/2018\/04\/cropped-kuali_logo-1-1.png\" \/>\n<meta property=\"article:published_time\" content=\"2023-10-23T01:43:51+00:00\" \/>\n<meta property=\"article:modified_time\" content=\"2023-10-23T01:43:52+00:00\" \/>\n<meta property=\"og:image\" content=\"https:\/\/kuali.com.mx\/web\/wp-content\/uploads\/2023\/10\/UG-Dra.-Maria-Cristina-del-Rincon-Castro-1.jpeg\" \/>\n\t<meta property=\"og:image:width\" content=\"2369\" \/>\n\t<meta property=\"og:image:height\" content=\"1981\" \/>\n\t<meta property=\"og:image:type\" content=\"image\/jpeg\" \/>\n<meta name=\"author\" content=\"Kuali Staff\" \/>\n<meta name=\"twitter:card\" content=\"summary_large_image\" \/>\n<meta name=\"twitter:creator\" content=\"@kuali_noticias\" \/>\n<meta name=\"twitter:site\" content=\"@kuali_noticias\" \/>\n<meta name=\"twitter:label1\" content=\"Escrito por\" \/>\n\t<meta name=\"twitter:data1\" content=\"Kuali Staff\" \/>\n\t<meta name=\"twitter:label2\" content=\"Tiempo de lectura\" \/>\n\t<meta name=\"twitter:data2\" content=\"3 minutos\" \/>\n<script type=\"application\/ld+json\" class=\"yoast-schema-graph\">{\"@context\":\"https:\\\/\\\/schema.org\",\"@graph\":[{\"@type\":\"Article\",\"@id\":\"https:\\\/\\\/kuali.com.mx\\\/web\\\/2023\\\/10\\\/22\\\/reconocen-trayectoria-de-catedratica\\\/#article\",\"isPartOf\":{\"@id\":\"https:\\\/\\\/kuali.com.mx\\\/web\\\/2023\\\/10\\\/22\\\/reconocen-trayectoria-de-catedratica\\\/\"},\"author\":{\"name\":\"Kuali Staff\",\"@id\":\"https:\\\/\\\/kuali.com.mx\\\/web\\\/#\\\/schema\\\/person\\\/6f89ffa8ecba9dae50662357923c5289\"},\"headline\":\"RECONOCEN TRAYECTORIA DE CATEDR\u00c1TICA\",\"datePublished\":\"2023-10-23T01:43:51+00:00\",\"dateModified\":\"2023-10-23T01:43:52+00:00\",\"mainEntityOfPage\":{\"@id\":\"https:\\\/\\\/kuali.com.mx\\\/web\\\/2023\\\/10\\\/22\\\/reconocen-trayectoria-de-catedratica\\\/\"},\"wordCount\":523,\"commentCount\":0,\"image\":{\"@id\":\"https:\\\/\\\/kuali.com.mx\\\/web\\\/2023\\\/10\\\/22\\\/reconocen-trayectoria-de-catedratica\\\/#primaryimage\"},\"thumbnailUrl\":\"https:\\\/\\\/kuali.com.mx\\\/web\\\/wp-content\\\/uploads\\\/2023\\\/10\\\/UG-Dra.-Maria-Cristina-del-Rincon-Castro-1.jpeg\",\"articleSection\":[\"Ciencia\"],\"inLanguage\":\"es\",\"potentialAction\":[{\"@type\":\"CommentAction\",\"name\":\"Comment\",\"target\":[\"https:\\\/\\\/kuali.com.mx\\\/web\\\/2023\\\/10\\\/22\\\/reconocen-trayectoria-de-catedratica\\\/#respond\"]}]},{\"@type\":\"WebPage\",\"@id\":\"https:\\\/\\\/kuali.com.mx\\\/web\\\/2023\\\/10\\\/22\\\/reconocen-trayectoria-de-catedratica\\\/\",\"url\":\"https:\\\/\\\/kuali.com.mx\\\/web\\\/2023\\\/10\\\/22\\\/reconocen-trayectoria-de-catedratica\\\/\",\"name\":\"RECONOCEN TRAYECTORIA DE CATEDR\u00c1TICA - Kuali\",\"isPartOf\":{\"@id\":\"https:\\\/\\\/kuali.com.mx\\\/web\\\/#website\"},\"primaryImageOfPage\":{\"@id\":\"https:\\\/\\\/kuali.com.mx\\\/web\\\/2023\\\/10\\\/22\\\/reconocen-trayectoria-de-catedratica\\\/#primaryimage\"},\"image\":{\"@id\":\"https:\\\/\\\/kuali.com.mx\\\/web\\\/2023\\\/10\\\/22\\\/reconocen-trayectoria-de-catedratica\\\/#primaryimage\"},\"thumbnailUrl\":\"https:\\\/\\\/kuali.com.mx\\\/web\\\/wp-content\\\/uploads\\\/2023\\\/10\\\/UG-Dra.-Maria-Cristina-del-Rincon-Castro-1.jpeg\",\"datePublished\":\"2023-10-23T01:43:51+00:00\",\"dateModified\":\"2023-10-23T01:43:52+00:00\",\"author\":{\"@id\":\"https:\\\/\\\/kuali.com.mx\\\/web\\\/#\\\/schema\\\/person\\\/6f89ffa8ecba9dae50662357923c5289\"},\"breadcrumb\":{\"@id\":\"https:\\\/\\\/kuali.com.mx\\\/web\\\/2023\\\/10\\\/22\\\/reconocen-trayectoria-de-catedratica\\\/#breadcrumb\"},\"inLanguage\":\"es\",\"potentialAction\":[{\"@type\":\"ReadAction\",\"target\":[\"https:\\\/\\\/kuali.com.mx\\\/web\\\/2023\\\/10\\\/22\\\/reconocen-trayectoria-de-catedratica\\\/\"]}]},{\"@type\":\"ImageObject\",\"inLanguage\":\"es\",\"@id\":\"https:\\\/\\\/kuali.com.mx\\\/web\\\/2023\\\/10\\\/22\\\/reconocen-trayectoria-de-catedratica\\\/#primaryimage\",\"url\":\"https:\\\/\\\/kuali.com.mx\\\/web\\\/wp-content\\\/uploads\\\/2023\\\/10\\\/UG-Dra.-Maria-Cristina-del-Rincon-Castro-1.jpeg\",\"contentUrl\":\"https:\\\/\\\/kuali.com.mx\\\/web\\\/wp-content\\\/uploads\\\/2023\\\/10\\\/UG-Dra.-Maria-Cristina-del-Rincon-Castro-1.jpeg\",\"width\":2369,\"height\":1981},{\"@type\":\"BreadcrumbList\",\"@id\":\"https:\\\/\\\/kuali.com.mx\\\/web\\\/2023\\\/10\\\/22\\\/reconocen-trayectoria-de-catedratica\\\/#breadcrumb\",\"itemListElement\":[{\"@type\":\"ListItem\",\"position\":1,\"name\":\"Inicio\",\"item\":\"https:\\\/\\\/kuali.com.mx\\\/web\\\/\"},{\"@type\":\"ListItem\",\"position\":2,\"name\":\"RECONOCEN TRAYECTORIA DE CATEDR\u00c1TICA\"}]},{\"@type\":\"WebSite\",\"@id\":\"https:\\\/\\\/kuali.com.mx\\\/web\\\/#website\",\"url\":\"https:\\\/\\\/kuali.com.mx\\\/web\\\/\",\"name\":\"Kuali\",\"description\":\"\",\"potentialAction\":[{\"@type\":\"SearchAction\",\"target\":{\"@type\":\"EntryPoint\",\"urlTemplate\":\"https:\\\/\\\/kuali.com.mx\\\/web\\\/?s={search_term_string}\"},\"query-input\":{\"@type\":\"PropertyValueSpecification\",\"valueRequired\":true,\"valueName\":\"search_term_string\"}}],\"inLanguage\":\"es\"},{\"@type\":\"Person\",\"@id\":\"https:\\\/\\\/kuali.com.mx\\\/web\\\/#\\\/schema\\\/person\\\/6f89ffa8ecba9dae50662357923c5289\",\"name\":\"Kuali Staff\",\"image\":{\"@type\":\"ImageObject\",\"inLanguage\":\"es\",\"@id\":\"https:\\\/\\\/secure.gravatar.com\\\/avatar\\\/f917ad82e5ab71227a733c78b6e60715476f69ee6be59feee4eb5d9920c89e0f?s=96&d=mm&r=g\",\"url\":\"https:\\\/\\\/secure.gravatar.com\\\/avatar\\\/f917ad82e5ab71227a733c78b6e60715476f69ee6be59feee4eb5d9920c89e0f?s=96&d=mm&r=g\",\"contentUrl\":\"https:\\\/\\\/secure.gravatar.com\\\/avatar\\\/f917ad82e5ab71227a733c78b6e60715476f69ee6be59feee4eb5d9920c89e0f?s=96&d=mm&r=g\",\"caption\":\"Kuali Staff\"},\"url\":\"https:\\\/\\\/kuali.com.mx\\\/web\\\/author\\\/lagarto\\\/\"}]}<\/script>\n<!-- \/ Yoast SEO plugin. -->","yoast_head_json":{"title":"RECONOCEN TRAYECTORIA DE CATEDR\u00c1TICA - Kuali","robots":{"index":"index","follow":"follow","max-snippet":"max-snippet:-1","max-image-preview":"max-image-preview:large","max-video-preview":"max-video-preview:-1"},"canonical":"https:\/\/kuali.com.mx\/web\/2023\/10\/22\/reconocen-trayectoria-de-catedratica\/","og_locale":"es_MX","og_type":"article","og_title":"RECONOCEN TRAYECTORIA DE CATEDR\u00c1TICA - Kuali","og_description":"Kuali\/Irapuato, Gto.-La doctora Mar\u00eda Cristina del Rinc\u00f3n Castro, profesora de la Universidad de Guanajuato (UG), recibir\u00e1 el Premio Nacional de Control Biol\u00f3gico por parte de la Asociaci\u00f3n Mexicana de Control Biol\u00f3gico, como reconocimiento a su trayectoria acad\u00e9mica y experiencia en el campo. La profesora del Departamento de Alimentos de la Divisi\u00f3n de Ciencias de la [&hellip;]","og_url":"https:\/\/kuali.com.mx\/web\/2023\/10\/22\/reconocen-trayectoria-de-catedratica\/","og_site_name":"Kuali","article_publisher":"https:\/\/kuali.com.mx\/web\/wp-content\/uploads\/2018\/04\/cropped-kuali_logo-1-1.png","article_published_time":"2023-10-23T01:43:51+00:00","article_modified_time":"2023-10-23T01:43:52+00:00","og_image":[{"width":2369,"height":1981,"url":"https:\/\/kuali.com.mx\/web\/wp-content\/uploads\/2023\/10\/UG-Dra.-Maria-Cristina-del-Rincon-Castro-1.jpeg","type":"image\/jpeg"}],"author":"Kuali Staff","twitter_card":"summary_large_image","twitter_creator":"@kuali_noticias","twitter_site":"@kuali_noticias","twitter_misc":{"Escrito por":"Kuali Staff","Tiempo de lectura":"3 minutos"},"schema":{"@context":"https:\/\/schema.org","@graph":[{"@type":"Article","@id":"https:\/\/kuali.com.mx\/web\/2023\/10\/22\/reconocen-trayectoria-de-catedratica\/#article","isPartOf":{"@id":"https:\/\/kuali.com.mx\/web\/2023\/10\/22\/reconocen-trayectoria-de-catedratica\/"},"author":{"name":"Kuali Staff","@id":"https:\/\/kuali.com.mx\/web\/#\/schema\/person\/6f89ffa8ecba9dae50662357923c5289"},"headline":"RECONOCEN TRAYECTORIA DE CATEDR\u00c1TICA","datePublished":"2023-10-23T01:43:51+00:00","dateModified":"2023-10-23T01:43:52+00:00","mainEntityOfPage":{"@id":"https:\/\/kuali.com.mx\/web\/2023\/10\/22\/reconocen-trayectoria-de-catedratica\/"},"wordCount":523,"commentCount":0,"image":{"@id":"https:\/\/kuali.com.mx\/web\/2023\/10\/22\/reconocen-trayectoria-de-catedratica\/#primaryimage"},"thumbnailUrl":"https:\/\/kuali.com.mx\/web\/wp-content\/uploads\/2023\/10\/UG-Dra.-Maria-Cristina-del-Rincon-Castro-1.jpeg","articleSection":["Ciencia"],"inLanguage":"es","potentialAction":[{"@type":"CommentAction","name":"Comment","target":["https:\/\/kuali.com.mx\/web\/2023\/10\/22\/reconocen-trayectoria-de-catedratica\/#respond"]}]},{"@type":"WebPage","@id":"https:\/\/kuali.com.mx\/web\/2023\/10\/22\/reconocen-trayectoria-de-catedratica\/","url":"https:\/\/kuali.com.mx\/web\/2023\/10\/22\/reconocen-trayectoria-de-catedratica\/","name":"RECONOCEN TRAYECTORIA DE CATEDR\u00c1TICA - Kuali","isPartOf":{"@id":"https:\/\/kuali.com.mx\/web\/#website"},"primaryImageOfPage":{"@id":"https:\/\/kuali.com.mx\/web\/2023\/10\/22\/reconocen-trayectoria-de-catedratica\/#primaryimage"},"image":{"@id":"https:\/\/kuali.com.mx\/web\/2023\/10\/22\/reconocen-trayectoria-de-catedratica\/#primaryimage"},"thumbnailUrl":"https:\/\/kuali.com.mx\/web\/wp-content\/uploads\/2023\/10\/UG-Dra.-Maria-Cristina-del-Rincon-Castro-1.jpeg","datePublished":"2023-10-23T01:43:51+00:00","dateModified":"2023-10-23T01:43:52+00:00","author":{"@id":"https:\/\/kuali.com.mx\/web\/#\/schema\/person\/6f89ffa8ecba9dae50662357923c5289"},"breadcrumb":{"@id":"https:\/\/kuali.com.mx\/web\/2023\/10\/22\/reconocen-trayectoria-de-catedratica\/#breadcrumb"},"inLanguage":"es","potentialAction":[{"@type":"ReadAction","target":["https:\/\/kuali.com.mx\/web\/2023\/10\/22\/reconocen-trayectoria-de-catedratica\/"]}]},{"@type":"ImageObject","inLanguage":"es","@id":"https:\/\/kuali.com.mx\/web\/2023\/10\/22\/reconocen-trayectoria-de-catedratica\/#primaryimage","url":"https:\/\/kuali.com.mx\/web\/wp-content\/uploads\/2023\/10\/UG-Dra.-Maria-Cristina-del-Rincon-Castro-1.jpeg","contentUrl":"https:\/\/kuali.com.mx\/web\/wp-content\/uploads\/2023\/10\/UG-Dra.-Maria-Cristina-del-Rincon-Castro-1.jpeg","width":2369,"height":1981},{"@type":"BreadcrumbList","@id":"https:\/\/kuali.com.mx\/web\/2023\/10\/22\/reconocen-trayectoria-de-catedratica\/#breadcrumb","itemListElement":[{"@type":"ListItem","position":1,"name":"Inicio","item":"https:\/\/kuali.com.mx\/web\/"},{"@type":"ListItem","position":2,"name":"RECONOCEN TRAYECTORIA DE CATEDR\u00c1TICA"}]},{"@type":"WebSite","@id":"https:\/\/kuali.com.mx\/web\/#website","url":"https:\/\/kuali.com.mx\/web\/","name":"Kuali","description":"","potentialAction":[{"@type":"SearchAction","target":{"@type":"EntryPoint","urlTemplate":"https:\/\/kuali.com.mx\/web\/?s={search_term_string}"},"query-input":{"@type":"PropertyValueSpecification","valueRequired":true,"valueName":"search_term_string"}}],"inLanguage":"es"},{"@type":"Person","@id":"https:\/\/kuali.com.mx\/web\/#\/schema\/person\/6f89ffa8ecba9dae50662357923c5289","name":"Kuali Staff","image":{"@type":"ImageObject","inLanguage":"es","@id":"https:\/\/secure.gravatar.com\/avatar\/f917ad82e5ab71227a733c78b6e60715476f69ee6be59feee4eb5d9920c89e0f?s=96&d=mm&r=g","url":"https:\/\/secure.gravatar.com\/avatar\/f917ad82e5ab71227a733c78b6e60715476f69ee6be59feee4eb5d9920c89e0f?s=96&d=mm&r=g","contentUrl":"https:\/\/secure.gravatar.com\/avatar\/f917ad82e5ab71227a733c78b6e60715476f69ee6be59feee4eb5d9920c89e0f?s=96&d=mm&r=g","caption":"Kuali Staff"},"url":"https:\/\/kuali.com.mx\/web\/author\/lagarto\/"}]}},"_links":{"self":[{"href":"https:\/\/kuali.com.mx\/web\/wp-json\/wp\/v2\/posts\/128707","targetHints":{"allow":["GET"]}}],"collection":[{"href":"https:\/\/kuali.com.mx\/web\/wp-json\/wp\/v2\/posts"}],"about":[{"href":"https:\/\/kuali.com.mx\/web\/wp-json\/wp\/v2\/types\/post"}],"author":[{"embeddable":true,"href":"https:\/\/kuali.com.mx\/web\/wp-json\/wp\/v2\/users\/2"}],"replies":[{"embeddable":true,"href":"https:\/\/kuali.com.mx\/web\/wp-json\/wp\/v2\/comments?post=128707"}],"version-history":[{"count":1,"href":"https:\/\/kuali.com.mx\/web\/wp-json\/wp\/v2\/posts\/128707\/revisions"}],"predecessor-version":[{"id":128711,"href":"https:\/\/kuali.com.mx\/web\/wp-json\/wp\/v2\/posts\/128707\/revisions\/128711"}],"wp:featuredmedia":[{"embeddable":true,"href":"https:\/\/kuali.com.mx\/web\/wp-json\/wp\/v2\/media\/128710"}],"wp:attachment":[{"href":"https:\/\/kuali.com.mx\/web\/wp-json\/wp\/v2\/media?parent=128707"}],"wp:term":[{"taxonomy":"category","embeddable":true,"href":"https:\/\/kuali.com.mx\/web\/wp-json\/wp\/v2\/categories?post=128707"},{"taxonomy":"post_tag","embeddable":true,"href":"https:\/\/kuali.com.mx\/web\/wp-json\/wp\/v2\/tags?post=128707"}],"curies":[{"name":"wp","href":"https:\/\/api.w.org\/{rel}","templated":true}]}}