{"id":128419,"date":"2023-10-17T10:06:00","date_gmt":"2023-10-17T16:06:00","guid":{"rendered":"https:\/\/kuali.com.mx\/web\/?p=128419"},"modified":"2023-10-17T22:09:01","modified_gmt":"2023-10-18T04:09:01","slug":"presentaran-prisa-en-el-teatro-cervantes","status":"publish","type":"post","link":"https:\/\/kuali.com.mx\/web\/2023\/10\/17\/presentaran-prisa-en-el-teatro-cervantes\/","title":{"rendered":"PRESENTAR\u00c1N &#8220;PRISA&#8221; EN EL TEATRO CERVANTES"},"content":{"rendered":"\n<p><strong><em>Kuali\/Guanajuato, Gto.-<\/em><\/strong> Como parte de las propuestas esc\u00e9nicas del Talento Guanajuato en el 51\u00b0 Festival Internacional Cervantino, este 25 de octubre Alfredo \u00c1vila presentar\u00e1 el unipersonal \u201cPrisa\u201d, en el Teatro Cervantes.<\/p>\n\n\n\n<p>El montaje, firmado por la compa\u00f1\u00eda L\u00edquido Colectivo, se nutre de uno de los cuentos del libro \u201cArenas movedizas\u201d, de Octavio Paz para plantear una v\u00edvida reflexi\u00f3n sobre la ansiedad y la depresi\u00f3n, padecimientos que a veces se pasan por alto al vivir con prisa.<\/p>\n\n\n\n<p>\u201cPrisa\u201d es la historia de un hombre que espera, espera algo que tal vez nunca llegar\u00e1. Espera con prisa. Tiene prisa de estar. El mon\u00f3logo, que se escribi\u00f3 pensando en el p\u00fablico adolescente, naci\u00f3 en pandemia y tambi\u00e9n combina reflexiones que el propio \u00c1vila ha formulado en diversos momentos claves de su vida.<\/p>\n\n\n\n<p>El 40 es el n\u00famero que define al mon\u00f3logo. De acuerdo a los creadores, el 40 representa el cambio, una constante que se queda congelada en medio de una precipitada bajada a la que, sin embargo, no es posible prestar atenci\u00f3n porque el tiempo apremia.<\/p>\n\n\n\n<p>La propuesta de este colectivo guanajuatense ha sorprendido al p\u00fablico por su originalidad. El argumento en voz en off apoya y acompa\u00f1a la din\u00e1mica \u00e1gil en el escenario, basada en el arte corp\u00f3reo, con destrezas circenses y actos de magia de por medio.<\/p>\n\n\n\n<p>\u201cPrisa\u201d result\u00f3 seleccionado en la convocatoria para Producci\u00f3n de Unipersonales del Instituto Cultural de Le\u00f3n, en 2021. Ese mismo a\u00f1o particip\u00f3 en el Encuentro Estatal de Teatro y en 2022 se integr\u00f3 al Festival de Mon\u00f3logos Teatro a una Sola Voz.<\/p>\n","protected":false},"excerpt":{"rendered":"Kuali\/Guanajuato, Gto.- Como parte de las propuestas esc\u00e9nicas del Talento Guanajuato en el 51\u00b0 Festival Internacional Cervantino, este 25 de octubre Alfredo \u00c1vila presentar\u00e1 el unipersonal \u201cPrisa\u201d, en el Teatro Cervantes. El montaje, firmado por la compa\u00f1\u00eda L\u00edquido Colectivo, se nutre de uno de los cuentos del libro \u201cArenas movedizas\u201d, de Octavio Paz para plantear [&hellip;]","protected":false},"author":2,"featured_media":128422,"comment_status":"open","ping_status":"open","sticky":false,"template":"","format":"standard","meta":{"_seopress_robots_primary_cat":"none","_seopress_titles_title":"","_seopress_titles_desc":"","_seopress_robots_index":"","_monsterinsights_skip_tracking":false,"_monsterinsights_sitenote_active":false,"_monsterinsights_sitenote_note":"","_monsterinsights_sitenote_category":0,"footnotes":""},"categories":[8],"tags":[],"class_list":["post-128419","post","type-post","status-publish","format-standard","has-post-thumbnail","hentry","category-espectaculos"],"yoast_head":"<!-- This site is optimized with the Yoast SEO plugin v27.4 - https:\/\/yoast.com\/product\/yoast-seo-wordpress\/ -->\n<title>PRESENTAR\u00c1N &quot;PRISA&quot; EN EL TEATRO CERVANTES - Kuali<\/title>\n<meta name=\"robots\" content=\"index, follow, max-snippet:-1, max-image-preview:large, max-video-preview:-1\" \/>\n<link rel=\"canonical\" href=\"https:\/\/kuali.com.mx\/web\/2023\/10\/17\/presentaran-prisa-en-el-teatro-cervantes\/\" \/>\n<meta property=\"og:locale\" content=\"es_MX\" \/>\n<meta property=\"og:type\" content=\"article\" \/>\n<meta property=\"og:title\" content=\"PRESENTAR\u00c1N &quot;PRISA&quot; EN EL TEATRO CERVANTES - Kuali\" \/>\n<meta property=\"og:description\" content=\"Kuali\/Guanajuato, Gto.- Como parte de las propuestas esc\u00e9nicas del Talento Guanajuato en el 51\u00b0 Festival Internacional Cervantino, este 25 de octubre Alfredo \u00c1vila presentar\u00e1 el unipersonal \u201cPrisa\u201d, en el Teatro Cervantes. El montaje, firmado por la compa\u00f1\u00eda L\u00edquido Colectivo, se nutre de uno de los cuentos del libro \u201cArenas movedizas\u201d, de Octavio Paz para plantear [&hellip;]\" \/>\n<meta property=\"og:url\" content=\"https:\/\/kuali.com.mx\/web\/2023\/10\/17\/presentaran-prisa-en-el-teatro-cervantes\/\" \/>\n<meta property=\"og:site_name\" content=\"Kuali\" \/>\n<meta property=\"article:publisher\" content=\"https:\/\/kuali.com.mx\/web\/wp-content\/uploads\/2018\/04\/cropped-kuali_logo-1-1.png\" \/>\n<meta property=\"article:published_time\" content=\"2023-10-17T16:06:00+00:00\" \/>\n<meta property=\"article:modified_time\" content=\"2023-10-18T04:09:01+00:00\" \/>\n<meta property=\"og:image\" content=\"https:\/\/kuali.com.mx\/web\/wp-content\/uploads\/2023\/10\/Prisa-04-e1697602125936.jpg\" \/>\n\t<meta property=\"og:image:width\" content=\"1448\" \/>\n\t<meta property=\"og:image:height\" content=\"931\" \/>\n\t<meta property=\"og:image:type\" content=\"image\/jpeg\" \/>\n<meta name=\"author\" content=\"Kuali Staff\" \/>\n<meta name=\"twitter:card\" content=\"summary_large_image\" \/>\n<meta name=\"twitter:creator\" content=\"@kuali_noticias\" \/>\n<meta name=\"twitter:site\" content=\"@kuali_noticias\" \/>\n<meta name=\"twitter:label1\" content=\"Escrito por\" \/>\n\t<meta name=\"twitter:data1\" content=\"Kuali Staff\" \/>\n\t<meta name=\"twitter:label2\" content=\"Tiempo de lectura\" \/>\n\t<meta name=\"twitter:data2\" content=\"1 minuto\" \/>\n<script type=\"application\/ld+json\" class=\"yoast-schema-graph\">{\"@context\":\"https:\\\/\\\/schema.org\",\"@graph\":[{\"@type\":\"Article\",\"@id\":\"https:\\\/\\\/kuali.com.mx\\\/web\\\/2023\\\/10\\\/17\\\/presentaran-prisa-en-el-teatro-cervantes\\\/#article\",\"isPartOf\":{\"@id\":\"https:\\\/\\\/kuali.com.mx\\\/web\\\/2023\\\/10\\\/17\\\/presentaran-prisa-en-el-teatro-cervantes\\\/\"},\"author\":{\"name\":\"Kuali Staff\",\"@id\":\"https:\\\/\\\/kuali.com.mx\\\/web\\\/#\\\/schema\\\/person\\\/6f89ffa8ecba9dae50662357923c5289\"},\"headline\":\"PRESENTAR\u00c1N &#8220;PRISA&#8221; EN EL TEATRO CERVANTES\",\"datePublished\":\"2023-10-17T16:06:00+00:00\",\"dateModified\":\"2023-10-18T04:09:01+00:00\",\"mainEntityOfPage\":{\"@id\":\"https:\\\/\\\/kuali.com.mx\\\/web\\\/2023\\\/10\\\/17\\\/presentaran-prisa-en-el-teatro-cervantes\\\/\"},\"wordCount\":281,\"commentCount\":0,\"image\":{\"@id\":\"https:\\\/\\\/kuali.com.mx\\\/web\\\/2023\\\/10\\\/17\\\/presentaran-prisa-en-el-teatro-cervantes\\\/#primaryimage\"},\"thumbnailUrl\":\"https:\\\/\\\/kuali.com.mx\\\/web\\\/wp-content\\\/uploads\\\/2023\\\/10\\\/Prisa-04-e1697602125936.jpg\",\"articleSection\":[\"Cultura\"],\"inLanguage\":\"es\",\"potentialAction\":[{\"@type\":\"CommentAction\",\"name\":\"Comment\",\"target\":[\"https:\\\/\\\/kuali.com.mx\\\/web\\\/2023\\\/10\\\/17\\\/presentaran-prisa-en-el-teatro-cervantes\\\/#respond\"]}]},{\"@type\":\"WebPage\",\"@id\":\"https:\\\/\\\/kuali.com.mx\\\/web\\\/2023\\\/10\\\/17\\\/presentaran-prisa-en-el-teatro-cervantes\\\/\",\"url\":\"https:\\\/\\\/kuali.com.mx\\\/web\\\/2023\\\/10\\\/17\\\/presentaran-prisa-en-el-teatro-cervantes\\\/\",\"name\":\"PRESENTAR\u00c1N \\\"PRISA\\\" EN EL TEATRO CERVANTES - Kuali\",\"isPartOf\":{\"@id\":\"https:\\\/\\\/kuali.com.mx\\\/web\\\/#website\"},\"primaryImageOfPage\":{\"@id\":\"https:\\\/\\\/kuali.com.mx\\\/web\\\/2023\\\/10\\\/17\\\/presentaran-prisa-en-el-teatro-cervantes\\\/#primaryimage\"},\"image\":{\"@id\":\"https:\\\/\\\/kuali.com.mx\\\/web\\\/2023\\\/10\\\/17\\\/presentaran-prisa-en-el-teatro-cervantes\\\/#primaryimage\"},\"thumbnailUrl\":\"https:\\\/\\\/kuali.com.mx\\\/web\\\/wp-content\\\/uploads\\\/2023\\\/10\\\/Prisa-04-e1697602125936.jpg\",\"datePublished\":\"2023-10-17T16:06:00+00:00\",\"dateModified\":\"2023-10-18T04:09:01+00:00\",\"author\":{\"@id\":\"https:\\\/\\\/kuali.com.mx\\\/web\\\/#\\\/schema\\\/person\\\/6f89ffa8ecba9dae50662357923c5289\"},\"breadcrumb\":{\"@id\":\"https:\\\/\\\/kuali.com.mx\\\/web\\\/2023\\\/10\\\/17\\\/presentaran-prisa-en-el-teatro-cervantes\\\/#breadcrumb\"},\"inLanguage\":\"es\",\"potentialAction\":[{\"@type\":\"ReadAction\",\"target\":[\"https:\\\/\\\/kuali.com.mx\\\/web\\\/2023\\\/10\\\/17\\\/presentaran-prisa-en-el-teatro-cervantes\\\/\"]}]},{\"@type\":\"ImageObject\",\"inLanguage\":\"es\",\"@id\":\"https:\\\/\\\/kuali.com.mx\\\/web\\\/2023\\\/10\\\/17\\\/presentaran-prisa-en-el-teatro-cervantes\\\/#primaryimage\",\"url\":\"https:\\\/\\\/kuali.com.mx\\\/web\\\/wp-content\\\/uploads\\\/2023\\\/10\\\/Prisa-04-e1697602125936.jpg\",\"contentUrl\":\"https:\\\/\\\/kuali.com.mx\\\/web\\\/wp-content\\\/uploads\\\/2023\\\/10\\\/Prisa-04-e1697602125936.jpg\",\"width\":1448,\"height\":931},{\"@type\":\"BreadcrumbList\",\"@id\":\"https:\\\/\\\/kuali.com.mx\\\/web\\\/2023\\\/10\\\/17\\\/presentaran-prisa-en-el-teatro-cervantes\\\/#breadcrumb\",\"itemListElement\":[{\"@type\":\"ListItem\",\"position\":1,\"name\":\"Inicio\",\"item\":\"https:\\\/\\\/kuali.com.mx\\\/web\\\/\"},{\"@type\":\"ListItem\",\"position\":2,\"name\":\"PRESENTAR\u00c1N &#8220;PRISA&#8221; EN EL TEATRO CERVANTES\"}]},{\"@type\":\"WebSite\",\"@id\":\"https:\\\/\\\/kuali.com.mx\\\/web\\\/#website\",\"url\":\"https:\\\/\\\/kuali.com.mx\\\/web\\\/\",\"name\":\"Kuali\",\"description\":\"\",\"potentialAction\":[{\"@type\":\"SearchAction\",\"target\":{\"@type\":\"EntryPoint\",\"urlTemplate\":\"https:\\\/\\\/kuali.com.mx\\\/web\\\/?s={search_term_string}\"},\"query-input\":{\"@type\":\"PropertyValueSpecification\",\"valueRequired\":true,\"valueName\":\"search_term_string\"}}],\"inLanguage\":\"es\"},{\"@type\":\"Person\",\"@id\":\"https:\\\/\\\/kuali.com.mx\\\/web\\\/#\\\/schema\\\/person\\\/6f89ffa8ecba9dae50662357923c5289\",\"name\":\"Kuali Staff\",\"image\":{\"@type\":\"ImageObject\",\"inLanguage\":\"es\",\"@id\":\"https:\\\/\\\/secure.gravatar.com\\\/avatar\\\/f917ad82e5ab71227a733c78b6e60715476f69ee6be59feee4eb5d9920c89e0f?s=96&d=mm&r=g\",\"url\":\"https:\\\/\\\/secure.gravatar.com\\\/avatar\\\/f917ad82e5ab71227a733c78b6e60715476f69ee6be59feee4eb5d9920c89e0f?s=96&d=mm&r=g\",\"contentUrl\":\"https:\\\/\\\/secure.gravatar.com\\\/avatar\\\/f917ad82e5ab71227a733c78b6e60715476f69ee6be59feee4eb5d9920c89e0f?s=96&d=mm&r=g\",\"caption\":\"Kuali Staff\"},\"url\":\"https:\\\/\\\/kuali.com.mx\\\/web\\\/author\\\/lagarto\\\/\"}]}<\/script>\n<!-- \/ Yoast SEO plugin. -->","yoast_head_json":{"title":"PRESENTAR\u00c1N \"PRISA\" EN EL TEATRO CERVANTES - Kuali","robots":{"index":"index","follow":"follow","max-snippet":"max-snippet:-1","max-image-preview":"max-image-preview:large","max-video-preview":"max-video-preview:-1"},"canonical":"https:\/\/kuali.com.mx\/web\/2023\/10\/17\/presentaran-prisa-en-el-teatro-cervantes\/","og_locale":"es_MX","og_type":"article","og_title":"PRESENTAR\u00c1N \"PRISA\" EN EL TEATRO CERVANTES - Kuali","og_description":"Kuali\/Guanajuato, Gto.- Como parte de las propuestas esc\u00e9nicas del Talento Guanajuato en el 51\u00b0 Festival Internacional Cervantino, este 25 de octubre Alfredo \u00c1vila presentar\u00e1 el unipersonal \u201cPrisa\u201d, en el Teatro Cervantes. El montaje, firmado por la compa\u00f1\u00eda L\u00edquido Colectivo, se nutre de uno de los cuentos del libro \u201cArenas movedizas\u201d, de Octavio Paz para plantear [&hellip;]","og_url":"https:\/\/kuali.com.mx\/web\/2023\/10\/17\/presentaran-prisa-en-el-teatro-cervantes\/","og_site_name":"Kuali","article_publisher":"https:\/\/kuali.com.mx\/web\/wp-content\/uploads\/2018\/04\/cropped-kuali_logo-1-1.png","article_published_time":"2023-10-17T16:06:00+00:00","article_modified_time":"2023-10-18T04:09:01+00:00","og_image":[{"width":1448,"height":931,"url":"https:\/\/kuali.com.mx\/web\/wp-content\/uploads\/2023\/10\/Prisa-04-e1697602125936.jpg","type":"image\/jpeg"}],"author":"Kuali Staff","twitter_card":"summary_large_image","twitter_creator":"@kuali_noticias","twitter_site":"@kuali_noticias","twitter_misc":{"Escrito por":"Kuali Staff","Tiempo de lectura":"1 minuto"},"schema":{"@context":"https:\/\/schema.org","@graph":[{"@type":"Article","@id":"https:\/\/kuali.com.mx\/web\/2023\/10\/17\/presentaran-prisa-en-el-teatro-cervantes\/#article","isPartOf":{"@id":"https:\/\/kuali.com.mx\/web\/2023\/10\/17\/presentaran-prisa-en-el-teatro-cervantes\/"},"author":{"name":"Kuali Staff","@id":"https:\/\/kuali.com.mx\/web\/#\/schema\/person\/6f89ffa8ecba9dae50662357923c5289"},"headline":"PRESENTAR\u00c1N &#8220;PRISA&#8221; EN EL TEATRO CERVANTES","datePublished":"2023-10-17T16:06:00+00:00","dateModified":"2023-10-18T04:09:01+00:00","mainEntityOfPage":{"@id":"https:\/\/kuali.com.mx\/web\/2023\/10\/17\/presentaran-prisa-en-el-teatro-cervantes\/"},"wordCount":281,"commentCount":0,"image":{"@id":"https:\/\/kuali.com.mx\/web\/2023\/10\/17\/presentaran-prisa-en-el-teatro-cervantes\/#primaryimage"},"thumbnailUrl":"https:\/\/kuali.com.mx\/web\/wp-content\/uploads\/2023\/10\/Prisa-04-e1697602125936.jpg","articleSection":["Cultura"],"inLanguage":"es","potentialAction":[{"@type":"CommentAction","name":"Comment","target":["https:\/\/kuali.com.mx\/web\/2023\/10\/17\/presentaran-prisa-en-el-teatro-cervantes\/#respond"]}]},{"@type":"WebPage","@id":"https:\/\/kuali.com.mx\/web\/2023\/10\/17\/presentaran-prisa-en-el-teatro-cervantes\/","url":"https:\/\/kuali.com.mx\/web\/2023\/10\/17\/presentaran-prisa-en-el-teatro-cervantes\/","name":"PRESENTAR\u00c1N \"PRISA\" EN EL TEATRO CERVANTES - Kuali","isPartOf":{"@id":"https:\/\/kuali.com.mx\/web\/#website"},"primaryImageOfPage":{"@id":"https:\/\/kuali.com.mx\/web\/2023\/10\/17\/presentaran-prisa-en-el-teatro-cervantes\/#primaryimage"},"image":{"@id":"https:\/\/kuali.com.mx\/web\/2023\/10\/17\/presentaran-prisa-en-el-teatro-cervantes\/#primaryimage"},"thumbnailUrl":"https:\/\/kuali.com.mx\/web\/wp-content\/uploads\/2023\/10\/Prisa-04-e1697602125936.jpg","datePublished":"2023-10-17T16:06:00+00:00","dateModified":"2023-10-18T04:09:01+00:00","author":{"@id":"https:\/\/kuali.com.mx\/web\/#\/schema\/person\/6f89ffa8ecba9dae50662357923c5289"},"breadcrumb":{"@id":"https:\/\/kuali.com.mx\/web\/2023\/10\/17\/presentaran-prisa-en-el-teatro-cervantes\/#breadcrumb"},"inLanguage":"es","potentialAction":[{"@type":"ReadAction","target":["https:\/\/kuali.com.mx\/web\/2023\/10\/17\/presentaran-prisa-en-el-teatro-cervantes\/"]}]},{"@type":"ImageObject","inLanguage":"es","@id":"https:\/\/kuali.com.mx\/web\/2023\/10\/17\/presentaran-prisa-en-el-teatro-cervantes\/#primaryimage","url":"https:\/\/kuali.com.mx\/web\/wp-content\/uploads\/2023\/10\/Prisa-04-e1697602125936.jpg","contentUrl":"https:\/\/kuali.com.mx\/web\/wp-content\/uploads\/2023\/10\/Prisa-04-e1697602125936.jpg","width":1448,"height":931},{"@type":"BreadcrumbList","@id":"https:\/\/kuali.com.mx\/web\/2023\/10\/17\/presentaran-prisa-en-el-teatro-cervantes\/#breadcrumb","itemListElement":[{"@type":"ListItem","position":1,"name":"Inicio","item":"https:\/\/kuali.com.mx\/web\/"},{"@type":"ListItem","position":2,"name":"PRESENTAR\u00c1N &#8220;PRISA&#8221; EN EL TEATRO CERVANTES"}]},{"@type":"WebSite","@id":"https:\/\/kuali.com.mx\/web\/#website","url":"https:\/\/kuali.com.mx\/web\/","name":"Kuali","description":"","potentialAction":[{"@type":"SearchAction","target":{"@type":"EntryPoint","urlTemplate":"https:\/\/kuali.com.mx\/web\/?s={search_term_string}"},"query-input":{"@type":"PropertyValueSpecification","valueRequired":true,"valueName":"search_term_string"}}],"inLanguage":"es"},{"@type":"Person","@id":"https:\/\/kuali.com.mx\/web\/#\/schema\/person\/6f89ffa8ecba9dae50662357923c5289","name":"Kuali Staff","image":{"@type":"ImageObject","inLanguage":"es","@id":"https:\/\/secure.gravatar.com\/avatar\/f917ad82e5ab71227a733c78b6e60715476f69ee6be59feee4eb5d9920c89e0f?s=96&d=mm&r=g","url":"https:\/\/secure.gravatar.com\/avatar\/f917ad82e5ab71227a733c78b6e60715476f69ee6be59feee4eb5d9920c89e0f?s=96&d=mm&r=g","contentUrl":"https:\/\/secure.gravatar.com\/avatar\/f917ad82e5ab71227a733c78b6e60715476f69ee6be59feee4eb5d9920c89e0f?s=96&d=mm&r=g","caption":"Kuali Staff"},"url":"https:\/\/kuali.com.mx\/web\/author\/lagarto\/"}]}},"_links":{"self":[{"href":"https:\/\/kuali.com.mx\/web\/wp-json\/wp\/v2\/posts\/128419","targetHints":{"allow":["GET"]}}],"collection":[{"href":"https:\/\/kuali.com.mx\/web\/wp-json\/wp\/v2\/posts"}],"about":[{"href":"https:\/\/kuali.com.mx\/web\/wp-json\/wp\/v2\/types\/post"}],"author":[{"embeddable":true,"href":"https:\/\/kuali.com.mx\/web\/wp-json\/wp\/v2\/users\/2"}],"replies":[{"embeddable":true,"href":"https:\/\/kuali.com.mx\/web\/wp-json\/wp\/v2\/comments?post=128419"}],"version-history":[{"count":1,"href":"https:\/\/kuali.com.mx\/web\/wp-json\/wp\/v2\/posts\/128419\/revisions"}],"predecessor-version":[{"id":128423,"href":"https:\/\/kuali.com.mx\/web\/wp-json\/wp\/v2\/posts\/128419\/revisions\/128423"}],"wp:featuredmedia":[{"embeddable":true,"href":"https:\/\/kuali.com.mx\/web\/wp-json\/wp\/v2\/media\/128422"}],"wp:attachment":[{"href":"https:\/\/kuali.com.mx\/web\/wp-json\/wp\/v2\/media?parent=128419"}],"wp:term":[{"taxonomy":"category","embeddable":true,"href":"https:\/\/kuali.com.mx\/web\/wp-json\/wp\/v2\/categories?post=128419"},{"taxonomy":"post_tag","embeddable":true,"href":"https:\/\/kuali.com.mx\/web\/wp-json\/wp\/v2\/tags?post=128419"}],"curies":[{"name":"wp","href":"https:\/\/api.w.org\/{rel}","templated":true}]}}