{"id":127686,"date":"2023-10-06T12:46:02","date_gmt":"2023-10-06T18:46:02","guid":{"rendered":"https:\/\/kuali.com.mx\/web\/?p=127686"},"modified":"2023-10-07T09:29:54","modified_gmt":"2023-10-07T15:29:54","slug":"asisten-cientos-a-inauguracion-de-la-feria-de-purisima","status":"publish","type":"post","link":"https:\/\/kuali.com.mx\/web\/2023\/10\/06\/asisten-cientos-a-inauguracion-de-la-feria-de-purisima\/","title":{"rendered":"ASISTEN CIENTOS A INAUGURACI\u00d3N DE LA FERIA DE PUR\u00cdSIMA"},"content":{"rendered":"\n<p><strong>kuali\/Pur\u00edsima del Rinc\u00f3n Gto.- <\/strong>Cientos de personas presenciaron el desfile y acto inaugural de la Feria de Pur\u00edsima del Rinc\u00f3n, la mejor de la regi\u00f3n.<\/p>\n\n\n\n<p>M\u00fasica, baile, juegos, pirotecnia y mucho se vivi\u00f3 en la inauguraci\u00f3n de la Mejor Feria de la Regi\u00f3n la tarde-noche de este viernes.<\/p>\n\n\n<div class=\"wp-block-image\">\n<figure class=\"aligncenter size-full\"><img loading=\"lazy\" decoding=\"async\" width=\"1024\" height=\"682\" src=\"https:\/\/kuali.com.mx\/web\/wp-content\/uploads\/2023\/10\/Feria-Purisima-Gente.gif\" alt=\"\" class=\"wp-image-127692\"\/><figcaption>La feria permanacer\u00e1 hasta el 23 de octubre. FOTO: CORTES\u00cdA<\/figcaption><\/figure>\n<\/div>\n\n\n<p>El Ayuntamiento Pur\u00edsima, encabezado por el presidente municipal, Roberto Garc\u00eda Urbano, y su esposa y presidenta del Patronato del DIF Municipal, Enriqueta Mart\u00ednez L\u00f3pez, dieron la bienvenida a las y los participantes en el desfile desde un costado de las oficinas del SAPAP, para luego avanzar a inaugurar con corte de list\u00f3n las actividades de La Feria 2023.<\/p>\n\n\n\n<p>Luego de recorrer el Pabell\u00f3n Guanajuato, la comitiva camin\u00f3 por el \u00e1rea de los juegos mec\u00e1nicos, donde Garc\u00eda Urbano e integrantes del ayuntamiento encabezaron el reparto de boletos gratuitos para quienes estaban en fila de espera.<\/p>\n\n\n\n<p>La actividad de la feria comenz\u00f3 a las 6:20 de la tarde con el desfile y, m\u00e1s tarde, alrededor de las 10 de la noche, en el Teatro del Pueblo, el alcalde dirigi\u00f3 un mensaje en el que invit\u00f3 a la poblaci\u00f3n a hacer suya, minuto a minuto, la Feria de Octubre 2023 y a disfrutarla con la mejor compa\u00f1\u00eda.<\/p>\n\n\n\n<figure class=\"wp-block-gallery has-nested-images columns-default is-cropped wp-block-gallery-1 is-layout-flex wp-block-gallery-is-layout-flex\">\n<figure class=\"wp-block-image size-large\"><img loading=\"lazy\" decoding=\"async\" width=\"1024\" height=\"682\" data-id=\"127691\" src=\"https:\/\/kuali.com.mx\/web\/wp-content\/uploads\/2023\/10\/Feria-Purisima-3.gif\" alt=\"\" class=\"wp-image-127691\"\/><\/figure>\n\n\n\n<figure class=\"wp-block-image size-large\"><img loading=\"lazy\" decoding=\"async\" width=\"1024\" height=\"682\" data-id=\"127690\" src=\"https:\/\/kuali.com.mx\/web\/wp-content\/uploads\/2023\/10\/Feria-Purisima-2.gif\" alt=\"\" class=\"wp-image-127690\"\/><\/figure>\n<\/figure>\n\n\n\n<p>Un desfile muy musical, llam\u00f3 la atenci\u00f3n en las calles del centro de Pur\u00edsima a no quedarse est\u00e1tico, a sentir las primeras sensaciones de fr\u00edo de la temporada, a caminar y llegar a donde est\u00e1 la m\u00e1xima iluminaci\u00f3n de los juegos para los ni\u00f1os y ni\u00f1as.<\/p>\n\n\n\n<p>Este desfile marc\u00f3 el inicio de las fiestas de octubre que permanecer\u00e1 durante los pr\u00f3ximos 17 d\u00edas.<\/p>\n","protected":false},"excerpt":{"rendered":"kuali\/Pur\u00edsima del Rinc\u00f3n Gto.- Cientos de personas presenciaron el desfile y acto inaugural de la Feria de Pur\u00edsima del Rinc\u00f3n, la mejor de la regi\u00f3n. M\u00fasica, baile, juegos, pirotecnia y mucho se vivi\u00f3 en la inauguraci\u00f3n de la Mejor Feria de la Regi\u00f3n la tarde-noche de este viernes. El Ayuntamiento Pur\u00edsima, encabezado por el presidente [&hellip;]","protected":false},"author":2,"featured_media":127689,"comment_status":"open","ping_status":"open","sticky":false,"template":"","format":"standard","meta":{"_seopress_robots_primary_cat":"none","_seopress_titles_title":"","_seopress_titles_desc":"","_seopress_robots_index":"","_monsterinsights_skip_tracking":false,"_monsterinsights_sitenote_active":false,"_monsterinsights_sitenote_note":"","_monsterinsights_sitenote_category":0,"footnotes":""},"categories":[13],"tags":[1766,438,1152,93],"class_list":["post-127686","post","type-post","status-publish","format-standard","has-post-thumbnail","hentry","category-turismo","tag-desfile","tag-feria","tag-purisima","tag-turismo"],"yoast_head":"<!-- This site is optimized with the Yoast SEO plugin v27.4 - https:\/\/yoast.com\/product\/yoast-seo-wordpress\/ -->\n<title>ASISTEN CIENTOS A INAUGURACI\u00d3N DE LA FERIA DE PUR\u00cdSIMA - Kuali<\/title>\n<meta name=\"robots\" content=\"index, follow, max-snippet:-1, max-image-preview:large, max-video-preview:-1\" \/>\n<link rel=\"canonical\" href=\"https:\/\/kuali.com.mx\/web\/2023\/10\/06\/asisten-cientos-a-inauguracion-de-la-feria-de-purisima\/\" \/>\n<meta property=\"og:locale\" content=\"es_MX\" \/>\n<meta property=\"og:type\" content=\"article\" \/>\n<meta property=\"og:title\" content=\"ASISTEN CIENTOS A INAUGURACI\u00d3N DE LA FERIA DE PUR\u00cdSIMA - Kuali\" \/>\n<meta property=\"og:description\" content=\"kuali\/Pur\u00edsima del Rinc\u00f3n Gto.- Cientos de personas presenciaron el desfile y acto inaugural de la Feria de Pur\u00edsima del Rinc\u00f3n, la mejor de la regi\u00f3n. M\u00fasica, baile, juegos, pirotecnia y mucho se vivi\u00f3 en la inauguraci\u00f3n de la Mejor Feria de la Regi\u00f3n la tarde-noche de este viernes. El Ayuntamiento Pur\u00edsima, encabezado por el presidente [&hellip;]\" \/>\n<meta property=\"og:url\" content=\"https:\/\/kuali.com.mx\/web\/2023\/10\/06\/asisten-cientos-a-inauguracion-de-la-feria-de-purisima\/\" \/>\n<meta property=\"og:site_name\" content=\"Kuali\" \/>\n<meta property=\"article:publisher\" content=\"https:\/\/kuali.com.mx\/web\/wp-content\/uploads\/2018\/04\/cropped-kuali_logo-1-1.png\" \/>\n<meta property=\"article:published_time\" content=\"2023-10-06T18:46:02+00:00\" \/>\n<meta property=\"article:modified_time\" content=\"2023-10-07T15:29:54+00:00\" \/>\n<meta property=\"og:image\" content=\"https:\/\/kuali.com.mx\/web\/wp-content\/uploads\/2023\/10\/Feria-Purisima-1.gif\" \/>\n\t<meta property=\"og:image:width\" content=\"1700\" \/>\n\t<meta property=\"og:image:height\" content=\"750\" \/>\n\t<meta property=\"og:image:type\" content=\"image\/gif\" \/>\n<meta name=\"author\" content=\"Kuali Staff\" \/>\n<meta name=\"twitter:card\" content=\"summary_large_image\" \/>\n<meta name=\"twitter:creator\" content=\"@kuali_noticias\" \/>\n<meta name=\"twitter:site\" content=\"@kuali_noticias\" \/>\n<meta name=\"twitter:label1\" content=\"Escrito por\" \/>\n\t<meta name=\"twitter:data1\" content=\"Kuali Staff\" \/>\n\t<meta name=\"twitter:label2\" content=\"Tiempo de lectura\" \/>\n\t<meta name=\"twitter:data2\" content=\"2 minutos\" \/>\n<script type=\"application\/ld+json\" class=\"yoast-schema-graph\">{\"@context\":\"https:\\\/\\\/schema.org\",\"@graph\":[{\"@type\":\"Article\",\"@id\":\"https:\\\/\\\/kuali.com.mx\\\/web\\\/2023\\\/10\\\/06\\\/asisten-cientos-a-inauguracion-de-la-feria-de-purisima\\\/#article\",\"isPartOf\":{\"@id\":\"https:\\\/\\\/kuali.com.mx\\\/web\\\/2023\\\/10\\\/06\\\/asisten-cientos-a-inauguracion-de-la-feria-de-purisima\\\/\"},\"author\":{\"name\":\"Kuali Staff\",\"@id\":\"https:\\\/\\\/kuali.com.mx\\\/web\\\/#\\\/schema\\\/person\\\/6f89ffa8ecba9dae50662357923c5289\"},\"headline\":\"ASISTEN CIENTOS A INAUGURACI\u00d3N DE LA FERIA DE PUR\u00cdSIMA\",\"datePublished\":\"2023-10-06T18:46:02+00:00\",\"dateModified\":\"2023-10-07T15:29:54+00:00\",\"mainEntityOfPage\":{\"@id\":\"https:\\\/\\\/kuali.com.mx\\\/web\\\/2023\\\/10\\\/06\\\/asisten-cientos-a-inauguracion-de-la-feria-de-purisima\\\/\"},\"wordCount\":312,\"commentCount\":0,\"image\":{\"@id\":\"https:\\\/\\\/kuali.com.mx\\\/web\\\/2023\\\/10\\\/06\\\/asisten-cientos-a-inauguracion-de-la-feria-de-purisima\\\/#primaryimage\"},\"thumbnailUrl\":\"https:\\\/\\\/kuali.com.mx\\\/web\\\/wp-content\\\/uploads\\\/2023\\\/10\\\/Feria-Purisima-1.gif\",\"keywords\":[\"Desfile\",\"Feria\",\"Pur\u00edsima\",\"turismo\"],\"articleSection\":[\"Turismo\"],\"inLanguage\":\"es\",\"potentialAction\":[{\"@type\":\"CommentAction\",\"name\":\"Comment\",\"target\":[\"https:\\\/\\\/kuali.com.mx\\\/web\\\/2023\\\/10\\\/06\\\/asisten-cientos-a-inauguracion-de-la-feria-de-purisima\\\/#respond\"]}]},{\"@type\":\"WebPage\",\"@id\":\"https:\\\/\\\/kuali.com.mx\\\/web\\\/2023\\\/10\\\/06\\\/asisten-cientos-a-inauguracion-de-la-feria-de-purisima\\\/\",\"url\":\"https:\\\/\\\/kuali.com.mx\\\/web\\\/2023\\\/10\\\/06\\\/asisten-cientos-a-inauguracion-de-la-feria-de-purisima\\\/\",\"name\":\"ASISTEN CIENTOS A INAUGURACI\u00d3N DE LA FERIA DE PUR\u00cdSIMA - Kuali\",\"isPartOf\":{\"@id\":\"https:\\\/\\\/kuali.com.mx\\\/web\\\/#website\"},\"primaryImageOfPage\":{\"@id\":\"https:\\\/\\\/kuali.com.mx\\\/web\\\/2023\\\/10\\\/06\\\/asisten-cientos-a-inauguracion-de-la-feria-de-purisima\\\/#primaryimage\"},\"image\":{\"@id\":\"https:\\\/\\\/kuali.com.mx\\\/web\\\/2023\\\/10\\\/06\\\/asisten-cientos-a-inauguracion-de-la-feria-de-purisima\\\/#primaryimage\"},\"thumbnailUrl\":\"https:\\\/\\\/kuali.com.mx\\\/web\\\/wp-content\\\/uploads\\\/2023\\\/10\\\/Feria-Purisima-1.gif\",\"datePublished\":\"2023-10-06T18:46:02+00:00\",\"dateModified\":\"2023-10-07T15:29:54+00:00\",\"author\":{\"@id\":\"https:\\\/\\\/kuali.com.mx\\\/web\\\/#\\\/schema\\\/person\\\/6f89ffa8ecba9dae50662357923c5289\"},\"breadcrumb\":{\"@id\":\"https:\\\/\\\/kuali.com.mx\\\/web\\\/2023\\\/10\\\/06\\\/asisten-cientos-a-inauguracion-de-la-feria-de-purisima\\\/#breadcrumb\"},\"inLanguage\":\"es\",\"potentialAction\":[{\"@type\":\"ReadAction\",\"target\":[\"https:\\\/\\\/kuali.com.mx\\\/web\\\/2023\\\/10\\\/06\\\/asisten-cientos-a-inauguracion-de-la-feria-de-purisima\\\/\"]}]},{\"@type\":\"ImageObject\",\"inLanguage\":\"es\",\"@id\":\"https:\\\/\\\/kuali.com.mx\\\/web\\\/2023\\\/10\\\/06\\\/asisten-cientos-a-inauguracion-de-la-feria-de-purisima\\\/#primaryimage\",\"url\":\"https:\\\/\\\/kuali.com.mx\\\/web\\\/wp-content\\\/uploads\\\/2023\\\/10\\\/Feria-Purisima-1.gif\",\"contentUrl\":\"https:\\\/\\\/kuali.com.mx\\\/web\\\/wp-content\\\/uploads\\\/2023\\\/10\\\/Feria-Purisima-1.gif\",\"width\":1700,\"height\":750},{\"@type\":\"BreadcrumbList\",\"@id\":\"https:\\\/\\\/kuali.com.mx\\\/web\\\/2023\\\/10\\\/06\\\/asisten-cientos-a-inauguracion-de-la-feria-de-purisima\\\/#breadcrumb\",\"itemListElement\":[{\"@type\":\"ListItem\",\"position\":1,\"name\":\"Inicio\",\"item\":\"https:\\\/\\\/kuali.com.mx\\\/web\\\/\"},{\"@type\":\"ListItem\",\"position\":2,\"name\":\"ASISTEN CIENTOS A INAUGURACI\u00d3N DE LA FERIA DE PUR\u00cdSIMA\"}]},{\"@type\":\"WebSite\",\"@id\":\"https:\\\/\\\/kuali.com.mx\\\/web\\\/#website\",\"url\":\"https:\\\/\\\/kuali.com.mx\\\/web\\\/\",\"name\":\"Kuali\",\"description\":\"\",\"potentialAction\":[{\"@type\":\"SearchAction\",\"target\":{\"@type\":\"EntryPoint\",\"urlTemplate\":\"https:\\\/\\\/kuali.com.mx\\\/web\\\/?s={search_term_string}\"},\"query-input\":{\"@type\":\"PropertyValueSpecification\",\"valueRequired\":true,\"valueName\":\"search_term_string\"}}],\"inLanguage\":\"es\"},{\"@type\":\"Person\",\"@id\":\"https:\\\/\\\/kuali.com.mx\\\/web\\\/#\\\/schema\\\/person\\\/6f89ffa8ecba9dae50662357923c5289\",\"name\":\"Kuali Staff\",\"image\":{\"@type\":\"ImageObject\",\"inLanguage\":\"es\",\"@id\":\"https:\\\/\\\/secure.gravatar.com\\\/avatar\\\/f917ad82e5ab71227a733c78b6e60715476f69ee6be59feee4eb5d9920c89e0f?s=96&d=mm&r=g\",\"url\":\"https:\\\/\\\/secure.gravatar.com\\\/avatar\\\/f917ad82e5ab71227a733c78b6e60715476f69ee6be59feee4eb5d9920c89e0f?s=96&d=mm&r=g\",\"contentUrl\":\"https:\\\/\\\/secure.gravatar.com\\\/avatar\\\/f917ad82e5ab71227a733c78b6e60715476f69ee6be59feee4eb5d9920c89e0f?s=96&d=mm&r=g\",\"caption\":\"Kuali Staff\"},\"url\":\"https:\\\/\\\/kuali.com.mx\\\/web\\\/author\\\/lagarto\\\/\"}]}<\/script>\n<!-- \/ Yoast SEO plugin. -->","yoast_head_json":{"title":"ASISTEN CIENTOS A INAUGURACI\u00d3N DE LA FERIA DE PUR\u00cdSIMA - Kuali","robots":{"index":"index","follow":"follow","max-snippet":"max-snippet:-1","max-image-preview":"max-image-preview:large","max-video-preview":"max-video-preview:-1"},"canonical":"https:\/\/kuali.com.mx\/web\/2023\/10\/06\/asisten-cientos-a-inauguracion-de-la-feria-de-purisima\/","og_locale":"es_MX","og_type":"article","og_title":"ASISTEN CIENTOS A INAUGURACI\u00d3N DE LA FERIA DE PUR\u00cdSIMA - Kuali","og_description":"kuali\/Pur\u00edsima del Rinc\u00f3n Gto.- Cientos de personas presenciaron el desfile y acto inaugural de la Feria de Pur\u00edsima del Rinc\u00f3n, la mejor de la regi\u00f3n. M\u00fasica, baile, juegos, pirotecnia y mucho se vivi\u00f3 en la inauguraci\u00f3n de la Mejor Feria de la Regi\u00f3n la tarde-noche de este viernes. El Ayuntamiento Pur\u00edsima, encabezado por el presidente [&hellip;]","og_url":"https:\/\/kuali.com.mx\/web\/2023\/10\/06\/asisten-cientos-a-inauguracion-de-la-feria-de-purisima\/","og_site_name":"Kuali","article_publisher":"https:\/\/kuali.com.mx\/web\/wp-content\/uploads\/2018\/04\/cropped-kuali_logo-1-1.png","article_published_time":"2023-10-06T18:46:02+00:00","article_modified_time":"2023-10-07T15:29:54+00:00","og_image":[{"width":1700,"height":750,"url":"https:\/\/kuali.com.mx\/web\/wp-content\/uploads\/2023\/10\/Feria-Purisima-1.gif","type":"image\/gif"}],"author":"Kuali Staff","twitter_card":"summary_large_image","twitter_creator":"@kuali_noticias","twitter_site":"@kuali_noticias","twitter_misc":{"Escrito por":"Kuali Staff","Tiempo de lectura":"2 minutos"},"schema":{"@context":"https:\/\/schema.org","@graph":[{"@type":"Article","@id":"https:\/\/kuali.com.mx\/web\/2023\/10\/06\/asisten-cientos-a-inauguracion-de-la-feria-de-purisima\/#article","isPartOf":{"@id":"https:\/\/kuali.com.mx\/web\/2023\/10\/06\/asisten-cientos-a-inauguracion-de-la-feria-de-purisima\/"},"author":{"name":"Kuali Staff","@id":"https:\/\/kuali.com.mx\/web\/#\/schema\/person\/6f89ffa8ecba9dae50662357923c5289"},"headline":"ASISTEN CIENTOS A INAUGURACI\u00d3N DE LA FERIA DE PUR\u00cdSIMA","datePublished":"2023-10-06T18:46:02+00:00","dateModified":"2023-10-07T15:29:54+00:00","mainEntityOfPage":{"@id":"https:\/\/kuali.com.mx\/web\/2023\/10\/06\/asisten-cientos-a-inauguracion-de-la-feria-de-purisima\/"},"wordCount":312,"commentCount":0,"image":{"@id":"https:\/\/kuali.com.mx\/web\/2023\/10\/06\/asisten-cientos-a-inauguracion-de-la-feria-de-purisima\/#primaryimage"},"thumbnailUrl":"https:\/\/kuali.com.mx\/web\/wp-content\/uploads\/2023\/10\/Feria-Purisima-1.gif","keywords":["Desfile","Feria","Pur\u00edsima","turismo"],"articleSection":["Turismo"],"inLanguage":"es","potentialAction":[{"@type":"CommentAction","name":"Comment","target":["https:\/\/kuali.com.mx\/web\/2023\/10\/06\/asisten-cientos-a-inauguracion-de-la-feria-de-purisima\/#respond"]}]},{"@type":"WebPage","@id":"https:\/\/kuali.com.mx\/web\/2023\/10\/06\/asisten-cientos-a-inauguracion-de-la-feria-de-purisima\/","url":"https:\/\/kuali.com.mx\/web\/2023\/10\/06\/asisten-cientos-a-inauguracion-de-la-feria-de-purisima\/","name":"ASISTEN CIENTOS A INAUGURACI\u00d3N DE LA FERIA DE PUR\u00cdSIMA - Kuali","isPartOf":{"@id":"https:\/\/kuali.com.mx\/web\/#website"},"primaryImageOfPage":{"@id":"https:\/\/kuali.com.mx\/web\/2023\/10\/06\/asisten-cientos-a-inauguracion-de-la-feria-de-purisima\/#primaryimage"},"image":{"@id":"https:\/\/kuali.com.mx\/web\/2023\/10\/06\/asisten-cientos-a-inauguracion-de-la-feria-de-purisima\/#primaryimage"},"thumbnailUrl":"https:\/\/kuali.com.mx\/web\/wp-content\/uploads\/2023\/10\/Feria-Purisima-1.gif","datePublished":"2023-10-06T18:46:02+00:00","dateModified":"2023-10-07T15:29:54+00:00","author":{"@id":"https:\/\/kuali.com.mx\/web\/#\/schema\/person\/6f89ffa8ecba9dae50662357923c5289"},"breadcrumb":{"@id":"https:\/\/kuali.com.mx\/web\/2023\/10\/06\/asisten-cientos-a-inauguracion-de-la-feria-de-purisima\/#breadcrumb"},"inLanguage":"es","potentialAction":[{"@type":"ReadAction","target":["https:\/\/kuali.com.mx\/web\/2023\/10\/06\/asisten-cientos-a-inauguracion-de-la-feria-de-purisima\/"]}]},{"@type":"ImageObject","inLanguage":"es","@id":"https:\/\/kuali.com.mx\/web\/2023\/10\/06\/asisten-cientos-a-inauguracion-de-la-feria-de-purisima\/#primaryimage","url":"https:\/\/kuali.com.mx\/web\/wp-content\/uploads\/2023\/10\/Feria-Purisima-1.gif","contentUrl":"https:\/\/kuali.com.mx\/web\/wp-content\/uploads\/2023\/10\/Feria-Purisima-1.gif","width":1700,"height":750},{"@type":"BreadcrumbList","@id":"https:\/\/kuali.com.mx\/web\/2023\/10\/06\/asisten-cientos-a-inauguracion-de-la-feria-de-purisima\/#breadcrumb","itemListElement":[{"@type":"ListItem","position":1,"name":"Inicio","item":"https:\/\/kuali.com.mx\/web\/"},{"@type":"ListItem","position":2,"name":"ASISTEN CIENTOS A INAUGURACI\u00d3N DE LA FERIA DE PUR\u00cdSIMA"}]},{"@type":"WebSite","@id":"https:\/\/kuali.com.mx\/web\/#website","url":"https:\/\/kuali.com.mx\/web\/","name":"Kuali","description":"","potentialAction":[{"@type":"SearchAction","target":{"@type":"EntryPoint","urlTemplate":"https:\/\/kuali.com.mx\/web\/?s={search_term_string}"},"query-input":{"@type":"PropertyValueSpecification","valueRequired":true,"valueName":"search_term_string"}}],"inLanguage":"es"},{"@type":"Person","@id":"https:\/\/kuali.com.mx\/web\/#\/schema\/person\/6f89ffa8ecba9dae50662357923c5289","name":"Kuali Staff","image":{"@type":"ImageObject","inLanguage":"es","@id":"https:\/\/secure.gravatar.com\/avatar\/f917ad82e5ab71227a733c78b6e60715476f69ee6be59feee4eb5d9920c89e0f?s=96&d=mm&r=g","url":"https:\/\/secure.gravatar.com\/avatar\/f917ad82e5ab71227a733c78b6e60715476f69ee6be59feee4eb5d9920c89e0f?s=96&d=mm&r=g","contentUrl":"https:\/\/secure.gravatar.com\/avatar\/f917ad82e5ab71227a733c78b6e60715476f69ee6be59feee4eb5d9920c89e0f?s=96&d=mm&r=g","caption":"Kuali Staff"},"url":"https:\/\/kuali.com.mx\/web\/author\/lagarto\/"}]}},"_links":{"self":[{"href":"https:\/\/kuali.com.mx\/web\/wp-json\/wp\/v2\/posts\/127686","targetHints":{"allow":["GET"]}}],"collection":[{"href":"https:\/\/kuali.com.mx\/web\/wp-json\/wp\/v2\/posts"}],"about":[{"href":"https:\/\/kuali.com.mx\/web\/wp-json\/wp\/v2\/types\/post"}],"author":[{"embeddable":true,"href":"https:\/\/kuali.com.mx\/web\/wp-json\/wp\/v2\/users\/2"}],"replies":[{"embeddable":true,"href":"https:\/\/kuali.com.mx\/web\/wp-json\/wp\/v2\/comments?post=127686"}],"version-history":[{"count":2,"href":"https:\/\/kuali.com.mx\/web\/wp-json\/wp\/v2\/posts\/127686\/revisions"}],"predecessor-version":[{"id":127695,"href":"https:\/\/kuali.com.mx\/web\/wp-json\/wp\/v2\/posts\/127686\/revisions\/127695"}],"wp:featuredmedia":[{"embeddable":true,"href":"https:\/\/kuali.com.mx\/web\/wp-json\/wp\/v2\/media\/127689"}],"wp:attachment":[{"href":"https:\/\/kuali.com.mx\/web\/wp-json\/wp\/v2\/media?parent=127686"}],"wp:term":[{"taxonomy":"category","embeddable":true,"href":"https:\/\/kuali.com.mx\/web\/wp-json\/wp\/v2\/categories?post=127686"},{"taxonomy":"post_tag","embeddable":true,"href":"https:\/\/kuali.com.mx\/web\/wp-json\/wp\/v2\/tags?post=127686"}],"curies":[{"name":"wp","href":"https:\/\/api.w.org\/{rel}","templated":true}]}}