{"id":127593,"date":"2023-10-05T21:53:52","date_gmt":"2023-10-06T03:53:52","guid":{"rendered":"https:\/\/kuali.com.mx\/web\/?p=127593"},"modified":"2023-10-05T21:53:53","modified_gmt":"2023-10-06T03:53:53","slug":"requiere-mexico-vision-empresarial-diego","status":"publish","type":"post","link":"https:\/\/kuali.com.mx\/web\/2023\/10\/05\/requiere-mexico-vision-empresarial-diego\/","title":{"rendered":"REQUIERE M\u00c9XICO VISI\u00d3N EMPRESARIAL: DIEGO"},"content":{"rendered":"\n<p><strong><em>Kuali\/Le\u00f3n, Gto.-<\/em><\/strong>\u201cM\u00e9xico necesita de la visi\u00f3n de los l\u00edderes y lideresas de la CONCAMIN hoy m\u00e1s que nunca; s\u00ed M\u00e9xico sigue adelante, es gracias a los empresarios de nuestro pa\u00eds, que d\u00eda a d\u00eda hacen que sea un M\u00e9xico pr\u00f3spero\u201d, sostuvo el gobernador, Diego Sinhue Rodr\u00edguez Vallejo, en la clausura de la Reuni\u00f3n Anual de Industriales (RAI), organizada por la Confederaci\u00f3n de C\u00e1maras Industriales (CONCAMIN).<\/p>\n\n\n\n<p>Esta es la \u00faltima edici\u00f3n de la RAI donde Diego Sinhue y Jos\u00e9 Antonio Abugaber Andonie, fungen como Gobernador de Guanajuato y Presidente de la CONCAMIN, respectivamente, pues culminan sus mandatos.<\/p>\n\n\n\n<p>El Gobernador dijo que los nuevos escenarios exigen al sector empresarial y a la sociedad a reinventarse y de adaptarse a un entorno en constante cambio, por ello, se dio un salto a la cultura digital, al comercio electr\u00f3nico entre las micro, peque\u00f1as y medianas empresas, y en la RAI se trataron estos temas de actualidad y de visi\u00f3n de futuro.<\/p>\n\n\n\n<p>Reconoci\u00f3 la labor del sector industrial mexicano y en especial de los industriales de Guanajuato que con visi\u00f3n y su compromiso han sido fundamentales para el crecimiento de la econom\u00eda local y del desarrollo de M\u00e9xico.<\/p>\n\n\n\n<p>\u201cLas empresas son las que generan la riqueza y las fuentes de empleo para las familias mexicanas, no el gobierno; el Gobierno genera las condiciones, eso lo entendemos muy<\/p>\n\n\n\n<p>bien en Guanajuato y por eso hoy reconocemos todo su esfuerzo y agradezco su solidaridad y su acompa\u00f1amiento en todo mi mandato.<\/p>\n\n\n\n<p>&nbsp;\u201cQuiero decirles que cuentan con Guanajuato, con el gobierno del estado como un aliado; sigamos trabajando por un M\u00e9xico fuerte, con visi\u00f3n de futuro, que sea l\u00edder mundial en materia econ\u00f3mica, industrial y social, lo podemos lograr si estamos unidos, si trabajamos en equipo y mantenemos un estado de derecho y de libertades.<\/p>\n\n\n\n<p>\u201cGracias nuevamente, su participaci\u00f3n ha hecho de esta Reuni\u00f3n Anual de Industriales, todo un \u00e9xito\u201d, dijo el Gobernador.<\/p>\n\n\n\n<p>Diego Sinhue Rodr\u00edguez Vallejo particip\u00f3 en el \u2018Panel de Gobernadores: Seguridad y Estado de Derecho\u2019, en el marco de la RAI, donde explic\u00f3 que desde el Gobierno del Estado se acciones hacia el bienestar social y la seguridad de manera estrat\u00e9gica y cercana a las demandas sociales, junto con los tres \u00f3rdenes de gobierno y la sociedad.<\/p>\n\n\n\n<p>El camino consisti\u00f3, dijo, en recuperar el territorio que es de la ciudadan\u00eda, minar las finanzas de grupos delictivos y desarticular los grupos delincuenciales, pero sobre todo, en fortalecer las instituciones.<\/p>\n\n\n\n<p>\u201cLa clave est\u00e1 en tener polic\u00edas fuertes, en municipios fuertes, instituciones fuertes, que permitan darle una paz y legalidad a la poblaci\u00f3n\u201d, dijo el Gobernador.<\/p>\n\n\n\n<p>Y refrend\u00f3 su compromiso hacia la prevenci\u00f3n de delitos para anticipar acciones que laceren el buen rumbo ciudadano.<\/p>\n\n\n\n<p>Explic\u00f3 que en Guanajuato los delitos han disminuido a gran escala en los \u00faltimos cinco a\u00f1os, de acuerdo con la Encuesta Nacional de Victimizaci\u00f3n y Percepci\u00f3n Sobre Seguridad P\u00fablica, (ENVIPE) 2023, del INEGI.<\/p>\n\n\n\n<p>Por cada 100 mil habitantes, desde 2019 Guanajuato ha disminuido su Incidencia delictiva y se encuentra por debajo de la media nacional en 2022, con disminuci\u00f3n del 23.13% respecto a 2021.<\/p>\n\n\n\n<p>En la tasa de victimizaci\u00f3n Guanajuato est\u00e1 por debajo de la media nacional con disminuci\u00f3n del 30.89%; son 17 lugares menos que en 2021; mientras que la percepci\u00f3n de inseguridad baj\u00f3 3.7% y el homicidio doloso disminuy\u00f3 23.35% en julio de 2023, respecto a septiembre de 2018.<\/p>\n\n\n\n<p>\u201cNos falta mucho, pero hay una ruta clara que nos est\u00e1 funcionando\u201d, dijo Diego Sinhue.<\/p>\n\n\n\n<p>En el Panel particip\u00f3 el Gobernador del Estado de Oaxaca, Salom\u00f3n Jara Cruz, mientras que el Presidente de la CONCAMIN, Jos\u00e9 Antonio Abugaber Andonie, fungi\u00f3 como moderador.<\/p>\n\n\n\n<p>El Gobernador de Guanajuato clausur\u00f3 la Cumbre de Desarrollo Industrial Sostenible donde l\u00edderes y representantes de gremios empresariales, gobierno y sociedad civil, analizaron las tendencias y retos del desarrollo industrial, se identificaron acciones y pol\u00edticas que fortalezcan el entorno empresarial, la atracci\u00f3n de inversiones y el fomento del desarrollo econ\u00f3mico y sostenible a largo plazo.<\/p>\n\n\n\n<p>Los participantes dialogaron sobre los ejes: Nearshoring en M\u00e9xico: Competitividad Global y Oportunidades Locales; el siguiente nivel de la Industria 4.0: Ecosistemas digitales resilientes; La globalizaci\u00f3n 2.0: La nueva era en las cadenas globales de valor.<\/p>\n\n\n\n<p>\u201cEstoy seguro que estos temas y las experiencias compartidas, ser\u00e1n un fuerte impulso para seguir trabajando por un mayor crecimiento y una mayor competitividad de las econom\u00edas que integran esta Alianza. \u201cQuiero decirles, que en Guanajuato estamos muy conscientes de las oportunidades que representa el nearshoring y sabemos que tenemos que estar preparados\u201d, dijo el Gobernador.<\/p>\n","protected":false},"excerpt":{"rendered":"Kuali\/Le\u00f3n, Gto.-\u201cM\u00e9xico necesita de la visi\u00f3n de los l\u00edderes y lideresas de la CONCAMIN hoy m\u00e1s que nunca; s\u00ed M\u00e9xico sigue adelante, es gracias a los empresarios de nuestro pa\u00eds, que d\u00eda a d\u00eda hacen que sea un M\u00e9xico pr\u00f3spero\u201d, sostuvo el gobernador, Diego Sinhue Rodr\u00edguez Vallejo, en la clausura de la Reuni\u00f3n Anual de [&hellip;]","protected":false},"author":2,"featured_media":127596,"comment_status":"open","ping_status":"open","sticky":false,"template":"","format":"standard","meta":{"_seopress_robots_primary_cat":"none","_seopress_titles_title":"","_seopress_titles_desc":"","_seopress_robots_index":"","_monsterinsights_skip_tracking":false,"_monsterinsights_sitenote_active":false,"_monsterinsights_sitenote_note":"","_monsterinsights_sitenote_category":0,"footnotes":""},"categories":[3],"tags":[],"class_list":["post-127593","post","type-post","status-publish","format-standard","has-post-thumbnail","hentry","category-politica"],"yoast_head":"<!-- This site is optimized with the Yoast SEO plugin v27.4 - https:\/\/yoast.com\/product\/yoast-seo-wordpress\/ -->\n<title>REQUIERE M\u00c9XICO VISI\u00d3N EMPRESARIAL: DIEGO - Kuali<\/title>\n<meta name=\"robots\" content=\"index, follow, max-snippet:-1, max-image-preview:large, max-video-preview:-1\" \/>\n<link rel=\"canonical\" href=\"https:\/\/kuali.com.mx\/web\/2023\/10\/05\/requiere-mexico-vision-empresarial-diego\/\" \/>\n<meta property=\"og:locale\" content=\"es_MX\" \/>\n<meta property=\"og:type\" content=\"article\" \/>\n<meta property=\"og:title\" content=\"REQUIERE M\u00c9XICO VISI\u00d3N EMPRESARIAL: DIEGO - Kuali\" \/>\n<meta property=\"og:description\" content=\"Kuali\/Le\u00f3n, Gto.-\u201cM\u00e9xico necesita de la visi\u00f3n de los l\u00edderes y lideresas de la CONCAMIN hoy m\u00e1s que nunca; s\u00ed M\u00e9xico sigue adelante, es gracias a los empresarios de nuestro pa\u00eds, que d\u00eda a d\u00eda hacen que sea un M\u00e9xico pr\u00f3spero\u201d, sostuvo el gobernador, Diego Sinhue Rodr\u00edguez Vallejo, en la clausura de la Reuni\u00f3n Anual de [&hellip;]\" \/>\n<meta property=\"og:url\" content=\"https:\/\/kuali.com.mx\/web\/2023\/10\/05\/requiere-mexico-vision-empresarial-diego\/\" \/>\n<meta property=\"og:site_name\" content=\"Kuali\" \/>\n<meta property=\"article:publisher\" content=\"https:\/\/kuali.com.mx\/web\/wp-content\/uploads\/2018\/04\/cropped-kuali_logo-1-1.png\" \/>\n<meta property=\"article:published_time\" content=\"2023-10-06T03:53:52+00:00\" \/>\n<meta property=\"article:modified_time\" content=\"2023-10-06T03:53:53+00:00\" \/>\n<meta property=\"og:image\" content=\"https:\/\/kuali.com.mx\/web\/wp-content\/uploads\/2023\/10\/RAI-Diego.jpg\" \/>\n\t<meta property=\"og:image:width\" content=\"1440\" \/>\n\t<meta property=\"og:image:height\" content=\"960\" \/>\n\t<meta property=\"og:image:type\" content=\"image\/jpeg\" \/>\n<meta name=\"author\" content=\"Kuali Staff\" \/>\n<meta name=\"twitter:card\" content=\"summary_large_image\" \/>\n<meta name=\"twitter:creator\" content=\"@kuali_noticias\" \/>\n<meta name=\"twitter:site\" content=\"@kuali_noticias\" \/>\n<meta name=\"twitter:label1\" content=\"Escrito por\" \/>\n\t<meta name=\"twitter:data1\" content=\"Kuali Staff\" \/>\n\t<meta name=\"twitter:label2\" content=\"Tiempo de lectura\" \/>\n\t<meta name=\"twitter:data2\" content=\"4 minutos\" \/>\n<script type=\"application\/ld+json\" class=\"yoast-schema-graph\">{\"@context\":\"https:\\\/\\\/schema.org\",\"@graph\":[{\"@type\":\"Article\",\"@id\":\"https:\\\/\\\/kuali.com.mx\\\/web\\\/2023\\\/10\\\/05\\\/requiere-mexico-vision-empresarial-diego\\\/#article\",\"isPartOf\":{\"@id\":\"https:\\\/\\\/kuali.com.mx\\\/web\\\/2023\\\/10\\\/05\\\/requiere-mexico-vision-empresarial-diego\\\/\"},\"author\":{\"name\":\"Kuali Staff\",\"@id\":\"https:\\\/\\\/kuali.com.mx\\\/web\\\/#\\\/schema\\\/person\\\/6f89ffa8ecba9dae50662357923c5289\"},\"headline\":\"REQUIERE M\u00c9XICO VISI\u00d3N EMPRESARIAL: DIEGO\",\"datePublished\":\"2023-10-06T03:53:52+00:00\",\"dateModified\":\"2023-10-06T03:53:53+00:00\",\"mainEntityOfPage\":{\"@id\":\"https:\\\/\\\/kuali.com.mx\\\/web\\\/2023\\\/10\\\/05\\\/requiere-mexico-vision-empresarial-diego\\\/\"},\"wordCount\":794,\"commentCount\":0,\"image\":{\"@id\":\"https:\\\/\\\/kuali.com.mx\\\/web\\\/2023\\\/10\\\/05\\\/requiere-mexico-vision-empresarial-diego\\\/#primaryimage\"},\"thumbnailUrl\":\"https:\\\/\\\/kuali.com.mx\\\/web\\\/wp-content\\\/uploads\\\/2023\\\/10\\\/RAI-Diego.jpg\",\"articleSection\":[\"Pol\u00edtica\"],\"inLanguage\":\"es\",\"potentialAction\":[{\"@type\":\"CommentAction\",\"name\":\"Comment\",\"target\":[\"https:\\\/\\\/kuali.com.mx\\\/web\\\/2023\\\/10\\\/05\\\/requiere-mexico-vision-empresarial-diego\\\/#respond\"]}]},{\"@type\":\"WebPage\",\"@id\":\"https:\\\/\\\/kuali.com.mx\\\/web\\\/2023\\\/10\\\/05\\\/requiere-mexico-vision-empresarial-diego\\\/\",\"url\":\"https:\\\/\\\/kuali.com.mx\\\/web\\\/2023\\\/10\\\/05\\\/requiere-mexico-vision-empresarial-diego\\\/\",\"name\":\"REQUIERE M\u00c9XICO VISI\u00d3N EMPRESARIAL: DIEGO - Kuali\",\"isPartOf\":{\"@id\":\"https:\\\/\\\/kuali.com.mx\\\/web\\\/#website\"},\"primaryImageOfPage\":{\"@id\":\"https:\\\/\\\/kuali.com.mx\\\/web\\\/2023\\\/10\\\/05\\\/requiere-mexico-vision-empresarial-diego\\\/#primaryimage\"},\"image\":{\"@id\":\"https:\\\/\\\/kuali.com.mx\\\/web\\\/2023\\\/10\\\/05\\\/requiere-mexico-vision-empresarial-diego\\\/#primaryimage\"},\"thumbnailUrl\":\"https:\\\/\\\/kuali.com.mx\\\/web\\\/wp-content\\\/uploads\\\/2023\\\/10\\\/RAI-Diego.jpg\",\"datePublished\":\"2023-10-06T03:53:52+00:00\",\"dateModified\":\"2023-10-06T03:53:53+00:00\",\"author\":{\"@id\":\"https:\\\/\\\/kuali.com.mx\\\/web\\\/#\\\/schema\\\/person\\\/6f89ffa8ecba9dae50662357923c5289\"},\"breadcrumb\":{\"@id\":\"https:\\\/\\\/kuali.com.mx\\\/web\\\/2023\\\/10\\\/05\\\/requiere-mexico-vision-empresarial-diego\\\/#breadcrumb\"},\"inLanguage\":\"es\",\"potentialAction\":[{\"@type\":\"ReadAction\",\"target\":[\"https:\\\/\\\/kuali.com.mx\\\/web\\\/2023\\\/10\\\/05\\\/requiere-mexico-vision-empresarial-diego\\\/\"]}]},{\"@type\":\"ImageObject\",\"inLanguage\":\"es\",\"@id\":\"https:\\\/\\\/kuali.com.mx\\\/web\\\/2023\\\/10\\\/05\\\/requiere-mexico-vision-empresarial-diego\\\/#primaryimage\",\"url\":\"https:\\\/\\\/kuali.com.mx\\\/web\\\/wp-content\\\/uploads\\\/2023\\\/10\\\/RAI-Diego.jpg\",\"contentUrl\":\"https:\\\/\\\/kuali.com.mx\\\/web\\\/wp-content\\\/uploads\\\/2023\\\/10\\\/RAI-Diego.jpg\",\"width\":1440,\"height\":960},{\"@type\":\"BreadcrumbList\",\"@id\":\"https:\\\/\\\/kuali.com.mx\\\/web\\\/2023\\\/10\\\/05\\\/requiere-mexico-vision-empresarial-diego\\\/#breadcrumb\",\"itemListElement\":[{\"@type\":\"ListItem\",\"position\":1,\"name\":\"Inicio\",\"item\":\"https:\\\/\\\/kuali.com.mx\\\/web\\\/\"},{\"@type\":\"ListItem\",\"position\":2,\"name\":\"REQUIERE M\u00c9XICO VISI\u00d3N EMPRESARIAL: DIEGO\"}]},{\"@type\":\"WebSite\",\"@id\":\"https:\\\/\\\/kuali.com.mx\\\/web\\\/#website\",\"url\":\"https:\\\/\\\/kuali.com.mx\\\/web\\\/\",\"name\":\"Kuali\",\"description\":\"\",\"potentialAction\":[{\"@type\":\"SearchAction\",\"target\":{\"@type\":\"EntryPoint\",\"urlTemplate\":\"https:\\\/\\\/kuali.com.mx\\\/web\\\/?s={search_term_string}\"},\"query-input\":{\"@type\":\"PropertyValueSpecification\",\"valueRequired\":true,\"valueName\":\"search_term_string\"}}],\"inLanguage\":\"es\"},{\"@type\":\"Person\",\"@id\":\"https:\\\/\\\/kuali.com.mx\\\/web\\\/#\\\/schema\\\/person\\\/6f89ffa8ecba9dae50662357923c5289\",\"name\":\"Kuali Staff\",\"image\":{\"@type\":\"ImageObject\",\"inLanguage\":\"es\",\"@id\":\"https:\\\/\\\/secure.gravatar.com\\\/avatar\\\/f917ad82e5ab71227a733c78b6e60715476f69ee6be59feee4eb5d9920c89e0f?s=96&d=mm&r=g\",\"url\":\"https:\\\/\\\/secure.gravatar.com\\\/avatar\\\/f917ad82e5ab71227a733c78b6e60715476f69ee6be59feee4eb5d9920c89e0f?s=96&d=mm&r=g\",\"contentUrl\":\"https:\\\/\\\/secure.gravatar.com\\\/avatar\\\/f917ad82e5ab71227a733c78b6e60715476f69ee6be59feee4eb5d9920c89e0f?s=96&d=mm&r=g\",\"caption\":\"Kuali Staff\"},\"url\":\"https:\\\/\\\/kuali.com.mx\\\/web\\\/author\\\/lagarto\\\/\"}]}<\/script>\n<!-- \/ Yoast SEO plugin. -->","yoast_head_json":{"title":"REQUIERE M\u00c9XICO VISI\u00d3N EMPRESARIAL: DIEGO - Kuali","robots":{"index":"index","follow":"follow","max-snippet":"max-snippet:-1","max-image-preview":"max-image-preview:large","max-video-preview":"max-video-preview:-1"},"canonical":"https:\/\/kuali.com.mx\/web\/2023\/10\/05\/requiere-mexico-vision-empresarial-diego\/","og_locale":"es_MX","og_type":"article","og_title":"REQUIERE M\u00c9XICO VISI\u00d3N EMPRESARIAL: DIEGO - Kuali","og_description":"Kuali\/Le\u00f3n, Gto.-\u201cM\u00e9xico necesita de la visi\u00f3n de los l\u00edderes y lideresas de la CONCAMIN hoy m\u00e1s que nunca; s\u00ed M\u00e9xico sigue adelante, es gracias a los empresarios de nuestro pa\u00eds, que d\u00eda a d\u00eda hacen que sea un M\u00e9xico pr\u00f3spero\u201d, sostuvo el gobernador, Diego Sinhue Rodr\u00edguez Vallejo, en la clausura de la Reuni\u00f3n Anual de [&hellip;]","og_url":"https:\/\/kuali.com.mx\/web\/2023\/10\/05\/requiere-mexico-vision-empresarial-diego\/","og_site_name":"Kuali","article_publisher":"https:\/\/kuali.com.mx\/web\/wp-content\/uploads\/2018\/04\/cropped-kuali_logo-1-1.png","article_published_time":"2023-10-06T03:53:52+00:00","article_modified_time":"2023-10-06T03:53:53+00:00","og_image":[{"width":1440,"height":960,"url":"https:\/\/kuali.com.mx\/web\/wp-content\/uploads\/2023\/10\/RAI-Diego.jpg","type":"image\/jpeg"}],"author":"Kuali Staff","twitter_card":"summary_large_image","twitter_creator":"@kuali_noticias","twitter_site":"@kuali_noticias","twitter_misc":{"Escrito por":"Kuali Staff","Tiempo de lectura":"4 minutos"},"schema":{"@context":"https:\/\/schema.org","@graph":[{"@type":"Article","@id":"https:\/\/kuali.com.mx\/web\/2023\/10\/05\/requiere-mexico-vision-empresarial-diego\/#article","isPartOf":{"@id":"https:\/\/kuali.com.mx\/web\/2023\/10\/05\/requiere-mexico-vision-empresarial-diego\/"},"author":{"name":"Kuali Staff","@id":"https:\/\/kuali.com.mx\/web\/#\/schema\/person\/6f89ffa8ecba9dae50662357923c5289"},"headline":"REQUIERE M\u00c9XICO VISI\u00d3N EMPRESARIAL: DIEGO","datePublished":"2023-10-06T03:53:52+00:00","dateModified":"2023-10-06T03:53:53+00:00","mainEntityOfPage":{"@id":"https:\/\/kuali.com.mx\/web\/2023\/10\/05\/requiere-mexico-vision-empresarial-diego\/"},"wordCount":794,"commentCount":0,"image":{"@id":"https:\/\/kuali.com.mx\/web\/2023\/10\/05\/requiere-mexico-vision-empresarial-diego\/#primaryimage"},"thumbnailUrl":"https:\/\/kuali.com.mx\/web\/wp-content\/uploads\/2023\/10\/RAI-Diego.jpg","articleSection":["Pol\u00edtica"],"inLanguage":"es","potentialAction":[{"@type":"CommentAction","name":"Comment","target":["https:\/\/kuali.com.mx\/web\/2023\/10\/05\/requiere-mexico-vision-empresarial-diego\/#respond"]}]},{"@type":"WebPage","@id":"https:\/\/kuali.com.mx\/web\/2023\/10\/05\/requiere-mexico-vision-empresarial-diego\/","url":"https:\/\/kuali.com.mx\/web\/2023\/10\/05\/requiere-mexico-vision-empresarial-diego\/","name":"REQUIERE M\u00c9XICO VISI\u00d3N EMPRESARIAL: DIEGO - Kuali","isPartOf":{"@id":"https:\/\/kuali.com.mx\/web\/#website"},"primaryImageOfPage":{"@id":"https:\/\/kuali.com.mx\/web\/2023\/10\/05\/requiere-mexico-vision-empresarial-diego\/#primaryimage"},"image":{"@id":"https:\/\/kuali.com.mx\/web\/2023\/10\/05\/requiere-mexico-vision-empresarial-diego\/#primaryimage"},"thumbnailUrl":"https:\/\/kuali.com.mx\/web\/wp-content\/uploads\/2023\/10\/RAI-Diego.jpg","datePublished":"2023-10-06T03:53:52+00:00","dateModified":"2023-10-06T03:53:53+00:00","author":{"@id":"https:\/\/kuali.com.mx\/web\/#\/schema\/person\/6f89ffa8ecba9dae50662357923c5289"},"breadcrumb":{"@id":"https:\/\/kuali.com.mx\/web\/2023\/10\/05\/requiere-mexico-vision-empresarial-diego\/#breadcrumb"},"inLanguage":"es","potentialAction":[{"@type":"ReadAction","target":["https:\/\/kuali.com.mx\/web\/2023\/10\/05\/requiere-mexico-vision-empresarial-diego\/"]}]},{"@type":"ImageObject","inLanguage":"es","@id":"https:\/\/kuali.com.mx\/web\/2023\/10\/05\/requiere-mexico-vision-empresarial-diego\/#primaryimage","url":"https:\/\/kuali.com.mx\/web\/wp-content\/uploads\/2023\/10\/RAI-Diego.jpg","contentUrl":"https:\/\/kuali.com.mx\/web\/wp-content\/uploads\/2023\/10\/RAI-Diego.jpg","width":1440,"height":960},{"@type":"BreadcrumbList","@id":"https:\/\/kuali.com.mx\/web\/2023\/10\/05\/requiere-mexico-vision-empresarial-diego\/#breadcrumb","itemListElement":[{"@type":"ListItem","position":1,"name":"Inicio","item":"https:\/\/kuali.com.mx\/web\/"},{"@type":"ListItem","position":2,"name":"REQUIERE M\u00c9XICO VISI\u00d3N EMPRESARIAL: DIEGO"}]},{"@type":"WebSite","@id":"https:\/\/kuali.com.mx\/web\/#website","url":"https:\/\/kuali.com.mx\/web\/","name":"Kuali","description":"","potentialAction":[{"@type":"SearchAction","target":{"@type":"EntryPoint","urlTemplate":"https:\/\/kuali.com.mx\/web\/?s={search_term_string}"},"query-input":{"@type":"PropertyValueSpecification","valueRequired":true,"valueName":"search_term_string"}}],"inLanguage":"es"},{"@type":"Person","@id":"https:\/\/kuali.com.mx\/web\/#\/schema\/person\/6f89ffa8ecba9dae50662357923c5289","name":"Kuali Staff","image":{"@type":"ImageObject","inLanguage":"es","@id":"https:\/\/secure.gravatar.com\/avatar\/f917ad82e5ab71227a733c78b6e60715476f69ee6be59feee4eb5d9920c89e0f?s=96&d=mm&r=g","url":"https:\/\/secure.gravatar.com\/avatar\/f917ad82e5ab71227a733c78b6e60715476f69ee6be59feee4eb5d9920c89e0f?s=96&d=mm&r=g","contentUrl":"https:\/\/secure.gravatar.com\/avatar\/f917ad82e5ab71227a733c78b6e60715476f69ee6be59feee4eb5d9920c89e0f?s=96&d=mm&r=g","caption":"Kuali Staff"},"url":"https:\/\/kuali.com.mx\/web\/author\/lagarto\/"}]}},"_links":{"self":[{"href":"https:\/\/kuali.com.mx\/web\/wp-json\/wp\/v2\/posts\/127593","targetHints":{"allow":["GET"]}}],"collection":[{"href":"https:\/\/kuali.com.mx\/web\/wp-json\/wp\/v2\/posts"}],"about":[{"href":"https:\/\/kuali.com.mx\/web\/wp-json\/wp\/v2\/types\/post"}],"author":[{"embeddable":true,"href":"https:\/\/kuali.com.mx\/web\/wp-json\/wp\/v2\/users\/2"}],"replies":[{"embeddable":true,"href":"https:\/\/kuali.com.mx\/web\/wp-json\/wp\/v2\/comments?post=127593"}],"version-history":[{"count":1,"href":"https:\/\/kuali.com.mx\/web\/wp-json\/wp\/v2\/posts\/127593\/revisions"}],"predecessor-version":[{"id":127597,"href":"https:\/\/kuali.com.mx\/web\/wp-json\/wp\/v2\/posts\/127593\/revisions\/127597"}],"wp:featuredmedia":[{"embeddable":true,"href":"https:\/\/kuali.com.mx\/web\/wp-json\/wp\/v2\/media\/127596"}],"wp:attachment":[{"href":"https:\/\/kuali.com.mx\/web\/wp-json\/wp\/v2\/media?parent=127593"}],"wp:term":[{"taxonomy":"category","embeddable":true,"href":"https:\/\/kuali.com.mx\/web\/wp-json\/wp\/v2\/categories?post=127593"},{"taxonomy":"post_tag","embeddable":true,"href":"https:\/\/kuali.com.mx\/web\/wp-json\/wp\/v2\/tags?post=127593"}],"curies":[{"name":"wp","href":"https:\/\/api.w.org\/{rel}","templated":true}]}}