{"id":127566,"date":"2023-10-05T17:59:02","date_gmt":"2023-10-05T23:59:02","guid":{"rendered":"https:\/\/kuali.com.mx\/web\/?p=127566"},"modified":"2023-10-06T00:13:52","modified_gmt":"2023-10-06T06:13:52","slug":"exhortan-diputados-a-cambiar-la-politica-migratoria","status":"publish","type":"post","link":"https:\/\/kuali.com.mx\/web\/2023\/10\/05\/exhortan-diputados-a-cambiar-la-politica-migratoria\/","title":{"rendered":"EXHORTAN DIPUTADOS A CAMBIAR POL\u00cdTICA MIGRATORIA"},"content":{"rendered":"\n<p><strong><em>Kuali\/Guanajuato, Gto.\u00a0\u2013 <\/em><\/strong>El Pleno del Congreso de Guanajuato exhort\u00f3 a la Secretar\u00eda de Gobernaci\u00f3n lleve a cabo mesas de an\u00e1lisis y opini\u00f3n con las autoridades que se\u00f1ala la Ley de Migraci\u00f3n y su reglamento, a fin de reorientar la pol\u00edtica migratoria del pa\u00eds.<\/p>\n\n\n\n<p>As\u00ed como al Instituto Nacional de Migraci\u00f3n, a fin de que en las estaciones migratorias o en las estancias provisionales, asista de manera puntual a los migrantes con la garant\u00eda de los derechos que se les reconocen, entre ellos, recibir atenci\u00f3n m\u00e9dica, psicol\u00f3gica, a una asesor\u00eda legal, a comunicarse v\u00eda telef\u00f3nica, a la no discriminaci\u00f3n, a denunciar si han sido v\u00edctimas de delito, a recibir un espacio digno, tres alimentos al d\u00eda y enseres b\u00e1sicos de aseo personal, entre otros.<\/p>\n\n\n\n<p>Al hacer uso de la voz, la diputada Ruth Noem\u00ed Tiscare\u00f1o expres\u00f3 que las personas migran con la finalidad de buscar mejores condiciones de vida que en sus lugares de nacimiento no han encontrado, adem\u00e1s de que dicho fen\u00f3meno ha conllevado a la aparici\u00f3n de conductas discriminatorias que ponen en peligro la integridad de las personas migrantes y que constituyen una severa crisis humanitaria en el mundo.<\/p>\n\n\n\n<p>\u201cLa pol\u00edtica migratoria de nuestro pa\u00eds se ha centrado en ser una especie de embudo del pa\u00eds del norte y las medidas que se implementan son se\u00f1al de la falta de una pol\u00edtica migratoria que permita abordar el fen\u00f3meno desde el respeto de los derechos fundamentales\u201d, dijo.<\/p>\n\n\n\n<p>La legisladora refiri\u00f3 que en la Ley de Migraci\u00f3n y su Reglamento se establece de manera obligatoria que la Secretar\u00eda de Gobernaci\u00f3n recoja las demandas y los posicionamientos de los Poderes de la Uni\u00f3n, de cada uno de los \u00e1mbitos de gobiernos cuyo \u00e1mbito de competencia se relacione con la materia migratoria, as\u00ed como del sector acad\u00e9mico y de la sociedad civil organizada, por ser un t\u00f3pico que irradia en todo los \u00e1mbitos p\u00fablicos y privados.<\/p>\n\n\n\n<p>\u201cSe considera la pertinencia de la emisi\u00f3n de esta proposici\u00f3n de punto de acuerdo que permita proporcionar derechos b\u00e1sicos, m\u00ednimos vitales a todas aquellas personas migrantes que se encuentran varados en un sinf\u00edn de puntos en nuestro pa\u00eds, y cuyo destino es el pa\u00eds del norte\u201d, finaliz\u00f3.<\/p>\n\n\n\n<p>La obvia resoluci\u00f3n fue aprobada por unanimidad, mientras que la propuesta fue aprobada por mayor\u00eda de votos.<\/p>\n","protected":false},"excerpt":{"rendered":"Kuali\/Guanajuato, Gto.\u00a0\u2013 El Pleno del Congreso de Guanajuato exhort\u00f3 a la Secretar\u00eda de Gobernaci\u00f3n lleve a cabo mesas de an\u00e1lisis y opini\u00f3n con las autoridades que se\u00f1ala la Ley de Migraci\u00f3n y su reglamento, a fin de reorientar la pol\u00edtica migratoria del pa\u00eds. As\u00ed como al Instituto Nacional de Migraci\u00f3n, a fin de que en [&hellip;]","protected":false},"author":2,"featured_media":116576,"comment_status":"open","ping_status":"open","sticky":false,"template":"","format":"standard","meta":{"_seopress_robots_primary_cat":"none","_seopress_titles_title":"","_seopress_titles_desc":"","_seopress_robots_index":"","_monsterinsights_skip_tracking":false,"_monsterinsights_sitenote_active":false,"_monsterinsights_sitenote_note":"","_monsterinsights_sitenote_category":0,"footnotes":""},"categories":[3,69],"tags":[],"class_list":["post-127566","post","type-post","status-publish","format-standard","has-post-thumbnail","hentry","category-politica","category-slider"],"yoast_head":"<!-- This site is optimized with the Yoast SEO plugin v27.4 - https:\/\/yoast.com\/product\/yoast-seo-wordpress\/ -->\n<title>EXHORTAN DIPUTADOS A CAMBIAR POL\u00cdTICA MIGRATORIA - Kuali<\/title>\n<meta name=\"robots\" content=\"index, follow, max-snippet:-1, max-image-preview:large, max-video-preview:-1\" \/>\n<link rel=\"canonical\" href=\"https:\/\/kuali.com.mx\/web\/2023\/10\/05\/exhortan-diputados-a-cambiar-la-politica-migratoria\/\" \/>\n<meta property=\"og:locale\" content=\"es_MX\" \/>\n<meta property=\"og:type\" content=\"article\" \/>\n<meta property=\"og:title\" content=\"EXHORTAN DIPUTADOS A CAMBIAR POL\u00cdTICA MIGRATORIA - Kuali\" \/>\n<meta property=\"og:description\" content=\"Kuali\/Guanajuato, Gto.\u00a0\u2013 El Pleno del Congreso de Guanajuato exhort\u00f3 a la Secretar\u00eda de Gobernaci\u00f3n lleve a cabo mesas de an\u00e1lisis y opini\u00f3n con las autoridades que se\u00f1ala la Ley de Migraci\u00f3n y su reglamento, a fin de reorientar la pol\u00edtica migratoria del pa\u00eds. As\u00ed como al Instituto Nacional de Migraci\u00f3n, a fin de que en [&hellip;]\" \/>\n<meta property=\"og:url\" content=\"https:\/\/kuali.com.mx\/web\/2023\/10\/05\/exhortan-diputados-a-cambiar-la-politica-migratoria\/\" \/>\n<meta property=\"og:site_name\" content=\"Kuali\" \/>\n<meta property=\"article:publisher\" content=\"https:\/\/kuali.com.mx\/web\/wp-content\/uploads\/2018\/04\/cropped-kuali_logo-1-1.png\" \/>\n<meta property=\"article:published_time\" content=\"2023-10-05T23:59:02+00:00\" \/>\n<meta property=\"article:modified_time\" content=\"2023-10-06T06:13:52+00:00\" \/>\n<meta property=\"og:image\" content=\"https:\/\/kuali.com.mx\/web\/wp-content\/uploads\/2023\/04\/MIGRANTES-1.jpg\" \/>\n\t<meta property=\"og:image:width\" content=\"1793\" \/>\n\t<meta property=\"og:image:height\" content=\"750\" \/>\n\t<meta property=\"og:image:type\" content=\"image\/jpeg\" \/>\n<meta name=\"author\" content=\"Kuali Staff\" \/>\n<meta name=\"twitter:card\" content=\"summary_large_image\" \/>\n<meta name=\"twitter:creator\" content=\"@kuali_noticias\" \/>\n<meta name=\"twitter:site\" content=\"@kuali_noticias\" \/>\n<meta name=\"twitter:label1\" content=\"Escrito por\" \/>\n\t<meta name=\"twitter:data1\" content=\"Kuali Staff\" \/>\n\t<meta name=\"twitter:label2\" content=\"Tiempo de lectura\" \/>\n\t<meta name=\"twitter:data2\" content=\"2 minutos\" \/>\n<script type=\"application\/ld+json\" class=\"yoast-schema-graph\">{\"@context\":\"https:\\\/\\\/schema.org\",\"@graph\":[{\"@type\":\"Article\",\"@id\":\"https:\\\/\\\/kuali.com.mx\\\/web\\\/2023\\\/10\\\/05\\\/exhortan-diputados-a-cambiar-la-politica-migratoria\\\/#article\",\"isPartOf\":{\"@id\":\"https:\\\/\\\/kuali.com.mx\\\/web\\\/2023\\\/10\\\/05\\\/exhortan-diputados-a-cambiar-la-politica-migratoria\\\/\"},\"author\":{\"name\":\"Kuali Staff\",\"@id\":\"https:\\\/\\\/kuali.com.mx\\\/web\\\/#\\\/schema\\\/person\\\/6f89ffa8ecba9dae50662357923c5289\"},\"headline\":\"EXHORTAN DIPUTADOS A CAMBIAR POL\u00cdTICA MIGRATORIA\",\"datePublished\":\"2023-10-05T23:59:02+00:00\",\"dateModified\":\"2023-10-06T06:13:52+00:00\",\"mainEntityOfPage\":{\"@id\":\"https:\\\/\\\/kuali.com.mx\\\/web\\\/2023\\\/10\\\/05\\\/exhortan-diputados-a-cambiar-la-politica-migratoria\\\/\"},\"wordCount\":431,\"commentCount\":0,\"image\":{\"@id\":\"https:\\\/\\\/kuali.com.mx\\\/web\\\/2023\\\/10\\\/05\\\/exhortan-diputados-a-cambiar-la-politica-migratoria\\\/#primaryimage\"},\"thumbnailUrl\":\"https:\\\/\\\/kuali.com.mx\\\/web\\\/wp-content\\\/uploads\\\/2023\\\/04\\\/MIGRANTES-1.jpg\",\"articleSection\":[\"Pol\u00edtica\",\"slider\"],\"inLanguage\":\"es\",\"potentialAction\":[{\"@type\":\"CommentAction\",\"name\":\"Comment\",\"target\":[\"https:\\\/\\\/kuali.com.mx\\\/web\\\/2023\\\/10\\\/05\\\/exhortan-diputados-a-cambiar-la-politica-migratoria\\\/#respond\"]}]},{\"@type\":\"WebPage\",\"@id\":\"https:\\\/\\\/kuali.com.mx\\\/web\\\/2023\\\/10\\\/05\\\/exhortan-diputados-a-cambiar-la-politica-migratoria\\\/\",\"url\":\"https:\\\/\\\/kuali.com.mx\\\/web\\\/2023\\\/10\\\/05\\\/exhortan-diputados-a-cambiar-la-politica-migratoria\\\/\",\"name\":\"EXHORTAN DIPUTADOS A CAMBIAR POL\u00cdTICA MIGRATORIA - Kuali\",\"isPartOf\":{\"@id\":\"https:\\\/\\\/kuali.com.mx\\\/web\\\/#website\"},\"primaryImageOfPage\":{\"@id\":\"https:\\\/\\\/kuali.com.mx\\\/web\\\/2023\\\/10\\\/05\\\/exhortan-diputados-a-cambiar-la-politica-migratoria\\\/#primaryimage\"},\"image\":{\"@id\":\"https:\\\/\\\/kuali.com.mx\\\/web\\\/2023\\\/10\\\/05\\\/exhortan-diputados-a-cambiar-la-politica-migratoria\\\/#primaryimage\"},\"thumbnailUrl\":\"https:\\\/\\\/kuali.com.mx\\\/web\\\/wp-content\\\/uploads\\\/2023\\\/04\\\/MIGRANTES-1.jpg\",\"datePublished\":\"2023-10-05T23:59:02+00:00\",\"dateModified\":\"2023-10-06T06:13:52+00:00\",\"author\":{\"@id\":\"https:\\\/\\\/kuali.com.mx\\\/web\\\/#\\\/schema\\\/person\\\/6f89ffa8ecba9dae50662357923c5289\"},\"breadcrumb\":{\"@id\":\"https:\\\/\\\/kuali.com.mx\\\/web\\\/2023\\\/10\\\/05\\\/exhortan-diputados-a-cambiar-la-politica-migratoria\\\/#breadcrumb\"},\"inLanguage\":\"es\",\"potentialAction\":[{\"@type\":\"ReadAction\",\"target\":[\"https:\\\/\\\/kuali.com.mx\\\/web\\\/2023\\\/10\\\/05\\\/exhortan-diputados-a-cambiar-la-politica-migratoria\\\/\"]}]},{\"@type\":\"ImageObject\",\"inLanguage\":\"es\",\"@id\":\"https:\\\/\\\/kuali.com.mx\\\/web\\\/2023\\\/10\\\/05\\\/exhortan-diputados-a-cambiar-la-politica-migratoria\\\/#primaryimage\",\"url\":\"https:\\\/\\\/kuali.com.mx\\\/web\\\/wp-content\\\/uploads\\\/2023\\\/04\\\/MIGRANTES-1.jpg\",\"contentUrl\":\"https:\\\/\\\/kuali.com.mx\\\/web\\\/wp-content\\\/uploads\\\/2023\\\/04\\\/MIGRANTES-1.jpg\",\"width\":1793,\"height\":750},{\"@type\":\"BreadcrumbList\",\"@id\":\"https:\\\/\\\/kuali.com.mx\\\/web\\\/2023\\\/10\\\/05\\\/exhortan-diputados-a-cambiar-la-politica-migratoria\\\/#breadcrumb\",\"itemListElement\":[{\"@type\":\"ListItem\",\"position\":1,\"name\":\"Inicio\",\"item\":\"https:\\\/\\\/kuali.com.mx\\\/web\\\/\"},{\"@type\":\"ListItem\",\"position\":2,\"name\":\"EXHORTAN DIPUTADOS A CAMBIAR POL\u00cdTICA MIGRATORIA\"}]},{\"@type\":\"WebSite\",\"@id\":\"https:\\\/\\\/kuali.com.mx\\\/web\\\/#website\",\"url\":\"https:\\\/\\\/kuali.com.mx\\\/web\\\/\",\"name\":\"Kuali\",\"description\":\"\",\"potentialAction\":[{\"@type\":\"SearchAction\",\"target\":{\"@type\":\"EntryPoint\",\"urlTemplate\":\"https:\\\/\\\/kuali.com.mx\\\/web\\\/?s={search_term_string}\"},\"query-input\":{\"@type\":\"PropertyValueSpecification\",\"valueRequired\":true,\"valueName\":\"search_term_string\"}}],\"inLanguage\":\"es\"},{\"@type\":\"Person\",\"@id\":\"https:\\\/\\\/kuali.com.mx\\\/web\\\/#\\\/schema\\\/person\\\/6f89ffa8ecba9dae50662357923c5289\",\"name\":\"Kuali Staff\",\"image\":{\"@type\":\"ImageObject\",\"inLanguage\":\"es\",\"@id\":\"https:\\\/\\\/secure.gravatar.com\\\/avatar\\\/f917ad82e5ab71227a733c78b6e60715476f69ee6be59feee4eb5d9920c89e0f?s=96&d=mm&r=g\",\"url\":\"https:\\\/\\\/secure.gravatar.com\\\/avatar\\\/f917ad82e5ab71227a733c78b6e60715476f69ee6be59feee4eb5d9920c89e0f?s=96&d=mm&r=g\",\"contentUrl\":\"https:\\\/\\\/secure.gravatar.com\\\/avatar\\\/f917ad82e5ab71227a733c78b6e60715476f69ee6be59feee4eb5d9920c89e0f?s=96&d=mm&r=g\",\"caption\":\"Kuali Staff\"},\"url\":\"https:\\\/\\\/kuali.com.mx\\\/web\\\/author\\\/lagarto\\\/\"}]}<\/script>\n<!-- \/ Yoast SEO plugin. -->","yoast_head_json":{"title":"EXHORTAN DIPUTADOS A CAMBIAR POL\u00cdTICA MIGRATORIA - Kuali","robots":{"index":"index","follow":"follow","max-snippet":"max-snippet:-1","max-image-preview":"max-image-preview:large","max-video-preview":"max-video-preview:-1"},"canonical":"https:\/\/kuali.com.mx\/web\/2023\/10\/05\/exhortan-diputados-a-cambiar-la-politica-migratoria\/","og_locale":"es_MX","og_type":"article","og_title":"EXHORTAN DIPUTADOS A CAMBIAR POL\u00cdTICA MIGRATORIA - Kuali","og_description":"Kuali\/Guanajuato, Gto.\u00a0\u2013 El Pleno del Congreso de Guanajuato exhort\u00f3 a la Secretar\u00eda de Gobernaci\u00f3n lleve a cabo mesas de an\u00e1lisis y opini\u00f3n con las autoridades que se\u00f1ala la Ley de Migraci\u00f3n y su reglamento, a fin de reorientar la pol\u00edtica migratoria del pa\u00eds. As\u00ed como al Instituto Nacional de Migraci\u00f3n, a fin de que en [&hellip;]","og_url":"https:\/\/kuali.com.mx\/web\/2023\/10\/05\/exhortan-diputados-a-cambiar-la-politica-migratoria\/","og_site_name":"Kuali","article_publisher":"https:\/\/kuali.com.mx\/web\/wp-content\/uploads\/2018\/04\/cropped-kuali_logo-1-1.png","article_published_time":"2023-10-05T23:59:02+00:00","article_modified_time":"2023-10-06T06:13:52+00:00","og_image":[{"width":1793,"height":750,"url":"https:\/\/kuali.com.mx\/web\/wp-content\/uploads\/2023\/04\/MIGRANTES-1.jpg","type":"image\/jpeg"}],"author":"Kuali Staff","twitter_card":"summary_large_image","twitter_creator":"@kuali_noticias","twitter_site":"@kuali_noticias","twitter_misc":{"Escrito por":"Kuali Staff","Tiempo de lectura":"2 minutos"},"schema":{"@context":"https:\/\/schema.org","@graph":[{"@type":"Article","@id":"https:\/\/kuali.com.mx\/web\/2023\/10\/05\/exhortan-diputados-a-cambiar-la-politica-migratoria\/#article","isPartOf":{"@id":"https:\/\/kuali.com.mx\/web\/2023\/10\/05\/exhortan-diputados-a-cambiar-la-politica-migratoria\/"},"author":{"name":"Kuali Staff","@id":"https:\/\/kuali.com.mx\/web\/#\/schema\/person\/6f89ffa8ecba9dae50662357923c5289"},"headline":"EXHORTAN DIPUTADOS A CAMBIAR POL\u00cdTICA MIGRATORIA","datePublished":"2023-10-05T23:59:02+00:00","dateModified":"2023-10-06T06:13:52+00:00","mainEntityOfPage":{"@id":"https:\/\/kuali.com.mx\/web\/2023\/10\/05\/exhortan-diputados-a-cambiar-la-politica-migratoria\/"},"wordCount":431,"commentCount":0,"image":{"@id":"https:\/\/kuali.com.mx\/web\/2023\/10\/05\/exhortan-diputados-a-cambiar-la-politica-migratoria\/#primaryimage"},"thumbnailUrl":"https:\/\/kuali.com.mx\/web\/wp-content\/uploads\/2023\/04\/MIGRANTES-1.jpg","articleSection":["Pol\u00edtica","slider"],"inLanguage":"es","potentialAction":[{"@type":"CommentAction","name":"Comment","target":["https:\/\/kuali.com.mx\/web\/2023\/10\/05\/exhortan-diputados-a-cambiar-la-politica-migratoria\/#respond"]}]},{"@type":"WebPage","@id":"https:\/\/kuali.com.mx\/web\/2023\/10\/05\/exhortan-diputados-a-cambiar-la-politica-migratoria\/","url":"https:\/\/kuali.com.mx\/web\/2023\/10\/05\/exhortan-diputados-a-cambiar-la-politica-migratoria\/","name":"EXHORTAN DIPUTADOS A CAMBIAR POL\u00cdTICA MIGRATORIA - Kuali","isPartOf":{"@id":"https:\/\/kuali.com.mx\/web\/#website"},"primaryImageOfPage":{"@id":"https:\/\/kuali.com.mx\/web\/2023\/10\/05\/exhortan-diputados-a-cambiar-la-politica-migratoria\/#primaryimage"},"image":{"@id":"https:\/\/kuali.com.mx\/web\/2023\/10\/05\/exhortan-diputados-a-cambiar-la-politica-migratoria\/#primaryimage"},"thumbnailUrl":"https:\/\/kuali.com.mx\/web\/wp-content\/uploads\/2023\/04\/MIGRANTES-1.jpg","datePublished":"2023-10-05T23:59:02+00:00","dateModified":"2023-10-06T06:13:52+00:00","author":{"@id":"https:\/\/kuali.com.mx\/web\/#\/schema\/person\/6f89ffa8ecba9dae50662357923c5289"},"breadcrumb":{"@id":"https:\/\/kuali.com.mx\/web\/2023\/10\/05\/exhortan-diputados-a-cambiar-la-politica-migratoria\/#breadcrumb"},"inLanguage":"es","potentialAction":[{"@type":"ReadAction","target":["https:\/\/kuali.com.mx\/web\/2023\/10\/05\/exhortan-diputados-a-cambiar-la-politica-migratoria\/"]}]},{"@type":"ImageObject","inLanguage":"es","@id":"https:\/\/kuali.com.mx\/web\/2023\/10\/05\/exhortan-diputados-a-cambiar-la-politica-migratoria\/#primaryimage","url":"https:\/\/kuali.com.mx\/web\/wp-content\/uploads\/2023\/04\/MIGRANTES-1.jpg","contentUrl":"https:\/\/kuali.com.mx\/web\/wp-content\/uploads\/2023\/04\/MIGRANTES-1.jpg","width":1793,"height":750},{"@type":"BreadcrumbList","@id":"https:\/\/kuali.com.mx\/web\/2023\/10\/05\/exhortan-diputados-a-cambiar-la-politica-migratoria\/#breadcrumb","itemListElement":[{"@type":"ListItem","position":1,"name":"Inicio","item":"https:\/\/kuali.com.mx\/web\/"},{"@type":"ListItem","position":2,"name":"EXHORTAN DIPUTADOS A CAMBIAR POL\u00cdTICA MIGRATORIA"}]},{"@type":"WebSite","@id":"https:\/\/kuali.com.mx\/web\/#website","url":"https:\/\/kuali.com.mx\/web\/","name":"Kuali","description":"","potentialAction":[{"@type":"SearchAction","target":{"@type":"EntryPoint","urlTemplate":"https:\/\/kuali.com.mx\/web\/?s={search_term_string}"},"query-input":{"@type":"PropertyValueSpecification","valueRequired":true,"valueName":"search_term_string"}}],"inLanguage":"es"},{"@type":"Person","@id":"https:\/\/kuali.com.mx\/web\/#\/schema\/person\/6f89ffa8ecba9dae50662357923c5289","name":"Kuali Staff","image":{"@type":"ImageObject","inLanguage":"es","@id":"https:\/\/secure.gravatar.com\/avatar\/f917ad82e5ab71227a733c78b6e60715476f69ee6be59feee4eb5d9920c89e0f?s=96&d=mm&r=g","url":"https:\/\/secure.gravatar.com\/avatar\/f917ad82e5ab71227a733c78b6e60715476f69ee6be59feee4eb5d9920c89e0f?s=96&d=mm&r=g","contentUrl":"https:\/\/secure.gravatar.com\/avatar\/f917ad82e5ab71227a733c78b6e60715476f69ee6be59feee4eb5d9920c89e0f?s=96&d=mm&r=g","caption":"Kuali Staff"},"url":"https:\/\/kuali.com.mx\/web\/author\/lagarto\/"}]}},"_links":{"self":[{"href":"https:\/\/kuali.com.mx\/web\/wp-json\/wp\/v2\/posts\/127566","targetHints":{"allow":["GET"]}}],"collection":[{"href":"https:\/\/kuali.com.mx\/web\/wp-json\/wp\/v2\/posts"}],"about":[{"href":"https:\/\/kuali.com.mx\/web\/wp-json\/wp\/v2\/types\/post"}],"author":[{"embeddable":true,"href":"https:\/\/kuali.com.mx\/web\/wp-json\/wp\/v2\/users\/2"}],"replies":[{"embeddable":true,"href":"https:\/\/kuali.com.mx\/web\/wp-json\/wp\/v2\/comments?post=127566"}],"version-history":[{"count":2,"href":"https:\/\/kuali.com.mx\/web\/wp-json\/wp\/v2\/posts\/127566\/revisions"}],"predecessor-version":[{"id":127592,"href":"https:\/\/kuali.com.mx\/web\/wp-json\/wp\/v2\/posts\/127566\/revisions\/127592"}],"wp:featuredmedia":[{"embeddable":true,"href":"https:\/\/kuali.com.mx\/web\/wp-json\/wp\/v2\/media\/116576"}],"wp:attachment":[{"href":"https:\/\/kuali.com.mx\/web\/wp-json\/wp\/v2\/media?parent=127566"}],"wp:term":[{"taxonomy":"category","embeddable":true,"href":"https:\/\/kuali.com.mx\/web\/wp-json\/wp\/v2\/categories?post=127566"},{"taxonomy":"post_tag","embeddable":true,"href":"https:\/\/kuali.com.mx\/web\/wp-json\/wp\/v2\/tags?post=127566"}],"curies":[{"name":"wp","href":"https:\/\/api.w.org\/{rel}","templated":true}]}}