{"id":127267,"date":"2023-10-01T20:46:33","date_gmt":"2023-10-02T02:46:33","guid":{"rendered":"https:\/\/kuali.com.mx\/web\/?p=127267"},"modified":"2023-10-02T08:01:44","modified_gmt":"2023-10-02T14:01:44","slug":"mueren-10-personas-al-caer-techo-de-iglesia","status":"publish","type":"post","link":"https:\/\/kuali.com.mx\/web\/2023\/10\/01\/mueren-10-personas-al-caer-techo-de-iglesia\/","title":{"rendered":"MUEREN 10 PERSONAS AL CAER TECHO DE IGLESIA"},"content":{"rendered":"\n<p><strong><em>La Jornada\/Ciudad Victoria, Tamps.-<\/em><\/strong>\u00a0Al menos 10 personas murieron (dos de ellas menores de edad) al desplomarse ayer por la tarde el techo del templo cat\u00f3lico Santa Cruz, en la colonia Unidad Nacional, ubicada en la cabecera municipal de Ciudad Madero, en el sur de Tamaulipas, inform\u00f3 el gobernador Am\u00e9rico Villarreal.<\/p>\n\n\n\n<p>Adem\u00e1s, 40 ciudadanos resultaron con lesiones de distinta magnitud y fueron llevadas a varios hospitales. Al cierre de la edici\u00f3n varias personas segu\u00edan atrapadas y las labores de rescate se hab\u00edan prolongado casi siete horas.<\/p>\n\n\n\n<p>Videos tomados por c\u00e1maras de seguridad particulares muestran que la techumbre de la parroquia, de estilo arquitect\u00f3nico industrial, se derrumb\u00f3 a las 14:18 horas mientras se realizaba un bautizo.<\/p>\n\n\n\n<p>En respuesta, la Secretaria de la Defensa Nacional aplic\u00f3 el Plan DN-III-E para la b\u00fasqueda de personas y asign\u00f3 binomios caninos. La agencia Afp divulg\u00f3 que el gobierno estatal, encabezado por el morenista Am\u00e9rico Villarreal Anaya, atribuy\u00f3 la tragedia a fallas estructurales en el inmueble.<\/p>\n\n\n\n<p>En fotograf\u00edas publicadas por medios locales se aprecia que la iglesia era una estructura de concreto y ladrillo; el techo parec\u00eda estar construido de hormig\u00f3n.<\/p>\n\n\n\n<p>En im\u00e1genes que distribuyeron autoridades estatales se observa que la techumbre cay\u00f3 sobre partes del templo, lo que permiti\u00f3 que hubiera huecos donde pudiera haber sobrevivientes.<\/p>\n\n\n\n<p>Unidades de la Guardia Nacional, de la polic\u00eda estatal, de la Coordinaci\u00f3n de Protecci\u00f3n Civil del estado y de la Cruz Roja&nbsp;<q>se encuentran en el lugar para buscar posibles v\u00edctimas<\/q>, inform\u00f3 la polic\u00eda de Tamaulipas.<\/p>\n\n\n\n<p>En tanto, Villarreal Anaya orden\u00f3 al secretario de Salud, Joel Hern\u00e1ndez Navarro, y al secretario general de Gobierno, H\u00e9ctor Joel Villegas Gonz\u00e1lez, que se dirigieran a Ciudad Madero para coordinar las maniobras de rescate, y env\u00edo un mensaje de solidaridad a las familias que perdieron a alguno de sus integrantes en el accidente.<\/p>\n\n\n\n<p>Hern\u00e1ndez Navarro y Villegas Gonz\u00e1lez tuvieron una reuni\u00f3n de trabajo emergente en las inmediaciones del lugar siniestrado para organizar equipos de auxilio y cuadrillas de trabajo y recuperar a las v\u00edctimas.<\/p>\n\n\n\n<p>En las tareas de rescate participaron ciudadanos voluntarios, elementos de Protecci\u00f3n Civil, personal de la Comisi\u00f3n Federal de Electricidad, militares adscritos a de la 48 Zona Militar y de la Secretar\u00eda de Marina, al igual que de la Guardia Nacional y de la Guardia Estatal.<\/p>\n\n\n\n<p>Al cierre de la edici\u00f3n no se hab\u00eda ofrecido una relaci\u00f3n completa de los heridos y \u00fanicamente se divulg\u00f3 que fueron hospitalizados Michele Garc\u00eda Cruz, de 13 a\u00f1os; Mar\u00eda Guadalupe Bravo Rangel, de 77; Iv\u00e1n Garc\u00eda Alem\u00e1n (30), Leticia Garc\u00eda Bravo (50), Denisse Murillo (41), Gabriel Gonz\u00e1lez (43) y Diego Mart\u00ednez, de cinco a\u00f1os.<\/p>\n\n\n\n<p>Jos\u00e9 Armando \u00c1lvarez Cano, obispo de Tampico \u2013localidad conurbada a Ciudad Madero\u2013 acudi\u00f3 al sitio de la tragedia. El jerarca cat\u00f3lico dio a conocer en redes sociales que al momento en que la estructura cay\u00f3 se celebraba un bautizo.<\/p>\n\n\n\n<p><q>Nuestra solidaridad y oraciones por los fallecidos y sus familias, as\u00ed como por aquellos que se encuentran atrapados y heridos. Rogamos a Dios para que les conceda pronta recuperaci\u00f3n y consuelo<\/q>, acot\u00f3 la Conferencia del Episcopado Mexicano en un bolet\u00edn.<\/p>\n","protected":false},"excerpt":{"rendered":"La Jornada\/Ciudad Victoria, Tamps.-\u00a0Al menos 10 personas murieron (dos de ellas menores de edad) al desplomarse ayer por la tarde el techo del templo cat\u00f3lico Santa Cruz, en la colonia Unidad Nacional, ubicada en la cabecera municipal de Ciudad Madero, en el sur de Tamaulipas, inform\u00f3 el gobernador Am\u00e9rico Villarreal. Adem\u00e1s, 40 ciudadanos resultaron con [&hellip;]","protected":false},"author":2,"featured_media":127270,"comment_status":"open","ping_status":"open","sticky":false,"template":"","format":"standard","meta":{"_seopress_robots_primary_cat":"none","_seopress_titles_title":"","_seopress_titles_desc":"","_seopress_robots_index":"","_monsterinsights_skip_tracking":false,"_monsterinsights_sitenote_active":false,"_monsterinsights_sitenote_note":"","_monsterinsights_sitenote_category":0,"footnotes":""},"categories":[3],"tags":[],"class_list":["post-127267","post","type-post","status-publish","format-standard","has-post-thumbnail","hentry","category-politica"],"yoast_head":"<!-- This site is optimized with the Yoast SEO plugin v27.4 - https:\/\/yoast.com\/product\/yoast-seo-wordpress\/ -->\n<title>MUEREN 10 PERSONAS AL CAER TECHO DE IGLESIA - Kuali<\/title>\n<meta name=\"robots\" content=\"index, follow, max-snippet:-1, max-image-preview:large, max-video-preview:-1\" \/>\n<link rel=\"canonical\" href=\"https:\/\/kuali.com.mx\/web\/2023\/10\/01\/mueren-10-personas-al-caer-techo-de-iglesia\/\" \/>\n<meta property=\"og:locale\" content=\"es_MX\" \/>\n<meta property=\"og:type\" content=\"article\" \/>\n<meta property=\"og:title\" content=\"MUEREN 10 PERSONAS AL CAER TECHO DE IGLESIA - Kuali\" \/>\n<meta property=\"og:description\" content=\"La Jornada\/Ciudad Victoria, Tamps.-\u00a0Al menos 10 personas murieron (dos de ellas menores de edad) al desplomarse ayer por la tarde el techo del templo cat\u00f3lico Santa Cruz, en la colonia Unidad Nacional, ubicada en la cabecera municipal de Ciudad Madero, en el sur de Tamaulipas, inform\u00f3 el gobernador Am\u00e9rico Villarreal. Adem\u00e1s, 40 ciudadanos resultaron con [&hellip;]\" \/>\n<meta property=\"og:url\" content=\"https:\/\/kuali.com.mx\/web\/2023\/10\/01\/mueren-10-personas-al-caer-techo-de-iglesia\/\" \/>\n<meta property=\"og:site_name\" content=\"Kuali\" \/>\n<meta property=\"article:publisher\" content=\"https:\/\/kuali.com.mx\/web\/wp-content\/uploads\/2018\/04\/cropped-kuali_logo-1-1.png\" \/>\n<meta property=\"article:published_time\" content=\"2023-10-02T02:46:33+00:00\" \/>\n<meta property=\"article:modified_time\" content=\"2023-10-02T14:01:44+00:00\" \/>\n<meta property=\"og:image\" content=\"https:\/\/kuali.com.mx\/web\/wp-content\/uploads\/2023\/10\/cae-techo-de-iglesia.png\" \/>\n\t<meta property=\"og:image:width\" content=\"1022\" \/>\n\t<meta property=\"og:image:height\" content=\"597\" \/>\n\t<meta property=\"og:image:type\" content=\"image\/png\" \/>\n<meta name=\"author\" content=\"Kuali Staff\" \/>\n<meta name=\"twitter:card\" content=\"summary_large_image\" \/>\n<meta name=\"twitter:creator\" content=\"@kuali_noticias\" \/>\n<meta name=\"twitter:site\" content=\"@kuali_noticias\" \/>\n<meta name=\"twitter:label1\" content=\"Escrito por\" \/>\n\t<meta name=\"twitter:data1\" content=\"Kuali Staff\" \/>\n\t<meta name=\"twitter:label2\" content=\"Tiempo de lectura\" \/>\n\t<meta name=\"twitter:data2\" content=\"3 minutos\" \/>\n<script type=\"application\/ld+json\" class=\"yoast-schema-graph\">{\"@context\":\"https:\\\/\\\/schema.org\",\"@graph\":[{\"@type\":\"Article\",\"@id\":\"https:\\\/\\\/kuali.com.mx\\\/web\\\/2023\\\/10\\\/01\\\/mueren-10-personas-al-caer-techo-de-iglesia\\\/#article\",\"isPartOf\":{\"@id\":\"https:\\\/\\\/kuali.com.mx\\\/web\\\/2023\\\/10\\\/01\\\/mueren-10-personas-al-caer-techo-de-iglesia\\\/\"},\"author\":{\"name\":\"Kuali Staff\",\"@id\":\"https:\\\/\\\/kuali.com.mx\\\/web\\\/#\\\/schema\\\/person\\\/6f89ffa8ecba9dae50662357923c5289\"},\"headline\":\"MUEREN 10 PERSONAS AL CAER TECHO DE IGLESIA\",\"datePublished\":\"2023-10-02T02:46:33+00:00\",\"dateModified\":\"2023-10-02T14:01:44+00:00\",\"mainEntityOfPage\":{\"@id\":\"https:\\\/\\\/kuali.com.mx\\\/web\\\/2023\\\/10\\\/01\\\/mueren-10-personas-al-caer-techo-de-iglesia\\\/\"},\"wordCount\":555,\"commentCount\":0,\"image\":{\"@id\":\"https:\\\/\\\/kuali.com.mx\\\/web\\\/2023\\\/10\\\/01\\\/mueren-10-personas-al-caer-techo-de-iglesia\\\/#primaryimage\"},\"thumbnailUrl\":\"https:\\\/\\\/kuali.com.mx\\\/web\\\/wp-content\\\/uploads\\\/2023\\\/10\\\/cae-techo-de-iglesia.png\",\"articleSection\":[\"Pol\u00edtica\"],\"inLanguage\":\"es\",\"potentialAction\":[{\"@type\":\"CommentAction\",\"name\":\"Comment\",\"target\":[\"https:\\\/\\\/kuali.com.mx\\\/web\\\/2023\\\/10\\\/01\\\/mueren-10-personas-al-caer-techo-de-iglesia\\\/#respond\"]}]},{\"@type\":\"WebPage\",\"@id\":\"https:\\\/\\\/kuali.com.mx\\\/web\\\/2023\\\/10\\\/01\\\/mueren-10-personas-al-caer-techo-de-iglesia\\\/\",\"url\":\"https:\\\/\\\/kuali.com.mx\\\/web\\\/2023\\\/10\\\/01\\\/mueren-10-personas-al-caer-techo-de-iglesia\\\/\",\"name\":\"MUEREN 10 PERSONAS AL CAER TECHO DE IGLESIA - Kuali\",\"isPartOf\":{\"@id\":\"https:\\\/\\\/kuali.com.mx\\\/web\\\/#website\"},\"primaryImageOfPage\":{\"@id\":\"https:\\\/\\\/kuali.com.mx\\\/web\\\/2023\\\/10\\\/01\\\/mueren-10-personas-al-caer-techo-de-iglesia\\\/#primaryimage\"},\"image\":{\"@id\":\"https:\\\/\\\/kuali.com.mx\\\/web\\\/2023\\\/10\\\/01\\\/mueren-10-personas-al-caer-techo-de-iglesia\\\/#primaryimage\"},\"thumbnailUrl\":\"https:\\\/\\\/kuali.com.mx\\\/web\\\/wp-content\\\/uploads\\\/2023\\\/10\\\/cae-techo-de-iglesia.png\",\"datePublished\":\"2023-10-02T02:46:33+00:00\",\"dateModified\":\"2023-10-02T14:01:44+00:00\",\"author\":{\"@id\":\"https:\\\/\\\/kuali.com.mx\\\/web\\\/#\\\/schema\\\/person\\\/6f89ffa8ecba9dae50662357923c5289\"},\"breadcrumb\":{\"@id\":\"https:\\\/\\\/kuali.com.mx\\\/web\\\/2023\\\/10\\\/01\\\/mueren-10-personas-al-caer-techo-de-iglesia\\\/#breadcrumb\"},\"inLanguage\":\"es\",\"potentialAction\":[{\"@type\":\"ReadAction\",\"target\":[\"https:\\\/\\\/kuali.com.mx\\\/web\\\/2023\\\/10\\\/01\\\/mueren-10-personas-al-caer-techo-de-iglesia\\\/\"]}]},{\"@type\":\"ImageObject\",\"inLanguage\":\"es\",\"@id\":\"https:\\\/\\\/kuali.com.mx\\\/web\\\/2023\\\/10\\\/01\\\/mueren-10-personas-al-caer-techo-de-iglesia\\\/#primaryimage\",\"url\":\"https:\\\/\\\/kuali.com.mx\\\/web\\\/wp-content\\\/uploads\\\/2023\\\/10\\\/cae-techo-de-iglesia.png\",\"contentUrl\":\"https:\\\/\\\/kuali.com.mx\\\/web\\\/wp-content\\\/uploads\\\/2023\\\/10\\\/cae-techo-de-iglesia.png\",\"width\":1022,\"height\":597},{\"@type\":\"BreadcrumbList\",\"@id\":\"https:\\\/\\\/kuali.com.mx\\\/web\\\/2023\\\/10\\\/01\\\/mueren-10-personas-al-caer-techo-de-iglesia\\\/#breadcrumb\",\"itemListElement\":[{\"@type\":\"ListItem\",\"position\":1,\"name\":\"Inicio\",\"item\":\"https:\\\/\\\/kuali.com.mx\\\/web\\\/\"},{\"@type\":\"ListItem\",\"position\":2,\"name\":\"MUEREN 10 PERSONAS AL CAER TECHO DE IGLESIA\"}]},{\"@type\":\"WebSite\",\"@id\":\"https:\\\/\\\/kuali.com.mx\\\/web\\\/#website\",\"url\":\"https:\\\/\\\/kuali.com.mx\\\/web\\\/\",\"name\":\"Kuali\",\"description\":\"\",\"potentialAction\":[{\"@type\":\"SearchAction\",\"target\":{\"@type\":\"EntryPoint\",\"urlTemplate\":\"https:\\\/\\\/kuali.com.mx\\\/web\\\/?s={search_term_string}\"},\"query-input\":{\"@type\":\"PropertyValueSpecification\",\"valueRequired\":true,\"valueName\":\"search_term_string\"}}],\"inLanguage\":\"es\"},{\"@type\":\"Person\",\"@id\":\"https:\\\/\\\/kuali.com.mx\\\/web\\\/#\\\/schema\\\/person\\\/6f89ffa8ecba9dae50662357923c5289\",\"name\":\"Kuali Staff\",\"image\":{\"@type\":\"ImageObject\",\"inLanguage\":\"es\",\"@id\":\"https:\\\/\\\/secure.gravatar.com\\\/avatar\\\/f917ad82e5ab71227a733c78b6e60715476f69ee6be59feee4eb5d9920c89e0f?s=96&d=mm&r=g\",\"url\":\"https:\\\/\\\/secure.gravatar.com\\\/avatar\\\/f917ad82e5ab71227a733c78b6e60715476f69ee6be59feee4eb5d9920c89e0f?s=96&d=mm&r=g\",\"contentUrl\":\"https:\\\/\\\/secure.gravatar.com\\\/avatar\\\/f917ad82e5ab71227a733c78b6e60715476f69ee6be59feee4eb5d9920c89e0f?s=96&d=mm&r=g\",\"caption\":\"Kuali Staff\"},\"url\":\"https:\\\/\\\/kuali.com.mx\\\/web\\\/author\\\/lagarto\\\/\"}]}<\/script>\n<!-- \/ Yoast SEO plugin. -->","yoast_head_json":{"title":"MUEREN 10 PERSONAS AL CAER TECHO DE IGLESIA - Kuali","robots":{"index":"index","follow":"follow","max-snippet":"max-snippet:-1","max-image-preview":"max-image-preview:large","max-video-preview":"max-video-preview:-1"},"canonical":"https:\/\/kuali.com.mx\/web\/2023\/10\/01\/mueren-10-personas-al-caer-techo-de-iglesia\/","og_locale":"es_MX","og_type":"article","og_title":"MUEREN 10 PERSONAS AL CAER TECHO DE IGLESIA - Kuali","og_description":"La Jornada\/Ciudad Victoria, Tamps.-\u00a0Al menos 10 personas murieron (dos de ellas menores de edad) al desplomarse ayer por la tarde el techo del templo cat\u00f3lico Santa Cruz, en la colonia Unidad Nacional, ubicada en la cabecera municipal de Ciudad Madero, en el sur de Tamaulipas, inform\u00f3 el gobernador Am\u00e9rico Villarreal. Adem\u00e1s, 40 ciudadanos resultaron con [&hellip;]","og_url":"https:\/\/kuali.com.mx\/web\/2023\/10\/01\/mueren-10-personas-al-caer-techo-de-iglesia\/","og_site_name":"Kuali","article_publisher":"https:\/\/kuali.com.mx\/web\/wp-content\/uploads\/2018\/04\/cropped-kuali_logo-1-1.png","article_published_time":"2023-10-02T02:46:33+00:00","article_modified_time":"2023-10-02T14:01:44+00:00","og_image":[{"width":1022,"height":597,"url":"https:\/\/kuali.com.mx\/web\/wp-content\/uploads\/2023\/10\/cae-techo-de-iglesia.png","type":"image\/png"}],"author":"Kuali Staff","twitter_card":"summary_large_image","twitter_creator":"@kuali_noticias","twitter_site":"@kuali_noticias","twitter_misc":{"Escrito por":"Kuali Staff","Tiempo de lectura":"3 minutos"},"schema":{"@context":"https:\/\/schema.org","@graph":[{"@type":"Article","@id":"https:\/\/kuali.com.mx\/web\/2023\/10\/01\/mueren-10-personas-al-caer-techo-de-iglesia\/#article","isPartOf":{"@id":"https:\/\/kuali.com.mx\/web\/2023\/10\/01\/mueren-10-personas-al-caer-techo-de-iglesia\/"},"author":{"name":"Kuali Staff","@id":"https:\/\/kuali.com.mx\/web\/#\/schema\/person\/6f89ffa8ecba9dae50662357923c5289"},"headline":"MUEREN 10 PERSONAS AL CAER TECHO DE IGLESIA","datePublished":"2023-10-02T02:46:33+00:00","dateModified":"2023-10-02T14:01:44+00:00","mainEntityOfPage":{"@id":"https:\/\/kuali.com.mx\/web\/2023\/10\/01\/mueren-10-personas-al-caer-techo-de-iglesia\/"},"wordCount":555,"commentCount":0,"image":{"@id":"https:\/\/kuali.com.mx\/web\/2023\/10\/01\/mueren-10-personas-al-caer-techo-de-iglesia\/#primaryimage"},"thumbnailUrl":"https:\/\/kuali.com.mx\/web\/wp-content\/uploads\/2023\/10\/cae-techo-de-iglesia.png","articleSection":["Pol\u00edtica"],"inLanguage":"es","potentialAction":[{"@type":"CommentAction","name":"Comment","target":["https:\/\/kuali.com.mx\/web\/2023\/10\/01\/mueren-10-personas-al-caer-techo-de-iglesia\/#respond"]}]},{"@type":"WebPage","@id":"https:\/\/kuali.com.mx\/web\/2023\/10\/01\/mueren-10-personas-al-caer-techo-de-iglesia\/","url":"https:\/\/kuali.com.mx\/web\/2023\/10\/01\/mueren-10-personas-al-caer-techo-de-iglesia\/","name":"MUEREN 10 PERSONAS AL CAER TECHO DE IGLESIA - Kuali","isPartOf":{"@id":"https:\/\/kuali.com.mx\/web\/#website"},"primaryImageOfPage":{"@id":"https:\/\/kuali.com.mx\/web\/2023\/10\/01\/mueren-10-personas-al-caer-techo-de-iglesia\/#primaryimage"},"image":{"@id":"https:\/\/kuali.com.mx\/web\/2023\/10\/01\/mueren-10-personas-al-caer-techo-de-iglesia\/#primaryimage"},"thumbnailUrl":"https:\/\/kuali.com.mx\/web\/wp-content\/uploads\/2023\/10\/cae-techo-de-iglesia.png","datePublished":"2023-10-02T02:46:33+00:00","dateModified":"2023-10-02T14:01:44+00:00","author":{"@id":"https:\/\/kuali.com.mx\/web\/#\/schema\/person\/6f89ffa8ecba9dae50662357923c5289"},"breadcrumb":{"@id":"https:\/\/kuali.com.mx\/web\/2023\/10\/01\/mueren-10-personas-al-caer-techo-de-iglesia\/#breadcrumb"},"inLanguage":"es","potentialAction":[{"@type":"ReadAction","target":["https:\/\/kuali.com.mx\/web\/2023\/10\/01\/mueren-10-personas-al-caer-techo-de-iglesia\/"]}]},{"@type":"ImageObject","inLanguage":"es","@id":"https:\/\/kuali.com.mx\/web\/2023\/10\/01\/mueren-10-personas-al-caer-techo-de-iglesia\/#primaryimage","url":"https:\/\/kuali.com.mx\/web\/wp-content\/uploads\/2023\/10\/cae-techo-de-iglesia.png","contentUrl":"https:\/\/kuali.com.mx\/web\/wp-content\/uploads\/2023\/10\/cae-techo-de-iglesia.png","width":1022,"height":597},{"@type":"BreadcrumbList","@id":"https:\/\/kuali.com.mx\/web\/2023\/10\/01\/mueren-10-personas-al-caer-techo-de-iglesia\/#breadcrumb","itemListElement":[{"@type":"ListItem","position":1,"name":"Inicio","item":"https:\/\/kuali.com.mx\/web\/"},{"@type":"ListItem","position":2,"name":"MUEREN 10 PERSONAS AL CAER TECHO DE IGLESIA"}]},{"@type":"WebSite","@id":"https:\/\/kuali.com.mx\/web\/#website","url":"https:\/\/kuali.com.mx\/web\/","name":"Kuali","description":"","potentialAction":[{"@type":"SearchAction","target":{"@type":"EntryPoint","urlTemplate":"https:\/\/kuali.com.mx\/web\/?s={search_term_string}"},"query-input":{"@type":"PropertyValueSpecification","valueRequired":true,"valueName":"search_term_string"}}],"inLanguage":"es"},{"@type":"Person","@id":"https:\/\/kuali.com.mx\/web\/#\/schema\/person\/6f89ffa8ecba9dae50662357923c5289","name":"Kuali Staff","image":{"@type":"ImageObject","inLanguage":"es","@id":"https:\/\/secure.gravatar.com\/avatar\/f917ad82e5ab71227a733c78b6e60715476f69ee6be59feee4eb5d9920c89e0f?s=96&d=mm&r=g","url":"https:\/\/secure.gravatar.com\/avatar\/f917ad82e5ab71227a733c78b6e60715476f69ee6be59feee4eb5d9920c89e0f?s=96&d=mm&r=g","contentUrl":"https:\/\/secure.gravatar.com\/avatar\/f917ad82e5ab71227a733c78b6e60715476f69ee6be59feee4eb5d9920c89e0f?s=96&d=mm&r=g","caption":"Kuali Staff"},"url":"https:\/\/kuali.com.mx\/web\/author\/lagarto\/"}]}},"_links":{"self":[{"href":"https:\/\/kuali.com.mx\/web\/wp-json\/wp\/v2\/posts\/127267","targetHints":{"allow":["GET"]}}],"collection":[{"href":"https:\/\/kuali.com.mx\/web\/wp-json\/wp\/v2\/posts"}],"about":[{"href":"https:\/\/kuali.com.mx\/web\/wp-json\/wp\/v2\/types\/post"}],"author":[{"embeddable":true,"href":"https:\/\/kuali.com.mx\/web\/wp-json\/wp\/v2\/users\/2"}],"replies":[{"embeddable":true,"href":"https:\/\/kuali.com.mx\/web\/wp-json\/wp\/v2\/comments?post=127267"}],"version-history":[{"count":3,"href":"https:\/\/kuali.com.mx\/web\/wp-json\/wp\/v2\/posts\/127267\/revisions"}],"predecessor-version":[{"id":127286,"href":"https:\/\/kuali.com.mx\/web\/wp-json\/wp\/v2\/posts\/127267\/revisions\/127286"}],"wp:featuredmedia":[{"embeddable":true,"href":"https:\/\/kuali.com.mx\/web\/wp-json\/wp\/v2\/media\/127270"}],"wp:attachment":[{"href":"https:\/\/kuali.com.mx\/web\/wp-json\/wp\/v2\/media?parent=127267"}],"wp:term":[{"taxonomy":"category","embeddable":true,"href":"https:\/\/kuali.com.mx\/web\/wp-json\/wp\/v2\/categories?post=127267"},{"taxonomy":"post_tag","embeddable":true,"href":"https:\/\/kuali.com.mx\/web\/wp-json\/wp\/v2\/tags?post=127267"}],"curies":[{"name":"wp","href":"https:\/\/api.w.org\/{rel}","templated":true}]}}