{"id":127256,"date":"2023-10-01T20:20:02","date_gmt":"2023-10-02T02:20:02","guid":{"rendered":"https:\/\/kuali.com.mx\/web\/?p=127256"},"modified":"2023-10-01T20:33:56","modified_gmt":"2023-10-02T02:33:56","slug":"arrestan-a-capitalino-por-agresivo-tenia-orden-de-aprehension","status":"publish","type":"post","link":"https:\/\/kuali.com.mx\/web\/2023\/10\/01\/arrestan-a-capitalino-por-agresivo-tenia-orden-de-aprehension\/","title":{"rendered":"ARRESTAN A CAPITALINO POR AGRESIVO; TEN\u00cdA ORDEN DE APREHENSI\u00d3N"},"content":{"rendered":"\n<p><strong><em>Kuali\/Guanajuato, Gto.-<\/em><\/strong>Un joven capitalino con una orden de aprehensi\u00f3n por el delito de robo fue detenido por la Polic\u00eda Municipal de Guanajuato, despu\u00e9s de ser reportado por causar molestias.<\/p>\n\n\n\n<p>El sujeto, identificado como Pablo Mart\u00edn, de 21 a\u00f1os, tambi\u00e9n cuenta con un historial de diversos reportes por presuntos robos contra transe\u00fantes en la zona de Tamazuca.<\/p>\n\n\n\n<p>Los polic\u00edas realizaban un recorrido de prevenci\u00f3n y vigilancia por la calle Alh\u00f3ndiga cuando una mujer pidi\u00f3 apoyo para controlar a dos hombres amigos de su hijo que estaban causando molestias.<\/p>\n\n\n\n<p>Una vez en el domicilio, el sujeto referido se torn\u00f3 agresivo en cuanto lleg\u00f3 la Polic\u00eda Preventiva y la propietaria solicit\u00f3 el arresto.<\/p>\n\n\n\n<p>Al revisarse los datos del detenido ante el juez calificador en turno, se corrobor\u00f3 que cuenta con la orden de aprehensi\u00f3n vigente y, por lo tanto, fue puesto a disposici\u00f3n del Ministerio P\u00fablico.<\/p>\n","protected":false},"excerpt":{"rendered":"Kuali\/Guanajuato, Gto.-Un joven capitalino con una orden de aprehensi\u00f3n por el delito de robo fue detenido por la Polic\u00eda Municipal de Guanajuato, despu\u00e9s de ser reportado por causar molestias. El sujeto, identificado como Pablo Mart\u00edn, de 21 a\u00f1os, tambi\u00e9n cuenta con un historial de diversos reportes por presuntos robos contra transe\u00fantes en la zona de [&hellip;]","protected":false},"author":2,"featured_media":127259,"comment_status":"open","ping_status":"open","sticky":false,"template":"","format":"standard","meta":{"_seopress_robots_primary_cat":"none","_seopress_titles_title":"","_seopress_titles_desc":"","_seopress_robots_index":"","_monsterinsights_skip_tracking":false,"_monsterinsights_sitenote_active":false,"_monsterinsights_sitenote_note":"","_monsterinsights_sitenote_category":0,"footnotes":""},"categories":[3],"tags":[],"class_list":["post-127256","post","type-post","status-publish","format-standard","has-post-thumbnail","hentry","category-politica"],"yoast_head":"<!-- This site is optimized with the Yoast SEO plugin v27.4 - https:\/\/yoast.com\/product\/yoast-seo-wordpress\/ -->\n<title>ARRESTAN A CAPITALINO POR AGRESIVO; TEN\u00cdA ORDEN DE APREHENSI\u00d3N - Kuali<\/title>\n<meta name=\"robots\" content=\"index, follow, max-snippet:-1, max-image-preview:large, max-video-preview:-1\" \/>\n<link rel=\"canonical\" href=\"https:\/\/kuali.com.mx\/web\/2023\/10\/01\/arrestan-a-capitalino-por-agresivo-tenia-orden-de-aprehension\/\" \/>\n<meta property=\"og:locale\" content=\"es_MX\" \/>\n<meta property=\"og:type\" content=\"article\" \/>\n<meta property=\"og:title\" content=\"ARRESTAN A CAPITALINO POR AGRESIVO; TEN\u00cdA ORDEN DE APREHENSI\u00d3N - Kuali\" \/>\n<meta property=\"og:description\" content=\"Kuali\/Guanajuato, Gto.-Un joven capitalino con una orden de aprehensi\u00f3n por el delito de robo fue detenido por la Polic\u00eda Municipal de Guanajuato, despu\u00e9s de ser reportado por causar molestias. El sujeto, identificado como Pablo Mart\u00edn, de 21 a\u00f1os, tambi\u00e9n cuenta con un historial de diversos reportes por presuntos robos contra transe\u00fantes en la zona de [&hellip;]\" \/>\n<meta property=\"og:url\" content=\"https:\/\/kuali.com.mx\/web\/2023\/10\/01\/arrestan-a-capitalino-por-agresivo-tenia-orden-de-aprehension\/\" \/>\n<meta property=\"og:site_name\" content=\"Kuali\" \/>\n<meta property=\"article:publisher\" content=\"https:\/\/kuali.com.mx\/web\/wp-content\/uploads\/2018\/04\/cropped-kuali_logo-1-1.png\" \/>\n<meta property=\"article:published_time\" content=\"2023-10-02T02:20:02+00:00\" \/>\n<meta property=\"article:modified_time\" content=\"2023-10-02T02:33:56+00:00\" \/>\n<meta property=\"og:image\" content=\"https:\/\/kuali.com.mx\/web\/wp-content\/uploads\/2023\/10\/Capitalino-agresivo.jpeg\" \/>\n\t<meta property=\"og:image:width\" content=\"1006\" \/>\n\t<meta property=\"og:image:height\" content=\"908\" \/>\n\t<meta property=\"og:image:type\" content=\"image\/jpeg\" \/>\n<meta name=\"author\" content=\"Kuali Staff\" \/>\n<meta name=\"twitter:card\" content=\"summary_large_image\" \/>\n<meta name=\"twitter:creator\" content=\"@kuali_noticias\" \/>\n<meta name=\"twitter:site\" content=\"@kuali_noticias\" \/>\n<meta name=\"twitter:label1\" content=\"Escrito por\" \/>\n\t<meta name=\"twitter:data1\" content=\"Kuali Staff\" \/>\n\t<meta name=\"twitter:label2\" content=\"Tiempo de lectura\" \/>\n\t<meta name=\"twitter:data2\" content=\"1 minuto\" \/>\n<script type=\"application\/ld+json\" class=\"yoast-schema-graph\">{\"@context\":\"https:\\\/\\\/schema.org\",\"@graph\":[{\"@type\":\"Article\",\"@id\":\"https:\\\/\\\/kuali.com.mx\\\/web\\\/2023\\\/10\\\/01\\\/arrestan-a-capitalino-por-agresivo-tenia-orden-de-aprehension\\\/#article\",\"isPartOf\":{\"@id\":\"https:\\\/\\\/kuali.com.mx\\\/web\\\/2023\\\/10\\\/01\\\/arrestan-a-capitalino-por-agresivo-tenia-orden-de-aprehension\\\/\"},\"author\":{\"name\":\"Kuali Staff\",\"@id\":\"https:\\\/\\\/kuali.com.mx\\\/web\\\/#\\\/schema\\\/person\\\/6f89ffa8ecba9dae50662357923c5289\"},\"headline\":\"ARRESTAN A CAPITALINO POR AGRESIVO; TEN\u00cdA ORDEN DE APREHENSI\u00d3N\",\"datePublished\":\"2023-10-02T02:20:02+00:00\",\"dateModified\":\"2023-10-02T02:33:56+00:00\",\"mainEntityOfPage\":{\"@id\":\"https:\\\/\\\/kuali.com.mx\\\/web\\\/2023\\\/10\\\/01\\\/arrestan-a-capitalino-por-agresivo-tenia-orden-de-aprehension\\\/\"},\"wordCount\":170,\"commentCount\":0,\"image\":{\"@id\":\"https:\\\/\\\/kuali.com.mx\\\/web\\\/2023\\\/10\\\/01\\\/arrestan-a-capitalino-por-agresivo-tenia-orden-de-aprehension\\\/#primaryimage\"},\"thumbnailUrl\":\"https:\\\/\\\/kuali.com.mx\\\/web\\\/wp-content\\\/uploads\\\/2023\\\/10\\\/Capitalino-agresivo.jpeg\",\"articleSection\":[\"Pol\u00edtica\"],\"inLanguage\":\"es\",\"potentialAction\":[{\"@type\":\"CommentAction\",\"name\":\"Comment\",\"target\":[\"https:\\\/\\\/kuali.com.mx\\\/web\\\/2023\\\/10\\\/01\\\/arrestan-a-capitalino-por-agresivo-tenia-orden-de-aprehension\\\/#respond\"]}]},{\"@type\":\"WebPage\",\"@id\":\"https:\\\/\\\/kuali.com.mx\\\/web\\\/2023\\\/10\\\/01\\\/arrestan-a-capitalino-por-agresivo-tenia-orden-de-aprehension\\\/\",\"url\":\"https:\\\/\\\/kuali.com.mx\\\/web\\\/2023\\\/10\\\/01\\\/arrestan-a-capitalino-por-agresivo-tenia-orden-de-aprehension\\\/\",\"name\":\"ARRESTAN A CAPITALINO POR AGRESIVO; TEN\u00cdA ORDEN DE APREHENSI\u00d3N - Kuali\",\"isPartOf\":{\"@id\":\"https:\\\/\\\/kuali.com.mx\\\/web\\\/#website\"},\"primaryImageOfPage\":{\"@id\":\"https:\\\/\\\/kuali.com.mx\\\/web\\\/2023\\\/10\\\/01\\\/arrestan-a-capitalino-por-agresivo-tenia-orden-de-aprehension\\\/#primaryimage\"},\"image\":{\"@id\":\"https:\\\/\\\/kuali.com.mx\\\/web\\\/2023\\\/10\\\/01\\\/arrestan-a-capitalino-por-agresivo-tenia-orden-de-aprehension\\\/#primaryimage\"},\"thumbnailUrl\":\"https:\\\/\\\/kuali.com.mx\\\/web\\\/wp-content\\\/uploads\\\/2023\\\/10\\\/Capitalino-agresivo.jpeg\",\"datePublished\":\"2023-10-02T02:20:02+00:00\",\"dateModified\":\"2023-10-02T02:33:56+00:00\",\"author\":{\"@id\":\"https:\\\/\\\/kuali.com.mx\\\/web\\\/#\\\/schema\\\/person\\\/6f89ffa8ecba9dae50662357923c5289\"},\"breadcrumb\":{\"@id\":\"https:\\\/\\\/kuali.com.mx\\\/web\\\/2023\\\/10\\\/01\\\/arrestan-a-capitalino-por-agresivo-tenia-orden-de-aprehension\\\/#breadcrumb\"},\"inLanguage\":\"es\",\"potentialAction\":[{\"@type\":\"ReadAction\",\"target\":[\"https:\\\/\\\/kuali.com.mx\\\/web\\\/2023\\\/10\\\/01\\\/arrestan-a-capitalino-por-agresivo-tenia-orden-de-aprehension\\\/\"]}]},{\"@type\":\"ImageObject\",\"inLanguage\":\"es\",\"@id\":\"https:\\\/\\\/kuali.com.mx\\\/web\\\/2023\\\/10\\\/01\\\/arrestan-a-capitalino-por-agresivo-tenia-orden-de-aprehension\\\/#primaryimage\",\"url\":\"https:\\\/\\\/kuali.com.mx\\\/web\\\/wp-content\\\/uploads\\\/2023\\\/10\\\/Capitalino-agresivo.jpeg\",\"contentUrl\":\"https:\\\/\\\/kuali.com.mx\\\/web\\\/wp-content\\\/uploads\\\/2023\\\/10\\\/Capitalino-agresivo.jpeg\",\"width\":1006,\"height\":908},{\"@type\":\"BreadcrumbList\",\"@id\":\"https:\\\/\\\/kuali.com.mx\\\/web\\\/2023\\\/10\\\/01\\\/arrestan-a-capitalino-por-agresivo-tenia-orden-de-aprehension\\\/#breadcrumb\",\"itemListElement\":[{\"@type\":\"ListItem\",\"position\":1,\"name\":\"Inicio\",\"item\":\"https:\\\/\\\/kuali.com.mx\\\/web\\\/\"},{\"@type\":\"ListItem\",\"position\":2,\"name\":\"ARRESTAN A CAPITALINO POR AGRESIVO; TEN\u00cdA ORDEN DE APREHENSI\u00d3N\"}]},{\"@type\":\"WebSite\",\"@id\":\"https:\\\/\\\/kuali.com.mx\\\/web\\\/#website\",\"url\":\"https:\\\/\\\/kuali.com.mx\\\/web\\\/\",\"name\":\"Kuali\",\"description\":\"\",\"potentialAction\":[{\"@type\":\"SearchAction\",\"target\":{\"@type\":\"EntryPoint\",\"urlTemplate\":\"https:\\\/\\\/kuali.com.mx\\\/web\\\/?s={search_term_string}\"},\"query-input\":{\"@type\":\"PropertyValueSpecification\",\"valueRequired\":true,\"valueName\":\"search_term_string\"}}],\"inLanguage\":\"es\"},{\"@type\":\"Person\",\"@id\":\"https:\\\/\\\/kuali.com.mx\\\/web\\\/#\\\/schema\\\/person\\\/6f89ffa8ecba9dae50662357923c5289\",\"name\":\"Kuali Staff\",\"image\":{\"@type\":\"ImageObject\",\"inLanguage\":\"es\",\"@id\":\"https:\\\/\\\/secure.gravatar.com\\\/avatar\\\/f917ad82e5ab71227a733c78b6e60715476f69ee6be59feee4eb5d9920c89e0f?s=96&d=mm&r=g\",\"url\":\"https:\\\/\\\/secure.gravatar.com\\\/avatar\\\/f917ad82e5ab71227a733c78b6e60715476f69ee6be59feee4eb5d9920c89e0f?s=96&d=mm&r=g\",\"contentUrl\":\"https:\\\/\\\/secure.gravatar.com\\\/avatar\\\/f917ad82e5ab71227a733c78b6e60715476f69ee6be59feee4eb5d9920c89e0f?s=96&d=mm&r=g\",\"caption\":\"Kuali Staff\"},\"url\":\"https:\\\/\\\/kuali.com.mx\\\/web\\\/author\\\/lagarto\\\/\"}]}<\/script>\n<!-- \/ Yoast SEO plugin. -->","yoast_head_json":{"title":"ARRESTAN A CAPITALINO POR AGRESIVO; TEN\u00cdA ORDEN DE APREHENSI\u00d3N - Kuali","robots":{"index":"index","follow":"follow","max-snippet":"max-snippet:-1","max-image-preview":"max-image-preview:large","max-video-preview":"max-video-preview:-1"},"canonical":"https:\/\/kuali.com.mx\/web\/2023\/10\/01\/arrestan-a-capitalino-por-agresivo-tenia-orden-de-aprehension\/","og_locale":"es_MX","og_type":"article","og_title":"ARRESTAN A CAPITALINO POR AGRESIVO; TEN\u00cdA ORDEN DE APREHENSI\u00d3N - Kuali","og_description":"Kuali\/Guanajuato, Gto.-Un joven capitalino con una orden de aprehensi\u00f3n por el delito de robo fue detenido por la Polic\u00eda Municipal de Guanajuato, despu\u00e9s de ser reportado por causar molestias. El sujeto, identificado como Pablo Mart\u00edn, de 21 a\u00f1os, tambi\u00e9n cuenta con un historial de diversos reportes por presuntos robos contra transe\u00fantes en la zona de [&hellip;]","og_url":"https:\/\/kuali.com.mx\/web\/2023\/10\/01\/arrestan-a-capitalino-por-agresivo-tenia-orden-de-aprehension\/","og_site_name":"Kuali","article_publisher":"https:\/\/kuali.com.mx\/web\/wp-content\/uploads\/2018\/04\/cropped-kuali_logo-1-1.png","article_published_time":"2023-10-02T02:20:02+00:00","article_modified_time":"2023-10-02T02:33:56+00:00","og_image":[{"width":1006,"height":908,"url":"https:\/\/kuali.com.mx\/web\/wp-content\/uploads\/2023\/10\/Capitalino-agresivo.jpeg","type":"image\/jpeg"}],"author":"Kuali Staff","twitter_card":"summary_large_image","twitter_creator":"@kuali_noticias","twitter_site":"@kuali_noticias","twitter_misc":{"Escrito por":"Kuali Staff","Tiempo de lectura":"1 minuto"},"schema":{"@context":"https:\/\/schema.org","@graph":[{"@type":"Article","@id":"https:\/\/kuali.com.mx\/web\/2023\/10\/01\/arrestan-a-capitalino-por-agresivo-tenia-orden-de-aprehension\/#article","isPartOf":{"@id":"https:\/\/kuali.com.mx\/web\/2023\/10\/01\/arrestan-a-capitalino-por-agresivo-tenia-orden-de-aprehension\/"},"author":{"name":"Kuali Staff","@id":"https:\/\/kuali.com.mx\/web\/#\/schema\/person\/6f89ffa8ecba9dae50662357923c5289"},"headline":"ARRESTAN A CAPITALINO POR AGRESIVO; TEN\u00cdA ORDEN DE APREHENSI\u00d3N","datePublished":"2023-10-02T02:20:02+00:00","dateModified":"2023-10-02T02:33:56+00:00","mainEntityOfPage":{"@id":"https:\/\/kuali.com.mx\/web\/2023\/10\/01\/arrestan-a-capitalino-por-agresivo-tenia-orden-de-aprehension\/"},"wordCount":170,"commentCount":0,"image":{"@id":"https:\/\/kuali.com.mx\/web\/2023\/10\/01\/arrestan-a-capitalino-por-agresivo-tenia-orden-de-aprehension\/#primaryimage"},"thumbnailUrl":"https:\/\/kuali.com.mx\/web\/wp-content\/uploads\/2023\/10\/Capitalino-agresivo.jpeg","articleSection":["Pol\u00edtica"],"inLanguage":"es","potentialAction":[{"@type":"CommentAction","name":"Comment","target":["https:\/\/kuali.com.mx\/web\/2023\/10\/01\/arrestan-a-capitalino-por-agresivo-tenia-orden-de-aprehension\/#respond"]}]},{"@type":"WebPage","@id":"https:\/\/kuali.com.mx\/web\/2023\/10\/01\/arrestan-a-capitalino-por-agresivo-tenia-orden-de-aprehension\/","url":"https:\/\/kuali.com.mx\/web\/2023\/10\/01\/arrestan-a-capitalino-por-agresivo-tenia-orden-de-aprehension\/","name":"ARRESTAN A CAPITALINO POR AGRESIVO; TEN\u00cdA ORDEN DE APREHENSI\u00d3N - Kuali","isPartOf":{"@id":"https:\/\/kuali.com.mx\/web\/#website"},"primaryImageOfPage":{"@id":"https:\/\/kuali.com.mx\/web\/2023\/10\/01\/arrestan-a-capitalino-por-agresivo-tenia-orden-de-aprehension\/#primaryimage"},"image":{"@id":"https:\/\/kuali.com.mx\/web\/2023\/10\/01\/arrestan-a-capitalino-por-agresivo-tenia-orden-de-aprehension\/#primaryimage"},"thumbnailUrl":"https:\/\/kuali.com.mx\/web\/wp-content\/uploads\/2023\/10\/Capitalino-agresivo.jpeg","datePublished":"2023-10-02T02:20:02+00:00","dateModified":"2023-10-02T02:33:56+00:00","author":{"@id":"https:\/\/kuali.com.mx\/web\/#\/schema\/person\/6f89ffa8ecba9dae50662357923c5289"},"breadcrumb":{"@id":"https:\/\/kuali.com.mx\/web\/2023\/10\/01\/arrestan-a-capitalino-por-agresivo-tenia-orden-de-aprehension\/#breadcrumb"},"inLanguage":"es","potentialAction":[{"@type":"ReadAction","target":["https:\/\/kuali.com.mx\/web\/2023\/10\/01\/arrestan-a-capitalino-por-agresivo-tenia-orden-de-aprehension\/"]}]},{"@type":"ImageObject","inLanguage":"es","@id":"https:\/\/kuali.com.mx\/web\/2023\/10\/01\/arrestan-a-capitalino-por-agresivo-tenia-orden-de-aprehension\/#primaryimage","url":"https:\/\/kuali.com.mx\/web\/wp-content\/uploads\/2023\/10\/Capitalino-agresivo.jpeg","contentUrl":"https:\/\/kuali.com.mx\/web\/wp-content\/uploads\/2023\/10\/Capitalino-agresivo.jpeg","width":1006,"height":908},{"@type":"BreadcrumbList","@id":"https:\/\/kuali.com.mx\/web\/2023\/10\/01\/arrestan-a-capitalino-por-agresivo-tenia-orden-de-aprehension\/#breadcrumb","itemListElement":[{"@type":"ListItem","position":1,"name":"Inicio","item":"https:\/\/kuali.com.mx\/web\/"},{"@type":"ListItem","position":2,"name":"ARRESTAN A CAPITALINO POR AGRESIVO; TEN\u00cdA ORDEN DE APREHENSI\u00d3N"}]},{"@type":"WebSite","@id":"https:\/\/kuali.com.mx\/web\/#website","url":"https:\/\/kuali.com.mx\/web\/","name":"Kuali","description":"","potentialAction":[{"@type":"SearchAction","target":{"@type":"EntryPoint","urlTemplate":"https:\/\/kuali.com.mx\/web\/?s={search_term_string}"},"query-input":{"@type":"PropertyValueSpecification","valueRequired":true,"valueName":"search_term_string"}}],"inLanguage":"es"},{"@type":"Person","@id":"https:\/\/kuali.com.mx\/web\/#\/schema\/person\/6f89ffa8ecba9dae50662357923c5289","name":"Kuali Staff","image":{"@type":"ImageObject","inLanguage":"es","@id":"https:\/\/secure.gravatar.com\/avatar\/f917ad82e5ab71227a733c78b6e60715476f69ee6be59feee4eb5d9920c89e0f?s=96&d=mm&r=g","url":"https:\/\/secure.gravatar.com\/avatar\/f917ad82e5ab71227a733c78b6e60715476f69ee6be59feee4eb5d9920c89e0f?s=96&d=mm&r=g","contentUrl":"https:\/\/secure.gravatar.com\/avatar\/f917ad82e5ab71227a733c78b6e60715476f69ee6be59feee4eb5d9920c89e0f?s=96&d=mm&r=g","caption":"Kuali Staff"},"url":"https:\/\/kuali.com.mx\/web\/author\/lagarto\/"}]}},"_links":{"self":[{"href":"https:\/\/kuali.com.mx\/web\/wp-json\/wp\/v2\/posts\/127256","targetHints":{"allow":["GET"]}}],"collection":[{"href":"https:\/\/kuali.com.mx\/web\/wp-json\/wp\/v2\/posts"}],"about":[{"href":"https:\/\/kuali.com.mx\/web\/wp-json\/wp\/v2\/types\/post"}],"author":[{"embeddable":true,"href":"https:\/\/kuali.com.mx\/web\/wp-json\/wp\/v2\/users\/2"}],"replies":[{"embeddable":true,"href":"https:\/\/kuali.com.mx\/web\/wp-json\/wp\/v2\/comments?post=127256"}],"version-history":[{"count":2,"href":"https:\/\/kuali.com.mx\/web\/wp-json\/wp\/v2\/posts\/127256\/revisions"}],"predecessor-version":[{"id":127261,"href":"https:\/\/kuali.com.mx\/web\/wp-json\/wp\/v2\/posts\/127256\/revisions\/127261"}],"wp:featuredmedia":[{"embeddable":true,"href":"https:\/\/kuali.com.mx\/web\/wp-json\/wp\/v2\/media\/127259"}],"wp:attachment":[{"href":"https:\/\/kuali.com.mx\/web\/wp-json\/wp\/v2\/media?parent=127256"}],"wp:term":[{"taxonomy":"category","embeddable":true,"href":"https:\/\/kuali.com.mx\/web\/wp-json\/wp\/v2\/categories?post=127256"},{"taxonomy":"post_tag","embeddable":true,"href":"https:\/\/kuali.com.mx\/web\/wp-json\/wp\/v2\/tags?post=127256"}],"curies":[{"name":"wp","href":"https:\/\/api.w.org\/{rel}","templated":true}]}}