{"id":127248,"date":"2023-10-01T20:26:05","date_gmt":"2023-10-02T02:26:05","guid":{"rendered":"https:\/\/kuali.com.mx\/web\/?p=127248"},"modified":"2023-10-01T20:26:11","modified_gmt":"2023-10-02T02:26:11","slug":"matan-a-8-personas-la-mitad-en-irapuato","status":"publish","type":"post","link":"https:\/\/kuali.com.mx\/web\/2023\/10\/01\/matan-a-8-personas-la-mitad-en-irapuato\/","title":{"rendered":"MATAN A 8 PERSONAS; LA MITAD EN IRAPUATO"},"content":{"rendered":"\n<p><strong><em>Kuali\/Irapuato, Gto.-<\/em><\/strong>En los municipios de Le\u00f3n, Irapuato y Salvatierra fueron asesinadas ocho personas, inform\u00f3 la Fiscal\u00eda General del Estado.<\/p>\n\n\n\n<p>Los cr\u00edmenes se cometieron en el transcurso del s\u00e1bado.<\/p>\n\n\n\n<p>En Le\u00f3n mataron a tres personas; en Irapuato, cuatro; y en Salvatierra, uno.<\/p>\n\n\n\n<p><strong>Le\u00f3n<\/strong><\/p>\n\n\n\n<p>Lugar de los hechos: Colonia Ejido la Joya (Zona Poniente).<\/p>\n\n\n\n<p>Personas fallecidas: Una, de sexo masculino, identificado como \u00c9dgar Refugio \u201cN\u201d alias \u201cCuco\u201d<\/p>\n\n\n\n<p>Lesiones: De las producidas por proyectil disparado por arma de fuego<\/p>\n\n\n\n<p>Indicios: Casquillos percutidos, bolsas con cierre pl\u00e1stico que contienen sustancia granulada, motocicleta<\/p>\n\n\n\n<p>Causa de muerte: Por determinar<\/p>\n\n\n\n<p><strong>Le\u00f3n<\/strong><\/p>\n\n\n\n<p>Lugar de los hechos:&nbsp;Colonia La Ermita (Zona Poniente)<\/p>\n\n\n\n<p>Personas fallecidas: Una de sexo masculino, identificado como \u201cJos\u00e9 de Jes\u00fas\u201d<\/p>\n\n\n\n<p>Lesiones: De las producidas por proyectil disparado por arma de fuego<\/p>\n\n\n\n<p>Indicios: Casquillos percutidos, veh\u00edculo de motor<\/p>\n\n\n\n<p>Causa de muerte: Por determinar<\/p>\n\n\n\n<p><strong>Le\u00f3n<\/strong><\/p>\n\n\n\n<p>Lugar de los hechos:&nbsp;Blvd Mariano Escobedo cruce Avenida La Merced<\/p>\n\n\n\n<p>Personas fallecidas: Una de sexo masculino, identificado como Enrique Daniel \u201cN\u201d<\/p>\n\n\n\n<p>Lesiones: De las producidas por proyectil disparado por arma de fuego<\/p>\n\n\n\n<p>Indicios: Casquillos percutidos, veh\u00edculo de motor<\/p>\n\n\n\n<p>Causa de muerte: Por determinar<\/p>\n\n\n\n<p><strong>Irapuato<\/strong><\/p>\n\n\n\n<p>Lugar de los hechos: Colonia Morelos<\/p>\n\n\n\n<p>Personas fallecidas: Una de sexo masculino, sin identificar hasta el momento<\/p>\n\n\n\n<p>Lesiones: De las producidas por proyectil disparado por arma de fuego<\/p>\n\n\n\n<p>Indicios: Casquillos percutidos<\/p>\n\n\n\n<p>Causa de muerte: Por determinar<\/p>\n\n\n\n<p><strong>Irapuato<\/strong><\/p>\n\n\n\n<p>Lugar de los hechos:&nbsp;Colonia Emiliano Zapata<\/p>\n\n\n\n<p>Personas fallecidas: Una de sexo masculino, identificado como Jes\u00fas Alfredo \u201cN\u201d &nbsp;Lesiones: En su extremidad cef\u00e1lica<\/p>\n\n\n\n<p>Causa de muerte: Por determinar<\/p>\n\n\n\n<p><strong>Irapuato<\/strong><\/p>\n\n\n\n<p>Lugar de los hechos:&nbsp;Colonia Bajada de San Mart\u00edn<\/p>\n\n\n\n<p>Personas fallecidas: Una de sexo masculino, adolescente, identificado<\/p>\n\n\n\n<p>Personas lesionadas: Dos de sexo masculino, adolescentes, identificados<\/p>\n\n\n\n<p>Lesiones: De las producidas por proyectil disparado por arma de fuego<\/p>\n\n\n\n<p>Indicios: Casquillos percutidos, motocicleta<\/p>\n\n\n\n<p>Causa de muerte: Por determinar<\/p>\n\n\n\n<p><strong>Irapuato<\/strong><\/p>\n\n\n\n<p>Lugar de los hechos:&nbsp;Comunidad Santa Elena<\/p>\n\n\n\n<p>Personas fallecidas: Una de sexo masculino, identificado como Jos\u00e9 Gerardo \u201cN\u201d<\/p>\n\n\n\n<p>Lesiones: De las producidas por proyectil disparado por arma de fuego<\/p>\n\n\n\n<p>Indicios: Casquillos percutidos<\/p>\n\n\n\n<p>Causa de muerte: Por determinar<\/p>\n\n\n\n<p><strong>Salvatierra<\/strong><\/p>\n\n\n\n<p>Lugar de los hechos:&nbsp;Sobre el camino viejo que conduce de San Nicol\u00e1s de los Agustinos a San Pedro de los Naranjos<\/p>\n\n\n\n<p>Personas fallecidas: Una de sexo masculino, sin identificar hasta el momento<\/p>\n\n\n\n<p>Lesiones: Presenta huellas de violencia<\/p>\n\n\n\n<p>Indicios: Casquillos<\/p>\n\n\n\n<p>Causa de muerte: Por determinar<\/p>\n","protected":false},"excerpt":{"rendered":"Kuali\/Irapuato, Gto.-En los municipios de Le\u00f3n, Irapuato y Salvatierra fueron asesinadas ocho personas, inform\u00f3 la Fiscal\u00eda General del Estado. Los cr\u00edmenes se cometieron en el transcurso del s\u00e1bado. En Le\u00f3n mataron a tres personas; en Irapuato, cuatro; y en Salvatierra, uno. Le\u00f3n Lugar de los hechos: Colonia Ejido la Joya (Zona Poniente). Personas fallecidas: Una, [&hellip;]","protected":false},"author":2,"featured_media":85323,"comment_status":"open","ping_status":"open","sticky":false,"template":"","format":"standard","meta":{"_seopress_robots_primary_cat":"none","_seopress_titles_title":"","_seopress_titles_desc":"","_seopress_robots_index":"","_monsterinsights_skip_tracking":false,"_monsterinsights_sitenote_active":false,"_monsterinsights_sitenote_note":"","_monsterinsights_sitenote_category":0,"footnotes":""},"categories":[3,69],"tags":[],"class_list":["post-127248","post","type-post","status-publish","format-standard","has-post-thumbnail","hentry","category-politica","category-slider"],"yoast_head":"<!-- This site is optimized with the Yoast SEO plugin v27.4 - https:\/\/yoast.com\/product\/yoast-seo-wordpress\/ -->\n<title>MATAN A 8 PERSONAS; LA MITAD EN IRAPUATO - Kuali<\/title>\n<meta name=\"robots\" content=\"index, follow, max-snippet:-1, max-image-preview:large, max-video-preview:-1\" \/>\n<link rel=\"canonical\" href=\"https:\/\/kuali.com.mx\/web\/2023\/10\/01\/matan-a-8-personas-la-mitad-en-irapuato\/\" \/>\n<meta property=\"og:locale\" content=\"es_MX\" \/>\n<meta property=\"og:type\" content=\"article\" \/>\n<meta property=\"og:title\" content=\"MATAN A 8 PERSONAS; LA MITAD EN IRAPUATO - Kuali\" \/>\n<meta property=\"og:description\" content=\"Kuali\/Irapuato, Gto.-En los municipios de Le\u00f3n, Irapuato y Salvatierra fueron asesinadas ocho personas, inform\u00f3 la Fiscal\u00eda General del Estado. Los cr\u00edmenes se cometieron en el transcurso del s\u00e1bado. En Le\u00f3n mataron a tres personas; en Irapuato, cuatro; y en Salvatierra, uno. Le\u00f3n Lugar de los hechos: Colonia Ejido la Joya (Zona Poniente). Personas fallecidas: Una, [&hellip;]\" \/>\n<meta property=\"og:url\" content=\"https:\/\/kuali.com.mx\/web\/2023\/10\/01\/matan-a-8-personas-la-mitad-en-irapuato\/\" \/>\n<meta property=\"og:site_name\" content=\"Kuali\" \/>\n<meta property=\"article:publisher\" content=\"https:\/\/kuali.com.mx\/web\/wp-content\/uploads\/2018\/04\/cropped-kuali_logo-1-1.png\" \/>\n<meta property=\"article:published_time\" content=\"2023-10-02T02:26:05+00:00\" \/>\n<meta property=\"article:modified_time\" content=\"2023-10-02T02:26:11+00:00\" \/>\n<meta property=\"og:image\" content=\"https:\/\/kuali.com.mx\/web\/wp-content\/uploads\/2021\/08\/Masacre-Irapuato-ejecutados.jpg\" \/>\n\t<meta property=\"og:image:width\" content=\"1780\" \/>\n\t<meta property=\"og:image:height\" content=\"750\" \/>\n\t<meta property=\"og:image:type\" content=\"image\/jpeg\" \/>\n<meta name=\"author\" content=\"Kuali Staff\" \/>\n<meta name=\"twitter:card\" content=\"summary_large_image\" \/>\n<meta name=\"twitter:creator\" content=\"@kuali_noticias\" \/>\n<meta name=\"twitter:site\" content=\"@kuali_noticias\" \/>\n<meta name=\"twitter:label1\" content=\"Escrito por\" \/>\n\t<meta name=\"twitter:data1\" content=\"Kuali Staff\" \/>\n\t<meta name=\"twitter:label2\" content=\"Tiempo de lectura\" \/>\n\t<meta name=\"twitter:data2\" content=\"2 minutos\" \/>\n<script type=\"application\/ld+json\" class=\"yoast-schema-graph\">{\"@context\":\"https:\\\/\\\/schema.org\",\"@graph\":[{\"@type\":\"Article\",\"@id\":\"https:\\\/\\\/kuali.com.mx\\\/web\\\/2023\\\/10\\\/01\\\/matan-a-8-personas-la-mitad-en-irapuato\\\/#article\",\"isPartOf\":{\"@id\":\"https:\\\/\\\/kuali.com.mx\\\/web\\\/2023\\\/10\\\/01\\\/matan-a-8-personas-la-mitad-en-irapuato\\\/\"},\"author\":{\"name\":\"Kuali Staff\",\"@id\":\"https:\\\/\\\/kuali.com.mx\\\/web\\\/#\\\/schema\\\/person\\\/6f89ffa8ecba9dae50662357923c5289\"},\"headline\":\"MATAN A 8 PERSONAS; LA MITAD EN IRAPUATO\",\"datePublished\":\"2023-10-02T02:26:05+00:00\",\"dateModified\":\"2023-10-02T02:26:11+00:00\",\"mainEntityOfPage\":{\"@id\":\"https:\\\/\\\/kuali.com.mx\\\/web\\\/2023\\\/10\\\/01\\\/matan-a-8-personas-la-mitad-en-irapuato\\\/\"},\"wordCount\":410,\"commentCount\":0,\"image\":{\"@id\":\"https:\\\/\\\/kuali.com.mx\\\/web\\\/2023\\\/10\\\/01\\\/matan-a-8-personas-la-mitad-en-irapuato\\\/#primaryimage\"},\"thumbnailUrl\":\"https:\\\/\\\/kuali.com.mx\\\/web\\\/wp-content\\\/uploads\\\/2021\\\/08\\\/Masacre-Irapuato-ejecutados.jpg\",\"articleSection\":[\"Pol\u00edtica\",\"slider\"],\"inLanguage\":\"es\",\"potentialAction\":[{\"@type\":\"CommentAction\",\"name\":\"Comment\",\"target\":[\"https:\\\/\\\/kuali.com.mx\\\/web\\\/2023\\\/10\\\/01\\\/matan-a-8-personas-la-mitad-en-irapuato\\\/#respond\"]}]},{\"@type\":\"WebPage\",\"@id\":\"https:\\\/\\\/kuali.com.mx\\\/web\\\/2023\\\/10\\\/01\\\/matan-a-8-personas-la-mitad-en-irapuato\\\/\",\"url\":\"https:\\\/\\\/kuali.com.mx\\\/web\\\/2023\\\/10\\\/01\\\/matan-a-8-personas-la-mitad-en-irapuato\\\/\",\"name\":\"MATAN A 8 PERSONAS; LA MITAD EN IRAPUATO - Kuali\",\"isPartOf\":{\"@id\":\"https:\\\/\\\/kuali.com.mx\\\/web\\\/#website\"},\"primaryImageOfPage\":{\"@id\":\"https:\\\/\\\/kuali.com.mx\\\/web\\\/2023\\\/10\\\/01\\\/matan-a-8-personas-la-mitad-en-irapuato\\\/#primaryimage\"},\"image\":{\"@id\":\"https:\\\/\\\/kuali.com.mx\\\/web\\\/2023\\\/10\\\/01\\\/matan-a-8-personas-la-mitad-en-irapuato\\\/#primaryimage\"},\"thumbnailUrl\":\"https:\\\/\\\/kuali.com.mx\\\/web\\\/wp-content\\\/uploads\\\/2021\\\/08\\\/Masacre-Irapuato-ejecutados.jpg\",\"datePublished\":\"2023-10-02T02:26:05+00:00\",\"dateModified\":\"2023-10-02T02:26:11+00:00\",\"author\":{\"@id\":\"https:\\\/\\\/kuali.com.mx\\\/web\\\/#\\\/schema\\\/person\\\/6f89ffa8ecba9dae50662357923c5289\"},\"breadcrumb\":{\"@id\":\"https:\\\/\\\/kuali.com.mx\\\/web\\\/2023\\\/10\\\/01\\\/matan-a-8-personas-la-mitad-en-irapuato\\\/#breadcrumb\"},\"inLanguage\":\"es\",\"potentialAction\":[{\"@type\":\"ReadAction\",\"target\":[\"https:\\\/\\\/kuali.com.mx\\\/web\\\/2023\\\/10\\\/01\\\/matan-a-8-personas-la-mitad-en-irapuato\\\/\"]}]},{\"@type\":\"ImageObject\",\"inLanguage\":\"es\",\"@id\":\"https:\\\/\\\/kuali.com.mx\\\/web\\\/2023\\\/10\\\/01\\\/matan-a-8-personas-la-mitad-en-irapuato\\\/#primaryimage\",\"url\":\"https:\\\/\\\/kuali.com.mx\\\/web\\\/wp-content\\\/uploads\\\/2021\\\/08\\\/Masacre-Irapuato-ejecutados.jpg\",\"contentUrl\":\"https:\\\/\\\/kuali.com.mx\\\/web\\\/wp-content\\\/uploads\\\/2021\\\/08\\\/Masacre-Irapuato-ejecutados.jpg\",\"width\":1780,\"height\":750},{\"@type\":\"BreadcrumbList\",\"@id\":\"https:\\\/\\\/kuali.com.mx\\\/web\\\/2023\\\/10\\\/01\\\/matan-a-8-personas-la-mitad-en-irapuato\\\/#breadcrumb\",\"itemListElement\":[{\"@type\":\"ListItem\",\"position\":1,\"name\":\"Inicio\",\"item\":\"https:\\\/\\\/kuali.com.mx\\\/web\\\/\"},{\"@type\":\"ListItem\",\"position\":2,\"name\":\"MATAN A 8 PERSONAS; LA MITAD EN IRAPUATO\"}]},{\"@type\":\"WebSite\",\"@id\":\"https:\\\/\\\/kuali.com.mx\\\/web\\\/#website\",\"url\":\"https:\\\/\\\/kuali.com.mx\\\/web\\\/\",\"name\":\"Kuali\",\"description\":\"\",\"potentialAction\":[{\"@type\":\"SearchAction\",\"target\":{\"@type\":\"EntryPoint\",\"urlTemplate\":\"https:\\\/\\\/kuali.com.mx\\\/web\\\/?s={search_term_string}\"},\"query-input\":{\"@type\":\"PropertyValueSpecification\",\"valueRequired\":true,\"valueName\":\"search_term_string\"}}],\"inLanguage\":\"es\"},{\"@type\":\"Person\",\"@id\":\"https:\\\/\\\/kuali.com.mx\\\/web\\\/#\\\/schema\\\/person\\\/6f89ffa8ecba9dae50662357923c5289\",\"name\":\"Kuali Staff\",\"image\":{\"@type\":\"ImageObject\",\"inLanguage\":\"es\",\"@id\":\"https:\\\/\\\/secure.gravatar.com\\\/avatar\\\/f917ad82e5ab71227a733c78b6e60715476f69ee6be59feee4eb5d9920c89e0f?s=96&d=mm&r=g\",\"url\":\"https:\\\/\\\/secure.gravatar.com\\\/avatar\\\/f917ad82e5ab71227a733c78b6e60715476f69ee6be59feee4eb5d9920c89e0f?s=96&d=mm&r=g\",\"contentUrl\":\"https:\\\/\\\/secure.gravatar.com\\\/avatar\\\/f917ad82e5ab71227a733c78b6e60715476f69ee6be59feee4eb5d9920c89e0f?s=96&d=mm&r=g\",\"caption\":\"Kuali Staff\"},\"url\":\"https:\\\/\\\/kuali.com.mx\\\/web\\\/author\\\/lagarto\\\/\"}]}<\/script>\n<!-- \/ Yoast SEO plugin. -->","yoast_head_json":{"title":"MATAN A 8 PERSONAS; LA MITAD EN IRAPUATO - Kuali","robots":{"index":"index","follow":"follow","max-snippet":"max-snippet:-1","max-image-preview":"max-image-preview:large","max-video-preview":"max-video-preview:-1"},"canonical":"https:\/\/kuali.com.mx\/web\/2023\/10\/01\/matan-a-8-personas-la-mitad-en-irapuato\/","og_locale":"es_MX","og_type":"article","og_title":"MATAN A 8 PERSONAS; LA MITAD EN IRAPUATO - Kuali","og_description":"Kuali\/Irapuato, Gto.-En los municipios de Le\u00f3n, Irapuato y Salvatierra fueron asesinadas ocho personas, inform\u00f3 la Fiscal\u00eda General del Estado. Los cr\u00edmenes se cometieron en el transcurso del s\u00e1bado. En Le\u00f3n mataron a tres personas; en Irapuato, cuatro; y en Salvatierra, uno. Le\u00f3n Lugar de los hechos: Colonia Ejido la Joya (Zona Poniente). Personas fallecidas: Una, [&hellip;]","og_url":"https:\/\/kuali.com.mx\/web\/2023\/10\/01\/matan-a-8-personas-la-mitad-en-irapuato\/","og_site_name":"Kuali","article_publisher":"https:\/\/kuali.com.mx\/web\/wp-content\/uploads\/2018\/04\/cropped-kuali_logo-1-1.png","article_published_time":"2023-10-02T02:26:05+00:00","article_modified_time":"2023-10-02T02:26:11+00:00","og_image":[{"width":1780,"height":750,"url":"https:\/\/kuali.com.mx\/web\/wp-content\/uploads\/2021\/08\/Masacre-Irapuato-ejecutados.jpg","type":"image\/jpeg"}],"author":"Kuali Staff","twitter_card":"summary_large_image","twitter_creator":"@kuali_noticias","twitter_site":"@kuali_noticias","twitter_misc":{"Escrito por":"Kuali Staff","Tiempo de lectura":"2 minutos"},"schema":{"@context":"https:\/\/schema.org","@graph":[{"@type":"Article","@id":"https:\/\/kuali.com.mx\/web\/2023\/10\/01\/matan-a-8-personas-la-mitad-en-irapuato\/#article","isPartOf":{"@id":"https:\/\/kuali.com.mx\/web\/2023\/10\/01\/matan-a-8-personas-la-mitad-en-irapuato\/"},"author":{"name":"Kuali Staff","@id":"https:\/\/kuali.com.mx\/web\/#\/schema\/person\/6f89ffa8ecba9dae50662357923c5289"},"headline":"MATAN A 8 PERSONAS; LA MITAD EN IRAPUATO","datePublished":"2023-10-02T02:26:05+00:00","dateModified":"2023-10-02T02:26:11+00:00","mainEntityOfPage":{"@id":"https:\/\/kuali.com.mx\/web\/2023\/10\/01\/matan-a-8-personas-la-mitad-en-irapuato\/"},"wordCount":410,"commentCount":0,"image":{"@id":"https:\/\/kuali.com.mx\/web\/2023\/10\/01\/matan-a-8-personas-la-mitad-en-irapuato\/#primaryimage"},"thumbnailUrl":"https:\/\/kuali.com.mx\/web\/wp-content\/uploads\/2021\/08\/Masacre-Irapuato-ejecutados.jpg","articleSection":["Pol\u00edtica","slider"],"inLanguage":"es","potentialAction":[{"@type":"CommentAction","name":"Comment","target":["https:\/\/kuali.com.mx\/web\/2023\/10\/01\/matan-a-8-personas-la-mitad-en-irapuato\/#respond"]}]},{"@type":"WebPage","@id":"https:\/\/kuali.com.mx\/web\/2023\/10\/01\/matan-a-8-personas-la-mitad-en-irapuato\/","url":"https:\/\/kuali.com.mx\/web\/2023\/10\/01\/matan-a-8-personas-la-mitad-en-irapuato\/","name":"MATAN A 8 PERSONAS; LA MITAD EN IRAPUATO - Kuali","isPartOf":{"@id":"https:\/\/kuali.com.mx\/web\/#website"},"primaryImageOfPage":{"@id":"https:\/\/kuali.com.mx\/web\/2023\/10\/01\/matan-a-8-personas-la-mitad-en-irapuato\/#primaryimage"},"image":{"@id":"https:\/\/kuali.com.mx\/web\/2023\/10\/01\/matan-a-8-personas-la-mitad-en-irapuato\/#primaryimage"},"thumbnailUrl":"https:\/\/kuali.com.mx\/web\/wp-content\/uploads\/2021\/08\/Masacre-Irapuato-ejecutados.jpg","datePublished":"2023-10-02T02:26:05+00:00","dateModified":"2023-10-02T02:26:11+00:00","author":{"@id":"https:\/\/kuali.com.mx\/web\/#\/schema\/person\/6f89ffa8ecba9dae50662357923c5289"},"breadcrumb":{"@id":"https:\/\/kuali.com.mx\/web\/2023\/10\/01\/matan-a-8-personas-la-mitad-en-irapuato\/#breadcrumb"},"inLanguage":"es","potentialAction":[{"@type":"ReadAction","target":["https:\/\/kuali.com.mx\/web\/2023\/10\/01\/matan-a-8-personas-la-mitad-en-irapuato\/"]}]},{"@type":"ImageObject","inLanguage":"es","@id":"https:\/\/kuali.com.mx\/web\/2023\/10\/01\/matan-a-8-personas-la-mitad-en-irapuato\/#primaryimage","url":"https:\/\/kuali.com.mx\/web\/wp-content\/uploads\/2021\/08\/Masacre-Irapuato-ejecutados.jpg","contentUrl":"https:\/\/kuali.com.mx\/web\/wp-content\/uploads\/2021\/08\/Masacre-Irapuato-ejecutados.jpg","width":1780,"height":750},{"@type":"BreadcrumbList","@id":"https:\/\/kuali.com.mx\/web\/2023\/10\/01\/matan-a-8-personas-la-mitad-en-irapuato\/#breadcrumb","itemListElement":[{"@type":"ListItem","position":1,"name":"Inicio","item":"https:\/\/kuali.com.mx\/web\/"},{"@type":"ListItem","position":2,"name":"MATAN A 8 PERSONAS; LA MITAD EN IRAPUATO"}]},{"@type":"WebSite","@id":"https:\/\/kuali.com.mx\/web\/#website","url":"https:\/\/kuali.com.mx\/web\/","name":"Kuali","description":"","potentialAction":[{"@type":"SearchAction","target":{"@type":"EntryPoint","urlTemplate":"https:\/\/kuali.com.mx\/web\/?s={search_term_string}"},"query-input":{"@type":"PropertyValueSpecification","valueRequired":true,"valueName":"search_term_string"}}],"inLanguage":"es"},{"@type":"Person","@id":"https:\/\/kuali.com.mx\/web\/#\/schema\/person\/6f89ffa8ecba9dae50662357923c5289","name":"Kuali Staff","image":{"@type":"ImageObject","inLanguage":"es","@id":"https:\/\/secure.gravatar.com\/avatar\/f917ad82e5ab71227a733c78b6e60715476f69ee6be59feee4eb5d9920c89e0f?s=96&d=mm&r=g","url":"https:\/\/secure.gravatar.com\/avatar\/f917ad82e5ab71227a733c78b6e60715476f69ee6be59feee4eb5d9920c89e0f?s=96&d=mm&r=g","contentUrl":"https:\/\/secure.gravatar.com\/avatar\/f917ad82e5ab71227a733c78b6e60715476f69ee6be59feee4eb5d9920c89e0f?s=96&d=mm&r=g","caption":"Kuali Staff"},"url":"https:\/\/kuali.com.mx\/web\/author\/lagarto\/"}]}},"_links":{"self":[{"href":"https:\/\/kuali.com.mx\/web\/wp-json\/wp\/v2\/posts\/127248","targetHints":{"allow":["GET"]}}],"collection":[{"href":"https:\/\/kuali.com.mx\/web\/wp-json\/wp\/v2\/posts"}],"about":[{"href":"https:\/\/kuali.com.mx\/web\/wp-json\/wp\/v2\/types\/post"}],"author":[{"embeddable":true,"href":"https:\/\/kuali.com.mx\/web\/wp-json\/wp\/v2\/users\/2"}],"replies":[{"embeddable":true,"href":"https:\/\/kuali.com.mx\/web\/wp-json\/wp\/v2\/comments?post=127248"}],"version-history":[{"count":1,"href":"https:\/\/kuali.com.mx\/web\/wp-json\/wp\/v2\/posts\/127248\/revisions"}],"predecessor-version":[{"id":127251,"href":"https:\/\/kuali.com.mx\/web\/wp-json\/wp\/v2\/posts\/127248\/revisions\/127251"}],"wp:featuredmedia":[{"embeddable":true,"href":"https:\/\/kuali.com.mx\/web\/wp-json\/wp\/v2\/media\/85323"}],"wp:attachment":[{"href":"https:\/\/kuali.com.mx\/web\/wp-json\/wp\/v2\/media?parent=127248"}],"wp:term":[{"taxonomy":"category","embeddable":true,"href":"https:\/\/kuali.com.mx\/web\/wp-json\/wp\/v2\/categories?post=127248"},{"taxonomy":"post_tag","embeddable":true,"href":"https:\/\/kuali.com.mx\/web\/wp-json\/wp\/v2\/tags?post=127248"}],"curies":[{"name":"wp","href":"https:\/\/api.w.org\/{rel}","templated":true}]}}