{"id":127134,"date":"2023-09-29T10:43:00","date_gmt":"2023-09-29T16:43:00","guid":{"rendered":"https:\/\/kuali.com.mx\/web\/?p=127134"},"modified":"2023-09-29T20:38:24","modified_gmt":"2023-09-30T02:38:24","slug":"reforzaran-con-mas-personal-el-aseo-publico","status":"publish","type":"post","link":"https:\/\/kuali.com.mx\/web\/2023\/09\/29\/reforzaran-con-mas-personal-el-aseo-publico\/","title":{"rendered":"REFORZAR\u00c1N CON M\u00c1S PERSONAL EL ASEO P\u00daBLICO"},"content":{"rendered":"\n<p><strong><em>Kuali\/Guanajuato, Gto.-<\/em><\/strong>El Ayuntamiento de Guanajuato capital aprob\u00f3 crear 30 plazas eventuales para reforzar la operatividad ordinaria de la Direcci\u00f3n General de Servicios P\u00fablicos y optimizar el sistema municipal de aseo p\u00fablico.<\/p>\n\n\n\n<p>El alcalde de Guanajuato, Alejandro Navarro Salda\u00f1a, se\u00f1al\u00f3 que uno de los tres grandes retos de su \u00faltimo a\u00f1o de gesti\u00f3n ser\u00e1 fortalecer el servicio municipal de recolecci\u00f3n y confinamiento de residuos con m\u00e1s personal y m\u00e1s equipo, \u201cy \u00e9ste ha sido un primer gran paso\u201d.<\/p>\n\n\n\n<p>Una vez aprobada la ampliaci\u00f3n de la plantilla de Servicios P\u00fablicos en la sesi\u00f3n celebrada a distancia, el Municipio proceder\u00e1 a contratar 30 auxiliares t\u00e9cnico-operativos para realizar funciones de barrido y manejo de unidades destinadas a prestar el servicio de recolecci\u00f3n de residuos s\u00f3lidos urbanos.<\/p>\n\n\n\n<p>Entre otros reajustes presupuestales, el Cabildo tambi\u00e9n autoriz\u00f3 adquirir tabiques, arena y grava para ampliar las series de gavetas en el pante\u00f3n de la comunidad Santa Teresa y el pante\u00f3n \u201cVirgen de la Luz\u201d, ubicado en la zona de El Encino, adem\u00e1s de la adquisici\u00f3n de cemento y productos de concreto para llevar a cabo m\u00e1s acciones de bacheo y mantenimiento en diversas vialidades, plazas y \u00e1reas recreativas.<\/p>\n","protected":false},"excerpt":{"rendered":"Kuali\/Guanajuato, Gto.-El Ayuntamiento de Guanajuato capital aprob\u00f3 crear 30 plazas eventuales para reforzar la operatividad ordinaria de la Direcci\u00f3n General de Servicios P\u00fablicos y optimizar el sistema municipal de aseo p\u00fablico. El alcalde de Guanajuato, Alejandro Navarro Salda\u00f1a, se\u00f1al\u00f3 que uno de los tres grandes retos de su \u00faltimo a\u00f1o de gesti\u00f3n ser\u00e1 fortalecer el [&hellip;]","protected":false},"author":2,"featured_media":127137,"comment_status":"open","ping_status":"open","sticky":false,"template":"","format":"standard","meta":{"_seopress_robots_primary_cat":"none","_seopress_titles_title":"","_seopress_titles_desc":"","_seopress_robots_index":"","_monsterinsights_skip_tracking":false,"_monsterinsights_sitenote_active":false,"_monsterinsights_sitenote_note":"","_monsterinsights_sitenote_category":0,"footnotes":""},"categories":[3],"tags":[],"class_list":["post-127134","post","type-post","status-publish","format-standard","has-post-thumbnail","hentry","category-politica"],"yoast_head":"<!-- This site is optimized with the Yoast SEO plugin v27.4 - https:\/\/yoast.com\/product\/yoast-seo-wordpress\/ -->\n<title>REFORZAR\u00c1N CON M\u00c1S PERSONAL EL ASEO P\u00daBLICO - Kuali<\/title>\n<meta name=\"robots\" content=\"index, follow, max-snippet:-1, max-image-preview:large, max-video-preview:-1\" \/>\n<link rel=\"canonical\" href=\"https:\/\/kuali.com.mx\/web\/2023\/09\/29\/reforzaran-con-mas-personal-el-aseo-publico\/\" \/>\n<meta property=\"og:locale\" content=\"es_MX\" \/>\n<meta property=\"og:type\" content=\"article\" \/>\n<meta property=\"og:title\" content=\"REFORZAR\u00c1N CON M\u00c1S PERSONAL EL ASEO P\u00daBLICO - Kuali\" \/>\n<meta property=\"og:description\" content=\"Kuali\/Guanajuato, Gto.-El Ayuntamiento de Guanajuato capital aprob\u00f3 crear 30 plazas eventuales para reforzar la operatividad ordinaria de la Direcci\u00f3n General de Servicios P\u00fablicos y optimizar el sistema municipal de aseo p\u00fablico. El alcalde de Guanajuato, Alejandro Navarro Salda\u00f1a, se\u00f1al\u00f3 que uno de los tres grandes retos de su \u00faltimo a\u00f1o de gesti\u00f3n ser\u00e1 fortalecer el [&hellip;]\" \/>\n<meta property=\"og:url\" content=\"https:\/\/kuali.com.mx\/web\/2023\/09\/29\/reforzaran-con-mas-personal-el-aseo-publico\/\" \/>\n<meta property=\"og:site_name\" content=\"Kuali\" \/>\n<meta property=\"article:publisher\" content=\"https:\/\/kuali.com.mx\/web\/wp-content\/uploads\/2018\/04\/cropped-kuali_logo-1-1.png\" \/>\n<meta property=\"article:published_time\" content=\"2023-09-29T16:43:00+00:00\" \/>\n<meta property=\"article:modified_time\" content=\"2023-09-30T02:38:24+00:00\" \/>\n<meta property=\"og:image\" content=\"https:\/\/kuali.com.mx\/web\/wp-content\/uploads\/2023\/09\/LIMPIA-GUANAJUATO.jpeg\" \/>\n\t<meta property=\"og:image:width\" content=\"1280\" \/>\n\t<meta property=\"og:image:height\" content=\"850\" \/>\n\t<meta property=\"og:image:type\" content=\"image\/jpeg\" \/>\n<meta name=\"author\" content=\"Kuali Staff\" \/>\n<meta name=\"twitter:card\" content=\"summary_large_image\" \/>\n<meta name=\"twitter:creator\" content=\"@kuali_noticias\" \/>\n<meta name=\"twitter:site\" content=\"@kuali_noticias\" \/>\n<meta name=\"twitter:label1\" content=\"Escrito por\" \/>\n\t<meta name=\"twitter:data1\" content=\"Kuali Staff\" \/>\n\t<meta name=\"twitter:label2\" content=\"Tiempo de lectura\" \/>\n\t<meta name=\"twitter:data2\" content=\"1 minuto\" \/>\n<script type=\"application\/ld+json\" class=\"yoast-schema-graph\">{\"@context\":\"https:\\\/\\\/schema.org\",\"@graph\":[{\"@type\":\"Article\",\"@id\":\"https:\\\/\\\/kuali.com.mx\\\/web\\\/2023\\\/09\\\/29\\\/reforzaran-con-mas-personal-el-aseo-publico\\\/#article\",\"isPartOf\":{\"@id\":\"https:\\\/\\\/kuali.com.mx\\\/web\\\/2023\\\/09\\\/29\\\/reforzaran-con-mas-personal-el-aseo-publico\\\/\"},\"author\":{\"name\":\"Kuali Staff\",\"@id\":\"https:\\\/\\\/kuali.com.mx\\\/web\\\/#\\\/schema\\\/person\\\/6f89ffa8ecba9dae50662357923c5289\"},\"headline\":\"REFORZAR\u00c1N CON M\u00c1S PERSONAL EL ASEO P\u00daBLICO\",\"datePublished\":\"2023-09-29T16:43:00+00:00\",\"dateModified\":\"2023-09-30T02:38:24+00:00\",\"mainEntityOfPage\":{\"@id\":\"https:\\\/\\\/kuali.com.mx\\\/web\\\/2023\\\/09\\\/29\\\/reforzaran-con-mas-personal-el-aseo-publico\\\/\"},\"wordCount\":223,\"commentCount\":0,\"image\":{\"@id\":\"https:\\\/\\\/kuali.com.mx\\\/web\\\/2023\\\/09\\\/29\\\/reforzaran-con-mas-personal-el-aseo-publico\\\/#primaryimage\"},\"thumbnailUrl\":\"https:\\\/\\\/kuali.com.mx\\\/web\\\/wp-content\\\/uploads\\\/2023\\\/09\\\/LIMPIA-GUANAJUATO.jpeg\",\"articleSection\":[\"Pol\u00edtica\"],\"inLanguage\":\"es\",\"potentialAction\":[{\"@type\":\"CommentAction\",\"name\":\"Comment\",\"target\":[\"https:\\\/\\\/kuali.com.mx\\\/web\\\/2023\\\/09\\\/29\\\/reforzaran-con-mas-personal-el-aseo-publico\\\/#respond\"]}]},{\"@type\":\"WebPage\",\"@id\":\"https:\\\/\\\/kuali.com.mx\\\/web\\\/2023\\\/09\\\/29\\\/reforzaran-con-mas-personal-el-aseo-publico\\\/\",\"url\":\"https:\\\/\\\/kuali.com.mx\\\/web\\\/2023\\\/09\\\/29\\\/reforzaran-con-mas-personal-el-aseo-publico\\\/\",\"name\":\"REFORZAR\u00c1N CON M\u00c1S PERSONAL EL ASEO P\u00daBLICO - Kuali\",\"isPartOf\":{\"@id\":\"https:\\\/\\\/kuali.com.mx\\\/web\\\/#website\"},\"primaryImageOfPage\":{\"@id\":\"https:\\\/\\\/kuali.com.mx\\\/web\\\/2023\\\/09\\\/29\\\/reforzaran-con-mas-personal-el-aseo-publico\\\/#primaryimage\"},\"image\":{\"@id\":\"https:\\\/\\\/kuali.com.mx\\\/web\\\/2023\\\/09\\\/29\\\/reforzaran-con-mas-personal-el-aseo-publico\\\/#primaryimage\"},\"thumbnailUrl\":\"https:\\\/\\\/kuali.com.mx\\\/web\\\/wp-content\\\/uploads\\\/2023\\\/09\\\/LIMPIA-GUANAJUATO.jpeg\",\"datePublished\":\"2023-09-29T16:43:00+00:00\",\"dateModified\":\"2023-09-30T02:38:24+00:00\",\"author\":{\"@id\":\"https:\\\/\\\/kuali.com.mx\\\/web\\\/#\\\/schema\\\/person\\\/6f89ffa8ecba9dae50662357923c5289\"},\"breadcrumb\":{\"@id\":\"https:\\\/\\\/kuali.com.mx\\\/web\\\/2023\\\/09\\\/29\\\/reforzaran-con-mas-personal-el-aseo-publico\\\/#breadcrumb\"},\"inLanguage\":\"es\",\"potentialAction\":[{\"@type\":\"ReadAction\",\"target\":[\"https:\\\/\\\/kuali.com.mx\\\/web\\\/2023\\\/09\\\/29\\\/reforzaran-con-mas-personal-el-aseo-publico\\\/\"]}]},{\"@type\":\"ImageObject\",\"inLanguage\":\"es\",\"@id\":\"https:\\\/\\\/kuali.com.mx\\\/web\\\/2023\\\/09\\\/29\\\/reforzaran-con-mas-personal-el-aseo-publico\\\/#primaryimage\",\"url\":\"https:\\\/\\\/kuali.com.mx\\\/web\\\/wp-content\\\/uploads\\\/2023\\\/09\\\/LIMPIA-GUANAJUATO.jpeg\",\"contentUrl\":\"https:\\\/\\\/kuali.com.mx\\\/web\\\/wp-content\\\/uploads\\\/2023\\\/09\\\/LIMPIA-GUANAJUATO.jpeg\",\"width\":1280,\"height\":850},{\"@type\":\"BreadcrumbList\",\"@id\":\"https:\\\/\\\/kuali.com.mx\\\/web\\\/2023\\\/09\\\/29\\\/reforzaran-con-mas-personal-el-aseo-publico\\\/#breadcrumb\",\"itemListElement\":[{\"@type\":\"ListItem\",\"position\":1,\"name\":\"Inicio\",\"item\":\"https:\\\/\\\/kuali.com.mx\\\/web\\\/\"},{\"@type\":\"ListItem\",\"position\":2,\"name\":\"REFORZAR\u00c1N CON M\u00c1S PERSONAL EL ASEO P\u00daBLICO\"}]},{\"@type\":\"WebSite\",\"@id\":\"https:\\\/\\\/kuali.com.mx\\\/web\\\/#website\",\"url\":\"https:\\\/\\\/kuali.com.mx\\\/web\\\/\",\"name\":\"Kuali\",\"description\":\"\",\"potentialAction\":[{\"@type\":\"SearchAction\",\"target\":{\"@type\":\"EntryPoint\",\"urlTemplate\":\"https:\\\/\\\/kuali.com.mx\\\/web\\\/?s={search_term_string}\"},\"query-input\":{\"@type\":\"PropertyValueSpecification\",\"valueRequired\":true,\"valueName\":\"search_term_string\"}}],\"inLanguage\":\"es\"},{\"@type\":\"Person\",\"@id\":\"https:\\\/\\\/kuali.com.mx\\\/web\\\/#\\\/schema\\\/person\\\/6f89ffa8ecba9dae50662357923c5289\",\"name\":\"Kuali Staff\",\"image\":{\"@type\":\"ImageObject\",\"inLanguage\":\"es\",\"@id\":\"https:\\\/\\\/secure.gravatar.com\\\/avatar\\\/f917ad82e5ab71227a733c78b6e60715476f69ee6be59feee4eb5d9920c89e0f?s=96&d=mm&r=g\",\"url\":\"https:\\\/\\\/secure.gravatar.com\\\/avatar\\\/f917ad82e5ab71227a733c78b6e60715476f69ee6be59feee4eb5d9920c89e0f?s=96&d=mm&r=g\",\"contentUrl\":\"https:\\\/\\\/secure.gravatar.com\\\/avatar\\\/f917ad82e5ab71227a733c78b6e60715476f69ee6be59feee4eb5d9920c89e0f?s=96&d=mm&r=g\",\"caption\":\"Kuali Staff\"},\"url\":\"https:\\\/\\\/kuali.com.mx\\\/web\\\/author\\\/lagarto\\\/\"}]}<\/script>\n<!-- \/ Yoast SEO plugin. -->","yoast_head_json":{"title":"REFORZAR\u00c1N CON M\u00c1S PERSONAL EL ASEO P\u00daBLICO - Kuali","robots":{"index":"index","follow":"follow","max-snippet":"max-snippet:-1","max-image-preview":"max-image-preview:large","max-video-preview":"max-video-preview:-1"},"canonical":"https:\/\/kuali.com.mx\/web\/2023\/09\/29\/reforzaran-con-mas-personal-el-aseo-publico\/","og_locale":"es_MX","og_type":"article","og_title":"REFORZAR\u00c1N CON M\u00c1S PERSONAL EL ASEO P\u00daBLICO - Kuali","og_description":"Kuali\/Guanajuato, Gto.-El Ayuntamiento de Guanajuato capital aprob\u00f3 crear 30 plazas eventuales para reforzar la operatividad ordinaria de la Direcci\u00f3n General de Servicios P\u00fablicos y optimizar el sistema municipal de aseo p\u00fablico. El alcalde de Guanajuato, Alejandro Navarro Salda\u00f1a, se\u00f1al\u00f3 que uno de los tres grandes retos de su \u00faltimo a\u00f1o de gesti\u00f3n ser\u00e1 fortalecer el [&hellip;]","og_url":"https:\/\/kuali.com.mx\/web\/2023\/09\/29\/reforzaran-con-mas-personal-el-aseo-publico\/","og_site_name":"Kuali","article_publisher":"https:\/\/kuali.com.mx\/web\/wp-content\/uploads\/2018\/04\/cropped-kuali_logo-1-1.png","article_published_time":"2023-09-29T16:43:00+00:00","article_modified_time":"2023-09-30T02:38:24+00:00","og_image":[{"width":1280,"height":850,"url":"https:\/\/kuali.com.mx\/web\/wp-content\/uploads\/2023\/09\/LIMPIA-GUANAJUATO.jpeg","type":"image\/jpeg"}],"author":"Kuali Staff","twitter_card":"summary_large_image","twitter_creator":"@kuali_noticias","twitter_site":"@kuali_noticias","twitter_misc":{"Escrito por":"Kuali Staff","Tiempo de lectura":"1 minuto"},"schema":{"@context":"https:\/\/schema.org","@graph":[{"@type":"Article","@id":"https:\/\/kuali.com.mx\/web\/2023\/09\/29\/reforzaran-con-mas-personal-el-aseo-publico\/#article","isPartOf":{"@id":"https:\/\/kuali.com.mx\/web\/2023\/09\/29\/reforzaran-con-mas-personal-el-aseo-publico\/"},"author":{"name":"Kuali Staff","@id":"https:\/\/kuali.com.mx\/web\/#\/schema\/person\/6f89ffa8ecba9dae50662357923c5289"},"headline":"REFORZAR\u00c1N CON M\u00c1S PERSONAL EL ASEO P\u00daBLICO","datePublished":"2023-09-29T16:43:00+00:00","dateModified":"2023-09-30T02:38:24+00:00","mainEntityOfPage":{"@id":"https:\/\/kuali.com.mx\/web\/2023\/09\/29\/reforzaran-con-mas-personal-el-aseo-publico\/"},"wordCount":223,"commentCount":0,"image":{"@id":"https:\/\/kuali.com.mx\/web\/2023\/09\/29\/reforzaran-con-mas-personal-el-aseo-publico\/#primaryimage"},"thumbnailUrl":"https:\/\/kuali.com.mx\/web\/wp-content\/uploads\/2023\/09\/LIMPIA-GUANAJUATO.jpeg","articleSection":["Pol\u00edtica"],"inLanguage":"es","potentialAction":[{"@type":"CommentAction","name":"Comment","target":["https:\/\/kuali.com.mx\/web\/2023\/09\/29\/reforzaran-con-mas-personal-el-aseo-publico\/#respond"]}]},{"@type":"WebPage","@id":"https:\/\/kuali.com.mx\/web\/2023\/09\/29\/reforzaran-con-mas-personal-el-aseo-publico\/","url":"https:\/\/kuali.com.mx\/web\/2023\/09\/29\/reforzaran-con-mas-personal-el-aseo-publico\/","name":"REFORZAR\u00c1N CON M\u00c1S PERSONAL EL ASEO P\u00daBLICO - Kuali","isPartOf":{"@id":"https:\/\/kuali.com.mx\/web\/#website"},"primaryImageOfPage":{"@id":"https:\/\/kuali.com.mx\/web\/2023\/09\/29\/reforzaran-con-mas-personal-el-aseo-publico\/#primaryimage"},"image":{"@id":"https:\/\/kuali.com.mx\/web\/2023\/09\/29\/reforzaran-con-mas-personal-el-aseo-publico\/#primaryimage"},"thumbnailUrl":"https:\/\/kuali.com.mx\/web\/wp-content\/uploads\/2023\/09\/LIMPIA-GUANAJUATO.jpeg","datePublished":"2023-09-29T16:43:00+00:00","dateModified":"2023-09-30T02:38:24+00:00","author":{"@id":"https:\/\/kuali.com.mx\/web\/#\/schema\/person\/6f89ffa8ecba9dae50662357923c5289"},"breadcrumb":{"@id":"https:\/\/kuali.com.mx\/web\/2023\/09\/29\/reforzaran-con-mas-personal-el-aseo-publico\/#breadcrumb"},"inLanguage":"es","potentialAction":[{"@type":"ReadAction","target":["https:\/\/kuali.com.mx\/web\/2023\/09\/29\/reforzaran-con-mas-personal-el-aseo-publico\/"]}]},{"@type":"ImageObject","inLanguage":"es","@id":"https:\/\/kuali.com.mx\/web\/2023\/09\/29\/reforzaran-con-mas-personal-el-aseo-publico\/#primaryimage","url":"https:\/\/kuali.com.mx\/web\/wp-content\/uploads\/2023\/09\/LIMPIA-GUANAJUATO.jpeg","contentUrl":"https:\/\/kuali.com.mx\/web\/wp-content\/uploads\/2023\/09\/LIMPIA-GUANAJUATO.jpeg","width":1280,"height":850},{"@type":"BreadcrumbList","@id":"https:\/\/kuali.com.mx\/web\/2023\/09\/29\/reforzaran-con-mas-personal-el-aseo-publico\/#breadcrumb","itemListElement":[{"@type":"ListItem","position":1,"name":"Inicio","item":"https:\/\/kuali.com.mx\/web\/"},{"@type":"ListItem","position":2,"name":"REFORZAR\u00c1N CON M\u00c1S PERSONAL EL ASEO P\u00daBLICO"}]},{"@type":"WebSite","@id":"https:\/\/kuali.com.mx\/web\/#website","url":"https:\/\/kuali.com.mx\/web\/","name":"Kuali","description":"","potentialAction":[{"@type":"SearchAction","target":{"@type":"EntryPoint","urlTemplate":"https:\/\/kuali.com.mx\/web\/?s={search_term_string}"},"query-input":{"@type":"PropertyValueSpecification","valueRequired":true,"valueName":"search_term_string"}}],"inLanguage":"es"},{"@type":"Person","@id":"https:\/\/kuali.com.mx\/web\/#\/schema\/person\/6f89ffa8ecba9dae50662357923c5289","name":"Kuali Staff","image":{"@type":"ImageObject","inLanguage":"es","@id":"https:\/\/secure.gravatar.com\/avatar\/f917ad82e5ab71227a733c78b6e60715476f69ee6be59feee4eb5d9920c89e0f?s=96&d=mm&r=g","url":"https:\/\/secure.gravatar.com\/avatar\/f917ad82e5ab71227a733c78b6e60715476f69ee6be59feee4eb5d9920c89e0f?s=96&d=mm&r=g","contentUrl":"https:\/\/secure.gravatar.com\/avatar\/f917ad82e5ab71227a733c78b6e60715476f69ee6be59feee4eb5d9920c89e0f?s=96&d=mm&r=g","caption":"Kuali Staff"},"url":"https:\/\/kuali.com.mx\/web\/author\/lagarto\/"}]}},"_links":{"self":[{"href":"https:\/\/kuali.com.mx\/web\/wp-json\/wp\/v2\/posts\/127134","targetHints":{"allow":["GET"]}}],"collection":[{"href":"https:\/\/kuali.com.mx\/web\/wp-json\/wp\/v2\/posts"}],"about":[{"href":"https:\/\/kuali.com.mx\/web\/wp-json\/wp\/v2\/types\/post"}],"author":[{"embeddable":true,"href":"https:\/\/kuali.com.mx\/web\/wp-json\/wp\/v2\/users\/2"}],"replies":[{"embeddable":true,"href":"https:\/\/kuali.com.mx\/web\/wp-json\/wp\/v2\/comments?post=127134"}],"version-history":[{"count":1,"href":"https:\/\/kuali.com.mx\/web\/wp-json\/wp\/v2\/posts\/127134\/revisions"}],"predecessor-version":[{"id":127138,"href":"https:\/\/kuali.com.mx\/web\/wp-json\/wp\/v2\/posts\/127134\/revisions\/127138"}],"wp:featuredmedia":[{"embeddable":true,"href":"https:\/\/kuali.com.mx\/web\/wp-json\/wp\/v2\/media\/127137"}],"wp:attachment":[{"href":"https:\/\/kuali.com.mx\/web\/wp-json\/wp\/v2\/media?parent=127134"}],"wp:term":[{"taxonomy":"category","embeddable":true,"href":"https:\/\/kuali.com.mx\/web\/wp-json\/wp\/v2\/categories?post=127134"},{"taxonomy":"post_tag","embeddable":true,"href":"https:\/\/kuali.com.mx\/web\/wp-json\/wp\/v2\/tags?post=127134"}],"curies":[{"name":"wp","href":"https:\/\/api.w.org\/{rel}","templated":true}]}}