{"id":127121,"date":"2023-09-29T11:49:23","date_gmt":"2023-09-29T17:49:23","guid":{"rendered":"https:\/\/kuali.com.mx\/web\/?p=127121"},"modified":"2023-09-29T14:07:37","modified_gmt":"2023-09-29T20:07:37","slug":"si-pierde-sheffield-aceptara-resultados","status":"publish","type":"post","link":"https:\/\/kuali.com.mx\/web\/2023\/09\/29\/si-pierde-sheffield-aceptara-resultados\/","title":{"rendered":"SI PIERDE, SHEFFIELD ACEPTAR\u00c1 RESULTADOS"},"content":{"rendered":"\n<p><strong>Alicia Arias\/Ciudad de M\u00e9xico.- <\/strong>Ricardo Sheffield Padilla, uno de los cuatro aspirantes a coordinar los Comit\u00e9s de Defensa de la Cuarta Transformaci\u00f3n en Guanajuato, asegur\u00f3 que de no verse favorecido con la encuesta aceptar\u00e1 los resultados y se sumar\u00e1 a la campa\u00f1a de Claudia Sheinbaum Pardo. Ya no regresar\u00e1 a la Procuradur\u00eda Federal del Consumidor&nbsp; (Profeco).<\/p>\n\n\n\n<p>Este viernes, en conferencia de prensa, el exalcalde de Le\u00f3n y aspirante a la gubernatura del estado de Guanajuato, reiter\u00f3 que el pr\u00f3ximo martes ser\u00e1 el \u00faltimo d\u00eda que labore en la Profeco. Dependencia del gobierno que ha encabezado durante 4.5 a\u00f1os.<\/p>\n\n\n\n<p>En esta ocasi\u00f3n dejar\u00e1 el cargo de manera definitiva y no temporal, como cuando contendi\u00f3 por la alcald\u00eda de Le\u00f3n en el a\u00f1o 2021, cuando perdi\u00f3 ante la panista Alejandra Guti\u00e9rrez Campos.<\/p>\n\n\n\n<p><strong>Guanajuato vive el periodo gubernamental m\u00e1s oscuro<\/strong><\/p>\n\n\n\n<p>Ricardo Sheffield asegur\u00f3 que \u201cGuanajuato vive el periodo gubernamental m\u00e1s oscuro\u201d con una crisis de inseguridad, pobreza, corrupci\u00f3n, salud y econ\u00f3mica como resultado de 30 a\u00f1os de administraciones panistas.<\/p>\n\n\n\n<p>\u201cEs momento de cambiar de trinchera. Guanajuato vive una crisis de seguridad, econ\u00f3mica y de bienestar sin precedentes, es por eso que quiero encabezar la defensa de la transformaci\u00f3n en mi estado\u201d, dijo el todav\u00eda funcionario federal.<\/p>\n\n\n\n<p>\u201cLa f\u00f3rmula de los \u00faltimos 30 a\u00f1os ya es obsoleta y nos est\u00e1 llevando, en Guanajuato, al desastre\u201d, asegur\u00f3 al hacer referencia a los \u00edndices negativos que tiene la entidad.<\/p>\n\n\n\n<p>En el 2009 Guanajuato ten\u00eda una tasa de homicidios de 09 por cada 100 mil habitantes y en el 2022 lleg\u00f3 a 68 por cada 100 mil, m\u00e1s del doble que la media nacional; a ello se suman las miles de personas desaparecidas, los robos, asaltos, extorsiones y feminicidios que \u201cson igual de escalofriantes\u201d, dijo.<\/p>\n\n\n\n<p>Asegur\u00f3 que a Guanajuato la violencia le cuesta entre el 20 y el 29 por ciento del Producto Interno Bruto (PIB) de cada a\u00f1o, y que de ser un estado pujante hoy la econom\u00eda estatal pasa por un grave retroceso. Tan solo en el &nbsp;2022 capt\u00f3 12.69 por ciento menos inversi\u00f3n extranjera directa que en el 2021. \u201cEstamos sufriendo una desinversi\u00f3n. Se mueven las empresas a San Luis Potos\u00ed y a Quer\u00e9taro.\u201d<\/p>\n\n\n\n<p>En el primer trimestre del 2023 la producci\u00f3n de las actividades econ\u00f3micas primarias retrocedi\u00f3 7.4 por ciento, el servicio de la salud est\u00e1 abandonado y se vive la peor crisis de salud por adicciones \u201cque no est\u00e1n siendo atendidas de ninguna forma y que impacta directamente en la seguridad. Somos el estado con el mayor \u00edndice de adictos sin considerar el alcoholismo\u201d, afirm\u00f3.<\/p>\n\n\n\n<p>Adem\u00e1s, hizo \u00e9nfasis en que Guanajuato tiene la mayor tasa de desocupaci\u00f3n laboral en todo el baj\u00edo y el salario promedio estatal est\u00e1 por debajo de la media nacional, \u201calgo que no se hab\u00eda visto en d\u00e9cadas\u201d.<\/p>\n\n\n\n<p>En Le\u00f3n, donde fue alcalde del 2009 al 2012, se generan seis pobres cada hora y \u201clejos de generar progreso &nbsp;y de crear clase media la est\u00e1n destruyendo por completo. El gobierno del estado est\u00e1 empobreciendo al pueblo de Guanajuato\u201d, acus\u00f3 el morenista.<\/p>\n\n\n\n<p>Como aspirante a la candidatura de Morena, Ricardo Sheffield anunci\u00f3 que recorrer\u00e1 el estado de Guanajuato a partir de la pr\u00f3xima semana y lanz\u00f3 un llamado a los Partido del Trabajo (PT) y Verde Ecologista de M\u00e9xico (PVEM) para \u201chacer un lado cualquier diferencia y construir una gran alianza por el futuro\u201d.<\/p>\n\n\n\n<p>Esta es la segunda ocasi\u00f3n que el ex panista busca la gubernatura del estado. En el 2018 perdi\u00f3 como candidato de la coalici\u00f3n Juntos Haremos Historia (Morena-PT-PES).<\/p>\n\n\n\n<p>Junto con la senadora Antares V\u00e1zquez Alatorre, a la diputada local, Alma Alcaraz Hern\u00e1ndez y al director del Instituto para Devolverle al Pueblo lo Robado, Ernesto Prieto Ortega, Sheffield compite para ser el favorito de la encuesta mediante la cual Morena elegir\u00e1 su candidatura a la gubernatura.<\/p>\n\n\n\n<p>Si no gana la encuesta, aceptar\u00e1 el resultado, se sumar\u00e1 a quien resulte ganador o ganadora, y no regresar\u00e1 a dirigir la Profeco porque se ir\u00e1 a la campa\u00f1a de la coordinadora nacional de los Comit\u00e9s de Defensa de la Cuarta Transformaci\u00f3n.<\/p>\n","protected":false},"excerpt":{"rendered":"Alicia Arias\/Ciudad de M\u00e9xico.- Ricardo Sheffield Padilla, uno de los cuatro aspirantes a coordinar los Comit\u00e9s de Defensa de la Cuarta Transformaci\u00f3n en Guanajuato, asegur\u00f3 que de no verse favorecido con la encuesta aceptar\u00e1 los resultados y se sumar\u00e1 a la campa\u00f1a de Claudia Sheinbaum Pardo. Ya no regresar\u00e1 a la Procuradur\u00eda Federal del Consumidor&nbsp; [&hellip;]","protected":false},"author":2,"featured_media":127124,"comment_status":"open","ping_status":"open","sticky":false,"template":"","format":"standard","meta":{"_seopress_robots_primary_cat":"none","_seopress_titles_title":"","_seopress_titles_desc":"","_seopress_robots_index":"","_monsterinsights_skip_tracking":false,"_monsterinsights_sitenote_active":false,"_monsterinsights_sitenote_note":"","_monsterinsights_sitenote_category":0,"footnotes":""},"categories":[3],"tags":[587,9,83,437,576,1600],"class_list":["post-127121","post","type-post","status-publish","format-standard","has-post-thumbnail","hentry","category-politica","tag-adicciones","tag-guanajuato","tag-homicidios","tag-morena","tag-pobreza","tag-sheffield"],"yoast_head":"<!-- This site is optimized with the Yoast SEO plugin v27.4 - https:\/\/yoast.com\/product\/yoast-seo-wordpress\/ -->\n<title>SI PIERDE, SHEFFIELD ACEPTAR\u00c1 RESULTADOS - Kuali<\/title>\n<meta name=\"robots\" content=\"index, follow, max-snippet:-1, max-image-preview:large, max-video-preview:-1\" \/>\n<link rel=\"canonical\" href=\"https:\/\/kuali.com.mx\/web\/2023\/09\/29\/si-pierde-sheffield-aceptara-resultados\/\" \/>\n<meta property=\"og:locale\" content=\"es_MX\" \/>\n<meta property=\"og:type\" content=\"article\" \/>\n<meta property=\"og:title\" content=\"SI PIERDE, SHEFFIELD ACEPTAR\u00c1 RESULTADOS - Kuali\" \/>\n<meta property=\"og:description\" content=\"Alicia Arias\/Ciudad de M\u00e9xico.- Ricardo Sheffield Padilla, uno de los cuatro aspirantes a coordinar los Comit\u00e9s de Defensa de la Cuarta Transformaci\u00f3n en Guanajuato, asegur\u00f3 que de no verse favorecido con la encuesta aceptar\u00e1 los resultados y se sumar\u00e1 a la campa\u00f1a de Claudia Sheinbaum Pardo. Ya no regresar\u00e1 a la Procuradur\u00eda Federal del Consumidor&nbsp; [&hellip;]\" \/>\n<meta property=\"og:url\" content=\"https:\/\/kuali.com.mx\/web\/2023\/09\/29\/si-pierde-sheffield-aceptara-resultados\/\" \/>\n<meta property=\"og:site_name\" content=\"Kuali\" \/>\n<meta property=\"article:publisher\" content=\"https:\/\/kuali.com.mx\/web\/wp-content\/uploads\/2018\/04\/cropped-kuali_logo-1-1.png\" \/>\n<meta property=\"article:published_time\" content=\"2023-09-29T17:49:23+00:00\" \/>\n<meta property=\"article:modified_time\" content=\"2023-09-29T20:07:37+00:00\" \/>\n<meta property=\"og:image\" content=\"https:\/\/kuali.com.mx\/web\/wp-content\/uploads\/2023\/09\/Ricardo-Sheffield.gif\" \/>\n\t<meta property=\"og:image:width\" content=\"1700\" \/>\n\t<meta property=\"og:image:height\" content=\"750\" \/>\n\t<meta property=\"og:image:type\" content=\"image\/gif\" \/>\n<meta name=\"author\" content=\"Kuali Staff\" \/>\n<meta name=\"twitter:card\" content=\"summary_large_image\" \/>\n<meta name=\"twitter:creator\" content=\"@kuali_noticias\" \/>\n<meta name=\"twitter:site\" content=\"@kuali_noticias\" \/>\n<meta name=\"twitter:label1\" content=\"Escrito por\" \/>\n\t<meta name=\"twitter:data1\" content=\"Kuali Staff\" \/>\n\t<meta name=\"twitter:label2\" content=\"Tiempo de lectura\" \/>\n\t<meta name=\"twitter:data2\" content=\"4 minutos\" \/>\n<script type=\"application\/ld+json\" class=\"yoast-schema-graph\">{\"@context\":\"https:\\\/\\\/schema.org\",\"@graph\":[{\"@type\":\"Article\",\"@id\":\"https:\\\/\\\/kuali.com.mx\\\/web\\\/2023\\\/09\\\/29\\\/si-pierde-sheffield-aceptara-resultados\\\/#article\",\"isPartOf\":{\"@id\":\"https:\\\/\\\/kuali.com.mx\\\/web\\\/2023\\\/09\\\/29\\\/si-pierde-sheffield-aceptara-resultados\\\/\"},\"author\":{\"name\":\"Kuali Staff\",\"@id\":\"https:\\\/\\\/kuali.com.mx\\\/web\\\/#\\\/schema\\\/person\\\/6f89ffa8ecba9dae50662357923c5289\"},\"headline\":\"SI PIERDE, SHEFFIELD ACEPTAR\u00c1 RESULTADOS\",\"datePublished\":\"2023-09-29T17:49:23+00:00\",\"dateModified\":\"2023-09-29T20:07:37+00:00\",\"mainEntityOfPage\":{\"@id\":\"https:\\\/\\\/kuali.com.mx\\\/web\\\/2023\\\/09\\\/29\\\/si-pierde-sheffield-aceptara-resultados\\\/\"},\"wordCount\":711,\"commentCount\":0,\"image\":{\"@id\":\"https:\\\/\\\/kuali.com.mx\\\/web\\\/2023\\\/09\\\/29\\\/si-pierde-sheffield-aceptara-resultados\\\/#primaryimage\"},\"thumbnailUrl\":\"https:\\\/\\\/kuali.com.mx\\\/web\\\/wp-content\\\/uploads\\\/2023\\\/09\\\/Ricardo-Sheffield.gif\",\"keywords\":[\"Adicciones\",\"Guanajuato\",\"homicidios\",\"Morena\",\"Pobreza\",\"Sheffield\"],\"articleSection\":[\"Pol\u00edtica\"],\"inLanguage\":\"es\",\"potentialAction\":[{\"@type\":\"CommentAction\",\"name\":\"Comment\",\"target\":[\"https:\\\/\\\/kuali.com.mx\\\/web\\\/2023\\\/09\\\/29\\\/si-pierde-sheffield-aceptara-resultados\\\/#respond\"]}]},{\"@type\":\"WebPage\",\"@id\":\"https:\\\/\\\/kuali.com.mx\\\/web\\\/2023\\\/09\\\/29\\\/si-pierde-sheffield-aceptara-resultados\\\/\",\"url\":\"https:\\\/\\\/kuali.com.mx\\\/web\\\/2023\\\/09\\\/29\\\/si-pierde-sheffield-aceptara-resultados\\\/\",\"name\":\"SI PIERDE, SHEFFIELD ACEPTAR\u00c1 RESULTADOS - Kuali\",\"isPartOf\":{\"@id\":\"https:\\\/\\\/kuali.com.mx\\\/web\\\/#website\"},\"primaryImageOfPage\":{\"@id\":\"https:\\\/\\\/kuali.com.mx\\\/web\\\/2023\\\/09\\\/29\\\/si-pierde-sheffield-aceptara-resultados\\\/#primaryimage\"},\"image\":{\"@id\":\"https:\\\/\\\/kuali.com.mx\\\/web\\\/2023\\\/09\\\/29\\\/si-pierde-sheffield-aceptara-resultados\\\/#primaryimage\"},\"thumbnailUrl\":\"https:\\\/\\\/kuali.com.mx\\\/web\\\/wp-content\\\/uploads\\\/2023\\\/09\\\/Ricardo-Sheffield.gif\",\"datePublished\":\"2023-09-29T17:49:23+00:00\",\"dateModified\":\"2023-09-29T20:07:37+00:00\",\"author\":{\"@id\":\"https:\\\/\\\/kuali.com.mx\\\/web\\\/#\\\/schema\\\/person\\\/6f89ffa8ecba9dae50662357923c5289\"},\"breadcrumb\":{\"@id\":\"https:\\\/\\\/kuali.com.mx\\\/web\\\/2023\\\/09\\\/29\\\/si-pierde-sheffield-aceptara-resultados\\\/#breadcrumb\"},\"inLanguage\":\"es\",\"potentialAction\":[{\"@type\":\"ReadAction\",\"target\":[\"https:\\\/\\\/kuali.com.mx\\\/web\\\/2023\\\/09\\\/29\\\/si-pierde-sheffield-aceptara-resultados\\\/\"]}]},{\"@type\":\"ImageObject\",\"inLanguage\":\"es\",\"@id\":\"https:\\\/\\\/kuali.com.mx\\\/web\\\/2023\\\/09\\\/29\\\/si-pierde-sheffield-aceptara-resultados\\\/#primaryimage\",\"url\":\"https:\\\/\\\/kuali.com.mx\\\/web\\\/wp-content\\\/uploads\\\/2023\\\/09\\\/Ricardo-Sheffield.gif\",\"contentUrl\":\"https:\\\/\\\/kuali.com.mx\\\/web\\\/wp-content\\\/uploads\\\/2023\\\/09\\\/Ricardo-Sheffield.gif\",\"width\":1700,\"height\":750},{\"@type\":\"BreadcrumbList\",\"@id\":\"https:\\\/\\\/kuali.com.mx\\\/web\\\/2023\\\/09\\\/29\\\/si-pierde-sheffield-aceptara-resultados\\\/#breadcrumb\",\"itemListElement\":[{\"@type\":\"ListItem\",\"position\":1,\"name\":\"Inicio\",\"item\":\"https:\\\/\\\/kuali.com.mx\\\/web\\\/\"},{\"@type\":\"ListItem\",\"position\":2,\"name\":\"SI PIERDE, SHEFFIELD ACEPTAR\u00c1 RESULTADOS\"}]},{\"@type\":\"WebSite\",\"@id\":\"https:\\\/\\\/kuali.com.mx\\\/web\\\/#website\",\"url\":\"https:\\\/\\\/kuali.com.mx\\\/web\\\/\",\"name\":\"Kuali\",\"description\":\"\",\"potentialAction\":[{\"@type\":\"SearchAction\",\"target\":{\"@type\":\"EntryPoint\",\"urlTemplate\":\"https:\\\/\\\/kuali.com.mx\\\/web\\\/?s={search_term_string}\"},\"query-input\":{\"@type\":\"PropertyValueSpecification\",\"valueRequired\":true,\"valueName\":\"search_term_string\"}}],\"inLanguage\":\"es\"},{\"@type\":\"Person\",\"@id\":\"https:\\\/\\\/kuali.com.mx\\\/web\\\/#\\\/schema\\\/person\\\/6f89ffa8ecba9dae50662357923c5289\",\"name\":\"Kuali Staff\",\"image\":{\"@type\":\"ImageObject\",\"inLanguage\":\"es\",\"@id\":\"https:\\\/\\\/secure.gravatar.com\\\/avatar\\\/f917ad82e5ab71227a733c78b6e60715476f69ee6be59feee4eb5d9920c89e0f?s=96&d=mm&r=g\",\"url\":\"https:\\\/\\\/secure.gravatar.com\\\/avatar\\\/f917ad82e5ab71227a733c78b6e60715476f69ee6be59feee4eb5d9920c89e0f?s=96&d=mm&r=g\",\"contentUrl\":\"https:\\\/\\\/secure.gravatar.com\\\/avatar\\\/f917ad82e5ab71227a733c78b6e60715476f69ee6be59feee4eb5d9920c89e0f?s=96&d=mm&r=g\",\"caption\":\"Kuali Staff\"},\"url\":\"https:\\\/\\\/kuali.com.mx\\\/web\\\/author\\\/lagarto\\\/\"}]}<\/script>\n<!-- \/ Yoast SEO plugin. -->","yoast_head_json":{"title":"SI PIERDE, SHEFFIELD ACEPTAR\u00c1 RESULTADOS - Kuali","robots":{"index":"index","follow":"follow","max-snippet":"max-snippet:-1","max-image-preview":"max-image-preview:large","max-video-preview":"max-video-preview:-1"},"canonical":"https:\/\/kuali.com.mx\/web\/2023\/09\/29\/si-pierde-sheffield-aceptara-resultados\/","og_locale":"es_MX","og_type":"article","og_title":"SI PIERDE, SHEFFIELD ACEPTAR\u00c1 RESULTADOS - Kuali","og_description":"Alicia Arias\/Ciudad de M\u00e9xico.- Ricardo Sheffield Padilla, uno de los cuatro aspirantes a coordinar los Comit\u00e9s de Defensa de la Cuarta Transformaci\u00f3n en Guanajuato, asegur\u00f3 que de no verse favorecido con la encuesta aceptar\u00e1 los resultados y se sumar\u00e1 a la campa\u00f1a de Claudia Sheinbaum Pardo. Ya no regresar\u00e1 a la Procuradur\u00eda Federal del Consumidor&nbsp; [&hellip;]","og_url":"https:\/\/kuali.com.mx\/web\/2023\/09\/29\/si-pierde-sheffield-aceptara-resultados\/","og_site_name":"Kuali","article_publisher":"https:\/\/kuali.com.mx\/web\/wp-content\/uploads\/2018\/04\/cropped-kuali_logo-1-1.png","article_published_time":"2023-09-29T17:49:23+00:00","article_modified_time":"2023-09-29T20:07:37+00:00","og_image":[{"width":1700,"height":750,"url":"https:\/\/kuali.com.mx\/web\/wp-content\/uploads\/2023\/09\/Ricardo-Sheffield.gif","type":"image\/gif"}],"author":"Kuali Staff","twitter_card":"summary_large_image","twitter_creator":"@kuali_noticias","twitter_site":"@kuali_noticias","twitter_misc":{"Escrito por":"Kuali Staff","Tiempo de lectura":"4 minutos"},"schema":{"@context":"https:\/\/schema.org","@graph":[{"@type":"Article","@id":"https:\/\/kuali.com.mx\/web\/2023\/09\/29\/si-pierde-sheffield-aceptara-resultados\/#article","isPartOf":{"@id":"https:\/\/kuali.com.mx\/web\/2023\/09\/29\/si-pierde-sheffield-aceptara-resultados\/"},"author":{"name":"Kuali Staff","@id":"https:\/\/kuali.com.mx\/web\/#\/schema\/person\/6f89ffa8ecba9dae50662357923c5289"},"headline":"SI PIERDE, SHEFFIELD ACEPTAR\u00c1 RESULTADOS","datePublished":"2023-09-29T17:49:23+00:00","dateModified":"2023-09-29T20:07:37+00:00","mainEntityOfPage":{"@id":"https:\/\/kuali.com.mx\/web\/2023\/09\/29\/si-pierde-sheffield-aceptara-resultados\/"},"wordCount":711,"commentCount":0,"image":{"@id":"https:\/\/kuali.com.mx\/web\/2023\/09\/29\/si-pierde-sheffield-aceptara-resultados\/#primaryimage"},"thumbnailUrl":"https:\/\/kuali.com.mx\/web\/wp-content\/uploads\/2023\/09\/Ricardo-Sheffield.gif","keywords":["Adicciones","Guanajuato","homicidios","Morena","Pobreza","Sheffield"],"articleSection":["Pol\u00edtica"],"inLanguage":"es","potentialAction":[{"@type":"CommentAction","name":"Comment","target":["https:\/\/kuali.com.mx\/web\/2023\/09\/29\/si-pierde-sheffield-aceptara-resultados\/#respond"]}]},{"@type":"WebPage","@id":"https:\/\/kuali.com.mx\/web\/2023\/09\/29\/si-pierde-sheffield-aceptara-resultados\/","url":"https:\/\/kuali.com.mx\/web\/2023\/09\/29\/si-pierde-sheffield-aceptara-resultados\/","name":"SI PIERDE, SHEFFIELD ACEPTAR\u00c1 RESULTADOS - Kuali","isPartOf":{"@id":"https:\/\/kuali.com.mx\/web\/#website"},"primaryImageOfPage":{"@id":"https:\/\/kuali.com.mx\/web\/2023\/09\/29\/si-pierde-sheffield-aceptara-resultados\/#primaryimage"},"image":{"@id":"https:\/\/kuali.com.mx\/web\/2023\/09\/29\/si-pierde-sheffield-aceptara-resultados\/#primaryimage"},"thumbnailUrl":"https:\/\/kuali.com.mx\/web\/wp-content\/uploads\/2023\/09\/Ricardo-Sheffield.gif","datePublished":"2023-09-29T17:49:23+00:00","dateModified":"2023-09-29T20:07:37+00:00","author":{"@id":"https:\/\/kuali.com.mx\/web\/#\/schema\/person\/6f89ffa8ecba9dae50662357923c5289"},"breadcrumb":{"@id":"https:\/\/kuali.com.mx\/web\/2023\/09\/29\/si-pierde-sheffield-aceptara-resultados\/#breadcrumb"},"inLanguage":"es","potentialAction":[{"@type":"ReadAction","target":["https:\/\/kuali.com.mx\/web\/2023\/09\/29\/si-pierde-sheffield-aceptara-resultados\/"]}]},{"@type":"ImageObject","inLanguage":"es","@id":"https:\/\/kuali.com.mx\/web\/2023\/09\/29\/si-pierde-sheffield-aceptara-resultados\/#primaryimage","url":"https:\/\/kuali.com.mx\/web\/wp-content\/uploads\/2023\/09\/Ricardo-Sheffield.gif","contentUrl":"https:\/\/kuali.com.mx\/web\/wp-content\/uploads\/2023\/09\/Ricardo-Sheffield.gif","width":1700,"height":750},{"@type":"BreadcrumbList","@id":"https:\/\/kuali.com.mx\/web\/2023\/09\/29\/si-pierde-sheffield-aceptara-resultados\/#breadcrumb","itemListElement":[{"@type":"ListItem","position":1,"name":"Inicio","item":"https:\/\/kuali.com.mx\/web\/"},{"@type":"ListItem","position":2,"name":"SI PIERDE, SHEFFIELD ACEPTAR\u00c1 RESULTADOS"}]},{"@type":"WebSite","@id":"https:\/\/kuali.com.mx\/web\/#website","url":"https:\/\/kuali.com.mx\/web\/","name":"Kuali","description":"","potentialAction":[{"@type":"SearchAction","target":{"@type":"EntryPoint","urlTemplate":"https:\/\/kuali.com.mx\/web\/?s={search_term_string}"},"query-input":{"@type":"PropertyValueSpecification","valueRequired":true,"valueName":"search_term_string"}}],"inLanguage":"es"},{"@type":"Person","@id":"https:\/\/kuali.com.mx\/web\/#\/schema\/person\/6f89ffa8ecba9dae50662357923c5289","name":"Kuali Staff","image":{"@type":"ImageObject","inLanguage":"es","@id":"https:\/\/secure.gravatar.com\/avatar\/f917ad82e5ab71227a733c78b6e60715476f69ee6be59feee4eb5d9920c89e0f?s=96&d=mm&r=g","url":"https:\/\/secure.gravatar.com\/avatar\/f917ad82e5ab71227a733c78b6e60715476f69ee6be59feee4eb5d9920c89e0f?s=96&d=mm&r=g","contentUrl":"https:\/\/secure.gravatar.com\/avatar\/f917ad82e5ab71227a733c78b6e60715476f69ee6be59feee4eb5d9920c89e0f?s=96&d=mm&r=g","caption":"Kuali Staff"},"url":"https:\/\/kuali.com.mx\/web\/author\/lagarto\/"}]}},"_links":{"self":[{"href":"https:\/\/kuali.com.mx\/web\/wp-json\/wp\/v2\/posts\/127121","targetHints":{"allow":["GET"]}}],"collection":[{"href":"https:\/\/kuali.com.mx\/web\/wp-json\/wp\/v2\/posts"}],"about":[{"href":"https:\/\/kuali.com.mx\/web\/wp-json\/wp\/v2\/types\/post"}],"author":[{"embeddable":true,"href":"https:\/\/kuali.com.mx\/web\/wp-json\/wp\/v2\/users\/2"}],"replies":[{"embeddable":true,"href":"https:\/\/kuali.com.mx\/web\/wp-json\/wp\/v2\/comments?post=127121"}],"version-history":[{"count":3,"href":"https:\/\/kuali.com.mx\/web\/wp-json\/wp\/v2\/posts\/127121\/revisions"}],"predecessor-version":[{"id":127132,"href":"https:\/\/kuali.com.mx\/web\/wp-json\/wp\/v2\/posts\/127121\/revisions\/127132"}],"wp:featuredmedia":[{"embeddable":true,"href":"https:\/\/kuali.com.mx\/web\/wp-json\/wp\/v2\/media\/127124"}],"wp:attachment":[{"href":"https:\/\/kuali.com.mx\/web\/wp-json\/wp\/v2\/media?parent=127121"}],"wp:term":[{"taxonomy":"category","embeddable":true,"href":"https:\/\/kuali.com.mx\/web\/wp-json\/wp\/v2\/categories?post=127121"},{"taxonomy":"post_tag","embeddable":true,"href":"https:\/\/kuali.com.mx\/web\/wp-json\/wp\/v2\/tags?post=127121"}],"curies":[{"name":"wp","href":"https:\/\/api.w.org\/{rel}","templated":true}]}}