{"id":127111,"date":"2023-09-29T11:58:12","date_gmt":"2023-09-29T17:58:12","guid":{"rendered":"https:\/\/kuali.com.mx\/web\/?p=127111"},"modified":"2023-09-29T11:58:33","modified_gmt":"2023-09-29T17:58:33","slug":"ofrecen-disculpas-a-mujeres-victimas-de-represion-policiaca","status":"publish","type":"post","link":"https:\/\/kuali.com.mx\/web\/2023\/09\/29\/ofrecen-disculpas-a-mujeres-victimas-de-represion-policiaca\/","title":{"rendered":"OFRECEN DISCULPAS A MUJERES V\u00cdCTIMAS DE REPRESI\u00d3N POLICIACA"},"content":{"rendered":"\n<p><strong><em>Carlos Garc\u00eda\/Le\u00f3n, Gto.-<\/em><\/strong> La alcaldesa de Le\u00f3n, Alejandra Guti\u00e9rrez Campos; y el secretario de Seguridad P\u00fablica, Mario Bravo Arrona, ofrecieron una disculpa p\u00fablica a las 29 mujeres arrestadas y a las cuatro periodistas que fueron agredidas por polic\u00edas, durante una manifestaci\u00f3n realizada por el abuso sexual que sufri\u00f3 Evelyn por parte de dos oficiales.<\/p>\n\n\n\n<p>Al final del evento, algunas de las mujeres, que fueron agredidas, lamentaron que se ofrezca la disculpa despu\u00e9s de tres a\u00f1os de que ocurrieron los abusos, en el gobierno del alcalde (2018-2021) H\u00e9ctor L\u00f3pez Santillana.<\/p>\n\n\n\n<p>El s\u00e1bado 22 de agosto del 2020, mujeres polic\u00edas golpearon, amenazaron y arrestaron a 29 mujeres que se manifestaron contra el acoso sexual y los tocamientos que sufri\u00f3 Evelyn por dos oficiales, el 15 de agosto del 2020. La agresi\u00f3n se registr\u00f3 en la plaza del Templo Expiatorio, cuando la joven hab\u00eda salido de antro.<\/p>\n\n\n\n<p>Las periodistas Alfonsina \u00c1vila, Melissa Esquivias, Martha Silva y Brenda Orozco&nbsp;tambi\u00e9n fueron agredidas cuando documentaban los arrestos.<\/p>\n\n\n\n<p>\u201cLos hechos fueron investigados por la Procuradur\u00eda de los Derechos Humanos de Guanajuato y se determin\u00f3 la responsabilidad de las personas servidoras p\u00fablicas que participaron en las detenciones arbitrarias en contra de 29 personas, el 22 de agosto del 2020, y obstaculizaron por medio de la violencia la labor de 4 periodistas, emiti\u00e9ndose recomendaciones que fueron aceptadas\u201d, record\u00f3 la presidenta municipal.<\/p>\n\n\n\n<p>Resalt\u00f3 que los abusos ocurrieron en la administraci\u00f3n pasada, pero por la responsabilidad institucional y en representaci\u00f3n del &nbsp;Ayuntamiento de Le\u00f3n emit\u00eda la disculpa p\u00fablica.<\/p>\n\n\n\n<p>\u201cLibertad Reyes, \u00c1frica Torres, Sof\u00eda Ram\u00edrez, Enya Luna, Pati Luna, Paola Escalante, Alfonsina \u00c1vila, Martha Silva Moreno, Melissa Esquivias, as\u00ed como a todas aquellas personas que se vieron afectadas, ofrezco disculpa p\u00fablica y les reitero que reprobamos en su expresi\u00f3n m\u00e1s amplia el actuar de las personas integrantes de la Secretar\u00eda de Seguridad P\u00fablica que participaron en la detenci\u00f3n y violentaron sus derechos humanos\u201d, expuso en la plaza del templo Expiatorio.<\/p>\n\n\n\n<p>Agreg\u00f3 que uno de los compromisos principales del gobierno es el irrestricto e incondicional respeto, garant\u00eda, protecci\u00f3n y promoci\u00f3n de los derechos humanos y la libertad del ejercicio period\u00edstico.<\/p>\n\n\n\n<p>\u201cReitero a ustedes nuestro compromiso de realizar todas las acciones a nuestro alcance, para que las personas integrantes de los cuerpos de seguridad no repitan este tipo de actos con ninguna mujer y que se sientan seguras en cualquier espacio\u201d, manifest\u00f3 Guti\u00e9rrez Campos.<\/p>\n\n\n\n<p>La protesta fortalece la vida democr\u00e1tica de la sociedad, enfatiz\u00f3 la alcaldesa.<\/p>\n\n\n\n<p>\u201cRepruebo de la manera m\u00e1s contundente el actuar de las personas integrantes de la Secretar\u00eda de Seguridad P\u00fablica que participaron en la detenci\u00f3n y violentaron sus derechos humanos, que en ese momento estuvieron bajo las \u00f3rdenes de Mario Rodr\u00edguez Mariscal, otrora subsecretario de Atenci\u00f3n a la Comunidad y de Jorge Guill\u00e9n Rico, entonces director General de Polic\u00eda\u201d, expuso el secretario de Seguridad, Mario Bravo.<\/p>\n\n\n\n<p>Las mujeres que asistieron a la disculpa calificaron de \u201cdecepcionante\u201d quese emitiera tres a\u00f1os despu\u00e9s de las agresiones, lamentaron que los abusos policiacos contin\u00faen y consideraron que la disculpa fue \u201crevictimizante\u201d.<\/p>\n\n\n\n<p>Por la represi\u00f3n contra las manifestantes, la Procuradur\u00eda de los Derechos Humanos del Estado de Guanajuato (Prodheg), recomend\u00f3 -en febrero del 2021- &nbsp;a Mario Bravo que sancionar\u00e1 al director de la Polic\u00eda, Jorge Guill\u00e9n Rico; al sub secretario de Atenci\u00f3n a la Comunidad, Mario Alberto Rodr\u00edguez Mariscal, as\u00ed como a los oficiales, &nbsp;Juan Pedro Gonz\u00e1lez P\u00e9rez, Sandra Erika Hern\u00e1ndez Calvillo y Paulin Ramiro Granados Aguirre, quienes \u201cestuvieron al mando del operativo\u201d.<\/p>\n\n\n\n<p>La Prodheg no solicit\u00f3 la emisi\u00f3n de una disculpa p\u00fablica, pero se acord\u00f3, entre las v\u00edctimas y las autoridades, como parte de la reparaci\u00f3n integral del da\u00f1o.<\/p>\n","protected":false},"excerpt":{"rendered":"Carlos Garc\u00eda\/Le\u00f3n, Gto.- La alcaldesa de Le\u00f3n, Alejandra Guti\u00e9rrez Campos; y el secretario de Seguridad P\u00fablica, Mario Bravo Arrona, ofrecieron una disculpa p\u00fablica a las 29 mujeres arrestadas y a las cuatro periodistas que fueron agredidas por polic\u00edas, durante una manifestaci\u00f3n realizada por el abuso sexual que sufri\u00f3 Evelyn por parte de dos oficiales. Al [&hellip;]","protected":false},"author":2,"featured_media":127114,"comment_status":"open","ping_status":"open","sticky":false,"template":"","format":"standard","meta":{"_seopress_robots_primary_cat":"none","_seopress_titles_title":"","_seopress_titles_desc":"","_seopress_robots_index":"","_monsterinsights_skip_tracking":false,"_monsterinsights_sitenote_active":false,"_monsterinsights_sitenote_note":"","_monsterinsights_sitenote_category":0,"footnotes":""},"categories":[14,69],"tags":[],"class_list":["post-127111","post","type-post","status-publish","format-standard","has-post-thumbnail","hentry","category-derechos","category-slider"],"yoast_head":"<!-- This site is optimized with the Yoast SEO plugin v27.4 - https:\/\/yoast.com\/product\/yoast-seo-wordpress\/ -->\n<title>OFRECEN DISCULPAS A MUJERES V\u00cdCTIMAS DE REPRESI\u00d3N POLICIACA - Kuali<\/title>\n<meta name=\"robots\" content=\"index, follow, max-snippet:-1, max-image-preview:large, max-video-preview:-1\" \/>\n<link rel=\"canonical\" href=\"https:\/\/kuali.com.mx\/web\/2023\/09\/29\/ofrecen-disculpas-a-mujeres-victimas-de-represion-policiaca\/\" \/>\n<meta property=\"og:locale\" content=\"es_MX\" \/>\n<meta property=\"og:type\" content=\"article\" \/>\n<meta property=\"og:title\" content=\"OFRECEN DISCULPAS A MUJERES V\u00cdCTIMAS DE REPRESI\u00d3N POLICIACA - Kuali\" \/>\n<meta property=\"og:description\" content=\"Carlos Garc\u00eda\/Le\u00f3n, Gto.- La alcaldesa de Le\u00f3n, Alejandra Guti\u00e9rrez Campos; y el secretario de Seguridad P\u00fablica, Mario Bravo Arrona, ofrecieron una disculpa p\u00fablica a las 29 mujeres arrestadas y a las cuatro periodistas que fueron agredidas por polic\u00edas, durante una manifestaci\u00f3n realizada por el abuso sexual que sufri\u00f3 Evelyn por parte de dos oficiales. Al [&hellip;]\" \/>\n<meta property=\"og:url\" content=\"https:\/\/kuali.com.mx\/web\/2023\/09\/29\/ofrecen-disculpas-a-mujeres-victimas-de-represion-policiaca\/\" \/>\n<meta property=\"og:site_name\" content=\"Kuali\" \/>\n<meta property=\"article:publisher\" content=\"https:\/\/kuali.com.mx\/web\/wp-content\/uploads\/2018\/04\/cropped-kuali_logo-1-1.png\" \/>\n<meta property=\"article:published_time\" content=\"2023-09-29T17:58:12+00:00\" \/>\n<meta property=\"article:modified_time\" content=\"2023-09-29T17:58:33+00:00\" \/>\n<meta property=\"og:image\" content=\"https:\/\/kuali.com.mx\/web\/wp-content\/uploads\/2023\/09\/Alejandra-disculpa-mujeres.jpeg\" \/>\n\t<meta property=\"og:image:width\" content=\"1778\" \/>\n\t<meta property=\"og:image:height\" content=\"750\" \/>\n\t<meta property=\"og:image:type\" content=\"image\/jpeg\" \/>\n<meta name=\"author\" content=\"Kuali Staff\" \/>\n<meta name=\"twitter:card\" content=\"summary_large_image\" \/>\n<meta name=\"twitter:creator\" content=\"@kuali_noticias\" \/>\n<meta name=\"twitter:site\" content=\"@kuali_noticias\" \/>\n<meta name=\"twitter:label1\" content=\"Escrito por\" \/>\n\t<meta name=\"twitter:data1\" content=\"Kuali Staff\" \/>\n\t<meta name=\"twitter:label2\" content=\"Tiempo de lectura\" \/>\n\t<meta name=\"twitter:data2\" content=\"3 minutos\" \/>\n<script type=\"application\/ld+json\" class=\"yoast-schema-graph\">{\"@context\":\"https:\\\/\\\/schema.org\",\"@graph\":[{\"@type\":\"Article\",\"@id\":\"https:\\\/\\\/kuali.com.mx\\\/web\\\/2023\\\/09\\\/29\\\/ofrecen-disculpas-a-mujeres-victimas-de-represion-policiaca\\\/#article\",\"isPartOf\":{\"@id\":\"https:\\\/\\\/kuali.com.mx\\\/web\\\/2023\\\/09\\\/29\\\/ofrecen-disculpas-a-mujeres-victimas-de-represion-policiaca\\\/\"},\"author\":{\"name\":\"Kuali Staff\",\"@id\":\"https:\\\/\\\/kuali.com.mx\\\/web\\\/#\\\/schema\\\/person\\\/6f89ffa8ecba9dae50662357923c5289\"},\"headline\":\"OFRECEN DISCULPAS A MUJERES V\u00cdCTIMAS DE REPRESI\u00d3N POLICIACA\",\"datePublished\":\"2023-09-29T17:58:12+00:00\",\"dateModified\":\"2023-09-29T17:58:33+00:00\",\"mainEntityOfPage\":{\"@id\":\"https:\\\/\\\/kuali.com.mx\\\/web\\\/2023\\\/09\\\/29\\\/ofrecen-disculpas-a-mujeres-victimas-de-represion-policiaca\\\/\"},\"wordCount\":666,\"commentCount\":0,\"image\":{\"@id\":\"https:\\\/\\\/kuali.com.mx\\\/web\\\/2023\\\/09\\\/29\\\/ofrecen-disculpas-a-mujeres-victimas-de-represion-policiaca\\\/#primaryimage\"},\"thumbnailUrl\":\"https:\\\/\\\/kuali.com.mx\\\/web\\\/wp-content\\\/uploads\\\/2023\\\/09\\\/Alejandra-disculpa-mujeres.jpeg\",\"articleSection\":[\"Derechos Humanos\",\"slider\"],\"inLanguage\":\"es\",\"potentialAction\":[{\"@type\":\"CommentAction\",\"name\":\"Comment\",\"target\":[\"https:\\\/\\\/kuali.com.mx\\\/web\\\/2023\\\/09\\\/29\\\/ofrecen-disculpas-a-mujeres-victimas-de-represion-policiaca\\\/#respond\"]}]},{\"@type\":\"WebPage\",\"@id\":\"https:\\\/\\\/kuali.com.mx\\\/web\\\/2023\\\/09\\\/29\\\/ofrecen-disculpas-a-mujeres-victimas-de-represion-policiaca\\\/\",\"url\":\"https:\\\/\\\/kuali.com.mx\\\/web\\\/2023\\\/09\\\/29\\\/ofrecen-disculpas-a-mujeres-victimas-de-represion-policiaca\\\/\",\"name\":\"OFRECEN DISCULPAS A MUJERES V\u00cdCTIMAS DE REPRESI\u00d3N POLICIACA - Kuali\",\"isPartOf\":{\"@id\":\"https:\\\/\\\/kuali.com.mx\\\/web\\\/#website\"},\"primaryImageOfPage\":{\"@id\":\"https:\\\/\\\/kuali.com.mx\\\/web\\\/2023\\\/09\\\/29\\\/ofrecen-disculpas-a-mujeres-victimas-de-represion-policiaca\\\/#primaryimage\"},\"image\":{\"@id\":\"https:\\\/\\\/kuali.com.mx\\\/web\\\/2023\\\/09\\\/29\\\/ofrecen-disculpas-a-mujeres-victimas-de-represion-policiaca\\\/#primaryimage\"},\"thumbnailUrl\":\"https:\\\/\\\/kuali.com.mx\\\/web\\\/wp-content\\\/uploads\\\/2023\\\/09\\\/Alejandra-disculpa-mujeres.jpeg\",\"datePublished\":\"2023-09-29T17:58:12+00:00\",\"dateModified\":\"2023-09-29T17:58:33+00:00\",\"author\":{\"@id\":\"https:\\\/\\\/kuali.com.mx\\\/web\\\/#\\\/schema\\\/person\\\/6f89ffa8ecba9dae50662357923c5289\"},\"breadcrumb\":{\"@id\":\"https:\\\/\\\/kuali.com.mx\\\/web\\\/2023\\\/09\\\/29\\\/ofrecen-disculpas-a-mujeres-victimas-de-represion-policiaca\\\/#breadcrumb\"},\"inLanguage\":\"es\",\"potentialAction\":[{\"@type\":\"ReadAction\",\"target\":[\"https:\\\/\\\/kuali.com.mx\\\/web\\\/2023\\\/09\\\/29\\\/ofrecen-disculpas-a-mujeres-victimas-de-represion-policiaca\\\/\"]}]},{\"@type\":\"ImageObject\",\"inLanguage\":\"es\",\"@id\":\"https:\\\/\\\/kuali.com.mx\\\/web\\\/2023\\\/09\\\/29\\\/ofrecen-disculpas-a-mujeres-victimas-de-represion-policiaca\\\/#primaryimage\",\"url\":\"https:\\\/\\\/kuali.com.mx\\\/web\\\/wp-content\\\/uploads\\\/2023\\\/09\\\/Alejandra-disculpa-mujeres.jpeg\",\"contentUrl\":\"https:\\\/\\\/kuali.com.mx\\\/web\\\/wp-content\\\/uploads\\\/2023\\\/09\\\/Alejandra-disculpa-mujeres.jpeg\",\"width\":1778,\"height\":750},{\"@type\":\"BreadcrumbList\",\"@id\":\"https:\\\/\\\/kuali.com.mx\\\/web\\\/2023\\\/09\\\/29\\\/ofrecen-disculpas-a-mujeres-victimas-de-represion-policiaca\\\/#breadcrumb\",\"itemListElement\":[{\"@type\":\"ListItem\",\"position\":1,\"name\":\"Inicio\",\"item\":\"https:\\\/\\\/kuali.com.mx\\\/web\\\/\"},{\"@type\":\"ListItem\",\"position\":2,\"name\":\"OFRECEN DISCULPAS A MUJERES V\u00cdCTIMAS DE REPRESI\u00d3N POLICIACA\"}]},{\"@type\":\"WebSite\",\"@id\":\"https:\\\/\\\/kuali.com.mx\\\/web\\\/#website\",\"url\":\"https:\\\/\\\/kuali.com.mx\\\/web\\\/\",\"name\":\"Kuali\",\"description\":\"\",\"potentialAction\":[{\"@type\":\"SearchAction\",\"target\":{\"@type\":\"EntryPoint\",\"urlTemplate\":\"https:\\\/\\\/kuali.com.mx\\\/web\\\/?s={search_term_string}\"},\"query-input\":{\"@type\":\"PropertyValueSpecification\",\"valueRequired\":true,\"valueName\":\"search_term_string\"}}],\"inLanguage\":\"es\"},{\"@type\":\"Person\",\"@id\":\"https:\\\/\\\/kuali.com.mx\\\/web\\\/#\\\/schema\\\/person\\\/6f89ffa8ecba9dae50662357923c5289\",\"name\":\"Kuali Staff\",\"image\":{\"@type\":\"ImageObject\",\"inLanguage\":\"es\",\"@id\":\"https:\\\/\\\/secure.gravatar.com\\\/avatar\\\/f917ad82e5ab71227a733c78b6e60715476f69ee6be59feee4eb5d9920c89e0f?s=96&d=mm&r=g\",\"url\":\"https:\\\/\\\/secure.gravatar.com\\\/avatar\\\/f917ad82e5ab71227a733c78b6e60715476f69ee6be59feee4eb5d9920c89e0f?s=96&d=mm&r=g\",\"contentUrl\":\"https:\\\/\\\/secure.gravatar.com\\\/avatar\\\/f917ad82e5ab71227a733c78b6e60715476f69ee6be59feee4eb5d9920c89e0f?s=96&d=mm&r=g\",\"caption\":\"Kuali Staff\"},\"url\":\"https:\\\/\\\/kuali.com.mx\\\/web\\\/author\\\/lagarto\\\/\"}]}<\/script>\n<!-- \/ Yoast SEO plugin. -->","yoast_head_json":{"title":"OFRECEN DISCULPAS A MUJERES V\u00cdCTIMAS DE REPRESI\u00d3N POLICIACA - Kuali","robots":{"index":"index","follow":"follow","max-snippet":"max-snippet:-1","max-image-preview":"max-image-preview:large","max-video-preview":"max-video-preview:-1"},"canonical":"https:\/\/kuali.com.mx\/web\/2023\/09\/29\/ofrecen-disculpas-a-mujeres-victimas-de-represion-policiaca\/","og_locale":"es_MX","og_type":"article","og_title":"OFRECEN DISCULPAS A MUJERES V\u00cdCTIMAS DE REPRESI\u00d3N POLICIACA - Kuali","og_description":"Carlos Garc\u00eda\/Le\u00f3n, Gto.- La alcaldesa de Le\u00f3n, Alejandra Guti\u00e9rrez Campos; y el secretario de Seguridad P\u00fablica, Mario Bravo Arrona, ofrecieron una disculpa p\u00fablica a las 29 mujeres arrestadas y a las cuatro periodistas que fueron agredidas por polic\u00edas, durante una manifestaci\u00f3n realizada por el abuso sexual que sufri\u00f3 Evelyn por parte de dos oficiales. Al [&hellip;]","og_url":"https:\/\/kuali.com.mx\/web\/2023\/09\/29\/ofrecen-disculpas-a-mujeres-victimas-de-represion-policiaca\/","og_site_name":"Kuali","article_publisher":"https:\/\/kuali.com.mx\/web\/wp-content\/uploads\/2018\/04\/cropped-kuali_logo-1-1.png","article_published_time":"2023-09-29T17:58:12+00:00","article_modified_time":"2023-09-29T17:58:33+00:00","og_image":[{"width":1778,"height":750,"url":"https:\/\/kuali.com.mx\/web\/wp-content\/uploads\/2023\/09\/Alejandra-disculpa-mujeres.jpeg","type":"image\/jpeg"}],"author":"Kuali Staff","twitter_card":"summary_large_image","twitter_creator":"@kuali_noticias","twitter_site":"@kuali_noticias","twitter_misc":{"Escrito por":"Kuali Staff","Tiempo de lectura":"3 minutos"},"schema":{"@context":"https:\/\/schema.org","@graph":[{"@type":"Article","@id":"https:\/\/kuali.com.mx\/web\/2023\/09\/29\/ofrecen-disculpas-a-mujeres-victimas-de-represion-policiaca\/#article","isPartOf":{"@id":"https:\/\/kuali.com.mx\/web\/2023\/09\/29\/ofrecen-disculpas-a-mujeres-victimas-de-represion-policiaca\/"},"author":{"name":"Kuali Staff","@id":"https:\/\/kuali.com.mx\/web\/#\/schema\/person\/6f89ffa8ecba9dae50662357923c5289"},"headline":"OFRECEN DISCULPAS A MUJERES V\u00cdCTIMAS DE REPRESI\u00d3N POLICIACA","datePublished":"2023-09-29T17:58:12+00:00","dateModified":"2023-09-29T17:58:33+00:00","mainEntityOfPage":{"@id":"https:\/\/kuali.com.mx\/web\/2023\/09\/29\/ofrecen-disculpas-a-mujeres-victimas-de-represion-policiaca\/"},"wordCount":666,"commentCount":0,"image":{"@id":"https:\/\/kuali.com.mx\/web\/2023\/09\/29\/ofrecen-disculpas-a-mujeres-victimas-de-represion-policiaca\/#primaryimage"},"thumbnailUrl":"https:\/\/kuali.com.mx\/web\/wp-content\/uploads\/2023\/09\/Alejandra-disculpa-mujeres.jpeg","articleSection":["Derechos Humanos","slider"],"inLanguage":"es","potentialAction":[{"@type":"CommentAction","name":"Comment","target":["https:\/\/kuali.com.mx\/web\/2023\/09\/29\/ofrecen-disculpas-a-mujeres-victimas-de-represion-policiaca\/#respond"]}]},{"@type":"WebPage","@id":"https:\/\/kuali.com.mx\/web\/2023\/09\/29\/ofrecen-disculpas-a-mujeres-victimas-de-represion-policiaca\/","url":"https:\/\/kuali.com.mx\/web\/2023\/09\/29\/ofrecen-disculpas-a-mujeres-victimas-de-represion-policiaca\/","name":"OFRECEN DISCULPAS A MUJERES V\u00cdCTIMAS DE REPRESI\u00d3N POLICIACA - Kuali","isPartOf":{"@id":"https:\/\/kuali.com.mx\/web\/#website"},"primaryImageOfPage":{"@id":"https:\/\/kuali.com.mx\/web\/2023\/09\/29\/ofrecen-disculpas-a-mujeres-victimas-de-represion-policiaca\/#primaryimage"},"image":{"@id":"https:\/\/kuali.com.mx\/web\/2023\/09\/29\/ofrecen-disculpas-a-mujeres-victimas-de-represion-policiaca\/#primaryimage"},"thumbnailUrl":"https:\/\/kuali.com.mx\/web\/wp-content\/uploads\/2023\/09\/Alejandra-disculpa-mujeres.jpeg","datePublished":"2023-09-29T17:58:12+00:00","dateModified":"2023-09-29T17:58:33+00:00","author":{"@id":"https:\/\/kuali.com.mx\/web\/#\/schema\/person\/6f89ffa8ecba9dae50662357923c5289"},"breadcrumb":{"@id":"https:\/\/kuali.com.mx\/web\/2023\/09\/29\/ofrecen-disculpas-a-mujeres-victimas-de-represion-policiaca\/#breadcrumb"},"inLanguage":"es","potentialAction":[{"@type":"ReadAction","target":["https:\/\/kuali.com.mx\/web\/2023\/09\/29\/ofrecen-disculpas-a-mujeres-victimas-de-represion-policiaca\/"]}]},{"@type":"ImageObject","inLanguage":"es","@id":"https:\/\/kuali.com.mx\/web\/2023\/09\/29\/ofrecen-disculpas-a-mujeres-victimas-de-represion-policiaca\/#primaryimage","url":"https:\/\/kuali.com.mx\/web\/wp-content\/uploads\/2023\/09\/Alejandra-disculpa-mujeres.jpeg","contentUrl":"https:\/\/kuali.com.mx\/web\/wp-content\/uploads\/2023\/09\/Alejandra-disculpa-mujeres.jpeg","width":1778,"height":750},{"@type":"BreadcrumbList","@id":"https:\/\/kuali.com.mx\/web\/2023\/09\/29\/ofrecen-disculpas-a-mujeres-victimas-de-represion-policiaca\/#breadcrumb","itemListElement":[{"@type":"ListItem","position":1,"name":"Inicio","item":"https:\/\/kuali.com.mx\/web\/"},{"@type":"ListItem","position":2,"name":"OFRECEN DISCULPAS A MUJERES V\u00cdCTIMAS DE REPRESI\u00d3N POLICIACA"}]},{"@type":"WebSite","@id":"https:\/\/kuali.com.mx\/web\/#website","url":"https:\/\/kuali.com.mx\/web\/","name":"Kuali","description":"","potentialAction":[{"@type":"SearchAction","target":{"@type":"EntryPoint","urlTemplate":"https:\/\/kuali.com.mx\/web\/?s={search_term_string}"},"query-input":{"@type":"PropertyValueSpecification","valueRequired":true,"valueName":"search_term_string"}}],"inLanguage":"es"},{"@type":"Person","@id":"https:\/\/kuali.com.mx\/web\/#\/schema\/person\/6f89ffa8ecba9dae50662357923c5289","name":"Kuali Staff","image":{"@type":"ImageObject","inLanguage":"es","@id":"https:\/\/secure.gravatar.com\/avatar\/f917ad82e5ab71227a733c78b6e60715476f69ee6be59feee4eb5d9920c89e0f?s=96&d=mm&r=g","url":"https:\/\/secure.gravatar.com\/avatar\/f917ad82e5ab71227a733c78b6e60715476f69ee6be59feee4eb5d9920c89e0f?s=96&d=mm&r=g","contentUrl":"https:\/\/secure.gravatar.com\/avatar\/f917ad82e5ab71227a733c78b6e60715476f69ee6be59feee4eb5d9920c89e0f?s=96&d=mm&r=g","caption":"Kuali Staff"},"url":"https:\/\/kuali.com.mx\/web\/author\/lagarto\/"}]}},"_links":{"self":[{"href":"https:\/\/kuali.com.mx\/web\/wp-json\/wp\/v2\/posts\/127111","targetHints":{"allow":["GET"]}}],"collection":[{"href":"https:\/\/kuali.com.mx\/web\/wp-json\/wp\/v2\/posts"}],"about":[{"href":"https:\/\/kuali.com.mx\/web\/wp-json\/wp\/v2\/types\/post"}],"author":[{"embeddable":true,"href":"https:\/\/kuali.com.mx\/web\/wp-json\/wp\/v2\/users\/2"}],"replies":[{"embeddable":true,"href":"https:\/\/kuali.com.mx\/web\/wp-json\/wp\/v2\/comments?post=127111"}],"version-history":[{"count":1,"href":"https:\/\/kuali.com.mx\/web\/wp-json\/wp\/v2\/posts\/127111\/revisions"}],"predecessor-version":[{"id":127115,"href":"https:\/\/kuali.com.mx\/web\/wp-json\/wp\/v2\/posts\/127111\/revisions\/127115"}],"wp:featuredmedia":[{"embeddable":true,"href":"https:\/\/kuali.com.mx\/web\/wp-json\/wp\/v2\/media\/127114"}],"wp:attachment":[{"href":"https:\/\/kuali.com.mx\/web\/wp-json\/wp\/v2\/media?parent=127111"}],"wp:term":[{"taxonomy":"category","embeddable":true,"href":"https:\/\/kuali.com.mx\/web\/wp-json\/wp\/v2\/categories?post=127111"},{"taxonomy":"post_tag","embeddable":true,"href":"https:\/\/kuali.com.mx\/web\/wp-json\/wp\/v2\/tags?post=127111"}],"curies":[{"name":"wp","href":"https:\/\/api.w.org\/{rel}","templated":true}]}}