{"id":127067,"date":"2023-09-28T12:08:30","date_gmt":"2023-09-28T18:08:30","guid":{"rendered":"https:\/\/kuali.com.mx\/web\/?p=127067"},"modified":"2023-09-28T15:16:57","modified_gmt":"2023-09-28T21:16:57","slug":"esperan-128-mil-asistentes-a-la-feria-de-purisima","status":"publish","type":"post","link":"https:\/\/kuali.com.mx\/web\/2023\/09\/28\/esperan-128-mil-asistentes-a-la-feria-de-purisima\/","title":{"rendered":"ESPERAN 128 MIL ASISTENTES A LA FERIA DE PUR\u00cdSIMA"},"content":{"rendered":"\n<p><strong>Kuali\/Pur\u00edsima del Rinc\u00f3n, Gto.- <\/strong>Del 06 al 23 de octubre se llevar\u00e1 a cabo la Feria de la Regi\u00f3n en Pur\u00edsima del Rinc\u00f3n. Habr\u00e1 actividades charras, deportivas, culturales y la entrada a la exposici\u00f3n ganadera ser\u00e1 gratuita.<\/p>\n\n\n\n<p>En el marco del D\u00eda Internacional del Turismo, celebrado cada 27 de septiembre, el presidente municipal de Pur\u00edsima, Roberto Garc\u00eda Urbano, present\u00f3 la programaci\u00f3n de dicha feria destacando las mejores que se tienen contempladas para este a\u00f1o, como son la apertura del Pabell\u00f3n Gto con la participaci\u00f3n de 40 empresas, y la exposici\u00f3n ganadera en la que durante tres d\u00edas, del 19 al 21 de octubre, habr\u00e1 espect\u00e1culos con escaramuzas de tres equipos, charreada con caballos bailadores y rodeo tipo estadounidense.<\/p>\n\n\n\n<p>La feria dar\u00e1 inicio en la Plaza del Maestro el seis de octubre a las 06:00 de la tarde; y a las 08:30 de la noche se realizar\u00e1 el acto inaugural en las instalaciones de la feria.<\/p>\n\n\n\n<p>Se atrajo la presencia de grupos musicales que logran la convocatoria de la poblaci\u00f3n en familia, entre amigos y que pueden lograr la convivencia social, abonando al proyecto de unidad al que permanentemente convoca el municipio.<\/p>\n\n\n\n<p><strong>Costar\u00e1 13 pesos el acceso<\/strong><\/p>\n\n\n\n<p>La presidenta del Comit\u00e9 de Feria, Laura Ram\u00edrez Valdovinos, inform\u00f3 que se espera la misma cantidad de visitantes que hubo en el 2022, es decir 128 mil personas, y el costo de acceso ser\u00e1 de 13 pesos por personas.<\/p>\n\n\n\n<p>Par esta edici\u00f3n habr\u00e1 mejoras en el servicio de transporte p\u00fablico, pues habr\u00e1 un \u201ctrenecito\u201d para llevar a la gente a la feria. Estar\u00e1 en servicio de a partir de las 7:30 de la noche entre semana y 7:00 de la noche el fin de semana.<\/p>\n\n\n\n<p>El \u201ctrenecito\u201d har\u00e1 los siguientes recorridos:<\/p>\n\n\n\n<p>-San Jos\u00e9 de la Presa y San Javier, a un costado de SAPAP. Su cobertura ser\u00e1 de San Jos\u00e9 de la Presa (Carmen, Ampliaci\u00f3n del Carmen, Loma de Obrajeros, Bulevar del Valle, H. Bustos Independencia y Feria).<\/p>\n\n\n\n<p>-San Jer\u00f3nimo (San Bernardo, G\u00f3mez Mor\u00edn), en la esquina de&nbsp; Gran Canaria, con atenci\u00f3n de San Javier (Guanajuatito, Loma Alta, Veneros, Alameda, Centro, Independencia, feria).<\/p>\n\n\n\n<p>-San Bernardo (San Bernardo, Av. del Bosque, Pinos, Monte Grande, Barz\u00f3n de las Am\u00e9ricas).<\/p>\n\n\n\n<p>Paralelamente a la feria tambi\u00e9n se llevar\u00e1n a cabo actividades deportivas, como la 16\u00aa carrera atl\u00e9tica, y encuentros de basquetbol y box; adem\u00e1s se montar\u00e1 un Pabell\u00f3n Cultural en la explanada de la Presidencia Municipal.<\/p>\n\n\n\n<p>Habr\u00e1 tres estacionamientos disponibles con capacidades de 500, 250 y 150 lugares para recibir a las y los visitantes.<\/p>\n\n\n\n<p>Por \u00faltimo, Juan Ernesto Castro, cura de la Parroquia del Se\u00f1or de la Columna, record\u00f3 que en el mes de octubre tiene lugar la fiesta al Se\u00f1or de la Columna, comenzando el d\u00eda dos con el novenario. Esta festividad religiosa es la que dio origen a la tradicional feria de Pur\u00edsima del Rinc\u00f3n.<\/p>\n","protected":false},"excerpt":{"rendered":"Kuali\/Pur\u00edsima del Rinc\u00f3n, Gto.- Del 06 al 23 de octubre se llevar\u00e1 a cabo la Feria de la Regi\u00f3n en Pur\u00edsima del Rinc\u00f3n. Habr\u00e1 actividades charras, deportivas, culturales y la entrada a la exposici\u00f3n ganadera ser\u00e1 gratuita. En el marco del D\u00eda Internacional del Turismo, celebrado cada 27 de septiembre, el presidente municipal de Pur\u00edsima, [&hellip;]","protected":false},"author":2,"featured_media":127070,"comment_status":"open","ping_status":"open","sticky":false,"template":"","format":"standard","meta":{"_seopress_robots_primary_cat":"none","_seopress_titles_title":"","_seopress_titles_desc":"","_seopress_robots_index":"","_monsterinsights_skip_tracking":false,"_monsterinsights_sitenote_active":false,"_monsterinsights_sitenote_note":"","_monsterinsights_sitenote_category":0,"footnotes":""},"categories":[13],"tags":[581,175,479,1115,2893,93],"class_list":["post-127067","post","type-post","status-publish","format-standard","has-post-thumbnail","hentry","category-turismo","tag-conciertos","tag-deportes","tag-ferias","tag-purisima-del-rincon","tag-senor-de-la-columna","tag-turismo"],"yoast_head":"<!-- This site is optimized with the Yoast SEO plugin v27.5 - https:\/\/yoast.com\/product\/yoast-seo-wordpress\/ -->\n<title>ESPERAN 128 MIL ASISTENTES A LA FERIA DE PUR\u00cdSIMA - Kuali<\/title>\n<meta name=\"robots\" content=\"index, follow, max-snippet:-1, max-image-preview:large, max-video-preview:-1\" \/>\n<link rel=\"canonical\" href=\"https:\/\/kuali.com.mx\/web\/2023\/09\/28\/esperan-128-mil-asistentes-a-la-feria-de-purisima\/\" \/>\n<meta property=\"og:locale\" content=\"es_MX\" \/>\n<meta property=\"og:type\" content=\"article\" \/>\n<meta property=\"og:title\" content=\"ESPERAN 128 MIL ASISTENTES A LA FERIA DE PUR\u00cdSIMA - Kuali\" \/>\n<meta property=\"og:description\" content=\"Kuali\/Pur\u00edsima del Rinc\u00f3n, Gto.- Del 06 al 23 de octubre se llevar\u00e1 a cabo la Feria de la Regi\u00f3n en Pur\u00edsima del Rinc\u00f3n. Habr\u00e1 actividades charras, deportivas, culturales y la entrada a la exposici\u00f3n ganadera ser\u00e1 gratuita. En el marco del D\u00eda Internacional del Turismo, celebrado cada 27 de septiembre, el presidente municipal de Pur\u00edsima, [&hellip;]\" \/>\n<meta property=\"og:url\" content=\"https:\/\/kuali.com.mx\/web\/2023\/09\/28\/esperan-128-mil-asistentes-a-la-feria-de-purisima\/\" \/>\n<meta property=\"og:site_name\" content=\"Kuali\" \/>\n<meta property=\"article:publisher\" content=\"https:\/\/kuali.com.mx\/web\/wp-content\/uploads\/2018\/04\/cropped-kuali_logo-1-1.png\" \/>\n<meta property=\"article:published_time\" content=\"2023-09-28T18:08:30+00:00\" \/>\n<meta property=\"article:modified_time\" content=\"2023-09-28T21:16:57+00:00\" \/>\n<meta property=\"og:image\" content=\"https:\/\/kuali.com.mx\/web\/wp-content\/uploads\/2023\/09\/Presentan-Feria-de-Purisima.gif\" \/>\n\t<meta property=\"og:image:width\" content=\"1700\" \/>\n\t<meta property=\"og:image:height\" content=\"750\" \/>\n\t<meta property=\"og:image:type\" content=\"image\/gif\" \/>\n<meta name=\"author\" content=\"Kuali Staff\" \/>\n<meta name=\"twitter:card\" content=\"summary_large_image\" \/>\n<meta name=\"twitter:creator\" content=\"@kuali_noticias\" \/>\n<meta name=\"twitter:site\" content=\"@kuali_noticias\" \/>\n<meta name=\"twitter:label1\" content=\"Escrito por\" \/>\n\t<meta name=\"twitter:data1\" content=\"Kuali Staff\" \/>\n\t<meta name=\"twitter:label2\" content=\"Tiempo de lectura\" \/>\n\t<meta name=\"twitter:data2\" content=\"2 minutos\" \/>\n<script type=\"application\/ld+json\" class=\"yoast-schema-graph\">{\"@context\":\"https:\\\/\\\/schema.org\",\"@graph\":[{\"@type\":\"Article\",\"@id\":\"https:\\\/\\\/kuali.com.mx\\\/web\\\/2023\\\/09\\\/28\\\/esperan-128-mil-asistentes-a-la-feria-de-purisima\\\/#article\",\"isPartOf\":{\"@id\":\"https:\\\/\\\/kuali.com.mx\\\/web\\\/2023\\\/09\\\/28\\\/esperan-128-mil-asistentes-a-la-feria-de-purisima\\\/\"},\"author\":{\"name\":\"Kuali Staff\",\"@id\":\"https:\\\/\\\/kuali.com.mx\\\/web\\\/#\\\/schema\\\/person\\\/6f89ffa8ecba9dae50662357923c5289\"},\"headline\":\"ESPERAN 128 MIL ASISTENTES A LA FERIA DE PUR\u00cdSIMA\",\"datePublished\":\"2023-09-28T18:08:30+00:00\",\"dateModified\":\"2023-09-28T21:16:57+00:00\",\"mainEntityOfPage\":{\"@id\":\"https:\\\/\\\/kuali.com.mx\\\/web\\\/2023\\\/09\\\/28\\\/esperan-128-mil-asistentes-a-la-feria-de-purisima\\\/\"},\"wordCount\":501,\"commentCount\":0,\"image\":{\"@id\":\"https:\\\/\\\/kuali.com.mx\\\/web\\\/2023\\\/09\\\/28\\\/esperan-128-mil-asistentes-a-la-feria-de-purisima\\\/#primaryimage\"},\"thumbnailUrl\":\"https:\\\/\\\/kuali.com.mx\\\/web\\\/wp-content\\\/uploads\\\/2023\\\/09\\\/Presentan-Feria-de-Purisima.gif\",\"keywords\":[\"Conciertos\",\"Deportes\",\"Ferias\",\"Pur\u00edsima del Rinc\u00f3n\",\"Se\u00f1or de la columna\",\"turismo\"],\"articleSection\":[\"Turismo\"],\"inLanguage\":\"es\",\"potentialAction\":[{\"@type\":\"CommentAction\",\"name\":\"Comment\",\"target\":[\"https:\\\/\\\/kuali.com.mx\\\/web\\\/2023\\\/09\\\/28\\\/esperan-128-mil-asistentes-a-la-feria-de-purisima\\\/#respond\"]}]},{\"@type\":\"WebPage\",\"@id\":\"https:\\\/\\\/kuali.com.mx\\\/web\\\/2023\\\/09\\\/28\\\/esperan-128-mil-asistentes-a-la-feria-de-purisima\\\/\",\"url\":\"https:\\\/\\\/kuali.com.mx\\\/web\\\/2023\\\/09\\\/28\\\/esperan-128-mil-asistentes-a-la-feria-de-purisima\\\/\",\"name\":\"ESPERAN 128 MIL ASISTENTES A LA FERIA DE PUR\u00cdSIMA - Kuali\",\"isPartOf\":{\"@id\":\"https:\\\/\\\/kuali.com.mx\\\/web\\\/#website\"},\"primaryImageOfPage\":{\"@id\":\"https:\\\/\\\/kuali.com.mx\\\/web\\\/2023\\\/09\\\/28\\\/esperan-128-mil-asistentes-a-la-feria-de-purisima\\\/#primaryimage\"},\"image\":{\"@id\":\"https:\\\/\\\/kuali.com.mx\\\/web\\\/2023\\\/09\\\/28\\\/esperan-128-mil-asistentes-a-la-feria-de-purisima\\\/#primaryimage\"},\"thumbnailUrl\":\"https:\\\/\\\/kuali.com.mx\\\/web\\\/wp-content\\\/uploads\\\/2023\\\/09\\\/Presentan-Feria-de-Purisima.gif\",\"datePublished\":\"2023-09-28T18:08:30+00:00\",\"dateModified\":\"2023-09-28T21:16:57+00:00\",\"author\":{\"@id\":\"https:\\\/\\\/kuali.com.mx\\\/web\\\/#\\\/schema\\\/person\\\/6f89ffa8ecba9dae50662357923c5289\"},\"breadcrumb\":{\"@id\":\"https:\\\/\\\/kuali.com.mx\\\/web\\\/2023\\\/09\\\/28\\\/esperan-128-mil-asistentes-a-la-feria-de-purisima\\\/#breadcrumb\"},\"inLanguage\":\"es\",\"potentialAction\":[{\"@type\":\"ReadAction\",\"target\":[\"https:\\\/\\\/kuali.com.mx\\\/web\\\/2023\\\/09\\\/28\\\/esperan-128-mil-asistentes-a-la-feria-de-purisima\\\/\"]}]},{\"@type\":\"ImageObject\",\"inLanguage\":\"es\",\"@id\":\"https:\\\/\\\/kuali.com.mx\\\/web\\\/2023\\\/09\\\/28\\\/esperan-128-mil-asistentes-a-la-feria-de-purisima\\\/#primaryimage\",\"url\":\"https:\\\/\\\/kuali.com.mx\\\/web\\\/wp-content\\\/uploads\\\/2023\\\/09\\\/Presentan-Feria-de-Purisima.gif\",\"contentUrl\":\"https:\\\/\\\/kuali.com.mx\\\/web\\\/wp-content\\\/uploads\\\/2023\\\/09\\\/Presentan-Feria-de-Purisima.gif\",\"width\":1700,\"height\":750},{\"@type\":\"BreadcrumbList\",\"@id\":\"https:\\\/\\\/kuali.com.mx\\\/web\\\/2023\\\/09\\\/28\\\/esperan-128-mil-asistentes-a-la-feria-de-purisima\\\/#breadcrumb\",\"itemListElement\":[{\"@type\":\"ListItem\",\"position\":1,\"name\":\"Inicio\",\"item\":\"https:\\\/\\\/kuali.com.mx\\\/web\\\/\"},{\"@type\":\"ListItem\",\"position\":2,\"name\":\"ESPERAN 128 MIL ASISTENTES A LA FERIA DE PUR\u00cdSIMA\"}]},{\"@type\":\"WebSite\",\"@id\":\"https:\\\/\\\/kuali.com.mx\\\/web\\\/#website\",\"url\":\"https:\\\/\\\/kuali.com.mx\\\/web\\\/\",\"name\":\"Kuali\",\"description\":\"\",\"potentialAction\":[{\"@type\":\"SearchAction\",\"target\":{\"@type\":\"EntryPoint\",\"urlTemplate\":\"https:\\\/\\\/kuali.com.mx\\\/web\\\/?s={search_term_string}\"},\"query-input\":{\"@type\":\"PropertyValueSpecification\",\"valueRequired\":true,\"valueName\":\"search_term_string\"}}],\"inLanguage\":\"es\"},{\"@type\":\"Person\",\"@id\":\"https:\\\/\\\/kuali.com.mx\\\/web\\\/#\\\/schema\\\/person\\\/6f89ffa8ecba9dae50662357923c5289\",\"name\":\"Kuali Staff\",\"image\":{\"@type\":\"ImageObject\",\"inLanguage\":\"es\",\"@id\":\"https:\\\/\\\/secure.gravatar.com\\\/avatar\\\/f917ad82e5ab71227a733c78b6e60715476f69ee6be59feee4eb5d9920c89e0f?s=96&d=mm&r=g\",\"url\":\"https:\\\/\\\/secure.gravatar.com\\\/avatar\\\/f917ad82e5ab71227a733c78b6e60715476f69ee6be59feee4eb5d9920c89e0f?s=96&d=mm&r=g\",\"contentUrl\":\"https:\\\/\\\/secure.gravatar.com\\\/avatar\\\/f917ad82e5ab71227a733c78b6e60715476f69ee6be59feee4eb5d9920c89e0f?s=96&d=mm&r=g\",\"caption\":\"Kuali Staff\"},\"url\":\"https:\\\/\\\/kuali.com.mx\\\/web\\\/author\\\/lagarto\\\/\"}]}<\/script>\n<!-- \/ Yoast SEO plugin. -->","yoast_head_json":{"title":"ESPERAN 128 MIL ASISTENTES A LA FERIA DE PUR\u00cdSIMA - Kuali","robots":{"index":"index","follow":"follow","max-snippet":"max-snippet:-1","max-image-preview":"max-image-preview:large","max-video-preview":"max-video-preview:-1"},"canonical":"https:\/\/kuali.com.mx\/web\/2023\/09\/28\/esperan-128-mil-asistentes-a-la-feria-de-purisima\/","og_locale":"es_MX","og_type":"article","og_title":"ESPERAN 128 MIL ASISTENTES A LA FERIA DE PUR\u00cdSIMA - Kuali","og_description":"Kuali\/Pur\u00edsima del Rinc\u00f3n, Gto.- Del 06 al 23 de octubre se llevar\u00e1 a cabo la Feria de la Regi\u00f3n en Pur\u00edsima del Rinc\u00f3n. Habr\u00e1 actividades charras, deportivas, culturales y la entrada a la exposici\u00f3n ganadera ser\u00e1 gratuita. En el marco del D\u00eda Internacional del Turismo, celebrado cada 27 de septiembre, el presidente municipal de Pur\u00edsima, [&hellip;]","og_url":"https:\/\/kuali.com.mx\/web\/2023\/09\/28\/esperan-128-mil-asistentes-a-la-feria-de-purisima\/","og_site_name":"Kuali","article_publisher":"https:\/\/kuali.com.mx\/web\/wp-content\/uploads\/2018\/04\/cropped-kuali_logo-1-1.png","article_published_time":"2023-09-28T18:08:30+00:00","article_modified_time":"2023-09-28T21:16:57+00:00","og_image":[{"width":1700,"height":750,"url":"https:\/\/kuali.com.mx\/web\/wp-content\/uploads\/2023\/09\/Presentan-Feria-de-Purisima.gif","type":"image\/gif"}],"author":"Kuali Staff","twitter_card":"summary_large_image","twitter_creator":"@kuali_noticias","twitter_site":"@kuali_noticias","twitter_misc":{"Escrito por":"Kuali Staff","Tiempo de lectura":"2 minutos"},"schema":{"@context":"https:\/\/schema.org","@graph":[{"@type":"Article","@id":"https:\/\/kuali.com.mx\/web\/2023\/09\/28\/esperan-128-mil-asistentes-a-la-feria-de-purisima\/#article","isPartOf":{"@id":"https:\/\/kuali.com.mx\/web\/2023\/09\/28\/esperan-128-mil-asistentes-a-la-feria-de-purisima\/"},"author":{"name":"Kuali Staff","@id":"https:\/\/kuali.com.mx\/web\/#\/schema\/person\/6f89ffa8ecba9dae50662357923c5289"},"headline":"ESPERAN 128 MIL ASISTENTES A LA FERIA DE PUR\u00cdSIMA","datePublished":"2023-09-28T18:08:30+00:00","dateModified":"2023-09-28T21:16:57+00:00","mainEntityOfPage":{"@id":"https:\/\/kuali.com.mx\/web\/2023\/09\/28\/esperan-128-mil-asistentes-a-la-feria-de-purisima\/"},"wordCount":501,"commentCount":0,"image":{"@id":"https:\/\/kuali.com.mx\/web\/2023\/09\/28\/esperan-128-mil-asistentes-a-la-feria-de-purisima\/#primaryimage"},"thumbnailUrl":"https:\/\/kuali.com.mx\/web\/wp-content\/uploads\/2023\/09\/Presentan-Feria-de-Purisima.gif","keywords":["Conciertos","Deportes","Ferias","Pur\u00edsima del Rinc\u00f3n","Se\u00f1or de la columna","turismo"],"articleSection":["Turismo"],"inLanguage":"es","potentialAction":[{"@type":"CommentAction","name":"Comment","target":["https:\/\/kuali.com.mx\/web\/2023\/09\/28\/esperan-128-mil-asistentes-a-la-feria-de-purisima\/#respond"]}]},{"@type":"WebPage","@id":"https:\/\/kuali.com.mx\/web\/2023\/09\/28\/esperan-128-mil-asistentes-a-la-feria-de-purisima\/","url":"https:\/\/kuali.com.mx\/web\/2023\/09\/28\/esperan-128-mil-asistentes-a-la-feria-de-purisima\/","name":"ESPERAN 128 MIL ASISTENTES A LA FERIA DE PUR\u00cdSIMA - Kuali","isPartOf":{"@id":"https:\/\/kuali.com.mx\/web\/#website"},"primaryImageOfPage":{"@id":"https:\/\/kuali.com.mx\/web\/2023\/09\/28\/esperan-128-mil-asistentes-a-la-feria-de-purisima\/#primaryimage"},"image":{"@id":"https:\/\/kuali.com.mx\/web\/2023\/09\/28\/esperan-128-mil-asistentes-a-la-feria-de-purisima\/#primaryimage"},"thumbnailUrl":"https:\/\/kuali.com.mx\/web\/wp-content\/uploads\/2023\/09\/Presentan-Feria-de-Purisima.gif","datePublished":"2023-09-28T18:08:30+00:00","dateModified":"2023-09-28T21:16:57+00:00","author":{"@id":"https:\/\/kuali.com.mx\/web\/#\/schema\/person\/6f89ffa8ecba9dae50662357923c5289"},"breadcrumb":{"@id":"https:\/\/kuali.com.mx\/web\/2023\/09\/28\/esperan-128-mil-asistentes-a-la-feria-de-purisima\/#breadcrumb"},"inLanguage":"es","potentialAction":[{"@type":"ReadAction","target":["https:\/\/kuali.com.mx\/web\/2023\/09\/28\/esperan-128-mil-asistentes-a-la-feria-de-purisima\/"]}]},{"@type":"ImageObject","inLanguage":"es","@id":"https:\/\/kuali.com.mx\/web\/2023\/09\/28\/esperan-128-mil-asistentes-a-la-feria-de-purisima\/#primaryimage","url":"https:\/\/kuali.com.mx\/web\/wp-content\/uploads\/2023\/09\/Presentan-Feria-de-Purisima.gif","contentUrl":"https:\/\/kuali.com.mx\/web\/wp-content\/uploads\/2023\/09\/Presentan-Feria-de-Purisima.gif","width":1700,"height":750},{"@type":"BreadcrumbList","@id":"https:\/\/kuali.com.mx\/web\/2023\/09\/28\/esperan-128-mil-asistentes-a-la-feria-de-purisima\/#breadcrumb","itemListElement":[{"@type":"ListItem","position":1,"name":"Inicio","item":"https:\/\/kuali.com.mx\/web\/"},{"@type":"ListItem","position":2,"name":"ESPERAN 128 MIL ASISTENTES A LA FERIA DE PUR\u00cdSIMA"}]},{"@type":"WebSite","@id":"https:\/\/kuali.com.mx\/web\/#website","url":"https:\/\/kuali.com.mx\/web\/","name":"Kuali","description":"","potentialAction":[{"@type":"SearchAction","target":{"@type":"EntryPoint","urlTemplate":"https:\/\/kuali.com.mx\/web\/?s={search_term_string}"},"query-input":{"@type":"PropertyValueSpecification","valueRequired":true,"valueName":"search_term_string"}}],"inLanguage":"es"},{"@type":"Person","@id":"https:\/\/kuali.com.mx\/web\/#\/schema\/person\/6f89ffa8ecba9dae50662357923c5289","name":"Kuali Staff","image":{"@type":"ImageObject","inLanguage":"es","@id":"https:\/\/secure.gravatar.com\/avatar\/f917ad82e5ab71227a733c78b6e60715476f69ee6be59feee4eb5d9920c89e0f?s=96&d=mm&r=g","url":"https:\/\/secure.gravatar.com\/avatar\/f917ad82e5ab71227a733c78b6e60715476f69ee6be59feee4eb5d9920c89e0f?s=96&d=mm&r=g","contentUrl":"https:\/\/secure.gravatar.com\/avatar\/f917ad82e5ab71227a733c78b6e60715476f69ee6be59feee4eb5d9920c89e0f?s=96&d=mm&r=g","caption":"Kuali Staff"},"url":"https:\/\/kuali.com.mx\/web\/author\/lagarto\/"}]}},"_links":{"self":[{"href":"https:\/\/kuali.com.mx\/web\/wp-json\/wp\/v2\/posts\/127067","targetHints":{"allow":["GET"]}}],"collection":[{"href":"https:\/\/kuali.com.mx\/web\/wp-json\/wp\/v2\/posts"}],"about":[{"href":"https:\/\/kuali.com.mx\/web\/wp-json\/wp\/v2\/types\/post"}],"author":[{"embeddable":true,"href":"https:\/\/kuali.com.mx\/web\/wp-json\/wp\/v2\/users\/2"}],"replies":[{"embeddable":true,"href":"https:\/\/kuali.com.mx\/web\/wp-json\/wp\/v2\/comments?post=127067"}],"version-history":[{"count":1,"href":"https:\/\/kuali.com.mx\/web\/wp-json\/wp\/v2\/posts\/127067\/revisions"}],"predecessor-version":[{"id":127071,"href":"https:\/\/kuali.com.mx\/web\/wp-json\/wp\/v2\/posts\/127067\/revisions\/127071"}],"wp:featuredmedia":[{"embeddable":true,"href":"https:\/\/kuali.com.mx\/web\/wp-json\/wp\/v2\/media\/127070"}],"wp:attachment":[{"href":"https:\/\/kuali.com.mx\/web\/wp-json\/wp\/v2\/media?parent=127067"}],"wp:term":[{"taxonomy":"category","embeddable":true,"href":"https:\/\/kuali.com.mx\/web\/wp-json\/wp\/v2\/categories?post=127067"},{"taxonomy":"post_tag","embeddable":true,"href":"https:\/\/kuali.com.mx\/web\/wp-json\/wp\/v2\/tags?post=127067"}],"curies":[{"name":"wp","href":"https:\/\/api.w.org\/{rel}","templated":true}]}}