{"id":127047,"date":"2023-09-28T08:23:02","date_gmt":"2023-09-28T14:23:02","guid":{"rendered":"https:\/\/kuali.com.mx\/web\/?p=127047"},"modified":"2023-09-28T08:23:05","modified_gmt":"2023-09-28T14:23:05","slug":"toma-protesta-susana-gomez-como-rectora-de-la-ug","status":"publish","type":"post","link":"https:\/\/kuali.com.mx\/web\/2023\/09\/28\/toma-protesta-susana-gomez-como-rectora-de-la-ug\/","title":{"rendered":"TOMA PROTESTA SUSANA G\u00d3MEZ COMO RECTORA DE LA UG"},"content":{"rendered":"\n<p id=\"geom_inter_1695910682695_63_50\"><strong><em>Kuali\/Guanajuato, Gto.-<\/em><\/strong> Claudia Susana G\u00f3mez L\u00f3pez se convirti\u00f3 en la primera rectora General designada para dirigir a la Universidad de Guanajuato (UG), instituci\u00f3n de educaci\u00f3n p\u00fablica que cuenta con una matr\u00edcula de m\u00e1s de 47 mil estudiantes.<\/p>\n\n\n\n<p>Fue en Sesi\u00f3n Extraordinaria y P\u00fablica del H. Consejo General Universitario que conforme al art\u00edculo 76, fracci\u00f3n primera del Estatuto Org\u00e1nico de la Universidad de Guanajuato, se llev\u00f3 a cabo la Toma de Protesta de la Rectora General, Dra. Claudia Susana G\u00f3mez L\u00f3pez, para el periodo 2023-2027.&nbsp;&nbsp;&nbsp;<\/p>\n\n\n\n<p id=\"geom_inter_1695910699699_52_57\">Durante la toma de protesta el Dr. Luis Felipe Guerrero Agripino, Rector General saliente, presidi\u00f3 el inicio de la sesi\u00f3n en su car\u00e1cter de Presidente siendo esta su \u00faltima intervenci\u00f3n al frente. Abrazar las culminaciones y darles la bienvenida a los cierres de c\u00edrculos fue como calific\u00f3 esta etapa profesional y personal que tiene m\u00e1s de 17 a\u00f1os de trayectoria en la gesti\u00f3n universitaria por parte del doctor Guerrero. &nbsp;<\/p>\n\n\n\n<p id=\"geom_inter_1695910700688_20_58\">\u201cEn todo este transitar hubo momentos de gloria, hubo proyectos que renovaron nuestra gran esperanza tanto institucional como personal para ser cada vez mejores. (...) Transit\u00e9, goc\u00e9, sufr\u00ed, pero sobre todo aprend\u00ed, y sobre todo viv\u00ed\u201d. De esta manera el doctor Guerrero Agripino refrend\u00f3 como integrante de la colmena universitaria su esperanza y la suma de uniones que permita transitar a mejores escenarios en esta nueva etapa rectoral para la UG.&nbsp;&nbsp;&nbsp;<\/p>\n\n\n\n<p id=\"geom_inter_1695910700689_40_59\">\u201cLa Universidad de Guanajuato ha cambiado, as\u00ed como el contexto en el cual se desarrolla y tambi\u00e9n nos hemos transformado quienes conformamos la comunidad universitaria. La Universidad del presente es plural, diversa, din\u00e1mica, humanista y altamente innovadora\u201d, fueron parte de las primeras palabras de la doctora Claudia Susana. &nbsp;<\/p>\n\n\n\n<p>Con un llamado a la unidad para el impulso de estrategias que permita una mayor cobertura educativa, el proyecto presentado por la doctora G\u00f3mez L\u00f3pez se vuelve de toda una comunidad. La economista tambi\u00e9n recalc\u00f3 se trata del inicio de una nueva etapa en la que el trabajo de cada integrante ser\u00e1 importante:&nbsp;&nbsp;&nbsp;<\/p>\n\n\n\n<p>\u201cLlena de emoci\u00f3n, convencida de que este momento representa una de las oportunidades m\u00e1s bellas y significativa que me ha brindado la vida para poner a su disposici\u00f3n. (...) La importancia de la educaci\u00f3n p\u00fablica, nos ha brindado oportunidades de formaci\u00f3n, de crecimiento, de desarrollo, de calidad de vida, de aportaci\u00f3n, de crecer de innovar, de cambiar en lo institucional y en lo personal. Soy hija de la educaci\u00f3n p\u00fablica, la honr\u00f3 y trabajo por ella\u201d, comparti\u00f3. &nbsp;<\/p>\n\n\n\n<p id=\"geom_inter_1695910701691_22_64\">En la toma de protesta estuvo presente el Lic. Diego Sinhu\u00e9 Rodr\u00edguez Vallejo, Gobernador Constitucional del Estado de Guanajuato quien a la par de expresar su felicitaci\u00f3n a la doctora Claudia refrend\u00f3 el compromiso y respaldo desde el Estado con la UG. &nbsp;<\/p>\n\n\n\n<p>\u201cHoy acudo como gobernador y como guanajuatense a desearle el mayor de los \u00e9xitos en su gesti\u00f3n como Rectora General de nuestra Universidad, bajo su liderazgo nuestra M\u00e1xima Casa de Estudios entrar\u00e1 en una nueva etapa de consolidaci\u00f3n y crecimiento. (...) Tiene en m\u00ed un aliado para defender los principios fundamentales de nuestra Universidad: su autonom\u00eda, su r\u00e9gimen de libertades y su vinculaci\u00f3n con las y los guanajuatenses y sus mejores causas\u201d, manifest\u00f3 el Gobernador.&nbsp;&nbsp;&nbsp;<\/p>\n\n\n\n<p id=\"geom_inter_1695910702699_14_67\">Asimismo, durante el acto solemne celebrado en la Nueva Zona UG, el Mtro. Manuel Ferm\u00edn Villar Rubio, Presidente de la Junta Directiva de la Universidad dio la lectura correspondiente al desarrollo del proceso para la designaci\u00f3n de la persona titular a la Rector\u00eda General de la Universidad de Guanajuato. En el cual recalc\u00f3 la decisi\u00f3n tomada por la Junta, se fundamenta en la presentaci\u00f3n de un proyecto que resalt\u00f3 por ser: \u201cEl m\u00e1s adecuado para el futuro de la Universidad de Guanajuato\u201d. &nbsp;<\/p>\n\n\n\n<p id=\"geom_inter_1695910702700_68_69\">Dijo se trata de un documento estrat\u00e9gico, orientador de avanzada e inspirador el cual establece con claridad el qu\u00e9, c\u00f3mo e impactos esperados. Explic\u00f3 se trata de un proyecto que cuenta con tres ejes: &nbsp;<\/p>\n\n\n\n<p>Vida Acad\u00e9mica; Din\u00e1mica Institucional basada en educaci\u00f3n, cuidado del medioambiente, identidad universitaria, revisi\u00f3n de reformas administrativas y reglamentaci\u00f3n; finalmente la Base Organizacional que aborda necesidades del personal desde un an\u00e1lisis del modelo administrativo y acad\u00e9mico.&nbsp;&nbsp;&nbsp;<\/p>\n\n\n\n<p>Una vez asumido el cargo, as\u00ed como en su car\u00e1cter de presidenta del Consejo General Universitario la doctora G\u00f3mez L\u00f3pez dio por concluida la sesi\u00f3n. A la toma de protesta tambi\u00e9n asistieron Presidentes Municipales y Titulares de dependencias municipales y Secretar\u00edas estatales, representantes del Poder Judicial de la entidad, personal del Congreso de Guanajuato y comunidad universitaria.<\/p>\n","protected":false},"excerpt":{"rendered":"Kuali\/Guanajuato, Gto.- Claudia Susana G\u00f3mez L\u00f3pez se convirti\u00f3 en la primera rectora General designada para dirigir a la Universidad de Guanajuato (UG), instituci\u00f3n de educaci\u00f3n p\u00fablica que cuenta con una matr\u00edcula de m\u00e1s de 47 mil estudiantes. Fue en Sesi\u00f3n Extraordinaria y P\u00fablica del H. Consejo General Universitario que conforme al art\u00edculo 76, fracci\u00f3n primera [&hellip;]","protected":false},"author":2,"featured_media":127050,"comment_status":"open","ping_status":"open","sticky":false,"template":"","format":"standard","meta":{"_seopress_robots_primary_cat":"none","_seopress_titles_title":"","_seopress_titles_desc":"","_seopress_robots_index":"","_monsterinsights_skip_tracking":false,"_monsterinsights_sitenote_active":false,"_monsterinsights_sitenote_note":"","_monsterinsights_sitenote_category":0,"footnotes":""},"categories":[4],"tags":[],"class_list":["post-127047","post","type-post","status-publish","format-standard","has-post-thumbnail","hentry","category-educacion"],"yoast_head":"<!-- This site is optimized with the Yoast SEO plugin v27.5 - https:\/\/yoast.com\/product\/yoast-seo-wordpress\/ -->\n<title>TOMA PROTESTA SUSANA G\u00d3MEZ COMO RECTORA DE LA UG - Kuali<\/title>\n<meta name=\"robots\" content=\"index, follow, max-snippet:-1, max-image-preview:large, max-video-preview:-1\" \/>\n<link rel=\"canonical\" href=\"https:\/\/kuali.com.mx\/web\/2023\/09\/28\/toma-protesta-susana-gomez-como-rectora-de-la-ug\/\" \/>\n<meta property=\"og:locale\" content=\"es_MX\" \/>\n<meta property=\"og:type\" content=\"article\" \/>\n<meta property=\"og:title\" content=\"TOMA PROTESTA SUSANA G\u00d3MEZ COMO RECTORA DE LA UG - Kuali\" \/>\n<meta property=\"og:description\" content=\"Kuali\/Guanajuato, Gto.- Claudia Susana G\u00f3mez L\u00f3pez se convirti\u00f3 en la primera rectora General designada para dirigir a la Universidad de Guanajuato (UG), instituci\u00f3n de educaci\u00f3n p\u00fablica que cuenta con una matr\u00edcula de m\u00e1s de 47 mil estudiantes. Fue en Sesi\u00f3n Extraordinaria y P\u00fablica del H. Consejo General Universitario que conforme al art\u00edculo 76, fracci\u00f3n primera [&hellip;]\" \/>\n<meta property=\"og:url\" content=\"https:\/\/kuali.com.mx\/web\/2023\/09\/28\/toma-protesta-susana-gomez-como-rectora-de-la-ug\/\" \/>\n<meta property=\"og:site_name\" content=\"Kuali\" \/>\n<meta property=\"article:publisher\" content=\"https:\/\/kuali.com.mx\/web\/wp-content\/uploads\/2018\/04\/cropped-kuali_logo-1-1.png\" \/>\n<meta property=\"article:published_time\" content=\"2023-09-28T14:23:02+00:00\" \/>\n<meta property=\"article:modified_time\" content=\"2023-09-28T14:23:05+00:00\" \/>\n<meta property=\"og:image\" content=\"https:\/\/kuali.com.mx\/web\/wp-content\/uploads\/2023\/09\/Dra.-Claudia-Susana-Gomez-Lopez-Toma-de-protesta-Rectoria-General-UG-2023-2027.jpeg\" \/>\n\t<meta property=\"og:image:width\" content=\"1600\" \/>\n\t<meta property=\"og:image:height\" content=\"1066\" \/>\n\t<meta property=\"og:image:type\" content=\"image\/jpeg\" \/>\n<meta name=\"author\" content=\"Kuali Staff\" \/>\n<meta name=\"twitter:card\" content=\"summary_large_image\" \/>\n<meta name=\"twitter:creator\" content=\"@kuali_noticias\" \/>\n<meta name=\"twitter:site\" content=\"@kuali_noticias\" \/>\n<meta name=\"twitter:label1\" content=\"Escrito por\" \/>\n\t<meta name=\"twitter:data1\" content=\"Kuali Staff\" \/>\n\t<meta name=\"twitter:label2\" content=\"Tiempo de lectura\" \/>\n\t<meta name=\"twitter:data2\" content=\"4 minutos\" \/>\n<script type=\"application\/ld+json\" class=\"yoast-schema-graph\">{\"@context\":\"https:\\\/\\\/schema.org\",\"@graph\":[{\"@type\":\"Article\",\"@id\":\"https:\\\/\\\/kuali.com.mx\\\/web\\\/2023\\\/09\\\/28\\\/toma-protesta-susana-gomez-como-rectora-de-la-ug\\\/#article\",\"isPartOf\":{\"@id\":\"https:\\\/\\\/kuali.com.mx\\\/web\\\/2023\\\/09\\\/28\\\/toma-protesta-susana-gomez-como-rectora-de-la-ug\\\/\"},\"author\":{\"name\":\"Kuali Staff\",\"@id\":\"https:\\\/\\\/kuali.com.mx\\\/web\\\/#\\\/schema\\\/person\\\/6f89ffa8ecba9dae50662357923c5289\"},\"headline\":\"TOMA PROTESTA SUSANA G\u00d3MEZ COMO RECTORA DE LA UG\",\"datePublished\":\"2023-09-28T14:23:02+00:00\",\"dateModified\":\"2023-09-28T14:23:05+00:00\",\"mainEntityOfPage\":{\"@id\":\"https:\\\/\\\/kuali.com.mx\\\/web\\\/2023\\\/09\\\/28\\\/toma-protesta-susana-gomez-como-rectora-de-la-ug\\\/\"},\"wordCount\":818,\"commentCount\":0,\"image\":{\"@id\":\"https:\\\/\\\/kuali.com.mx\\\/web\\\/2023\\\/09\\\/28\\\/toma-protesta-susana-gomez-como-rectora-de-la-ug\\\/#primaryimage\"},\"thumbnailUrl\":\"https:\\\/\\\/kuali.com.mx\\\/web\\\/wp-content\\\/uploads\\\/2023\\\/09\\\/Dra.-Claudia-Susana-Gomez-Lopez-Toma-de-protesta-Rectoria-General-UG-2023-2027.jpeg\",\"articleSection\":[\"Educaci\u00f3n\"],\"inLanguage\":\"es\",\"potentialAction\":[{\"@type\":\"CommentAction\",\"name\":\"Comment\",\"target\":[\"https:\\\/\\\/kuali.com.mx\\\/web\\\/2023\\\/09\\\/28\\\/toma-protesta-susana-gomez-como-rectora-de-la-ug\\\/#respond\"]}]},{\"@type\":\"WebPage\",\"@id\":\"https:\\\/\\\/kuali.com.mx\\\/web\\\/2023\\\/09\\\/28\\\/toma-protesta-susana-gomez-como-rectora-de-la-ug\\\/\",\"url\":\"https:\\\/\\\/kuali.com.mx\\\/web\\\/2023\\\/09\\\/28\\\/toma-protesta-susana-gomez-como-rectora-de-la-ug\\\/\",\"name\":\"TOMA PROTESTA SUSANA G\u00d3MEZ COMO RECTORA DE LA UG - Kuali\",\"isPartOf\":{\"@id\":\"https:\\\/\\\/kuali.com.mx\\\/web\\\/#website\"},\"primaryImageOfPage\":{\"@id\":\"https:\\\/\\\/kuali.com.mx\\\/web\\\/2023\\\/09\\\/28\\\/toma-protesta-susana-gomez-como-rectora-de-la-ug\\\/#primaryimage\"},\"image\":{\"@id\":\"https:\\\/\\\/kuali.com.mx\\\/web\\\/2023\\\/09\\\/28\\\/toma-protesta-susana-gomez-como-rectora-de-la-ug\\\/#primaryimage\"},\"thumbnailUrl\":\"https:\\\/\\\/kuali.com.mx\\\/web\\\/wp-content\\\/uploads\\\/2023\\\/09\\\/Dra.-Claudia-Susana-Gomez-Lopez-Toma-de-protesta-Rectoria-General-UG-2023-2027.jpeg\",\"datePublished\":\"2023-09-28T14:23:02+00:00\",\"dateModified\":\"2023-09-28T14:23:05+00:00\",\"author\":{\"@id\":\"https:\\\/\\\/kuali.com.mx\\\/web\\\/#\\\/schema\\\/person\\\/6f89ffa8ecba9dae50662357923c5289\"},\"breadcrumb\":{\"@id\":\"https:\\\/\\\/kuali.com.mx\\\/web\\\/2023\\\/09\\\/28\\\/toma-protesta-susana-gomez-como-rectora-de-la-ug\\\/#breadcrumb\"},\"inLanguage\":\"es\",\"potentialAction\":[{\"@type\":\"ReadAction\",\"target\":[\"https:\\\/\\\/kuali.com.mx\\\/web\\\/2023\\\/09\\\/28\\\/toma-protesta-susana-gomez-como-rectora-de-la-ug\\\/\"]}]},{\"@type\":\"ImageObject\",\"inLanguage\":\"es\",\"@id\":\"https:\\\/\\\/kuali.com.mx\\\/web\\\/2023\\\/09\\\/28\\\/toma-protesta-susana-gomez-como-rectora-de-la-ug\\\/#primaryimage\",\"url\":\"https:\\\/\\\/kuali.com.mx\\\/web\\\/wp-content\\\/uploads\\\/2023\\\/09\\\/Dra.-Claudia-Susana-Gomez-Lopez-Toma-de-protesta-Rectoria-General-UG-2023-2027.jpeg\",\"contentUrl\":\"https:\\\/\\\/kuali.com.mx\\\/web\\\/wp-content\\\/uploads\\\/2023\\\/09\\\/Dra.-Claudia-Susana-Gomez-Lopez-Toma-de-protesta-Rectoria-General-UG-2023-2027.jpeg\",\"width\":1600,\"height\":1066},{\"@type\":\"BreadcrumbList\",\"@id\":\"https:\\\/\\\/kuali.com.mx\\\/web\\\/2023\\\/09\\\/28\\\/toma-protesta-susana-gomez-como-rectora-de-la-ug\\\/#breadcrumb\",\"itemListElement\":[{\"@type\":\"ListItem\",\"position\":1,\"name\":\"Inicio\",\"item\":\"https:\\\/\\\/kuali.com.mx\\\/web\\\/\"},{\"@type\":\"ListItem\",\"position\":2,\"name\":\"TOMA PROTESTA SUSANA G\u00d3MEZ COMO RECTORA DE LA UG\"}]},{\"@type\":\"WebSite\",\"@id\":\"https:\\\/\\\/kuali.com.mx\\\/web\\\/#website\",\"url\":\"https:\\\/\\\/kuali.com.mx\\\/web\\\/\",\"name\":\"Kuali\",\"description\":\"\",\"potentialAction\":[{\"@type\":\"SearchAction\",\"target\":{\"@type\":\"EntryPoint\",\"urlTemplate\":\"https:\\\/\\\/kuali.com.mx\\\/web\\\/?s={search_term_string}\"},\"query-input\":{\"@type\":\"PropertyValueSpecification\",\"valueRequired\":true,\"valueName\":\"search_term_string\"}}],\"inLanguage\":\"es\"},{\"@type\":\"Person\",\"@id\":\"https:\\\/\\\/kuali.com.mx\\\/web\\\/#\\\/schema\\\/person\\\/6f89ffa8ecba9dae50662357923c5289\",\"name\":\"Kuali Staff\",\"image\":{\"@type\":\"ImageObject\",\"inLanguage\":\"es\",\"@id\":\"https:\\\/\\\/secure.gravatar.com\\\/avatar\\\/f917ad82e5ab71227a733c78b6e60715476f69ee6be59feee4eb5d9920c89e0f?s=96&d=mm&r=g\",\"url\":\"https:\\\/\\\/secure.gravatar.com\\\/avatar\\\/f917ad82e5ab71227a733c78b6e60715476f69ee6be59feee4eb5d9920c89e0f?s=96&d=mm&r=g\",\"contentUrl\":\"https:\\\/\\\/secure.gravatar.com\\\/avatar\\\/f917ad82e5ab71227a733c78b6e60715476f69ee6be59feee4eb5d9920c89e0f?s=96&d=mm&r=g\",\"caption\":\"Kuali Staff\"},\"url\":\"https:\\\/\\\/kuali.com.mx\\\/web\\\/author\\\/lagarto\\\/\"}]}<\/script>\n<!-- \/ Yoast SEO plugin. -->","yoast_head_json":{"title":"TOMA PROTESTA SUSANA G\u00d3MEZ COMO RECTORA DE LA UG - Kuali","robots":{"index":"index","follow":"follow","max-snippet":"max-snippet:-1","max-image-preview":"max-image-preview:large","max-video-preview":"max-video-preview:-1"},"canonical":"https:\/\/kuali.com.mx\/web\/2023\/09\/28\/toma-protesta-susana-gomez-como-rectora-de-la-ug\/","og_locale":"es_MX","og_type":"article","og_title":"TOMA PROTESTA SUSANA G\u00d3MEZ COMO RECTORA DE LA UG - Kuali","og_description":"Kuali\/Guanajuato, Gto.- Claudia Susana G\u00f3mez L\u00f3pez se convirti\u00f3 en la primera rectora General designada para dirigir a la Universidad de Guanajuato (UG), instituci\u00f3n de educaci\u00f3n p\u00fablica que cuenta con una matr\u00edcula de m\u00e1s de 47 mil estudiantes. Fue en Sesi\u00f3n Extraordinaria y P\u00fablica del H. Consejo General Universitario que conforme al art\u00edculo 76, fracci\u00f3n primera [&hellip;]","og_url":"https:\/\/kuali.com.mx\/web\/2023\/09\/28\/toma-protesta-susana-gomez-como-rectora-de-la-ug\/","og_site_name":"Kuali","article_publisher":"https:\/\/kuali.com.mx\/web\/wp-content\/uploads\/2018\/04\/cropped-kuali_logo-1-1.png","article_published_time":"2023-09-28T14:23:02+00:00","article_modified_time":"2023-09-28T14:23:05+00:00","og_image":[{"width":1600,"height":1066,"url":"https:\/\/kuali.com.mx\/web\/wp-content\/uploads\/2023\/09\/Dra.-Claudia-Susana-Gomez-Lopez-Toma-de-protesta-Rectoria-General-UG-2023-2027.jpeg","type":"image\/jpeg"}],"author":"Kuali Staff","twitter_card":"summary_large_image","twitter_creator":"@kuali_noticias","twitter_site":"@kuali_noticias","twitter_misc":{"Escrito por":"Kuali Staff","Tiempo de lectura":"4 minutos"},"schema":{"@context":"https:\/\/schema.org","@graph":[{"@type":"Article","@id":"https:\/\/kuali.com.mx\/web\/2023\/09\/28\/toma-protesta-susana-gomez-como-rectora-de-la-ug\/#article","isPartOf":{"@id":"https:\/\/kuali.com.mx\/web\/2023\/09\/28\/toma-protesta-susana-gomez-como-rectora-de-la-ug\/"},"author":{"name":"Kuali Staff","@id":"https:\/\/kuali.com.mx\/web\/#\/schema\/person\/6f89ffa8ecba9dae50662357923c5289"},"headline":"TOMA PROTESTA SUSANA G\u00d3MEZ COMO RECTORA DE LA UG","datePublished":"2023-09-28T14:23:02+00:00","dateModified":"2023-09-28T14:23:05+00:00","mainEntityOfPage":{"@id":"https:\/\/kuali.com.mx\/web\/2023\/09\/28\/toma-protesta-susana-gomez-como-rectora-de-la-ug\/"},"wordCount":818,"commentCount":0,"image":{"@id":"https:\/\/kuali.com.mx\/web\/2023\/09\/28\/toma-protesta-susana-gomez-como-rectora-de-la-ug\/#primaryimage"},"thumbnailUrl":"https:\/\/kuali.com.mx\/web\/wp-content\/uploads\/2023\/09\/Dra.-Claudia-Susana-Gomez-Lopez-Toma-de-protesta-Rectoria-General-UG-2023-2027.jpeg","articleSection":["Educaci\u00f3n"],"inLanguage":"es","potentialAction":[{"@type":"CommentAction","name":"Comment","target":["https:\/\/kuali.com.mx\/web\/2023\/09\/28\/toma-protesta-susana-gomez-como-rectora-de-la-ug\/#respond"]}]},{"@type":"WebPage","@id":"https:\/\/kuali.com.mx\/web\/2023\/09\/28\/toma-protesta-susana-gomez-como-rectora-de-la-ug\/","url":"https:\/\/kuali.com.mx\/web\/2023\/09\/28\/toma-protesta-susana-gomez-como-rectora-de-la-ug\/","name":"TOMA PROTESTA SUSANA G\u00d3MEZ COMO RECTORA DE LA UG - Kuali","isPartOf":{"@id":"https:\/\/kuali.com.mx\/web\/#website"},"primaryImageOfPage":{"@id":"https:\/\/kuali.com.mx\/web\/2023\/09\/28\/toma-protesta-susana-gomez-como-rectora-de-la-ug\/#primaryimage"},"image":{"@id":"https:\/\/kuali.com.mx\/web\/2023\/09\/28\/toma-protesta-susana-gomez-como-rectora-de-la-ug\/#primaryimage"},"thumbnailUrl":"https:\/\/kuali.com.mx\/web\/wp-content\/uploads\/2023\/09\/Dra.-Claudia-Susana-Gomez-Lopez-Toma-de-protesta-Rectoria-General-UG-2023-2027.jpeg","datePublished":"2023-09-28T14:23:02+00:00","dateModified":"2023-09-28T14:23:05+00:00","author":{"@id":"https:\/\/kuali.com.mx\/web\/#\/schema\/person\/6f89ffa8ecba9dae50662357923c5289"},"breadcrumb":{"@id":"https:\/\/kuali.com.mx\/web\/2023\/09\/28\/toma-protesta-susana-gomez-como-rectora-de-la-ug\/#breadcrumb"},"inLanguage":"es","potentialAction":[{"@type":"ReadAction","target":["https:\/\/kuali.com.mx\/web\/2023\/09\/28\/toma-protesta-susana-gomez-como-rectora-de-la-ug\/"]}]},{"@type":"ImageObject","inLanguage":"es","@id":"https:\/\/kuali.com.mx\/web\/2023\/09\/28\/toma-protesta-susana-gomez-como-rectora-de-la-ug\/#primaryimage","url":"https:\/\/kuali.com.mx\/web\/wp-content\/uploads\/2023\/09\/Dra.-Claudia-Susana-Gomez-Lopez-Toma-de-protesta-Rectoria-General-UG-2023-2027.jpeg","contentUrl":"https:\/\/kuali.com.mx\/web\/wp-content\/uploads\/2023\/09\/Dra.-Claudia-Susana-Gomez-Lopez-Toma-de-protesta-Rectoria-General-UG-2023-2027.jpeg","width":1600,"height":1066},{"@type":"BreadcrumbList","@id":"https:\/\/kuali.com.mx\/web\/2023\/09\/28\/toma-protesta-susana-gomez-como-rectora-de-la-ug\/#breadcrumb","itemListElement":[{"@type":"ListItem","position":1,"name":"Inicio","item":"https:\/\/kuali.com.mx\/web\/"},{"@type":"ListItem","position":2,"name":"TOMA PROTESTA SUSANA G\u00d3MEZ COMO RECTORA DE LA UG"}]},{"@type":"WebSite","@id":"https:\/\/kuali.com.mx\/web\/#website","url":"https:\/\/kuali.com.mx\/web\/","name":"Kuali","description":"","potentialAction":[{"@type":"SearchAction","target":{"@type":"EntryPoint","urlTemplate":"https:\/\/kuali.com.mx\/web\/?s={search_term_string}"},"query-input":{"@type":"PropertyValueSpecification","valueRequired":true,"valueName":"search_term_string"}}],"inLanguage":"es"},{"@type":"Person","@id":"https:\/\/kuali.com.mx\/web\/#\/schema\/person\/6f89ffa8ecba9dae50662357923c5289","name":"Kuali Staff","image":{"@type":"ImageObject","inLanguage":"es","@id":"https:\/\/secure.gravatar.com\/avatar\/f917ad82e5ab71227a733c78b6e60715476f69ee6be59feee4eb5d9920c89e0f?s=96&d=mm&r=g","url":"https:\/\/secure.gravatar.com\/avatar\/f917ad82e5ab71227a733c78b6e60715476f69ee6be59feee4eb5d9920c89e0f?s=96&d=mm&r=g","contentUrl":"https:\/\/secure.gravatar.com\/avatar\/f917ad82e5ab71227a733c78b6e60715476f69ee6be59feee4eb5d9920c89e0f?s=96&d=mm&r=g","caption":"Kuali Staff"},"url":"https:\/\/kuali.com.mx\/web\/author\/lagarto\/"}]}},"_links":{"self":[{"href":"https:\/\/kuali.com.mx\/web\/wp-json\/wp\/v2\/posts\/127047","targetHints":{"allow":["GET"]}}],"collection":[{"href":"https:\/\/kuali.com.mx\/web\/wp-json\/wp\/v2\/posts"}],"about":[{"href":"https:\/\/kuali.com.mx\/web\/wp-json\/wp\/v2\/types\/post"}],"author":[{"embeddable":true,"href":"https:\/\/kuali.com.mx\/web\/wp-json\/wp\/v2\/users\/2"}],"replies":[{"embeddable":true,"href":"https:\/\/kuali.com.mx\/web\/wp-json\/wp\/v2\/comments?post=127047"}],"version-history":[{"count":1,"href":"https:\/\/kuali.com.mx\/web\/wp-json\/wp\/v2\/posts\/127047\/revisions"}],"predecessor-version":[{"id":127051,"href":"https:\/\/kuali.com.mx\/web\/wp-json\/wp\/v2\/posts\/127047\/revisions\/127051"}],"wp:featuredmedia":[{"embeddable":true,"href":"https:\/\/kuali.com.mx\/web\/wp-json\/wp\/v2\/media\/127050"}],"wp:attachment":[{"href":"https:\/\/kuali.com.mx\/web\/wp-json\/wp\/v2\/media?parent=127047"}],"wp:term":[{"taxonomy":"category","embeddable":true,"href":"https:\/\/kuali.com.mx\/web\/wp-json\/wp\/v2\/categories?post=127047"},{"taxonomy":"post_tag","embeddable":true,"href":"https:\/\/kuali.com.mx\/web\/wp-json\/wp\/v2\/tags?post=127047"}],"curies":[{"name":"wp","href":"https:\/\/api.w.org\/{rel}","templated":true}]}}