{"id":127042,"date":"2023-09-28T08:09:30","date_gmt":"2023-09-28T14:09:30","guid":{"rendered":"https:\/\/kuali.com.mx\/web\/?p=127042"},"modified":"2023-09-28T08:09:31","modified_gmt":"2023-09-28T14:09:31","slug":"el-jefe-zarate-y-su-mirada-infinita","status":"publish","type":"post","link":"https:\/\/kuali.com.mx\/web\/2023\/09\/28\/el-jefe-zarate-y-su-mirada-infinita\/","title":{"rendered":"EL JEFE Z\u00c1RATE Y SU MIRADA INFINITA\u00a0"},"content":{"rendered":"\n<p><em><strong>Gerardo Garc\u00eda\/Irapuato,Gto<\/strong><\/em>.-La presidenta municipal, Lorena Alfaro Garc\u00eda, inaugur\u00f3 la sala \u201cRa\u00fal Z\u00e1rate\u201d en el Museo \u201cSalvador Almaraz\u201d, en un acto muy emotivo en la que estuvieron presentes los hijos del Maestro Ra\u00fal Zarate Serna ( 1935-2014).<\/p>\n\n\n\n<p>Previo a un conversatorio conducido por el Maestro H\u00e9ctor Peralta, el escritor Luis Felipe P\u00e9rez y la artista pl\u00e1stica Estela Rivera,\u00a0\u00a0la alcaldesa Lorena Alfaro,tras dirigir un mensaje a los presentes, inaugur\u00f3 la sala de exposiciones \u201cRa\u00fal Z\u00e1rate\u201d con la develaci\u00f3n de una placa con el nombre del artista plastico irapuatense.<\/p>\n\n\n\n<figure class=\"wp-block-image size-large\"><img loading=\"lazy\" decoding=\"async\" width=\"1024\" height=\"683\" src=\"https:\/\/kuali.com.mx\/web\/wp-content\/uploads\/2023\/09\/ZARATE-B-1024x683.jpg\" alt=\"\" class=\"wp-image-127045\" srcset=\"https:\/\/kuali.com.mx\/web\/wp-content\/uploads\/2023\/09\/ZARATE-B-1024x683.jpg 1024w, https:\/\/kuali.com.mx\/web\/wp-content\/uploads\/2023\/09\/ZARATE-B-300x200.jpg 300w, https:\/\/kuali.com.mx\/web\/wp-content\/uploads\/2023\/09\/ZARATE-B-768x512.jpg 768w, https:\/\/kuali.com.mx\/web\/wp-content\/uploads\/2023\/09\/ZARATE-B-174x116.jpg 174w, https:\/\/kuali.com.mx\/web\/wp-content\/uploads\/2023\/09\/ZARATE-B.jpg 1125w\" sizes=\"auto, (max-width: 1024px) 100vw, 1024px\" \/><\/figure>\n\n\n\n<p>Posteriormente Alfaro Garc\u00eda y Karina Jazm\u00edn Ju\u00e1rez Ram\u00edrez, directora del Museo\u00a0\u00a0\u201cSalvador Almaraz\u201d realizaron un recorrido por\u00a0\u00a0la sala donde se encuentra una exposici\u00f3n de pinturas que abarcan pr\u00e1cticamente toda la trayectoria del Pintor Ra\u00fal Z\u00e1rate Serna, misma que fue calificada como un gran homenaje.<\/p>\n","protected":false},"excerpt":{"rendered":"Gerardo Garc\u00eda\/Irapuato,Gto.-La presidenta municipal, Lorena Alfaro Garc\u00eda, inaugur\u00f3 la sala \u201cRa\u00fal Z\u00e1rate\u201d en el Museo \u201cSalvador Almaraz\u201d, en un acto muy emotivo en la que estuvieron presentes los hijos del Maestro Ra\u00fal Zarate Serna ( 1935-2014). Previo a un conversatorio conducido por el Maestro H\u00e9ctor Peralta, el escritor Luis Felipe P\u00e9rez y la artista pl\u00e1stica [&hellip;]","protected":false},"author":2,"featured_media":127044,"comment_status":"open","ping_status":"open","sticky":false,"template":"","format":"standard","meta":{"_seopress_robots_primary_cat":"none","_seopress_titles_title":"","_seopress_titles_desc":"","_seopress_robots_index":"","_monsterinsights_skip_tracking":false,"_monsterinsights_sitenote_active":false,"_monsterinsights_sitenote_note":"","_monsterinsights_sitenote_category":0,"footnotes":""},"categories":[8],"tags":[],"class_list":["post-127042","post","type-post","status-publish","format-standard","has-post-thumbnail","hentry","category-espectaculos"],"yoast_head":"<!-- This site is optimized with the Yoast SEO plugin v27.5 - https:\/\/yoast.com\/product\/yoast-seo-wordpress\/ -->\n<title>EL JEFE Z\u00c1RATE Y SU MIRADA INFINITA\u00a0 - Kuali<\/title>\n<meta name=\"robots\" content=\"index, follow, max-snippet:-1, max-image-preview:large, max-video-preview:-1\" \/>\n<link rel=\"canonical\" href=\"https:\/\/kuali.com.mx\/web\/2023\/09\/28\/el-jefe-zarate-y-su-mirada-infinita\/\" \/>\n<meta property=\"og:locale\" content=\"es_MX\" \/>\n<meta property=\"og:type\" content=\"article\" \/>\n<meta property=\"og:title\" content=\"EL JEFE Z\u00c1RATE Y SU MIRADA INFINITA\u00a0 - Kuali\" \/>\n<meta property=\"og:description\" content=\"Gerardo Garc\u00eda\/Irapuato,Gto.-La presidenta municipal, Lorena Alfaro Garc\u00eda, inaugur\u00f3 la sala \u201cRa\u00fal Z\u00e1rate\u201d en el Museo \u201cSalvador Almaraz\u201d, en un acto muy emotivo en la que estuvieron presentes los hijos del Maestro Ra\u00fal Zarate Serna ( 1935-2014). Previo a un conversatorio conducido por el Maestro H\u00e9ctor Peralta, el escritor Luis Felipe P\u00e9rez y la artista pl\u00e1stica [&hellip;]\" \/>\n<meta property=\"og:url\" content=\"https:\/\/kuali.com.mx\/web\/2023\/09\/28\/el-jefe-zarate-y-su-mirada-infinita\/\" \/>\n<meta property=\"og:site_name\" content=\"Kuali\" \/>\n<meta property=\"article:publisher\" content=\"https:\/\/kuali.com.mx\/web\/wp-content\/uploads\/2018\/04\/cropped-kuali_logo-1-1.png\" \/>\n<meta property=\"article:published_time\" content=\"2023-09-28T14:09:30+00:00\" \/>\n<meta property=\"article:modified_time\" content=\"2023-09-28T14:09:31+00:00\" \/>\n<meta property=\"og:image\" content=\"https:\/\/kuali.com.mx\/web\/wp-content\/uploads\/2023\/09\/ZARATE-A.jpg\" \/>\n\t<meta property=\"og:image:width\" content=\"1458\" \/>\n\t<meta property=\"og:image:height\" content=\"750\" \/>\n\t<meta property=\"og:image:type\" content=\"image\/jpeg\" \/>\n<meta name=\"author\" content=\"Kuali Staff\" \/>\n<meta name=\"twitter:card\" content=\"summary_large_image\" \/>\n<meta name=\"twitter:creator\" content=\"@kuali_noticias\" \/>\n<meta name=\"twitter:site\" content=\"@kuali_noticias\" \/>\n<meta name=\"twitter:label1\" content=\"Escrito por\" \/>\n\t<meta name=\"twitter:data1\" content=\"Kuali Staff\" \/>\n\t<meta name=\"twitter:label2\" content=\"Tiempo de lectura\" \/>\n\t<meta name=\"twitter:data2\" content=\"1 minuto\" \/>\n<script type=\"application\/ld+json\" class=\"yoast-schema-graph\">{\"@context\":\"https:\\\/\\\/schema.org\",\"@graph\":[{\"@type\":\"Article\",\"@id\":\"https:\\\/\\\/kuali.com.mx\\\/web\\\/2023\\\/09\\\/28\\\/el-jefe-zarate-y-su-mirada-infinita\\\/#article\",\"isPartOf\":{\"@id\":\"https:\\\/\\\/kuali.com.mx\\\/web\\\/2023\\\/09\\\/28\\\/el-jefe-zarate-y-su-mirada-infinita\\\/\"},\"author\":{\"name\":\"Kuali Staff\",\"@id\":\"https:\\\/\\\/kuali.com.mx\\\/web\\\/#\\\/schema\\\/person\\\/6f89ffa8ecba9dae50662357923c5289\"},\"headline\":\"EL JEFE Z\u00c1RATE Y SU MIRADA INFINITA\u00a0\",\"datePublished\":\"2023-09-28T14:09:30+00:00\",\"dateModified\":\"2023-09-28T14:09:31+00:00\",\"mainEntityOfPage\":{\"@id\":\"https:\\\/\\\/kuali.com.mx\\\/web\\\/2023\\\/09\\\/28\\\/el-jefe-zarate-y-su-mirada-infinita\\\/\"},\"wordCount\":162,\"commentCount\":0,\"image\":{\"@id\":\"https:\\\/\\\/kuali.com.mx\\\/web\\\/2023\\\/09\\\/28\\\/el-jefe-zarate-y-su-mirada-infinita\\\/#primaryimage\"},\"thumbnailUrl\":\"https:\\\/\\\/kuali.com.mx\\\/web\\\/wp-content\\\/uploads\\\/2023\\\/09\\\/ZARATE-A.jpg\",\"articleSection\":[\"Cultura\"],\"inLanguage\":\"es\",\"potentialAction\":[{\"@type\":\"CommentAction\",\"name\":\"Comment\",\"target\":[\"https:\\\/\\\/kuali.com.mx\\\/web\\\/2023\\\/09\\\/28\\\/el-jefe-zarate-y-su-mirada-infinita\\\/#respond\"]}]},{\"@type\":\"WebPage\",\"@id\":\"https:\\\/\\\/kuali.com.mx\\\/web\\\/2023\\\/09\\\/28\\\/el-jefe-zarate-y-su-mirada-infinita\\\/\",\"url\":\"https:\\\/\\\/kuali.com.mx\\\/web\\\/2023\\\/09\\\/28\\\/el-jefe-zarate-y-su-mirada-infinita\\\/\",\"name\":\"EL JEFE Z\u00c1RATE Y SU MIRADA INFINITA\u00a0 - Kuali\",\"isPartOf\":{\"@id\":\"https:\\\/\\\/kuali.com.mx\\\/web\\\/#website\"},\"primaryImageOfPage\":{\"@id\":\"https:\\\/\\\/kuali.com.mx\\\/web\\\/2023\\\/09\\\/28\\\/el-jefe-zarate-y-su-mirada-infinita\\\/#primaryimage\"},\"image\":{\"@id\":\"https:\\\/\\\/kuali.com.mx\\\/web\\\/2023\\\/09\\\/28\\\/el-jefe-zarate-y-su-mirada-infinita\\\/#primaryimage\"},\"thumbnailUrl\":\"https:\\\/\\\/kuali.com.mx\\\/web\\\/wp-content\\\/uploads\\\/2023\\\/09\\\/ZARATE-A.jpg\",\"datePublished\":\"2023-09-28T14:09:30+00:00\",\"dateModified\":\"2023-09-28T14:09:31+00:00\",\"author\":{\"@id\":\"https:\\\/\\\/kuali.com.mx\\\/web\\\/#\\\/schema\\\/person\\\/6f89ffa8ecba9dae50662357923c5289\"},\"breadcrumb\":{\"@id\":\"https:\\\/\\\/kuali.com.mx\\\/web\\\/2023\\\/09\\\/28\\\/el-jefe-zarate-y-su-mirada-infinita\\\/#breadcrumb\"},\"inLanguage\":\"es\",\"potentialAction\":[{\"@type\":\"ReadAction\",\"target\":[\"https:\\\/\\\/kuali.com.mx\\\/web\\\/2023\\\/09\\\/28\\\/el-jefe-zarate-y-su-mirada-infinita\\\/\"]}]},{\"@type\":\"ImageObject\",\"inLanguage\":\"es\",\"@id\":\"https:\\\/\\\/kuali.com.mx\\\/web\\\/2023\\\/09\\\/28\\\/el-jefe-zarate-y-su-mirada-infinita\\\/#primaryimage\",\"url\":\"https:\\\/\\\/kuali.com.mx\\\/web\\\/wp-content\\\/uploads\\\/2023\\\/09\\\/ZARATE-A.jpg\",\"contentUrl\":\"https:\\\/\\\/kuali.com.mx\\\/web\\\/wp-content\\\/uploads\\\/2023\\\/09\\\/ZARATE-A.jpg\",\"width\":1458,\"height\":750},{\"@type\":\"BreadcrumbList\",\"@id\":\"https:\\\/\\\/kuali.com.mx\\\/web\\\/2023\\\/09\\\/28\\\/el-jefe-zarate-y-su-mirada-infinita\\\/#breadcrumb\",\"itemListElement\":[{\"@type\":\"ListItem\",\"position\":1,\"name\":\"Inicio\",\"item\":\"https:\\\/\\\/kuali.com.mx\\\/web\\\/\"},{\"@type\":\"ListItem\",\"position\":2,\"name\":\"EL JEFE Z\u00c1RATE Y SU MIRADA INFINITA\u00a0\"}]},{\"@type\":\"WebSite\",\"@id\":\"https:\\\/\\\/kuali.com.mx\\\/web\\\/#website\",\"url\":\"https:\\\/\\\/kuali.com.mx\\\/web\\\/\",\"name\":\"Kuali\",\"description\":\"\",\"potentialAction\":[{\"@type\":\"SearchAction\",\"target\":{\"@type\":\"EntryPoint\",\"urlTemplate\":\"https:\\\/\\\/kuali.com.mx\\\/web\\\/?s={search_term_string}\"},\"query-input\":{\"@type\":\"PropertyValueSpecification\",\"valueRequired\":true,\"valueName\":\"search_term_string\"}}],\"inLanguage\":\"es\"},{\"@type\":\"Person\",\"@id\":\"https:\\\/\\\/kuali.com.mx\\\/web\\\/#\\\/schema\\\/person\\\/6f89ffa8ecba9dae50662357923c5289\",\"name\":\"Kuali Staff\",\"image\":{\"@type\":\"ImageObject\",\"inLanguage\":\"es\",\"@id\":\"https:\\\/\\\/secure.gravatar.com\\\/avatar\\\/f917ad82e5ab71227a733c78b6e60715476f69ee6be59feee4eb5d9920c89e0f?s=96&d=mm&r=g\",\"url\":\"https:\\\/\\\/secure.gravatar.com\\\/avatar\\\/f917ad82e5ab71227a733c78b6e60715476f69ee6be59feee4eb5d9920c89e0f?s=96&d=mm&r=g\",\"contentUrl\":\"https:\\\/\\\/secure.gravatar.com\\\/avatar\\\/f917ad82e5ab71227a733c78b6e60715476f69ee6be59feee4eb5d9920c89e0f?s=96&d=mm&r=g\",\"caption\":\"Kuali Staff\"},\"url\":\"https:\\\/\\\/kuali.com.mx\\\/web\\\/author\\\/lagarto\\\/\"}]}<\/script>\n<!-- \/ Yoast SEO plugin. -->","yoast_head_json":{"title":"EL JEFE Z\u00c1RATE Y SU MIRADA INFINITA\u00a0 - Kuali","robots":{"index":"index","follow":"follow","max-snippet":"max-snippet:-1","max-image-preview":"max-image-preview:large","max-video-preview":"max-video-preview:-1"},"canonical":"https:\/\/kuali.com.mx\/web\/2023\/09\/28\/el-jefe-zarate-y-su-mirada-infinita\/","og_locale":"es_MX","og_type":"article","og_title":"EL JEFE Z\u00c1RATE Y SU MIRADA INFINITA\u00a0 - Kuali","og_description":"Gerardo Garc\u00eda\/Irapuato,Gto.-La presidenta municipal, Lorena Alfaro Garc\u00eda, inaugur\u00f3 la sala \u201cRa\u00fal Z\u00e1rate\u201d en el Museo \u201cSalvador Almaraz\u201d, en un acto muy emotivo en la que estuvieron presentes los hijos del Maestro Ra\u00fal Zarate Serna ( 1935-2014). Previo a un conversatorio conducido por el Maestro H\u00e9ctor Peralta, el escritor Luis Felipe P\u00e9rez y la artista pl\u00e1stica [&hellip;]","og_url":"https:\/\/kuali.com.mx\/web\/2023\/09\/28\/el-jefe-zarate-y-su-mirada-infinita\/","og_site_name":"Kuali","article_publisher":"https:\/\/kuali.com.mx\/web\/wp-content\/uploads\/2018\/04\/cropped-kuali_logo-1-1.png","article_published_time":"2023-09-28T14:09:30+00:00","article_modified_time":"2023-09-28T14:09:31+00:00","og_image":[{"width":1458,"height":750,"url":"https:\/\/kuali.com.mx\/web\/wp-content\/uploads\/2023\/09\/ZARATE-A.jpg","type":"image\/jpeg"}],"author":"Kuali Staff","twitter_card":"summary_large_image","twitter_creator":"@kuali_noticias","twitter_site":"@kuali_noticias","twitter_misc":{"Escrito por":"Kuali Staff","Tiempo de lectura":"1 minuto"},"schema":{"@context":"https:\/\/schema.org","@graph":[{"@type":"Article","@id":"https:\/\/kuali.com.mx\/web\/2023\/09\/28\/el-jefe-zarate-y-su-mirada-infinita\/#article","isPartOf":{"@id":"https:\/\/kuali.com.mx\/web\/2023\/09\/28\/el-jefe-zarate-y-su-mirada-infinita\/"},"author":{"name":"Kuali Staff","@id":"https:\/\/kuali.com.mx\/web\/#\/schema\/person\/6f89ffa8ecba9dae50662357923c5289"},"headline":"EL JEFE Z\u00c1RATE Y SU MIRADA INFINITA\u00a0","datePublished":"2023-09-28T14:09:30+00:00","dateModified":"2023-09-28T14:09:31+00:00","mainEntityOfPage":{"@id":"https:\/\/kuali.com.mx\/web\/2023\/09\/28\/el-jefe-zarate-y-su-mirada-infinita\/"},"wordCount":162,"commentCount":0,"image":{"@id":"https:\/\/kuali.com.mx\/web\/2023\/09\/28\/el-jefe-zarate-y-su-mirada-infinita\/#primaryimage"},"thumbnailUrl":"https:\/\/kuali.com.mx\/web\/wp-content\/uploads\/2023\/09\/ZARATE-A.jpg","articleSection":["Cultura"],"inLanguage":"es","potentialAction":[{"@type":"CommentAction","name":"Comment","target":["https:\/\/kuali.com.mx\/web\/2023\/09\/28\/el-jefe-zarate-y-su-mirada-infinita\/#respond"]}]},{"@type":"WebPage","@id":"https:\/\/kuali.com.mx\/web\/2023\/09\/28\/el-jefe-zarate-y-su-mirada-infinita\/","url":"https:\/\/kuali.com.mx\/web\/2023\/09\/28\/el-jefe-zarate-y-su-mirada-infinita\/","name":"EL JEFE Z\u00c1RATE Y SU MIRADA INFINITA\u00a0 - Kuali","isPartOf":{"@id":"https:\/\/kuali.com.mx\/web\/#website"},"primaryImageOfPage":{"@id":"https:\/\/kuali.com.mx\/web\/2023\/09\/28\/el-jefe-zarate-y-su-mirada-infinita\/#primaryimage"},"image":{"@id":"https:\/\/kuali.com.mx\/web\/2023\/09\/28\/el-jefe-zarate-y-su-mirada-infinita\/#primaryimage"},"thumbnailUrl":"https:\/\/kuali.com.mx\/web\/wp-content\/uploads\/2023\/09\/ZARATE-A.jpg","datePublished":"2023-09-28T14:09:30+00:00","dateModified":"2023-09-28T14:09:31+00:00","author":{"@id":"https:\/\/kuali.com.mx\/web\/#\/schema\/person\/6f89ffa8ecba9dae50662357923c5289"},"breadcrumb":{"@id":"https:\/\/kuali.com.mx\/web\/2023\/09\/28\/el-jefe-zarate-y-su-mirada-infinita\/#breadcrumb"},"inLanguage":"es","potentialAction":[{"@type":"ReadAction","target":["https:\/\/kuali.com.mx\/web\/2023\/09\/28\/el-jefe-zarate-y-su-mirada-infinita\/"]}]},{"@type":"ImageObject","inLanguage":"es","@id":"https:\/\/kuali.com.mx\/web\/2023\/09\/28\/el-jefe-zarate-y-su-mirada-infinita\/#primaryimage","url":"https:\/\/kuali.com.mx\/web\/wp-content\/uploads\/2023\/09\/ZARATE-A.jpg","contentUrl":"https:\/\/kuali.com.mx\/web\/wp-content\/uploads\/2023\/09\/ZARATE-A.jpg","width":1458,"height":750},{"@type":"BreadcrumbList","@id":"https:\/\/kuali.com.mx\/web\/2023\/09\/28\/el-jefe-zarate-y-su-mirada-infinita\/#breadcrumb","itemListElement":[{"@type":"ListItem","position":1,"name":"Inicio","item":"https:\/\/kuali.com.mx\/web\/"},{"@type":"ListItem","position":2,"name":"EL JEFE Z\u00c1RATE Y SU MIRADA INFINITA\u00a0"}]},{"@type":"WebSite","@id":"https:\/\/kuali.com.mx\/web\/#website","url":"https:\/\/kuali.com.mx\/web\/","name":"Kuali","description":"","potentialAction":[{"@type":"SearchAction","target":{"@type":"EntryPoint","urlTemplate":"https:\/\/kuali.com.mx\/web\/?s={search_term_string}"},"query-input":{"@type":"PropertyValueSpecification","valueRequired":true,"valueName":"search_term_string"}}],"inLanguage":"es"},{"@type":"Person","@id":"https:\/\/kuali.com.mx\/web\/#\/schema\/person\/6f89ffa8ecba9dae50662357923c5289","name":"Kuali Staff","image":{"@type":"ImageObject","inLanguage":"es","@id":"https:\/\/secure.gravatar.com\/avatar\/f917ad82e5ab71227a733c78b6e60715476f69ee6be59feee4eb5d9920c89e0f?s=96&d=mm&r=g","url":"https:\/\/secure.gravatar.com\/avatar\/f917ad82e5ab71227a733c78b6e60715476f69ee6be59feee4eb5d9920c89e0f?s=96&d=mm&r=g","contentUrl":"https:\/\/secure.gravatar.com\/avatar\/f917ad82e5ab71227a733c78b6e60715476f69ee6be59feee4eb5d9920c89e0f?s=96&d=mm&r=g","caption":"Kuali Staff"},"url":"https:\/\/kuali.com.mx\/web\/author\/lagarto\/"}]}},"_links":{"self":[{"href":"https:\/\/kuali.com.mx\/web\/wp-json\/wp\/v2\/posts\/127042","targetHints":{"allow":["GET"]}}],"collection":[{"href":"https:\/\/kuali.com.mx\/web\/wp-json\/wp\/v2\/posts"}],"about":[{"href":"https:\/\/kuali.com.mx\/web\/wp-json\/wp\/v2\/types\/post"}],"author":[{"embeddable":true,"href":"https:\/\/kuali.com.mx\/web\/wp-json\/wp\/v2\/users\/2"}],"replies":[{"embeddable":true,"href":"https:\/\/kuali.com.mx\/web\/wp-json\/wp\/v2\/comments?post=127042"}],"version-history":[{"count":1,"href":"https:\/\/kuali.com.mx\/web\/wp-json\/wp\/v2\/posts\/127042\/revisions"}],"predecessor-version":[{"id":127046,"href":"https:\/\/kuali.com.mx\/web\/wp-json\/wp\/v2\/posts\/127042\/revisions\/127046"}],"wp:featuredmedia":[{"embeddable":true,"href":"https:\/\/kuali.com.mx\/web\/wp-json\/wp\/v2\/media\/127044"}],"wp:attachment":[{"href":"https:\/\/kuali.com.mx\/web\/wp-json\/wp\/v2\/media?parent=127042"}],"wp:term":[{"taxonomy":"category","embeddable":true,"href":"https:\/\/kuali.com.mx\/web\/wp-json\/wp\/v2\/categories?post=127042"},{"taxonomy":"post_tag","embeddable":true,"href":"https:\/\/kuali.com.mx\/web\/wp-json\/wp\/v2\/tags?post=127042"}],"curies":[{"name":"wp","href":"https:\/\/api.w.org\/{rel}","templated":true}]}}