{"id":126979,"date":"2023-09-27T12:09:51","date_gmt":"2023-09-27T18:09:51","guid":{"rendered":"https:\/\/kuali.com.mx\/web\/?p=126979"},"modified":"2023-09-27T12:09:52","modified_gmt":"2023-09-27T18:09:52","slug":"revista-francesa-publica-obras-literarias-de-gorosito","status":"publish","type":"post","link":"https:\/\/kuali.com.mx\/web\/2023\/09\/27\/revista-francesa-publica-obras-literarias-de-gorosito\/","title":{"rendered":"REVISTA FRANCESA PUBLICA OBRAS LITERARIAS DE GOROSITO"},"content":{"rendered":"\n<p>Kuali.-<em><strong>El Caf\u00e9 Latino<\/strong><\/em>, revista bimestral biling\u00fce (espa\u00f1ol y franc\u00e9s) en su n\u00famero de septiembre p\u00fablica un art\u00edculo del poeta y periodista,<em><strong>\u00a0Washington Daniel Gorosito P\u00e9rez,<\/strong><\/em> sobre una poeta azteca y dos poemas\u00a0\u00a0<em><strong>LIBRE POUR UNE COLOMBE\u00a0\u00a0y ANNONCIATION<\/strong><\/em>.\u00a0\u00a0 www.kuali.com.mx reproduce las obras del Maestro Gorosito.<\/p>\n\n\n\n<p><em><strong>Macuilxochitzin<\/strong><\/em><\/p>\n\n\n\n<p>Maravillosa poeta azteca.<\/p>\n\n\n\n<p>Texto: <em><strong>Washington Daniel Gorosito P\u00e9rez<\/strong><\/em><\/p>\n\n\n\n<p>La poeta Maculilxochitzin, naci\u00f3 en la hermosa M\u00e9xico-Tenochtitlan en 1435.Era hija de Tlaca\u00e9lel, un gran guerrero, poderoso sacerdote mexica y consejero de los reyes.<\/p>\n\n\n\n<p>Debido a su posici\u00f3n social privilegiada, recibi\u00f3 una excelente educaci\u00f3n y tuvo un gran acercamiento con las artes-Adem\u00e1s vivi\u00f3 durante los a\u00f1os en que la cultura mexica* alcanz\u00f3 su m\u00e1ximo esplendor.<\/p>\n\n\n\n<p>Con referencia a su nombre, podr\u00eda derivarse de la fecha de su nacimiento:5-Flor.Tambi\u00e9n es posible que fuera un apodo que recibiera por la enorme pasi\u00f3n que sent\u00eda por la poes\u00eda. Es que seg\u00fan la tradici\u00f3n mexica, los nacidos en 5-Flor estaban destinados a crear cantos.<\/p>\n\n\n\n<p>Seg\u00fan el compilador Ad\u00e1n Cruz Bencomo, Macuilxochitzin ha logrado trascender y convertirse en la primera mujer \u201cque ya ha pasado a la historia de las letras mexicanas\u201d. En la \u00e9poca prehisp\u00e1nica, los diferentes pueblos originarios generaron un gran n\u00famero de cantos, cuyos&nbsp;&nbsp;objetivos eran variados. El denominado yaocu\u00edcatl fue escrito por una poeta mujer. La autora del mismo fue la escritora de origen mexica, Macuilxochitzin. Seguramente la inspiraci\u00f3n vino de las guerras y batallas en que particip\u00f3 su padre , Tlaca\u00e9lel, durante la expansi\u00f3n del pueblo mexica por Mesoam\u00e9rica. Independientemente de este poema se desconocen otras obras de esta escritora del periodo prehisp\u00e1nico de M\u00e9xico.<\/p>\n\n\n\n<p>A continuaci\u00f3n comparto el Canto de Macuilxochitzin , el que est\u00e1 inspirado en la \u00faltima batalla en que particip\u00f3 su padre, Tlaca\u00e9lel. La traducci\u00f3n del poema corresponde a Migue de le\u00f3n\u00a0\u00a0Portilla, intelectual que dedic\u00f3 su vida al estudio de las culturas prehisp\u00e1nicas.<\/p>\n\n\n\n<p><em><strong>CANTO DE MACUILX\u00d3CHILT<\/strong><\/em><\/p>\n\n\n\n<p>Elevo mis cantos,<\/p>\n\n\n\n<p>Yo, Macuilx\u00f3chilt,<\/p>\n\n\n\n<p>Con ellos alegro al Dador de la Vida<\/p>\n\n\n\n<p>\u00a1comience la danza!<\/p>\n\n\n\n<p>\u00bfAd\u00f3nde de alg\u00fan modo se existe,<\/p>\n\n\n\n<p>A la casa de \u00c9l<\/p>\n\n\n\n<p>Se llevan los cantos?<\/p>\n\n\n\n<p>\u00bfO solo aqu\u00ed<\/p>\n\n\n\n<p>Est\u00e1n vuestras flores?<\/p>\n\n\n\n<p>\u00a1Comience la danza!<\/p>\n\n\n\n<p>El matlatzinca<\/p>\n\n\n\n<p>Es tu merecimiento de gentes se\u00f1or Itzc\u00f3atl:<\/p>\n\n\n\n<p>\u00a1Axayacatzin, tu conquistaste&nbsp;<\/p>\n\n\n\n<p>La ciudad de Tlacot\u00e9pec!<\/p>\n\n\n\n<p>All\u00e1 fueron a hacer giros tus flores,<\/p>\n\n\n\n<p>Tus mariposas .<\/p>\n\n\n\n<p>Con esto has causado alegr\u00eda.<\/p>\n\n\n\n<p>El matlazinca,<\/p>\n\n\n\n<p>Est\u00e1 en Toluca, en Tlacot\u00e9pec.<\/p>\n\n\n\n<p>Lentamente hace ofrenda<\/p>\n\n\n\n<p>De flores y plumas<\/p>\n\n\n\n<p>al Dador de la Vida.<\/p>\n\n\n\n<p>Pone los escudos de las \u00e1guilas<\/p>\n\n\n\n<p>En los brazos de los hombres,<\/p>\n\n\n\n<p>All\u00e1 donde arde la guerra,<\/p>\n\n\n\n<p>En el interior de la llanura.<\/p>\n\n\n\n<p>Como nuestros cantos<\/p>\n\n\n\n<p>Como nuestras flores,<\/p>\n\n\n\n<p>As\u00ed, t\u00fa, el guerrero de cabeza rapada,<\/p>\n\n\n\n<p>Das alegr\u00eda al Dador de la Vida.<\/p>\n\n\n\n<p>Las flores del \u00e1guila<\/p>\n\n\n\n<p>Quedan en tus manos,<\/p>\n\n\n\n<p>Se\u00f1or Axay\u00e1catl.<\/p>\n\n\n\n<p>Con flores divinas,<\/p>\n\n\n\n<p>Con flores de guerra<\/p>\n\n\n\n<p>Queda cubierto,<\/p>\n\n\n\n<p>Con ellas se ambriaga<\/p>\n\n\n\n<p>El que est\u00e1 a nuestro lado.<\/p>\n\n\n\n<p>Sobre nosotros se abren<\/p>\n\n\n\n<p>Las flores de guerra,<\/p>\n\n\n\n<p>En Ehcat\u00e9pec, en M\u00e9xico,<\/p>\n\n\n\n<p>Con ellas se embriaga<\/p>\n\n\n\n<p>El que est\u00e1 a nuestro lado.<\/p>\n\n\n\n<p>Se han mostrado atrevidos<\/p>\n\n\n\n<p>Los pr\u00edncipes,<\/p>\n\n\n\n<p>Los de Acolhuacan,<\/p>\n\n\n\n<p>Vosotros los tepanecas.<\/p>\n\n\n\n<p>Por todas las partes Axay\u00e1catl<\/p>\n\n\n\n<p>Hizo conquistas.<\/p>\n\n\n\n<p>En Matlazinco, en Malinalco,<\/p>\n\n\n\n<p>En Ocuillan,en Tequaloya ,en Xohcotitlan.<\/p>\n\n\n\n<p>Por aqu\u00ed vino a salir<\/p>\n\n\n\n<p>All\u00e1 en Xiquipilco o Axay\u00e1catl<\/p>\n\n\n\n<p>Lo hiri\u00f3 en la pierna un otom\u00ed,<\/p>\n\n\n\n<p>Su nombre era Tlilatl.<\/p>\n\n\n\n<p>Se fue este a buscar a sus mujeres,<\/p>\n\n\n\n<p>Les dijo:<\/p>\n\n\n\n<p>\u201cPreparadle un braguero, una capa,<\/p>\n\n\n\n<p>Se los dar\u00e9is, vosotras, que sois valientes\u201d.<\/p>\n\n\n\n<p>Axay\u00e1catl exclam\u00f3:<\/p>\n\n\n\n<p>-\u201c!Qu\u00e9 venga el otom\u00ed&nbsp;<\/p>\n\n\n\n<p>Que me ha herido en la pierna\u201d.<\/p>\n\n\n\n<p>El otom\u00ed tuvo miedo,<\/p>\n\n\n\n<p>Dijo:<\/p>\n\n\n\n<p>-\u201c\u00a1En verdad me matar\u00e1n!\u201d<\/p>\n\n\n\n<p>Trajo entonces un grueso madero&nbsp;<\/p>\n\n\n\n<p>Y la piel de un venado,<\/p>\n\n\n\n<p>Con esto hizo referencia a Axay\u00e1catl.<\/p>\n\n\n\n<p>Estaba lleno de miedo el otom\u00ed.<\/p>\n\n\n\n<p>Pero entonces sus mujeres<\/p>\n\n\n\n<p>Por \u00e9l hicieron s\u00faplica a Axayacatl.<\/p>\n\n\n\n<figure class=\"wp-block-image size-large\"><img loading=\"lazy\" decoding=\"async\" width=\"1024\" height=\"432\" src=\"https:\/\/kuali.com.mx\/web\/wp-content\/uploads\/2023\/09\/GOROSITO-B-1024x432.jpg\" alt=\"\" class=\"wp-image-126982\" srcset=\"https:\/\/kuali.com.mx\/web\/wp-content\/uploads\/2023\/09\/GOROSITO-B-1024x432.jpg 1024w, https:\/\/kuali.com.mx\/web\/wp-content\/uploads\/2023\/09\/GOROSITO-B-300x126.jpg 300w, https:\/\/kuali.com.mx\/web\/wp-content\/uploads\/2023\/09\/GOROSITO-B-768x324.jpg 768w, https:\/\/kuali.com.mx\/web\/wp-content\/uploads\/2023\/09\/GOROSITO-B-228x96.jpg 228w, https:\/\/kuali.com.mx\/web\/wp-content\/uploads\/2023\/09\/GOROSITO-B.jpg 1238w\" sizes=\"auto, (max-width: 1024px) 100vw, 1024px\" \/><figcaption>Washington Daniel Gorosito P\u00e9rez<br>Miembro de la academia Nacional de Poes\u00eda de la Ciudad de M\u00e9xico. Nace en Montevideo, Uruguay el 24 de junio de 1961.Radica en Irapuato, Gto. Desde 1991.En el a\u00f1o 1999obtiene la ciudadan\u00eda mexicana por naturalizaci\u00f3n. Catedr\u00e1tico Universitario, Periodista, Conferencista, Poeta, Ensayista e Investigador. Ha obtenido premios de periodismo, ensayo, cuento y poes\u00eda en M\u00e9xico, Uruguay, Brasil, Argentina, Chile, Venezuela, Estados Unidos, Alemania y Francia. Ha integrado 40 antolog\u00edas literarias en Uruguay, M\u00e9xico, Argentina, Chile, Italia, Espa\u00f1a y Estados Unidos.<\/figcaption><\/figure>\n","protected":false},"excerpt":{"rendered":"Kuali.-El Caf\u00e9 Latino, revista bimestral biling\u00fce (espa\u00f1ol y franc\u00e9s) en su n\u00famero de septiembre p\u00fablica un art\u00edculo del poeta y periodista,\u00a0Washington Daniel Gorosito P\u00e9rez, sobre una poeta azteca y dos poemas\u00a0\u00a0LIBRE POUR UNE COLOMBE\u00a0\u00a0y ANNONCIATION.\u00a0\u00a0 www.kuali.com.mx reproduce las obras del Maestro Gorosito. Macuilxochitzin Maravillosa poeta azteca. Texto: Washington Daniel Gorosito P\u00e9rez La poeta Maculilxochitzin, naci\u00f3 [&hellip;]","protected":false},"author":2,"featured_media":126981,"comment_status":"open","ping_status":"open","sticky":false,"template":"","format":"standard","meta":{"_seopress_robots_primary_cat":"none","_seopress_titles_title":"","_seopress_titles_desc":"","_seopress_robots_index":"","_monsterinsights_skip_tracking":false,"_monsterinsights_sitenote_active":false,"_monsterinsights_sitenote_note":"","_monsterinsights_sitenote_category":0,"footnotes":""},"categories":[8],"tags":[],"class_list":["post-126979","post","type-post","status-publish","format-standard","has-post-thumbnail","hentry","category-espectaculos"],"yoast_head":"<!-- This site is optimized with the Yoast SEO plugin v27.4 - https:\/\/yoast.com\/product\/yoast-seo-wordpress\/ -->\n<title>REVISTA FRANCESA PUBLICA OBRAS LITERARIAS DE GOROSITO - Kuali<\/title>\n<meta name=\"robots\" content=\"index, follow, max-snippet:-1, max-image-preview:large, max-video-preview:-1\" \/>\n<link rel=\"canonical\" href=\"https:\/\/kuali.com.mx\/web\/2023\/09\/27\/revista-francesa-publica-obras-literarias-de-gorosito\/\" \/>\n<meta property=\"og:locale\" content=\"es_MX\" \/>\n<meta property=\"og:type\" content=\"article\" \/>\n<meta property=\"og:title\" content=\"REVISTA FRANCESA PUBLICA OBRAS LITERARIAS DE GOROSITO - Kuali\" \/>\n<meta property=\"og:description\" content=\"Kuali.-El Caf\u00e9 Latino, revista bimestral biling\u00fce (espa\u00f1ol y franc\u00e9s) en su n\u00famero de septiembre p\u00fablica un art\u00edculo del poeta y periodista,\u00a0Washington Daniel Gorosito P\u00e9rez, sobre una poeta azteca y dos poemas\u00a0\u00a0LIBRE POUR UNE COLOMBE\u00a0\u00a0y ANNONCIATION.\u00a0\u00a0 www.kuali.com.mx reproduce las obras del Maestro Gorosito. Macuilxochitzin Maravillosa poeta azteca. Texto: Washington Daniel Gorosito P\u00e9rez La poeta Maculilxochitzin, naci\u00f3 [&hellip;]\" \/>\n<meta property=\"og:url\" content=\"https:\/\/kuali.com.mx\/web\/2023\/09\/27\/revista-francesa-publica-obras-literarias-de-gorosito\/\" \/>\n<meta property=\"og:site_name\" content=\"Kuali\" \/>\n<meta property=\"article:publisher\" content=\"https:\/\/kuali.com.mx\/web\/wp-content\/uploads\/2018\/04\/cropped-kuali_logo-1-1.png\" \/>\n<meta property=\"article:published_time\" content=\"2023-09-27T18:09:51+00:00\" \/>\n<meta property=\"article:modified_time\" content=\"2023-09-27T18:09:52+00:00\" \/>\n<meta property=\"og:image\" content=\"https:\/\/kuali.com.mx\/web\/wp-content\/uploads\/2023\/09\/GOROSITO-A.jpg\" \/>\n\t<meta property=\"og:image:width\" content=\"1399\" \/>\n\t<meta property=\"og:image:height\" content=\"750\" \/>\n\t<meta property=\"og:image:type\" content=\"image\/jpeg\" \/>\n<meta name=\"author\" content=\"Kuali Staff\" \/>\n<meta name=\"twitter:card\" content=\"summary_large_image\" \/>\n<meta name=\"twitter:creator\" content=\"@kuali_noticias\" \/>\n<meta name=\"twitter:site\" content=\"@kuali_noticias\" \/>\n<meta name=\"twitter:label1\" content=\"Escrito por\" \/>\n\t<meta name=\"twitter:data1\" content=\"Kuali Staff\" \/>\n\t<meta name=\"twitter:label2\" content=\"Tiempo de lectura\" \/>\n\t<meta name=\"twitter:data2\" content=\"4 minutos\" \/>\n<script type=\"application\/ld+json\" class=\"yoast-schema-graph\">{\"@context\":\"https:\\\/\\\/schema.org\",\"@graph\":[{\"@type\":\"Article\",\"@id\":\"https:\\\/\\\/kuali.com.mx\\\/web\\\/2023\\\/09\\\/27\\\/revista-francesa-publica-obras-literarias-de-gorosito\\\/#article\",\"isPartOf\":{\"@id\":\"https:\\\/\\\/kuali.com.mx\\\/web\\\/2023\\\/09\\\/27\\\/revista-francesa-publica-obras-literarias-de-gorosito\\\/\"},\"author\":{\"name\":\"Kuali Staff\",\"@id\":\"https:\\\/\\\/kuali.com.mx\\\/web\\\/#\\\/schema\\\/person\\\/6f89ffa8ecba9dae50662357923c5289\"},\"headline\":\"REVISTA FRANCESA PUBLICA OBRAS LITERARIAS DE GOROSITO\",\"datePublished\":\"2023-09-27T18:09:51+00:00\",\"dateModified\":\"2023-09-27T18:09:52+00:00\",\"mainEntityOfPage\":{\"@id\":\"https:\\\/\\\/kuali.com.mx\\\/web\\\/2023\\\/09\\\/27\\\/revista-francesa-publica-obras-literarias-de-gorosito\\\/\"},\"wordCount\":787,\"commentCount\":0,\"image\":{\"@id\":\"https:\\\/\\\/kuali.com.mx\\\/web\\\/2023\\\/09\\\/27\\\/revista-francesa-publica-obras-literarias-de-gorosito\\\/#primaryimage\"},\"thumbnailUrl\":\"https:\\\/\\\/kuali.com.mx\\\/web\\\/wp-content\\\/uploads\\\/2023\\\/09\\\/GOROSITO-A.jpg\",\"articleSection\":[\"Cultura\"],\"inLanguage\":\"es\",\"potentialAction\":[{\"@type\":\"CommentAction\",\"name\":\"Comment\",\"target\":[\"https:\\\/\\\/kuali.com.mx\\\/web\\\/2023\\\/09\\\/27\\\/revista-francesa-publica-obras-literarias-de-gorosito\\\/#respond\"]}]},{\"@type\":\"WebPage\",\"@id\":\"https:\\\/\\\/kuali.com.mx\\\/web\\\/2023\\\/09\\\/27\\\/revista-francesa-publica-obras-literarias-de-gorosito\\\/\",\"url\":\"https:\\\/\\\/kuali.com.mx\\\/web\\\/2023\\\/09\\\/27\\\/revista-francesa-publica-obras-literarias-de-gorosito\\\/\",\"name\":\"REVISTA FRANCESA PUBLICA OBRAS LITERARIAS DE GOROSITO - Kuali\",\"isPartOf\":{\"@id\":\"https:\\\/\\\/kuali.com.mx\\\/web\\\/#website\"},\"primaryImageOfPage\":{\"@id\":\"https:\\\/\\\/kuali.com.mx\\\/web\\\/2023\\\/09\\\/27\\\/revista-francesa-publica-obras-literarias-de-gorosito\\\/#primaryimage\"},\"image\":{\"@id\":\"https:\\\/\\\/kuali.com.mx\\\/web\\\/2023\\\/09\\\/27\\\/revista-francesa-publica-obras-literarias-de-gorosito\\\/#primaryimage\"},\"thumbnailUrl\":\"https:\\\/\\\/kuali.com.mx\\\/web\\\/wp-content\\\/uploads\\\/2023\\\/09\\\/GOROSITO-A.jpg\",\"datePublished\":\"2023-09-27T18:09:51+00:00\",\"dateModified\":\"2023-09-27T18:09:52+00:00\",\"author\":{\"@id\":\"https:\\\/\\\/kuali.com.mx\\\/web\\\/#\\\/schema\\\/person\\\/6f89ffa8ecba9dae50662357923c5289\"},\"breadcrumb\":{\"@id\":\"https:\\\/\\\/kuali.com.mx\\\/web\\\/2023\\\/09\\\/27\\\/revista-francesa-publica-obras-literarias-de-gorosito\\\/#breadcrumb\"},\"inLanguage\":\"es\",\"potentialAction\":[{\"@type\":\"ReadAction\",\"target\":[\"https:\\\/\\\/kuali.com.mx\\\/web\\\/2023\\\/09\\\/27\\\/revista-francesa-publica-obras-literarias-de-gorosito\\\/\"]}]},{\"@type\":\"ImageObject\",\"inLanguage\":\"es\",\"@id\":\"https:\\\/\\\/kuali.com.mx\\\/web\\\/2023\\\/09\\\/27\\\/revista-francesa-publica-obras-literarias-de-gorosito\\\/#primaryimage\",\"url\":\"https:\\\/\\\/kuali.com.mx\\\/web\\\/wp-content\\\/uploads\\\/2023\\\/09\\\/GOROSITO-A.jpg\",\"contentUrl\":\"https:\\\/\\\/kuali.com.mx\\\/web\\\/wp-content\\\/uploads\\\/2023\\\/09\\\/GOROSITO-A.jpg\",\"width\":1399,\"height\":750},{\"@type\":\"BreadcrumbList\",\"@id\":\"https:\\\/\\\/kuali.com.mx\\\/web\\\/2023\\\/09\\\/27\\\/revista-francesa-publica-obras-literarias-de-gorosito\\\/#breadcrumb\",\"itemListElement\":[{\"@type\":\"ListItem\",\"position\":1,\"name\":\"Inicio\",\"item\":\"https:\\\/\\\/kuali.com.mx\\\/web\\\/\"},{\"@type\":\"ListItem\",\"position\":2,\"name\":\"REVISTA FRANCESA PUBLICA OBRAS LITERARIAS DE GOROSITO\"}]},{\"@type\":\"WebSite\",\"@id\":\"https:\\\/\\\/kuali.com.mx\\\/web\\\/#website\",\"url\":\"https:\\\/\\\/kuali.com.mx\\\/web\\\/\",\"name\":\"Kuali\",\"description\":\"\",\"potentialAction\":[{\"@type\":\"SearchAction\",\"target\":{\"@type\":\"EntryPoint\",\"urlTemplate\":\"https:\\\/\\\/kuali.com.mx\\\/web\\\/?s={search_term_string}\"},\"query-input\":{\"@type\":\"PropertyValueSpecification\",\"valueRequired\":true,\"valueName\":\"search_term_string\"}}],\"inLanguage\":\"es\"},{\"@type\":\"Person\",\"@id\":\"https:\\\/\\\/kuali.com.mx\\\/web\\\/#\\\/schema\\\/person\\\/6f89ffa8ecba9dae50662357923c5289\",\"name\":\"Kuali Staff\",\"image\":{\"@type\":\"ImageObject\",\"inLanguage\":\"es\",\"@id\":\"https:\\\/\\\/secure.gravatar.com\\\/avatar\\\/f917ad82e5ab71227a733c78b6e60715476f69ee6be59feee4eb5d9920c89e0f?s=96&d=mm&r=g\",\"url\":\"https:\\\/\\\/secure.gravatar.com\\\/avatar\\\/f917ad82e5ab71227a733c78b6e60715476f69ee6be59feee4eb5d9920c89e0f?s=96&d=mm&r=g\",\"contentUrl\":\"https:\\\/\\\/secure.gravatar.com\\\/avatar\\\/f917ad82e5ab71227a733c78b6e60715476f69ee6be59feee4eb5d9920c89e0f?s=96&d=mm&r=g\",\"caption\":\"Kuali Staff\"},\"url\":\"https:\\\/\\\/kuali.com.mx\\\/web\\\/author\\\/lagarto\\\/\"}]}<\/script>\n<!-- \/ Yoast SEO plugin. -->","yoast_head_json":{"title":"REVISTA FRANCESA PUBLICA OBRAS LITERARIAS DE GOROSITO - Kuali","robots":{"index":"index","follow":"follow","max-snippet":"max-snippet:-1","max-image-preview":"max-image-preview:large","max-video-preview":"max-video-preview:-1"},"canonical":"https:\/\/kuali.com.mx\/web\/2023\/09\/27\/revista-francesa-publica-obras-literarias-de-gorosito\/","og_locale":"es_MX","og_type":"article","og_title":"REVISTA FRANCESA PUBLICA OBRAS LITERARIAS DE GOROSITO - Kuali","og_description":"Kuali.-El Caf\u00e9 Latino, revista bimestral biling\u00fce (espa\u00f1ol y franc\u00e9s) en su n\u00famero de septiembre p\u00fablica un art\u00edculo del poeta y periodista,\u00a0Washington Daniel Gorosito P\u00e9rez, sobre una poeta azteca y dos poemas\u00a0\u00a0LIBRE POUR UNE COLOMBE\u00a0\u00a0y ANNONCIATION.\u00a0\u00a0 www.kuali.com.mx reproduce las obras del Maestro Gorosito. Macuilxochitzin Maravillosa poeta azteca. Texto: Washington Daniel Gorosito P\u00e9rez La poeta Maculilxochitzin, naci\u00f3 [&hellip;]","og_url":"https:\/\/kuali.com.mx\/web\/2023\/09\/27\/revista-francesa-publica-obras-literarias-de-gorosito\/","og_site_name":"Kuali","article_publisher":"https:\/\/kuali.com.mx\/web\/wp-content\/uploads\/2018\/04\/cropped-kuali_logo-1-1.png","article_published_time":"2023-09-27T18:09:51+00:00","article_modified_time":"2023-09-27T18:09:52+00:00","og_image":[{"width":1399,"height":750,"url":"https:\/\/kuali.com.mx\/web\/wp-content\/uploads\/2023\/09\/GOROSITO-A.jpg","type":"image\/jpeg"}],"author":"Kuali Staff","twitter_card":"summary_large_image","twitter_creator":"@kuali_noticias","twitter_site":"@kuali_noticias","twitter_misc":{"Escrito por":"Kuali Staff","Tiempo de lectura":"4 minutos"},"schema":{"@context":"https:\/\/schema.org","@graph":[{"@type":"Article","@id":"https:\/\/kuali.com.mx\/web\/2023\/09\/27\/revista-francesa-publica-obras-literarias-de-gorosito\/#article","isPartOf":{"@id":"https:\/\/kuali.com.mx\/web\/2023\/09\/27\/revista-francesa-publica-obras-literarias-de-gorosito\/"},"author":{"name":"Kuali Staff","@id":"https:\/\/kuali.com.mx\/web\/#\/schema\/person\/6f89ffa8ecba9dae50662357923c5289"},"headline":"REVISTA FRANCESA PUBLICA OBRAS LITERARIAS DE GOROSITO","datePublished":"2023-09-27T18:09:51+00:00","dateModified":"2023-09-27T18:09:52+00:00","mainEntityOfPage":{"@id":"https:\/\/kuali.com.mx\/web\/2023\/09\/27\/revista-francesa-publica-obras-literarias-de-gorosito\/"},"wordCount":787,"commentCount":0,"image":{"@id":"https:\/\/kuali.com.mx\/web\/2023\/09\/27\/revista-francesa-publica-obras-literarias-de-gorosito\/#primaryimage"},"thumbnailUrl":"https:\/\/kuali.com.mx\/web\/wp-content\/uploads\/2023\/09\/GOROSITO-A.jpg","articleSection":["Cultura"],"inLanguage":"es","potentialAction":[{"@type":"CommentAction","name":"Comment","target":["https:\/\/kuali.com.mx\/web\/2023\/09\/27\/revista-francesa-publica-obras-literarias-de-gorosito\/#respond"]}]},{"@type":"WebPage","@id":"https:\/\/kuali.com.mx\/web\/2023\/09\/27\/revista-francesa-publica-obras-literarias-de-gorosito\/","url":"https:\/\/kuali.com.mx\/web\/2023\/09\/27\/revista-francesa-publica-obras-literarias-de-gorosito\/","name":"REVISTA FRANCESA PUBLICA OBRAS LITERARIAS DE GOROSITO - Kuali","isPartOf":{"@id":"https:\/\/kuali.com.mx\/web\/#website"},"primaryImageOfPage":{"@id":"https:\/\/kuali.com.mx\/web\/2023\/09\/27\/revista-francesa-publica-obras-literarias-de-gorosito\/#primaryimage"},"image":{"@id":"https:\/\/kuali.com.mx\/web\/2023\/09\/27\/revista-francesa-publica-obras-literarias-de-gorosito\/#primaryimage"},"thumbnailUrl":"https:\/\/kuali.com.mx\/web\/wp-content\/uploads\/2023\/09\/GOROSITO-A.jpg","datePublished":"2023-09-27T18:09:51+00:00","dateModified":"2023-09-27T18:09:52+00:00","author":{"@id":"https:\/\/kuali.com.mx\/web\/#\/schema\/person\/6f89ffa8ecba9dae50662357923c5289"},"breadcrumb":{"@id":"https:\/\/kuali.com.mx\/web\/2023\/09\/27\/revista-francesa-publica-obras-literarias-de-gorosito\/#breadcrumb"},"inLanguage":"es","potentialAction":[{"@type":"ReadAction","target":["https:\/\/kuali.com.mx\/web\/2023\/09\/27\/revista-francesa-publica-obras-literarias-de-gorosito\/"]}]},{"@type":"ImageObject","inLanguage":"es","@id":"https:\/\/kuali.com.mx\/web\/2023\/09\/27\/revista-francesa-publica-obras-literarias-de-gorosito\/#primaryimage","url":"https:\/\/kuali.com.mx\/web\/wp-content\/uploads\/2023\/09\/GOROSITO-A.jpg","contentUrl":"https:\/\/kuali.com.mx\/web\/wp-content\/uploads\/2023\/09\/GOROSITO-A.jpg","width":1399,"height":750},{"@type":"BreadcrumbList","@id":"https:\/\/kuali.com.mx\/web\/2023\/09\/27\/revista-francesa-publica-obras-literarias-de-gorosito\/#breadcrumb","itemListElement":[{"@type":"ListItem","position":1,"name":"Inicio","item":"https:\/\/kuali.com.mx\/web\/"},{"@type":"ListItem","position":2,"name":"REVISTA FRANCESA PUBLICA OBRAS LITERARIAS DE GOROSITO"}]},{"@type":"WebSite","@id":"https:\/\/kuali.com.mx\/web\/#website","url":"https:\/\/kuali.com.mx\/web\/","name":"Kuali","description":"","potentialAction":[{"@type":"SearchAction","target":{"@type":"EntryPoint","urlTemplate":"https:\/\/kuali.com.mx\/web\/?s={search_term_string}"},"query-input":{"@type":"PropertyValueSpecification","valueRequired":true,"valueName":"search_term_string"}}],"inLanguage":"es"},{"@type":"Person","@id":"https:\/\/kuali.com.mx\/web\/#\/schema\/person\/6f89ffa8ecba9dae50662357923c5289","name":"Kuali Staff","image":{"@type":"ImageObject","inLanguage":"es","@id":"https:\/\/secure.gravatar.com\/avatar\/f917ad82e5ab71227a733c78b6e60715476f69ee6be59feee4eb5d9920c89e0f?s=96&d=mm&r=g","url":"https:\/\/secure.gravatar.com\/avatar\/f917ad82e5ab71227a733c78b6e60715476f69ee6be59feee4eb5d9920c89e0f?s=96&d=mm&r=g","contentUrl":"https:\/\/secure.gravatar.com\/avatar\/f917ad82e5ab71227a733c78b6e60715476f69ee6be59feee4eb5d9920c89e0f?s=96&d=mm&r=g","caption":"Kuali Staff"},"url":"https:\/\/kuali.com.mx\/web\/author\/lagarto\/"}]}},"_links":{"self":[{"href":"https:\/\/kuali.com.mx\/web\/wp-json\/wp\/v2\/posts\/126979","targetHints":{"allow":["GET"]}}],"collection":[{"href":"https:\/\/kuali.com.mx\/web\/wp-json\/wp\/v2\/posts"}],"about":[{"href":"https:\/\/kuali.com.mx\/web\/wp-json\/wp\/v2\/types\/post"}],"author":[{"embeddable":true,"href":"https:\/\/kuali.com.mx\/web\/wp-json\/wp\/v2\/users\/2"}],"replies":[{"embeddable":true,"href":"https:\/\/kuali.com.mx\/web\/wp-json\/wp\/v2\/comments?post=126979"}],"version-history":[{"count":1,"href":"https:\/\/kuali.com.mx\/web\/wp-json\/wp\/v2\/posts\/126979\/revisions"}],"predecessor-version":[{"id":126983,"href":"https:\/\/kuali.com.mx\/web\/wp-json\/wp\/v2\/posts\/126979\/revisions\/126983"}],"wp:featuredmedia":[{"embeddable":true,"href":"https:\/\/kuali.com.mx\/web\/wp-json\/wp\/v2\/media\/126981"}],"wp:attachment":[{"href":"https:\/\/kuali.com.mx\/web\/wp-json\/wp\/v2\/media?parent=126979"}],"wp:term":[{"taxonomy":"category","embeddable":true,"href":"https:\/\/kuali.com.mx\/web\/wp-json\/wp\/v2\/categories?post=126979"},{"taxonomy":"post_tag","embeddable":true,"href":"https:\/\/kuali.com.mx\/web\/wp-json\/wp\/v2\/tags?post=126979"}],"curies":[{"name":"wp","href":"https:\/\/api.w.org\/{rel}","templated":true}]}}