{"id":126965,"date":"2023-09-26T11:31:00","date_gmt":"2023-09-26T17:31:00","guid":{"rendered":"https:\/\/kuali.com.mx\/web\/?p=126965"},"modified":"2023-09-27T10:41:43","modified_gmt":"2023-09-27T16:41:43","slug":"homenajearan-a-jose-alfredo-jimenez-en-fesrival-del-comic","status":"publish","type":"post","link":"https:\/\/kuali.com.mx\/web\/2023\/09\/26\/homenajearan-a-jose-alfredo-jimenez-en-fesrival-del-comic\/","title":{"rendered":"HOMENAJEAR\u00c1N A JOS\u00c9 ALFREDO JIM\u00c9NEZ EN FESTIVAL DEL C\u00d3MIC"},"content":{"rendered":"\n<p><strong><em>Kuali\/Le\u00f3n, Gto.-<\/em><\/strong>El Instituto Estatal de la Cultura de Guanajuato realizar\u00e1, del 28 al 30 de septiembre, el Festival del C\u00f3mic y Manga 2023, en la Biblioteca Central Estatal, donde har\u00e1 un homenaje a Jos\u00e9 Alfredo Jim\u00e9nez a 50 a\u00f1os de su fallecimiento.<\/p>\n\n\n\n<p>El evento contar\u00e1 con una decena de actividades, como charlas con creadores, talleres, exposiciones y revisi\u00f3n de portafolios as\u00ed como exhibici\u00f3n y venta de c\u00f3mics y material relacionado con este fascinante mundo.<\/p>\n\n\n\n<p>Entre los invitados se cuentan Pepeto, reconocido autor de novelas gr\u00e1ficas de origen guanajuatense; el experimentado ilustrador mexicano Alex Herrer\u00edas y Layla Rangel, actriz de doblaje con m\u00e1s de 150 papeles en su curr\u00edculum, incluyendo en el Hermione Granger en la saga Harry Potter.<\/p>\n\n\n\n<p>Las actividades inicia el jueves 28 de septiembre con la conferencia \u201cQue es un ingeniarte\u201d a cargo del Studio Ingeniarte el cual est\u00e1 dedicado a la creaci\u00f3n, desarrollo, dise\u00f1o y capacitaci\u00f3n en temas relacionados al c\u00f3mic, videojuegos y soluciones creativas. En esta charla podr\u00e1n aprender el camino de un artista, explotar todo su talento y potenciarlo para crear historias memorables que puedan ser inspiraci\u00f3n para los dem\u00e1s. Esto ser\u00e1 a las 12:00 hrs. en la sala Jos\u00e9 Vasconcelos.<\/p>\n\n\n\n<p>El viernes 29 se impartir\u00e1 la charla Apuntes sobre novela gr\u00e1fica y presentaci\u00f3n de \u201cEl lento andar de la ara\u00f1a\u201d a las 12:00 horas a cargo de Pepeto. Jos\u00e9 C\u00e1rdenas Torres, Pepeto (Celaya, 1965) es creador de la saga Harumm-Scarumm, publicada por primera vez en el m\u00edtico Gallito Comics y base argumental de esta obra. Entre otras cosas, ha colaborado como ilustrador en diversas publicaciones y editoriales y ha participado como historietista y guionista de comic humor\u00edstico en las revistas Mad en espa\u00f1ol y El Chamuco.<\/p>\n\n\n\n<p>El s\u00e1bado 30 Leyla Rangel charlar\u00e1 con los asistentes sobre el Doblaje en pel\u00edculas animadas y grandes personajes del universo del C\u00f3mic a las 17:00 hrs. Leyla desde hace 30 a\u00f1os se ha especializado en Doblaje y Locuci\u00f3n Comercial colaborando con importantes marcas internacionales como: Disney, Pixar, Dreamworks, Marvel, Warner, Sony, Mercedes Benz, Loreall<\/p>\n\n\n\n<p>Ha dado voz en espa\u00f1ol latam a ic\u00f3nicos personajes entre los que destacan: Ahsoka Tano en Star Wars, Hermione Granger en Harry Potter, Shuri en Pantera Negra, Violeta Parr en Los Incre\u00edbles, Astrid en C\u00f3mo Entrenar a tu Drag\u00f3n, Charlotte en La Princesa y el Sapo, Raven en La Casa de Raven y Es tan Raven, Kim en Kim Posible,etc. Este a\u00f1o particip\u00f3 en el doblaje de la popular pel\u00edcula Barbie, dando voz en espa\u00f1ol a Gloria, personaje interpretado por Am\u00e9rica Ferrera.<\/p>\n\n\n\n<p>Para los j\u00f3venes interesados en seguir los consejos de un experto podr\u00e1n anotarse y llevar las muestras de su trabajo a la Revisi\u00f3n de Portafolios con \u00c1lex Herrer\u00edas, ilustrador profesional e independiente desde 2005, su trabajo ha sido publicado en M\u00e9xico, Espa\u00f1a, China, Estados Unidos, Reino Unido, Canad\u00e1, Irlanda, Suecia, Colombia, L\u00edbano, Emiratos \u00c1rabes Unidos, Per\u00fa y Brasil.<\/p>\n\n\n\n<p>Ha sido merecedor de la medalla Behance en ilustraci\u00f3n en el Behance Portafolio reviews; ganador del premio al Dise\u00f1o en la categor\u00eda de ilustraci\u00f3n. Ha sido seleccionado en varias ocasiones por Spectrum: The best in Contemporary Fantastic Art, as\u00ed como en el festival internacional Sharjah Children\u2019s Reading Festival, realizado en Emiratos \u00c1rabes.<\/p>\n\n\n\n<p>El evento concluye con la Pasarela Cospaly donde se contar\u00e1 con artistas como Betzayda Ch\u00e1vez, interpretando a 2B de \"Nier Aut\u00f3mata\", una joven leonesa que ha participado en convocatorias municipales y estatales; as\u00ed como \u00c1ngel Soto, un joven leon\u00e9s con estudios de actuaci\u00f3n, que ha participado en convocatorias estatales y nacionales , musicales y obras teatrales, adem\u00e1s habr\u00e1 un invitado sorpresa.<\/p>\n\n\n\n<p>Tambi\u00e9n se contar\u00e1 con talleres de plastilina sobre h\u00e9roes de c\u00f3mics que en esta ocasi\u00f3n se impartir\u00e1n tambi\u00e9n en sedes de Silao y Pur\u00edsima del Rinc\u00f3n y talleres de dibujo de c\u00f3mic que se realizar\u00e1n en Romita, San Francisco del Rinc\u00f3n e Irapuato.<\/p>\n\n\n\n<p>En Le\u00f3n se realizar\u00e1n talleres de stop motion a cargo del Profesor Plastilina, de manga que ser\u00e1 impartido por Luis Zerme\u00f1o y de cosplay coordinado por Studio Ingeniarte.<\/p>\n\n\n\n<p>A la par de estas actividades se contar\u00e1 con el Pasillo del C\u00f3mic, donde editoriales, tiendas especializadas, e interesados en la promoci\u00f3n y difusi\u00f3n del c\u00f3mic y novela gr\u00e1fica podr\u00e1n a la venta sus productos durante los tres d\u00edas del evento, en el horario de 11:00 a 18:30 horas.<\/p>\n","protected":false},"excerpt":{"rendered":"Kuali\/Le\u00f3n, Gto.-El Instituto Estatal de la Cultura de Guanajuato realizar\u00e1, del 28 al 30 de septiembre, el Festival del C\u00f3mic y Manga 2023, en la Biblioteca Central Estatal, donde har\u00e1 un homenaje a Jos\u00e9 Alfredo Jim\u00e9nez a 50 a\u00f1os de su fallecimiento. El evento contar\u00e1 con una decena de actividades, como charlas con creadores, talleres, [&hellip;]","protected":false},"author":2,"featured_media":65068,"comment_status":"open","ping_status":"open","sticky":false,"template":"","format":"standard","meta":{"_seopress_robots_primary_cat":"none","_seopress_titles_title":"","_seopress_titles_desc":"","_seopress_robots_index":"","_monsterinsights_skip_tracking":false,"_monsterinsights_sitenote_active":false,"_monsterinsights_sitenote_note":"","_monsterinsights_sitenote_category":0,"footnotes":""},"categories":[8],"tags":[],"class_list":["post-126965","post","type-post","status-publish","format-standard","has-post-thumbnail","hentry","category-espectaculos"],"yoast_head":"<!-- This site is optimized with the Yoast SEO plugin v27.4 - https:\/\/yoast.com\/product\/yoast-seo-wordpress\/ -->\n<title>HOMENAJEAR\u00c1N A JOS\u00c9 ALFREDO JIM\u00c9NEZ EN FESTIVAL DEL C\u00d3MIC - Kuali<\/title>\n<meta name=\"robots\" content=\"index, follow, max-snippet:-1, max-image-preview:large, max-video-preview:-1\" \/>\n<link rel=\"canonical\" href=\"https:\/\/kuali.com.mx\/web\/2023\/09\/26\/homenajearan-a-jose-alfredo-jimenez-en-fesrival-del-comic\/\" \/>\n<meta property=\"og:locale\" content=\"es_MX\" \/>\n<meta property=\"og:type\" content=\"article\" \/>\n<meta property=\"og:title\" content=\"HOMENAJEAR\u00c1N A JOS\u00c9 ALFREDO JIM\u00c9NEZ EN FESTIVAL DEL C\u00d3MIC - Kuali\" \/>\n<meta property=\"og:description\" content=\"Kuali\/Le\u00f3n, Gto.-El Instituto Estatal de la Cultura de Guanajuato realizar\u00e1, del 28 al 30 de septiembre, el Festival del C\u00f3mic y Manga 2023, en la Biblioteca Central Estatal, donde har\u00e1 un homenaje a Jos\u00e9 Alfredo Jim\u00e9nez a 50 a\u00f1os de su fallecimiento. El evento contar\u00e1 con una decena de actividades, como charlas con creadores, talleres, [&hellip;]\" \/>\n<meta property=\"og:url\" content=\"https:\/\/kuali.com.mx\/web\/2023\/09\/26\/homenajearan-a-jose-alfredo-jimenez-en-fesrival-del-comic\/\" \/>\n<meta property=\"og:site_name\" content=\"Kuali\" \/>\n<meta property=\"article:publisher\" content=\"https:\/\/kuali.com.mx\/web\/wp-content\/uploads\/2018\/04\/cropped-kuali_logo-1-1.png\" \/>\n<meta property=\"article:published_time\" content=\"2023-09-26T17:31:00+00:00\" \/>\n<meta property=\"article:modified_time\" content=\"2023-09-27T16:41:43+00:00\" \/>\n<meta property=\"og:image\" content=\"https:\/\/kuali.com.mx\/web\/wp-content\/uploads\/2020\/01\/jos\u00e9-alfredo-jim\u00e9nez.jpg\" \/>\n\t<meta property=\"og:image:width\" content=\"1612\" \/>\n\t<meta property=\"og:image:height\" content=\"750\" \/>\n\t<meta property=\"og:image:type\" content=\"image\/jpeg\" \/>\n<meta name=\"author\" content=\"Kuali Staff\" \/>\n<meta name=\"twitter:card\" content=\"summary_large_image\" \/>\n<meta name=\"twitter:creator\" content=\"@kuali_noticias\" \/>\n<meta name=\"twitter:site\" content=\"@kuali_noticias\" \/>\n<meta name=\"twitter:label1\" content=\"Escrito por\" \/>\n\t<meta name=\"twitter:data1\" content=\"Kuali Staff\" \/>\n\t<meta name=\"twitter:label2\" content=\"Tiempo de lectura\" \/>\n\t<meta name=\"twitter:data2\" content=\"4 minutos\" \/>\n<script type=\"application\/ld+json\" class=\"yoast-schema-graph\">{\"@context\":\"https:\\\/\\\/schema.org\",\"@graph\":[{\"@type\":\"Article\",\"@id\":\"https:\\\/\\\/kuali.com.mx\\\/web\\\/2023\\\/09\\\/26\\\/homenajearan-a-jose-alfredo-jimenez-en-fesrival-del-comic\\\/#article\",\"isPartOf\":{\"@id\":\"https:\\\/\\\/kuali.com.mx\\\/web\\\/2023\\\/09\\\/26\\\/homenajearan-a-jose-alfredo-jimenez-en-fesrival-del-comic\\\/\"},\"author\":{\"name\":\"Kuali Staff\",\"@id\":\"https:\\\/\\\/kuali.com.mx\\\/web\\\/#\\\/schema\\\/person\\\/6f89ffa8ecba9dae50662357923c5289\"},\"headline\":\"HOMENAJEAR\u00c1N A JOS\u00c9 ALFREDO JIM\u00c9NEZ EN FESTIVAL DEL C\u00d3MIC\",\"datePublished\":\"2023-09-26T17:31:00+00:00\",\"dateModified\":\"2023-09-27T16:41:43+00:00\",\"mainEntityOfPage\":{\"@id\":\"https:\\\/\\\/kuali.com.mx\\\/web\\\/2023\\\/09\\\/26\\\/homenajearan-a-jose-alfredo-jimenez-en-fesrival-del-comic\\\/\"},\"wordCount\":785,\"commentCount\":0,\"image\":{\"@id\":\"https:\\\/\\\/kuali.com.mx\\\/web\\\/2023\\\/09\\\/26\\\/homenajearan-a-jose-alfredo-jimenez-en-fesrival-del-comic\\\/#primaryimage\"},\"thumbnailUrl\":\"https:\\\/\\\/kuali.com.mx\\\/web\\\/wp-content\\\/uploads\\\/2020\\\/01\\\/jos\u00e9-alfredo-jim\u00e9nez.jpg\",\"articleSection\":[\"Cultura\"],\"inLanguage\":\"es\",\"potentialAction\":[{\"@type\":\"CommentAction\",\"name\":\"Comment\",\"target\":[\"https:\\\/\\\/kuali.com.mx\\\/web\\\/2023\\\/09\\\/26\\\/homenajearan-a-jose-alfredo-jimenez-en-fesrival-del-comic\\\/#respond\"]}]},{\"@type\":\"WebPage\",\"@id\":\"https:\\\/\\\/kuali.com.mx\\\/web\\\/2023\\\/09\\\/26\\\/homenajearan-a-jose-alfredo-jimenez-en-fesrival-del-comic\\\/\",\"url\":\"https:\\\/\\\/kuali.com.mx\\\/web\\\/2023\\\/09\\\/26\\\/homenajearan-a-jose-alfredo-jimenez-en-fesrival-del-comic\\\/\",\"name\":\"HOMENAJEAR\u00c1N A JOS\u00c9 ALFREDO JIM\u00c9NEZ EN FESTIVAL DEL C\u00d3MIC - Kuali\",\"isPartOf\":{\"@id\":\"https:\\\/\\\/kuali.com.mx\\\/web\\\/#website\"},\"primaryImageOfPage\":{\"@id\":\"https:\\\/\\\/kuali.com.mx\\\/web\\\/2023\\\/09\\\/26\\\/homenajearan-a-jose-alfredo-jimenez-en-fesrival-del-comic\\\/#primaryimage\"},\"image\":{\"@id\":\"https:\\\/\\\/kuali.com.mx\\\/web\\\/2023\\\/09\\\/26\\\/homenajearan-a-jose-alfredo-jimenez-en-fesrival-del-comic\\\/#primaryimage\"},\"thumbnailUrl\":\"https:\\\/\\\/kuali.com.mx\\\/web\\\/wp-content\\\/uploads\\\/2020\\\/01\\\/jos\u00e9-alfredo-jim\u00e9nez.jpg\",\"datePublished\":\"2023-09-26T17:31:00+00:00\",\"dateModified\":\"2023-09-27T16:41:43+00:00\",\"author\":{\"@id\":\"https:\\\/\\\/kuali.com.mx\\\/web\\\/#\\\/schema\\\/person\\\/6f89ffa8ecba9dae50662357923c5289\"},\"breadcrumb\":{\"@id\":\"https:\\\/\\\/kuali.com.mx\\\/web\\\/2023\\\/09\\\/26\\\/homenajearan-a-jose-alfredo-jimenez-en-fesrival-del-comic\\\/#breadcrumb\"},\"inLanguage\":\"es\",\"potentialAction\":[{\"@type\":\"ReadAction\",\"target\":[\"https:\\\/\\\/kuali.com.mx\\\/web\\\/2023\\\/09\\\/26\\\/homenajearan-a-jose-alfredo-jimenez-en-fesrival-del-comic\\\/\"]}]},{\"@type\":\"ImageObject\",\"inLanguage\":\"es\",\"@id\":\"https:\\\/\\\/kuali.com.mx\\\/web\\\/2023\\\/09\\\/26\\\/homenajearan-a-jose-alfredo-jimenez-en-fesrival-del-comic\\\/#primaryimage\",\"url\":\"https:\\\/\\\/kuali.com.mx\\\/web\\\/wp-content\\\/uploads\\\/2020\\\/01\\\/jos\u00e9-alfredo-jim\u00e9nez.jpg\",\"contentUrl\":\"https:\\\/\\\/kuali.com.mx\\\/web\\\/wp-content\\\/uploads\\\/2020\\\/01\\\/jos\u00e9-alfredo-jim\u00e9nez.jpg\",\"width\":1612,\"height\":750},{\"@type\":\"BreadcrumbList\",\"@id\":\"https:\\\/\\\/kuali.com.mx\\\/web\\\/2023\\\/09\\\/26\\\/homenajearan-a-jose-alfredo-jimenez-en-fesrival-del-comic\\\/#breadcrumb\",\"itemListElement\":[{\"@type\":\"ListItem\",\"position\":1,\"name\":\"Inicio\",\"item\":\"https:\\\/\\\/kuali.com.mx\\\/web\\\/\"},{\"@type\":\"ListItem\",\"position\":2,\"name\":\"HOMENAJEAR\u00c1N A JOS\u00c9 ALFREDO JIM\u00c9NEZ EN FESTIVAL DEL C\u00d3MIC\"}]},{\"@type\":\"WebSite\",\"@id\":\"https:\\\/\\\/kuali.com.mx\\\/web\\\/#website\",\"url\":\"https:\\\/\\\/kuali.com.mx\\\/web\\\/\",\"name\":\"Kuali\",\"description\":\"\",\"potentialAction\":[{\"@type\":\"SearchAction\",\"target\":{\"@type\":\"EntryPoint\",\"urlTemplate\":\"https:\\\/\\\/kuali.com.mx\\\/web\\\/?s={search_term_string}\"},\"query-input\":{\"@type\":\"PropertyValueSpecification\",\"valueRequired\":true,\"valueName\":\"search_term_string\"}}],\"inLanguage\":\"es\"},{\"@type\":\"Person\",\"@id\":\"https:\\\/\\\/kuali.com.mx\\\/web\\\/#\\\/schema\\\/person\\\/6f89ffa8ecba9dae50662357923c5289\",\"name\":\"Kuali Staff\",\"image\":{\"@type\":\"ImageObject\",\"inLanguage\":\"es\",\"@id\":\"https:\\\/\\\/secure.gravatar.com\\\/avatar\\\/f917ad82e5ab71227a733c78b6e60715476f69ee6be59feee4eb5d9920c89e0f?s=96&d=mm&r=g\",\"url\":\"https:\\\/\\\/secure.gravatar.com\\\/avatar\\\/f917ad82e5ab71227a733c78b6e60715476f69ee6be59feee4eb5d9920c89e0f?s=96&d=mm&r=g\",\"contentUrl\":\"https:\\\/\\\/secure.gravatar.com\\\/avatar\\\/f917ad82e5ab71227a733c78b6e60715476f69ee6be59feee4eb5d9920c89e0f?s=96&d=mm&r=g\",\"caption\":\"Kuali Staff\"},\"url\":\"https:\\\/\\\/kuali.com.mx\\\/web\\\/author\\\/lagarto\\\/\"}]}<\/script>\n<!-- \/ Yoast SEO plugin. -->","yoast_head_json":{"title":"HOMENAJEAR\u00c1N A JOS\u00c9 ALFREDO JIM\u00c9NEZ EN FESTIVAL DEL C\u00d3MIC - Kuali","robots":{"index":"index","follow":"follow","max-snippet":"max-snippet:-1","max-image-preview":"max-image-preview:large","max-video-preview":"max-video-preview:-1"},"canonical":"https:\/\/kuali.com.mx\/web\/2023\/09\/26\/homenajearan-a-jose-alfredo-jimenez-en-fesrival-del-comic\/","og_locale":"es_MX","og_type":"article","og_title":"HOMENAJEAR\u00c1N A JOS\u00c9 ALFREDO JIM\u00c9NEZ EN FESTIVAL DEL C\u00d3MIC - Kuali","og_description":"Kuali\/Le\u00f3n, Gto.-El Instituto Estatal de la Cultura de Guanajuato realizar\u00e1, del 28 al 30 de septiembre, el Festival del C\u00f3mic y Manga 2023, en la Biblioteca Central Estatal, donde har\u00e1 un homenaje a Jos\u00e9 Alfredo Jim\u00e9nez a 50 a\u00f1os de su fallecimiento. El evento contar\u00e1 con una decena de actividades, como charlas con creadores, talleres, [&hellip;]","og_url":"https:\/\/kuali.com.mx\/web\/2023\/09\/26\/homenajearan-a-jose-alfredo-jimenez-en-fesrival-del-comic\/","og_site_name":"Kuali","article_publisher":"https:\/\/kuali.com.mx\/web\/wp-content\/uploads\/2018\/04\/cropped-kuali_logo-1-1.png","article_published_time":"2023-09-26T17:31:00+00:00","article_modified_time":"2023-09-27T16:41:43+00:00","og_image":[{"width":1612,"height":750,"url":"https:\/\/kuali.com.mx\/web\/wp-content\/uploads\/2020\/01\/jos\u00e9-alfredo-jim\u00e9nez.jpg","type":"image\/jpeg"}],"author":"Kuali Staff","twitter_card":"summary_large_image","twitter_creator":"@kuali_noticias","twitter_site":"@kuali_noticias","twitter_misc":{"Escrito por":"Kuali Staff","Tiempo de lectura":"4 minutos"},"schema":{"@context":"https:\/\/schema.org","@graph":[{"@type":"Article","@id":"https:\/\/kuali.com.mx\/web\/2023\/09\/26\/homenajearan-a-jose-alfredo-jimenez-en-fesrival-del-comic\/#article","isPartOf":{"@id":"https:\/\/kuali.com.mx\/web\/2023\/09\/26\/homenajearan-a-jose-alfredo-jimenez-en-fesrival-del-comic\/"},"author":{"name":"Kuali Staff","@id":"https:\/\/kuali.com.mx\/web\/#\/schema\/person\/6f89ffa8ecba9dae50662357923c5289"},"headline":"HOMENAJEAR\u00c1N A JOS\u00c9 ALFREDO JIM\u00c9NEZ EN FESTIVAL DEL C\u00d3MIC","datePublished":"2023-09-26T17:31:00+00:00","dateModified":"2023-09-27T16:41:43+00:00","mainEntityOfPage":{"@id":"https:\/\/kuali.com.mx\/web\/2023\/09\/26\/homenajearan-a-jose-alfredo-jimenez-en-fesrival-del-comic\/"},"wordCount":785,"commentCount":0,"image":{"@id":"https:\/\/kuali.com.mx\/web\/2023\/09\/26\/homenajearan-a-jose-alfredo-jimenez-en-fesrival-del-comic\/#primaryimage"},"thumbnailUrl":"https:\/\/kuali.com.mx\/web\/wp-content\/uploads\/2020\/01\/jos\u00e9-alfredo-jim\u00e9nez.jpg","articleSection":["Cultura"],"inLanguage":"es","potentialAction":[{"@type":"CommentAction","name":"Comment","target":["https:\/\/kuali.com.mx\/web\/2023\/09\/26\/homenajearan-a-jose-alfredo-jimenez-en-fesrival-del-comic\/#respond"]}]},{"@type":"WebPage","@id":"https:\/\/kuali.com.mx\/web\/2023\/09\/26\/homenajearan-a-jose-alfredo-jimenez-en-fesrival-del-comic\/","url":"https:\/\/kuali.com.mx\/web\/2023\/09\/26\/homenajearan-a-jose-alfredo-jimenez-en-fesrival-del-comic\/","name":"HOMENAJEAR\u00c1N A JOS\u00c9 ALFREDO JIM\u00c9NEZ EN FESTIVAL DEL C\u00d3MIC - Kuali","isPartOf":{"@id":"https:\/\/kuali.com.mx\/web\/#website"},"primaryImageOfPage":{"@id":"https:\/\/kuali.com.mx\/web\/2023\/09\/26\/homenajearan-a-jose-alfredo-jimenez-en-fesrival-del-comic\/#primaryimage"},"image":{"@id":"https:\/\/kuali.com.mx\/web\/2023\/09\/26\/homenajearan-a-jose-alfredo-jimenez-en-fesrival-del-comic\/#primaryimage"},"thumbnailUrl":"https:\/\/kuali.com.mx\/web\/wp-content\/uploads\/2020\/01\/jos\u00e9-alfredo-jim\u00e9nez.jpg","datePublished":"2023-09-26T17:31:00+00:00","dateModified":"2023-09-27T16:41:43+00:00","author":{"@id":"https:\/\/kuali.com.mx\/web\/#\/schema\/person\/6f89ffa8ecba9dae50662357923c5289"},"breadcrumb":{"@id":"https:\/\/kuali.com.mx\/web\/2023\/09\/26\/homenajearan-a-jose-alfredo-jimenez-en-fesrival-del-comic\/#breadcrumb"},"inLanguage":"es","potentialAction":[{"@type":"ReadAction","target":["https:\/\/kuali.com.mx\/web\/2023\/09\/26\/homenajearan-a-jose-alfredo-jimenez-en-fesrival-del-comic\/"]}]},{"@type":"ImageObject","inLanguage":"es","@id":"https:\/\/kuali.com.mx\/web\/2023\/09\/26\/homenajearan-a-jose-alfredo-jimenez-en-fesrival-del-comic\/#primaryimage","url":"https:\/\/kuali.com.mx\/web\/wp-content\/uploads\/2020\/01\/jos\u00e9-alfredo-jim\u00e9nez.jpg","contentUrl":"https:\/\/kuali.com.mx\/web\/wp-content\/uploads\/2020\/01\/jos\u00e9-alfredo-jim\u00e9nez.jpg","width":1612,"height":750},{"@type":"BreadcrumbList","@id":"https:\/\/kuali.com.mx\/web\/2023\/09\/26\/homenajearan-a-jose-alfredo-jimenez-en-fesrival-del-comic\/#breadcrumb","itemListElement":[{"@type":"ListItem","position":1,"name":"Inicio","item":"https:\/\/kuali.com.mx\/web\/"},{"@type":"ListItem","position":2,"name":"HOMENAJEAR\u00c1N A JOS\u00c9 ALFREDO JIM\u00c9NEZ EN FESTIVAL DEL C\u00d3MIC"}]},{"@type":"WebSite","@id":"https:\/\/kuali.com.mx\/web\/#website","url":"https:\/\/kuali.com.mx\/web\/","name":"Kuali","description":"","potentialAction":[{"@type":"SearchAction","target":{"@type":"EntryPoint","urlTemplate":"https:\/\/kuali.com.mx\/web\/?s={search_term_string}"},"query-input":{"@type":"PropertyValueSpecification","valueRequired":true,"valueName":"search_term_string"}}],"inLanguage":"es"},{"@type":"Person","@id":"https:\/\/kuali.com.mx\/web\/#\/schema\/person\/6f89ffa8ecba9dae50662357923c5289","name":"Kuali Staff","image":{"@type":"ImageObject","inLanguage":"es","@id":"https:\/\/secure.gravatar.com\/avatar\/f917ad82e5ab71227a733c78b6e60715476f69ee6be59feee4eb5d9920c89e0f?s=96&d=mm&r=g","url":"https:\/\/secure.gravatar.com\/avatar\/f917ad82e5ab71227a733c78b6e60715476f69ee6be59feee4eb5d9920c89e0f?s=96&d=mm&r=g","contentUrl":"https:\/\/secure.gravatar.com\/avatar\/f917ad82e5ab71227a733c78b6e60715476f69ee6be59feee4eb5d9920c89e0f?s=96&d=mm&r=g","caption":"Kuali Staff"},"url":"https:\/\/kuali.com.mx\/web\/author\/lagarto\/"}]}},"_links":{"self":[{"href":"https:\/\/kuali.com.mx\/web\/wp-json\/wp\/v2\/posts\/126965","targetHints":{"allow":["GET"]}}],"collection":[{"href":"https:\/\/kuali.com.mx\/web\/wp-json\/wp\/v2\/posts"}],"about":[{"href":"https:\/\/kuali.com.mx\/web\/wp-json\/wp\/v2\/types\/post"}],"author":[{"embeddable":true,"href":"https:\/\/kuali.com.mx\/web\/wp-json\/wp\/v2\/users\/2"}],"replies":[{"embeddable":true,"href":"https:\/\/kuali.com.mx\/web\/wp-json\/wp\/v2\/comments?post=126965"}],"version-history":[{"count":2,"href":"https:\/\/kuali.com.mx\/web\/wp-json\/wp\/v2\/posts\/126965\/revisions"}],"predecessor-version":[{"id":126978,"href":"https:\/\/kuali.com.mx\/web\/wp-json\/wp\/v2\/posts\/126965\/revisions\/126978"}],"wp:featuredmedia":[{"embeddable":true,"href":"https:\/\/kuali.com.mx\/web\/wp-json\/wp\/v2\/media\/65068"}],"wp:attachment":[{"href":"https:\/\/kuali.com.mx\/web\/wp-json\/wp\/v2\/media?parent=126965"}],"wp:term":[{"taxonomy":"category","embeddable":true,"href":"https:\/\/kuali.com.mx\/web\/wp-json\/wp\/v2\/categories?post=126965"},{"taxonomy":"post_tag","embeddable":true,"href":"https:\/\/kuali.com.mx\/web\/wp-json\/wp\/v2\/tags?post=126965"}],"curies":[{"name":"wp","href":"https:\/\/api.w.org\/{rel}","templated":true}]}}