{"id":126948,"date":"2023-09-26T16:59:57","date_gmt":"2023-09-26T22:59:57","guid":{"rendered":"https:\/\/kuali.com.mx\/web\/?p=126948"},"modified":"2023-09-27T07:53:04","modified_gmt":"2023-09-27T13:53:04","slug":"bajo-un-97-el-numero-de-comunidades-con-rezago-social","status":"publish","type":"post","link":"https:\/\/kuali.com.mx\/web\/2023\/09\/26\/bajo-un-97-el-numero-de-comunidades-con-rezago-social\/","title":{"rendered":"BAJ\u00d3 UN 97% EL N\u00daMERO DE COMUNIDADES CON REZAGO SOCIAL"},"content":{"rendered":"\n<p><strong><em>Kuali\/Guanajuato, Gto.-<\/em>\u00a0<\/strong>En 20 a\u00f1os disminuy\u00f3 en un 97 por ciento el n\u00famero de comunidades con alto o muy alto rezago social, de 2 mil 562 localidades que estaban en esta situaci\u00f3n, en el a\u00f1o 2000, ya solo quedan 93, inform\u00f3 el gobernador, Diego Sinhue Rodr\u00edguez Vallejo, al clausurar en el Encuentro de Desarrollo Comunitario Red M\u00f3vil.<\/p>\n\n\n\n<p>Desde el a\u00f1o 2019 a trav\u00e9s del Programa de Red M\u00f3vil se han atendido a 334 comunidades, con lo que se ha beneficiado a m\u00e1s de 10 mil guanajuatenses, se\u00f1al\u00f3 el mandatario, quien en compa\u00f1\u00eda de la Presidenta del DIF Estatal, Adriana Ram\u00edrez Lozano, clausuraron el encuentro.<\/p>\n\n\n\n<p>Hoy en todos los rincones de nuestro estado est\u00e1n presentes obras y acciones impulsadas por el DIF Estatal de Guanajuato a trav\u00e9s de Red M\u00f3vil, se\u00f1al\u00f3 el Mandatario.<\/p>\n\n\n\n<p>Agreg\u00f3 que \u201cdetr\u00e1s de toda comunidad ordenada, y unida, est\u00e1n dos actividades indispensables: organizaci\u00f3n comunitaria y participaci\u00f3n social.<\/p>\n\n\n\n<p>\u201cEstos son los pilares que han fortalecido por m\u00e1s de 20 a\u00f1os un programa emblema de nuestro Sistema Estatal del DIF Estatal, como lo es Red M\u00f3vil. Y aqu\u00ed&nbsp; est\u00e1n los logros de un programa que es de ustedes y para ustedes\u201d, expres\u00f3 el Mandatario Estatal.<\/p>\n\n\n\n<p>Gracias a programas como Red M\u00f3vil, impulsado por el compromiso de las voluntarias y voluntarios, y sostenido por un gran esfuerzo transversal, es que hoy Guanajuato avanza con paso firme en el combate a la desigualdad, destac\u00f3 el Gobernador.<\/p>\n\n\n\n<p>&nbsp; Dijo que actualmente Guanajuato se encuentra en el cuarto lugar, entre los cinco estados que mejores avances tuvieron en el combate al rezago social.<\/p>\n\n\n\n<p>En 20 a\u00f1os, casi un 20 por ciento de las comunidades de Guanajuato mostraron mejoras considerables en contra del grado de rezago social, agreg\u00f3.<\/p>\n\n\n\n<p>Se\u00f1al\u00f3 que en el a\u00f1o 2000, eran 2 mil 562 localidades del estado que se encontraban en alto o muy alto rezago social; y para 2020 s\u00f3lo 93 localidades se encontraban en dicha situaci\u00f3n.<\/p>\n\n\n\n<p> Adem\u00e1s, todos los municipios de Guanajuato han mejorado su grado de rezago social de 2000 a 2020, dijo el Gobernador.<\/p>\n\n\n\n<p>&nbsp;&nbsp;&nbsp; \u201cY esto es un gran esfuerzo de sociedad y gobierno y de las personas que viven en nuestras comunidades, mismas que se han convertido en gestoras de su propio desarrollo. Y ese es el objetivo principal del Programa Red M\u00f3vil: Hacer fuerte a nuestras comunidades impulsando su capacidad de autogesti\u00f3n\u201d, enfatiz\u00f3.<\/p>\n\n\n\n<p>&nbsp;&nbsp;&nbsp;&nbsp; El DIF Estatal est\u00e1 demostrando que podemos construir un mundo mejor por el camino de la corresponsabilidad, de los valores, del voluntariado, del fortalecimiento de las familias, se\u00f1al\u00f3 Rodr\u00edguez Vallejo.<\/p>\n\n\n\n<p>&nbsp;&nbsp;&nbsp; Por su parte la Presidenta del DIF Estatal reconoci\u00f3 a todas las personas que participan en el Programa Red M\u00f3vil, porque lo han fortalecido en beneficio de m\u00e1s de 334 comunidades.<\/p>\n\n\n\n<p>&nbsp;&nbsp;&nbsp; Durante este evento que se llev\u00f3 a cabo en la Ex Hacienda de San Gabriel de Barrera, se brindaron capacitaciones de: elaboraci\u00f3n de bolsa de toquilla, mu\u00f1ecas artesanales, jabones, crema corporal para personas diab\u00e9ticas a base de sabia.<\/p>\n\n\n\n<p>&nbsp;&nbsp; Y se expusieron productos como: pomadas, donas, pasteles, gelatina encapsulada, quesos, hongos, productos a base de leche de cabra, pi\u00f1atas y porta velas a base de pl\u00e1sticos reutilizados, productos a base de chapul\u00edn, cajeta, jamoncillo, yogurt; jarrones porta flores elaborados con yeso y cart\u00f3n, dulces tradicionales, entre otros.<\/p>\n\n\n\n<p>&nbsp;&nbsp;&nbsp;&nbsp;&nbsp;&nbsp; En esta ceremonia se cont\u00f3 con la asistencia del Director del DIF Estatal, Gerardo Trujillo Flores; la Subdirectora de Desarrollo Comunitario del DIF Nacional, Samara L\u00f3pez Camero; el Secretario de Desarrollo Econ\u00f3mico Sustentable, Ram\u00f3n Alfaro G\u00f3mez; la Diputada Local, Margarita Rionda; entre otras autoridades estatales y municipales.<\/p>\n","protected":false},"excerpt":{"rendered":"Kuali\/Guanajuato, Gto.-\u00a0En 20 a\u00f1os disminuy\u00f3 en un 97 por ciento el n\u00famero de comunidades con alto o muy alto rezago social, de 2 mil 562 localidades que estaban en esta situaci\u00f3n, en el a\u00f1o 2000, ya solo quedan 93, inform\u00f3 el gobernador, Diego Sinhue Rodr\u00edguez Vallejo, al clausurar en el Encuentro de Desarrollo Comunitario Red [&hellip;]","protected":false},"author":2,"featured_media":53362,"comment_status":"open","ping_status":"open","sticky":false,"template":"","format":"standard","meta":{"_seopress_robots_primary_cat":"none","_seopress_titles_title":"","_seopress_titles_desc":"","_seopress_robots_index":"","_monsterinsights_skip_tracking":false,"_monsterinsights_sitenote_active":false,"_monsterinsights_sitenote_note":"","_monsterinsights_sitenote_category":0,"footnotes":""},"categories":[3],"tags":[],"class_list":["post-126948","post","type-post","status-publish","format-standard","has-post-thumbnail","hentry","category-politica"],"yoast_head":"<!-- This site is optimized with the Yoast SEO plugin v27.4 - https:\/\/yoast.com\/product\/yoast-seo-wordpress\/ -->\n<title>BAJ\u00d3 UN 97% EL N\u00daMERO DE COMUNIDADES CON REZAGO SOCIAL - Kuali<\/title>\n<meta name=\"robots\" content=\"index, follow, max-snippet:-1, max-image-preview:large, max-video-preview:-1\" \/>\n<link rel=\"canonical\" href=\"https:\/\/kuali.com.mx\/web\/2023\/09\/26\/bajo-un-97-el-numero-de-comunidades-con-rezago-social\/\" \/>\n<meta property=\"og:locale\" content=\"es_MX\" \/>\n<meta property=\"og:type\" content=\"article\" \/>\n<meta property=\"og:title\" content=\"BAJ\u00d3 UN 97% EL N\u00daMERO DE COMUNIDADES CON REZAGO SOCIAL - Kuali\" \/>\n<meta property=\"og:description\" content=\"Kuali\/Guanajuato, Gto.-\u00a0En 20 a\u00f1os disminuy\u00f3 en un 97 por ciento el n\u00famero de comunidades con alto o muy alto rezago social, de 2 mil 562 localidades que estaban en esta situaci\u00f3n, en el a\u00f1o 2000, ya solo quedan 93, inform\u00f3 el gobernador, Diego Sinhue Rodr\u00edguez Vallejo, al clausurar en el Encuentro de Desarrollo Comunitario Red [&hellip;]\" \/>\n<meta property=\"og:url\" content=\"https:\/\/kuali.com.mx\/web\/2023\/09\/26\/bajo-un-97-el-numero-de-comunidades-con-rezago-social\/\" \/>\n<meta property=\"og:site_name\" content=\"Kuali\" \/>\n<meta property=\"article:publisher\" content=\"https:\/\/kuali.com.mx\/web\/wp-content\/uploads\/2018\/04\/cropped-kuali_logo-1-1.png\" \/>\n<meta property=\"article:published_time\" content=\"2023-09-26T22:59:57+00:00\" \/>\n<meta property=\"article:modified_time\" content=\"2023-09-27T13:53:04+00:00\" \/>\n<meta property=\"og:image\" content=\"https:\/\/kuali.com.mx\/web\/wp-content\/uploads\/2019\/04\/Limpieza-comunidad-silao-e1554516476134.jpeg\" \/>\n\t<meta property=\"og:image:width\" content=\"1039\" \/>\n\t<meta property=\"og:image:height\" content=\"556\" \/>\n\t<meta property=\"og:image:type\" content=\"image\/jpeg\" \/>\n<meta name=\"author\" content=\"Kuali Staff\" \/>\n<meta name=\"twitter:card\" content=\"summary_large_image\" \/>\n<meta name=\"twitter:creator\" content=\"@kuali_noticias\" \/>\n<meta name=\"twitter:site\" content=\"@kuali_noticias\" \/>\n<meta name=\"twitter:label1\" content=\"Escrito por\" \/>\n\t<meta name=\"twitter:data1\" content=\"Kuali Staff\" \/>\n\t<meta name=\"twitter:label2\" content=\"Tiempo de lectura\" \/>\n\t<meta name=\"twitter:data2\" content=\"3 minutos\" \/>\n<script type=\"application\/ld+json\" class=\"yoast-schema-graph\">{\"@context\":\"https:\\\/\\\/schema.org\",\"@graph\":[{\"@type\":\"Article\",\"@id\":\"https:\\\/\\\/kuali.com.mx\\\/web\\\/2023\\\/09\\\/26\\\/bajo-un-97-el-numero-de-comunidades-con-rezago-social\\\/#article\",\"isPartOf\":{\"@id\":\"https:\\\/\\\/kuali.com.mx\\\/web\\\/2023\\\/09\\\/26\\\/bajo-un-97-el-numero-de-comunidades-con-rezago-social\\\/\"},\"author\":{\"name\":\"Kuali Staff\",\"@id\":\"https:\\\/\\\/kuali.com.mx\\\/web\\\/#\\\/schema\\\/person\\\/6f89ffa8ecba9dae50662357923c5289\"},\"headline\":\"BAJ\u00d3 UN 97% EL N\u00daMERO DE COMUNIDADES CON REZAGO SOCIAL\",\"datePublished\":\"2023-09-26T22:59:57+00:00\",\"dateModified\":\"2023-09-27T13:53:04+00:00\",\"mainEntityOfPage\":{\"@id\":\"https:\\\/\\\/kuali.com.mx\\\/web\\\/2023\\\/09\\\/26\\\/bajo-un-97-el-numero-de-comunidades-con-rezago-social\\\/\"},\"wordCount\":646,\"commentCount\":0,\"image\":{\"@id\":\"https:\\\/\\\/kuali.com.mx\\\/web\\\/2023\\\/09\\\/26\\\/bajo-un-97-el-numero-de-comunidades-con-rezago-social\\\/#primaryimage\"},\"thumbnailUrl\":\"https:\\\/\\\/kuali.com.mx\\\/web\\\/wp-content\\\/uploads\\\/2019\\\/04\\\/Limpieza-comunidad-silao-e1554516476134.jpeg\",\"articleSection\":[\"Pol\u00edtica\"],\"inLanguage\":\"es\",\"potentialAction\":[{\"@type\":\"CommentAction\",\"name\":\"Comment\",\"target\":[\"https:\\\/\\\/kuali.com.mx\\\/web\\\/2023\\\/09\\\/26\\\/bajo-un-97-el-numero-de-comunidades-con-rezago-social\\\/#respond\"]}]},{\"@type\":\"WebPage\",\"@id\":\"https:\\\/\\\/kuali.com.mx\\\/web\\\/2023\\\/09\\\/26\\\/bajo-un-97-el-numero-de-comunidades-con-rezago-social\\\/\",\"url\":\"https:\\\/\\\/kuali.com.mx\\\/web\\\/2023\\\/09\\\/26\\\/bajo-un-97-el-numero-de-comunidades-con-rezago-social\\\/\",\"name\":\"BAJ\u00d3 UN 97% EL N\u00daMERO DE COMUNIDADES CON REZAGO SOCIAL - Kuali\",\"isPartOf\":{\"@id\":\"https:\\\/\\\/kuali.com.mx\\\/web\\\/#website\"},\"primaryImageOfPage\":{\"@id\":\"https:\\\/\\\/kuali.com.mx\\\/web\\\/2023\\\/09\\\/26\\\/bajo-un-97-el-numero-de-comunidades-con-rezago-social\\\/#primaryimage\"},\"image\":{\"@id\":\"https:\\\/\\\/kuali.com.mx\\\/web\\\/2023\\\/09\\\/26\\\/bajo-un-97-el-numero-de-comunidades-con-rezago-social\\\/#primaryimage\"},\"thumbnailUrl\":\"https:\\\/\\\/kuali.com.mx\\\/web\\\/wp-content\\\/uploads\\\/2019\\\/04\\\/Limpieza-comunidad-silao-e1554516476134.jpeg\",\"datePublished\":\"2023-09-26T22:59:57+00:00\",\"dateModified\":\"2023-09-27T13:53:04+00:00\",\"author\":{\"@id\":\"https:\\\/\\\/kuali.com.mx\\\/web\\\/#\\\/schema\\\/person\\\/6f89ffa8ecba9dae50662357923c5289\"},\"breadcrumb\":{\"@id\":\"https:\\\/\\\/kuali.com.mx\\\/web\\\/2023\\\/09\\\/26\\\/bajo-un-97-el-numero-de-comunidades-con-rezago-social\\\/#breadcrumb\"},\"inLanguage\":\"es\",\"potentialAction\":[{\"@type\":\"ReadAction\",\"target\":[\"https:\\\/\\\/kuali.com.mx\\\/web\\\/2023\\\/09\\\/26\\\/bajo-un-97-el-numero-de-comunidades-con-rezago-social\\\/\"]}]},{\"@type\":\"ImageObject\",\"inLanguage\":\"es\",\"@id\":\"https:\\\/\\\/kuali.com.mx\\\/web\\\/2023\\\/09\\\/26\\\/bajo-un-97-el-numero-de-comunidades-con-rezago-social\\\/#primaryimage\",\"url\":\"https:\\\/\\\/kuali.com.mx\\\/web\\\/wp-content\\\/uploads\\\/2019\\\/04\\\/Limpieza-comunidad-silao-e1554516476134.jpeg\",\"contentUrl\":\"https:\\\/\\\/kuali.com.mx\\\/web\\\/wp-content\\\/uploads\\\/2019\\\/04\\\/Limpieza-comunidad-silao-e1554516476134.jpeg\",\"width\":1039,\"height\":556},{\"@type\":\"BreadcrumbList\",\"@id\":\"https:\\\/\\\/kuali.com.mx\\\/web\\\/2023\\\/09\\\/26\\\/bajo-un-97-el-numero-de-comunidades-con-rezago-social\\\/#breadcrumb\",\"itemListElement\":[{\"@type\":\"ListItem\",\"position\":1,\"name\":\"Inicio\",\"item\":\"https:\\\/\\\/kuali.com.mx\\\/web\\\/\"},{\"@type\":\"ListItem\",\"position\":2,\"name\":\"BAJ\u00d3 UN 97% EL N\u00daMERO DE COMUNIDADES CON REZAGO SOCIAL\"}]},{\"@type\":\"WebSite\",\"@id\":\"https:\\\/\\\/kuali.com.mx\\\/web\\\/#website\",\"url\":\"https:\\\/\\\/kuali.com.mx\\\/web\\\/\",\"name\":\"Kuali\",\"description\":\"\",\"potentialAction\":[{\"@type\":\"SearchAction\",\"target\":{\"@type\":\"EntryPoint\",\"urlTemplate\":\"https:\\\/\\\/kuali.com.mx\\\/web\\\/?s={search_term_string}\"},\"query-input\":{\"@type\":\"PropertyValueSpecification\",\"valueRequired\":true,\"valueName\":\"search_term_string\"}}],\"inLanguage\":\"es\"},{\"@type\":\"Person\",\"@id\":\"https:\\\/\\\/kuali.com.mx\\\/web\\\/#\\\/schema\\\/person\\\/6f89ffa8ecba9dae50662357923c5289\",\"name\":\"Kuali Staff\",\"image\":{\"@type\":\"ImageObject\",\"inLanguage\":\"es\",\"@id\":\"https:\\\/\\\/secure.gravatar.com\\\/avatar\\\/f917ad82e5ab71227a733c78b6e60715476f69ee6be59feee4eb5d9920c89e0f?s=96&d=mm&r=g\",\"url\":\"https:\\\/\\\/secure.gravatar.com\\\/avatar\\\/f917ad82e5ab71227a733c78b6e60715476f69ee6be59feee4eb5d9920c89e0f?s=96&d=mm&r=g\",\"contentUrl\":\"https:\\\/\\\/secure.gravatar.com\\\/avatar\\\/f917ad82e5ab71227a733c78b6e60715476f69ee6be59feee4eb5d9920c89e0f?s=96&d=mm&r=g\",\"caption\":\"Kuali Staff\"},\"url\":\"https:\\\/\\\/kuali.com.mx\\\/web\\\/author\\\/lagarto\\\/\"}]}<\/script>\n<!-- \/ Yoast SEO plugin. -->","yoast_head_json":{"title":"BAJ\u00d3 UN 97% EL N\u00daMERO DE COMUNIDADES CON REZAGO SOCIAL - Kuali","robots":{"index":"index","follow":"follow","max-snippet":"max-snippet:-1","max-image-preview":"max-image-preview:large","max-video-preview":"max-video-preview:-1"},"canonical":"https:\/\/kuali.com.mx\/web\/2023\/09\/26\/bajo-un-97-el-numero-de-comunidades-con-rezago-social\/","og_locale":"es_MX","og_type":"article","og_title":"BAJ\u00d3 UN 97% EL N\u00daMERO DE COMUNIDADES CON REZAGO SOCIAL - Kuali","og_description":"Kuali\/Guanajuato, Gto.-\u00a0En 20 a\u00f1os disminuy\u00f3 en un 97 por ciento el n\u00famero de comunidades con alto o muy alto rezago social, de 2 mil 562 localidades que estaban en esta situaci\u00f3n, en el a\u00f1o 2000, ya solo quedan 93, inform\u00f3 el gobernador, Diego Sinhue Rodr\u00edguez Vallejo, al clausurar en el Encuentro de Desarrollo Comunitario Red [&hellip;]","og_url":"https:\/\/kuali.com.mx\/web\/2023\/09\/26\/bajo-un-97-el-numero-de-comunidades-con-rezago-social\/","og_site_name":"Kuali","article_publisher":"https:\/\/kuali.com.mx\/web\/wp-content\/uploads\/2018\/04\/cropped-kuali_logo-1-1.png","article_published_time":"2023-09-26T22:59:57+00:00","article_modified_time":"2023-09-27T13:53:04+00:00","og_image":[{"width":1039,"height":556,"url":"https:\/\/kuali.com.mx\/web\/wp-content\/uploads\/2019\/04\/Limpieza-comunidad-silao-e1554516476134.jpeg","type":"image\/jpeg"}],"author":"Kuali Staff","twitter_card":"summary_large_image","twitter_creator":"@kuali_noticias","twitter_site":"@kuali_noticias","twitter_misc":{"Escrito por":"Kuali Staff","Tiempo de lectura":"3 minutos"},"schema":{"@context":"https:\/\/schema.org","@graph":[{"@type":"Article","@id":"https:\/\/kuali.com.mx\/web\/2023\/09\/26\/bajo-un-97-el-numero-de-comunidades-con-rezago-social\/#article","isPartOf":{"@id":"https:\/\/kuali.com.mx\/web\/2023\/09\/26\/bajo-un-97-el-numero-de-comunidades-con-rezago-social\/"},"author":{"name":"Kuali Staff","@id":"https:\/\/kuali.com.mx\/web\/#\/schema\/person\/6f89ffa8ecba9dae50662357923c5289"},"headline":"BAJ\u00d3 UN 97% EL N\u00daMERO DE COMUNIDADES CON REZAGO SOCIAL","datePublished":"2023-09-26T22:59:57+00:00","dateModified":"2023-09-27T13:53:04+00:00","mainEntityOfPage":{"@id":"https:\/\/kuali.com.mx\/web\/2023\/09\/26\/bajo-un-97-el-numero-de-comunidades-con-rezago-social\/"},"wordCount":646,"commentCount":0,"image":{"@id":"https:\/\/kuali.com.mx\/web\/2023\/09\/26\/bajo-un-97-el-numero-de-comunidades-con-rezago-social\/#primaryimage"},"thumbnailUrl":"https:\/\/kuali.com.mx\/web\/wp-content\/uploads\/2019\/04\/Limpieza-comunidad-silao-e1554516476134.jpeg","articleSection":["Pol\u00edtica"],"inLanguage":"es","potentialAction":[{"@type":"CommentAction","name":"Comment","target":["https:\/\/kuali.com.mx\/web\/2023\/09\/26\/bajo-un-97-el-numero-de-comunidades-con-rezago-social\/#respond"]}]},{"@type":"WebPage","@id":"https:\/\/kuali.com.mx\/web\/2023\/09\/26\/bajo-un-97-el-numero-de-comunidades-con-rezago-social\/","url":"https:\/\/kuali.com.mx\/web\/2023\/09\/26\/bajo-un-97-el-numero-de-comunidades-con-rezago-social\/","name":"BAJ\u00d3 UN 97% EL N\u00daMERO DE COMUNIDADES CON REZAGO SOCIAL - Kuali","isPartOf":{"@id":"https:\/\/kuali.com.mx\/web\/#website"},"primaryImageOfPage":{"@id":"https:\/\/kuali.com.mx\/web\/2023\/09\/26\/bajo-un-97-el-numero-de-comunidades-con-rezago-social\/#primaryimage"},"image":{"@id":"https:\/\/kuali.com.mx\/web\/2023\/09\/26\/bajo-un-97-el-numero-de-comunidades-con-rezago-social\/#primaryimage"},"thumbnailUrl":"https:\/\/kuali.com.mx\/web\/wp-content\/uploads\/2019\/04\/Limpieza-comunidad-silao-e1554516476134.jpeg","datePublished":"2023-09-26T22:59:57+00:00","dateModified":"2023-09-27T13:53:04+00:00","author":{"@id":"https:\/\/kuali.com.mx\/web\/#\/schema\/person\/6f89ffa8ecba9dae50662357923c5289"},"breadcrumb":{"@id":"https:\/\/kuali.com.mx\/web\/2023\/09\/26\/bajo-un-97-el-numero-de-comunidades-con-rezago-social\/#breadcrumb"},"inLanguage":"es","potentialAction":[{"@type":"ReadAction","target":["https:\/\/kuali.com.mx\/web\/2023\/09\/26\/bajo-un-97-el-numero-de-comunidades-con-rezago-social\/"]}]},{"@type":"ImageObject","inLanguage":"es","@id":"https:\/\/kuali.com.mx\/web\/2023\/09\/26\/bajo-un-97-el-numero-de-comunidades-con-rezago-social\/#primaryimage","url":"https:\/\/kuali.com.mx\/web\/wp-content\/uploads\/2019\/04\/Limpieza-comunidad-silao-e1554516476134.jpeg","contentUrl":"https:\/\/kuali.com.mx\/web\/wp-content\/uploads\/2019\/04\/Limpieza-comunidad-silao-e1554516476134.jpeg","width":1039,"height":556},{"@type":"BreadcrumbList","@id":"https:\/\/kuali.com.mx\/web\/2023\/09\/26\/bajo-un-97-el-numero-de-comunidades-con-rezago-social\/#breadcrumb","itemListElement":[{"@type":"ListItem","position":1,"name":"Inicio","item":"https:\/\/kuali.com.mx\/web\/"},{"@type":"ListItem","position":2,"name":"BAJ\u00d3 UN 97% EL N\u00daMERO DE COMUNIDADES CON REZAGO SOCIAL"}]},{"@type":"WebSite","@id":"https:\/\/kuali.com.mx\/web\/#website","url":"https:\/\/kuali.com.mx\/web\/","name":"Kuali","description":"","potentialAction":[{"@type":"SearchAction","target":{"@type":"EntryPoint","urlTemplate":"https:\/\/kuali.com.mx\/web\/?s={search_term_string}"},"query-input":{"@type":"PropertyValueSpecification","valueRequired":true,"valueName":"search_term_string"}}],"inLanguage":"es"},{"@type":"Person","@id":"https:\/\/kuali.com.mx\/web\/#\/schema\/person\/6f89ffa8ecba9dae50662357923c5289","name":"Kuali Staff","image":{"@type":"ImageObject","inLanguage":"es","@id":"https:\/\/secure.gravatar.com\/avatar\/f917ad82e5ab71227a733c78b6e60715476f69ee6be59feee4eb5d9920c89e0f?s=96&d=mm&r=g","url":"https:\/\/secure.gravatar.com\/avatar\/f917ad82e5ab71227a733c78b6e60715476f69ee6be59feee4eb5d9920c89e0f?s=96&d=mm&r=g","contentUrl":"https:\/\/secure.gravatar.com\/avatar\/f917ad82e5ab71227a733c78b6e60715476f69ee6be59feee4eb5d9920c89e0f?s=96&d=mm&r=g","caption":"Kuali Staff"},"url":"https:\/\/kuali.com.mx\/web\/author\/lagarto\/"}]}},"_links":{"self":[{"href":"https:\/\/kuali.com.mx\/web\/wp-json\/wp\/v2\/posts\/126948","targetHints":{"allow":["GET"]}}],"collection":[{"href":"https:\/\/kuali.com.mx\/web\/wp-json\/wp\/v2\/posts"}],"about":[{"href":"https:\/\/kuali.com.mx\/web\/wp-json\/wp\/v2\/types\/post"}],"author":[{"embeddable":true,"href":"https:\/\/kuali.com.mx\/web\/wp-json\/wp\/v2\/users\/2"}],"replies":[{"embeddable":true,"href":"https:\/\/kuali.com.mx\/web\/wp-json\/wp\/v2\/comments?post=126948"}],"version-history":[{"count":3,"href":"https:\/\/kuali.com.mx\/web\/wp-json\/wp\/v2\/posts\/126948\/revisions"}],"predecessor-version":[{"id":126969,"href":"https:\/\/kuali.com.mx\/web\/wp-json\/wp\/v2\/posts\/126948\/revisions\/126969"}],"wp:featuredmedia":[{"embeddable":true,"href":"https:\/\/kuali.com.mx\/web\/wp-json\/wp\/v2\/media\/53362"}],"wp:attachment":[{"href":"https:\/\/kuali.com.mx\/web\/wp-json\/wp\/v2\/media?parent=126948"}],"wp:term":[{"taxonomy":"category","embeddable":true,"href":"https:\/\/kuali.com.mx\/web\/wp-json\/wp\/v2\/categories?post=126948"},{"taxonomy":"post_tag","embeddable":true,"href":"https:\/\/kuali.com.mx\/web\/wp-json\/wp\/v2\/tags?post=126948"}],"curies":[{"name":"wp","href":"https:\/\/api.w.org\/{rel}","templated":true}]}}