{"id":126935,"date":"2023-09-26T14:26:27","date_gmt":"2023-09-26T20:26:27","guid":{"rendered":"https:\/\/kuali.com.mx\/web\/?p=126935"},"modified":"2023-09-26T16:39:04","modified_gmt":"2023-09-26T22:39:04","slug":"cada-vez-mas-grave-la-falta-de-agua-en-leon","status":"publish","type":"post","link":"https:\/\/kuali.com.mx\/web\/2023\/09\/26\/cada-vez-mas-grave-la-falta-de-agua-en-leon\/","title":{"rendered":"CADA VEZ M\u00c1S GRAVE LA FALTA DE AGUA EN LE\u00d3N"},"content":{"rendered":"\n<p><strong>Alicia Arias\/Le\u00f3n, Gto.- <\/strong>El 2023 ser\u00e1 el a\u00f1o m\u00e1s seco que haya tenido Le\u00f3n durante los \u00faltimos 15 a\u00f1os y todo apunta a que el 2024 estar\u00e1 peor, advierte el director general del Sistema de Agua Potable y Alcantarillado de Le\u00f3n (SAPAL), Enrique de Haro Maldonado.<\/p>\n\n\n\n<p>Adem\u00e1s, aumentar\u00e1 el n\u00famero de colonias que viven con suministro restringido de agua desde el pasado seis de marzo, cuando 15 mil 860 familias, comercios y empresas de 97 colonias ubicadas en la zona norte de la ciudad comenzaron a recibir el agua mediante el m\u00e9todo de tandeo.<\/p>\n\n\n\n<p>La medida fue anunciada el 28 de febrero por el sistema operador de agua en Le\u00f3n y consider\u00f3 que se mantendr\u00eda \u00fanicamente durante cuatro meses, ya que se esperaba un mejor temporal, pero el agua no lleg\u00f3 y se agrav\u00f3 la problem\u00e1tica.<\/p>\n\n\n\n<p>De acuerdo con datos del Centro Nacional de Prevenci\u00f3n de Desastres (Cenapred), del Monitor de Sequ\u00eda de la Comisi\u00f3n Nacional del Agua (Conagua), el municipio de Le\u00f3n cuenta con un grado de peligro por sequ\u00eda muy alto, adem\u00e1s de que se han realizado dos declaratorias de desastre por sequ\u00eda, inform\u00f3 SAPAL el 28 de febrero pasado, cuando anunci\u00f3 la \u201cEstrategia de Suministro para la Temporada de Calor\u201d.<\/p>\n\n\n\n<figure class=\"wp-block-embed is-type-wp-embed is-provider-kuali wp-block-embed-kuali\"><div class=\"wp-block-embed__wrapper\">\n<blockquote class=\"wp-embedded-content\" data-secret=\"aQQVskOkHu\"><a href=\"https:\/\/kuali.com.mx\/web\/2023\/02\/28\/se-acaba-el-agua-el-leon-97-colonias-sufriran-cortes\/\">SE ACABA EL AGUA EN LE\u00d3N; 97 COLONIAS SUFRIR\u00c1N CORTES<\/a><\/blockquote><iframe loading=\"lazy\" class=\"wp-embedded-content\" sandbox=\"allow-scripts\" security=\"restricted\" style=\"position: absolute; clip: rect(1px, 1px, 1px, 1px);\" title=\"&#8220;SE ACABA EL AGUA EN LE\u00d3N; 97 COLONIAS SUFRIR\u00c1N CORTES&#8221; &#8212; Kuali\" src=\"https:\/\/kuali.com.mx\/web\/2023\/02\/28\/se-acaba-el-agua-el-leon-97-colonias-sufriran-cortes\/embed\/#?secret=vnWmkiaSG3#?secret=aQQVskOkHu\" data-secret=\"aQQVskOkHu\" width=\"600\" height=\"338\" frameborder=\"0\" marginwidth=\"0\" marginheight=\"0\" scrolling=\"no\"><\/iframe>\n<\/div><\/figure>\n\n\n\n<p><strong>El 2024 estar\u00e1 m\u00e1s seco<\/strong><\/p>\n\n\n\n<p>El 2023 es el a\u00f1o m\u00e1s seco en los \u00faltimos 15 a\u00f1os y no se tiene un pron\u00f3stico certero para el 2024. \u201cYo creo que el a\u00f1o 24 va a estar m\u00e1s seco y, en tano no llueva, la verdad es que nosotros dependemos totalmente de la lluvia\u201d, coment\u00f3 Enrique de Haro.<\/p>\n\n\n\n<p>Al d\u00eda de hoy la Presa El Palote contiene \u00fanicamente 15 por ciento de agua de su capacidad instalada y \u201cde que se va a secar, se va a secar\u201d, expres\u00f3 el director de SAPAL al destacar que septiembre es el mes de ciclones y casi no ha llovido.<\/p>\n\n\n\n<p>\u201cPr\u00e1cticamente se termin\u00f3 el periodo de lluvias y empieza el estiaje en febrero o marzo. Y yo te puedo decir que el estiaje ya comenz\u00f3 porque de aqu\u00ed en adelante va a ser ir contra corriente\u201d, coment\u00f3 el funcionario municipal.<\/p>\n\n\n\n<p>Ante la crisis que ya se vive y se va a agudizar en los pr\u00f3ximos meses, SAPAL prepara una estrategia \u201cpara contener este tema\u201d que proyecta terminar en noviembre pr\u00f3ximo<\/p>\n\n\n\n<p>\u201cLas 97 colonias van a seguir en tandeo y vamos a ver en cu\u00e1les colonias se puede aprovechar un poquito m\u00e1s el recurso \u2013agua-, que tengamos informaci\u00f3n; sobre todo, de que tienen cisternas y que pueden almacenar, y podamos disponer vol\u00famenes hacia otros lados de la ciudad\u201d, anunci\u00f3 Enrique de Haro.<\/p>\n\n\n\n<figure class=\"wp-block-embed is-type-wp-embed is-provider-kuali wp-block-embed-kuali\"><div class=\"wp-block-embed__wrapper\">\n<blockquote class=\"wp-embedded-content\" data-secret=\"mDEWTuqLxm\"><a href=\"https:\/\/kuali.com.mx\/web\/2023\/03\/14\/si-se-recupera-la-presa-tandeo-de-agua-sera-de-4-meses\/\">SI SE RECUPERA LA PRESA, TANDEO DE AGUA SER\u00c1 DE 4 MESES<\/a><\/blockquote><iframe loading=\"lazy\" class=\"wp-embedded-content\" sandbox=\"allow-scripts\" security=\"restricted\" style=\"position: absolute; clip: rect(1px, 1px, 1px, 1px);\" title=\"&#8220;SI SE RECUPERA LA PRESA, TANDEO DE AGUA SER\u00c1 DE 4 MESES&#8221; &#8212; Kuali\" src=\"https:\/\/kuali.com.mx\/web\/2023\/03\/14\/si-se-recupera-la-presa-tandeo-de-agua-sera-de-4-meses\/embed\/#?secret=qo96fE0ses#?secret=mDEWTuqLxm\" data-secret=\"mDEWTuqLxm\" width=\"600\" height=\"338\" frameborder=\"0\" marginwidth=\"0\" marginheight=\"0\" scrolling=\"no\"><\/iframe>\n<\/div><\/figure>\n\n\n\n<p>Le\u00f3n vive un d\u00e9ficit de agua desde hace d\u00e9cadas. En la d\u00e9cada de los 90 ya se terciaba el suministro del agua en algunas zonas de la ciudad, pero con trabajos de reconexi\u00f3n, entre otras acciones, en el a\u00f1o 2 mil se dejaron de hacer los tandeos; sin embargo el l\u00edquido no es suficiente para que el cien por ciento de la poblaci\u00f3n tenga agua todos los d\u00edas las 24 horas.<\/p>\n","protected":false},"excerpt":{"rendered":"Alicia Arias\/Le\u00f3n, Gto.- El 2023 ser\u00e1 el a\u00f1o m\u00e1s seco que haya tenido Le\u00f3n durante los \u00faltimos 15 a\u00f1os y todo apunta a que el 2024 estar\u00e1 peor, advierte el director general del Sistema de Agua Potable y Alcantarillado de Le\u00f3n (SAPAL), Enrique de Haro Maldonado. Adem\u00e1s, aumentar\u00e1 el n\u00famero de colonias que viven con [&hellip;]","protected":false},"author":2,"featured_media":109053,"comment_status":"open","ping_status":"open","sticky":false,"template":"","format":"standard","meta":{"_seopress_robots_primary_cat":"none","_seopress_titles_title":"","_seopress_titles_desc":"","_seopress_robots_index":"","_monsterinsights_skip_tracking":false,"_monsterinsights_sitenote_active":false,"_monsterinsights_sitenote_note":"","_monsterinsights_sitenote_category":0,"footnotes":""},"categories":[17,69],"tags":[23,1765,532,10,129,190],"class_list":["post-126935","post","type-post","status-publish","format-standard","has-post-thumbnail","hentry","category-ecologia","category-slider","tag-agua","tag-crisis-hidrica","tag-escasez","tag-leon","tag-sapal","tag-sequia"],"yoast_head":"<!-- This site is optimized with the Yoast SEO plugin v27.4 - https:\/\/yoast.com\/product\/yoast-seo-wordpress\/ -->\n<title>CADA VEZ M\u00c1S GRAVE LA FALTA DE AGUA EN LE\u00d3N - Kuali<\/title>\n<meta name=\"robots\" content=\"index, follow, max-snippet:-1, max-image-preview:large, max-video-preview:-1\" \/>\n<link rel=\"canonical\" href=\"https:\/\/kuali.com.mx\/web\/2023\/09\/26\/cada-vez-mas-grave-la-falta-de-agua-en-leon\/\" \/>\n<meta property=\"og:locale\" content=\"es_MX\" \/>\n<meta property=\"og:type\" content=\"article\" \/>\n<meta property=\"og:title\" content=\"CADA VEZ M\u00c1S GRAVE LA FALTA DE AGUA EN LE\u00d3N - Kuali\" \/>\n<meta property=\"og:description\" content=\"Alicia Arias\/Le\u00f3n, Gto.- El 2023 ser\u00e1 el a\u00f1o m\u00e1s seco que haya tenido Le\u00f3n durante los \u00faltimos 15 a\u00f1os y todo apunta a que el 2024 estar\u00e1 peor, advierte el director general del Sistema de Agua Potable y Alcantarillado de Le\u00f3n (SAPAL), Enrique de Haro Maldonado. Adem\u00e1s, aumentar\u00e1 el n\u00famero de colonias que viven con [&hellip;]\" \/>\n<meta property=\"og:url\" content=\"https:\/\/kuali.com.mx\/web\/2023\/09\/26\/cada-vez-mas-grave-la-falta-de-agua-en-leon\/\" \/>\n<meta property=\"og:site_name\" content=\"Kuali\" \/>\n<meta property=\"article:publisher\" content=\"https:\/\/kuali.com.mx\/web\/wp-content\/uploads\/2018\/04\/cropped-kuali_logo-1-1.png\" \/>\n<meta property=\"article:published_time\" content=\"2023-09-26T20:26:27+00:00\" \/>\n<meta property=\"article:modified_time\" content=\"2023-09-26T22:39:04+00:00\" \/>\n<meta property=\"og:image\" content=\"https:\/\/kuali.com.mx\/web\/wp-content\/uploads\/2022\/12\/Agua_colonias-irregulares.gif\" \/>\n\t<meta property=\"og:image:width\" content=\"1800\" \/>\n\t<meta property=\"og:image:height\" content=\"750\" \/>\n\t<meta property=\"og:image:type\" content=\"image\/gif\" \/>\n<meta name=\"author\" content=\"Kuali Staff\" \/>\n<meta name=\"twitter:card\" content=\"summary_large_image\" \/>\n<meta name=\"twitter:creator\" content=\"@kuali_noticias\" \/>\n<meta name=\"twitter:site\" content=\"@kuali_noticias\" \/>\n<meta name=\"twitter:label1\" content=\"Escrito por\" \/>\n\t<meta name=\"twitter:data1\" content=\"Kuali Staff\" \/>\n\t<meta name=\"twitter:label2\" content=\"Tiempo de lectura\" \/>\n\t<meta name=\"twitter:data2\" content=\"3 minutos\" \/>\n<script type=\"application\/ld+json\" class=\"yoast-schema-graph\">{\"@context\":\"https:\\\/\\\/schema.org\",\"@graph\":[{\"@type\":\"Article\",\"@id\":\"https:\\\/\\\/kuali.com.mx\\\/web\\\/2023\\\/09\\\/26\\\/cada-vez-mas-grave-la-falta-de-agua-en-leon\\\/#article\",\"isPartOf\":{\"@id\":\"https:\\\/\\\/kuali.com.mx\\\/web\\\/2023\\\/09\\\/26\\\/cada-vez-mas-grave-la-falta-de-agua-en-leon\\\/\"},\"author\":{\"name\":\"Kuali Staff\",\"@id\":\"https:\\\/\\\/kuali.com.mx\\\/web\\\/#\\\/schema\\\/person\\\/6f89ffa8ecba9dae50662357923c5289\"},\"headline\":\"CADA VEZ M\u00c1S GRAVE LA FALTA DE AGUA EN LE\u00d3N\",\"datePublished\":\"2023-09-26T20:26:27+00:00\",\"dateModified\":\"2023-09-26T22:39:04+00:00\",\"mainEntityOfPage\":{\"@id\":\"https:\\\/\\\/kuali.com.mx\\\/web\\\/2023\\\/09\\\/26\\\/cada-vez-mas-grave-la-falta-de-agua-en-leon\\\/\"},\"wordCount\":554,\"commentCount\":0,\"image\":{\"@id\":\"https:\\\/\\\/kuali.com.mx\\\/web\\\/2023\\\/09\\\/26\\\/cada-vez-mas-grave-la-falta-de-agua-en-leon\\\/#primaryimage\"},\"thumbnailUrl\":\"https:\\\/\\\/kuali.com.mx\\\/web\\\/wp-content\\\/uploads\\\/2022\\\/12\\\/Agua_colonias-irregulares.gif\",\"keywords\":[\"agua\",\"Crisis h\u00eddrica\",\"Escas\u00e9z\",\"Le\u00f3n\",\"SAPAL\",\"Sequ\u00eda\"],\"articleSection\":[\"Ecolog\u00eda\",\"slider\"],\"inLanguage\":\"es\",\"potentialAction\":[{\"@type\":\"CommentAction\",\"name\":\"Comment\",\"target\":[\"https:\\\/\\\/kuali.com.mx\\\/web\\\/2023\\\/09\\\/26\\\/cada-vez-mas-grave-la-falta-de-agua-en-leon\\\/#respond\"]}]},{\"@type\":\"WebPage\",\"@id\":\"https:\\\/\\\/kuali.com.mx\\\/web\\\/2023\\\/09\\\/26\\\/cada-vez-mas-grave-la-falta-de-agua-en-leon\\\/\",\"url\":\"https:\\\/\\\/kuali.com.mx\\\/web\\\/2023\\\/09\\\/26\\\/cada-vez-mas-grave-la-falta-de-agua-en-leon\\\/\",\"name\":\"CADA VEZ M\u00c1S GRAVE LA FALTA DE AGUA EN LE\u00d3N - Kuali\",\"isPartOf\":{\"@id\":\"https:\\\/\\\/kuali.com.mx\\\/web\\\/#website\"},\"primaryImageOfPage\":{\"@id\":\"https:\\\/\\\/kuali.com.mx\\\/web\\\/2023\\\/09\\\/26\\\/cada-vez-mas-grave-la-falta-de-agua-en-leon\\\/#primaryimage\"},\"image\":{\"@id\":\"https:\\\/\\\/kuali.com.mx\\\/web\\\/2023\\\/09\\\/26\\\/cada-vez-mas-grave-la-falta-de-agua-en-leon\\\/#primaryimage\"},\"thumbnailUrl\":\"https:\\\/\\\/kuali.com.mx\\\/web\\\/wp-content\\\/uploads\\\/2022\\\/12\\\/Agua_colonias-irregulares.gif\",\"datePublished\":\"2023-09-26T20:26:27+00:00\",\"dateModified\":\"2023-09-26T22:39:04+00:00\",\"author\":{\"@id\":\"https:\\\/\\\/kuali.com.mx\\\/web\\\/#\\\/schema\\\/person\\\/6f89ffa8ecba9dae50662357923c5289\"},\"breadcrumb\":{\"@id\":\"https:\\\/\\\/kuali.com.mx\\\/web\\\/2023\\\/09\\\/26\\\/cada-vez-mas-grave-la-falta-de-agua-en-leon\\\/#breadcrumb\"},\"inLanguage\":\"es\",\"potentialAction\":[{\"@type\":\"ReadAction\",\"target\":[\"https:\\\/\\\/kuali.com.mx\\\/web\\\/2023\\\/09\\\/26\\\/cada-vez-mas-grave-la-falta-de-agua-en-leon\\\/\"]}]},{\"@type\":\"ImageObject\",\"inLanguage\":\"es\",\"@id\":\"https:\\\/\\\/kuali.com.mx\\\/web\\\/2023\\\/09\\\/26\\\/cada-vez-mas-grave-la-falta-de-agua-en-leon\\\/#primaryimage\",\"url\":\"https:\\\/\\\/kuali.com.mx\\\/web\\\/wp-content\\\/uploads\\\/2022\\\/12\\\/Agua_colonias-irregulares.gif\",\"contentUrl\":\"https:\\\/\\\/kuali.com.mx\\\/web\\\/wp-content\\\/uploads\\\/2022\\\/12\\\/Agua_colonias-irregulares.gif\",\"width\":1800,\"height\":750},{\"@type\":\"BreadcrumbList\",\"@id\":\"https:\\\/\\\/kuali.com.mx\\\/web\\\/2023\\\/09\\\/26\\\/cada-vez-mas-grave-la-falta-de-agua-en-leon\\\/#breadcrumb\",\"itemListElement\":[{\"@type\":\"ListItem\",\"position\":1,\"name\":\"Inicio\",\"item\":\"https:\\\/\\\/kuali.com.mx\\\/web\\\/\"},{\"@type\":\"ListItem\",\"position\":2,\"name\":\"CADA VEZ M\u00c1S GRAVE LA FALTA DE AGUA EN LE\u00d3N\"}]},{\"@type\":\"WebSite\",\"@id\":\"https:\\\/\\\/kuali.com.mx\\\/web\\\/#website\",\"url\":\"https:\\\/\\\/kuali.com.mx\\\/web\\\/\",\"name\":\"Kuali\",\"description\":\"\",\"potentialAction\":[{\"@type\":\"SearchAction\",\"target\":{\"@type\":\"EntryPoint\",\"urlTemplate\":\"https:\\\/\\\/kuali.com.mx\\\/web\\\/?s={search_term_string}\"},\"query-input\":{\"@type\":\"PropertyValueSpecification\",\"valueRequired\":true,\"valueName\":\"search_term_string\"}}],\"inLanguage\":\"es\"},{\"@type\":\"Person\",\"@id\":\"https:\\\/\\\/kuali.com.mx\\\/web\\\/#\\\/schema\\\/person\\\/6f89ffa8ecba9dae50662357923c5289\",\"name\":\"Kuali Staff\",\"image\":{\"@type\":\"ImageObject\",\"inLanguage\":\"es\",\"@id\":\"https:\\\/\\\/secure.gravatar.com\\\/avatar\\\/f917ad82e5ab71227a733c78b6e60715476f69ee6be59feee4eb5d9920c89e0f?s=96&d=mm&r=g\",\"url\":\"https:\\\/\\\/secure.gravatar.com\\\/avatar\\\/f917ad82e5ab71227a733c78b6e60715476f69ee6be59feee4eb5d9920c89e0f?s=96&d=mm&r=g\",\"contentUrl\":\"https:\\\/\\\/secure.gravatar.com\\\/avatar\\\/f917ad82e5ab71227a733c78b6e60715476f69ee6be59feee4eb5d9920c89e0f?s=96&d=mm&r=g\",\"caption\":\"Kuali Staff\"},\"url\":\"https:\\\/\\\/kuali.com.mx\\\/web\\\/author\\\/lagarto\\\/\"}]}<\/script>\n<!-- \/ Yoast SEO plugin. -->","yoast_head_json":{"title":"CADA VEZ M\u00c1S GRAVE LA FALTA DE AGUA EN LE\u00d3N - Kuali","robots":{"index":"index","follow":"follow","max-snippet":"max-snippet:-1","max-image-preview":"max-image-preview:large","max-video-preview":"max-video-preview:-1"},"canonical":"https:\/\/kuali.com.mx\/web\/2023\/09\/26\/cada-vez-mas-grave-la-falta-de-agua-en-leon\/","og_locale":"es_MX","og_type":"article","og_title":"CADA VEZ M\u00c1S GRAVE LA FALTA DE AGUA EN LE\u00d3N - Kuali","og_description":"Alicia Arias\/Le\u00f3n, Gto.- El 2023 ser\u00e1 el a\u00f1o m\u00e1s seco que haya tenido Le\u00f3n durante los \u00faltimos 15 a\u00f1os y todo apunta a que el 2024 estar\u00e1 peor, advierte el director general del Sistema de Agua Potable y Alcantarillado de Le\u00f3n (SAPAL), Enrique de Haro Maldonado. Adem\u00e1s, aumentar\u00e1 el n\u00famero de colonias que viven con [&hellip;]","og_url":"https:\/\/kuali.com.mx\/web\/2023\/09\/26\/cada-vez-mas-grave-la-falta-de-agua-en-leon\/","og_site_name":"Kuali","article_publisher":"https:\/\/kuali.com.mx\/web\/wp-content\/uploads\/2018\/04\/cropped-kuali_logo-1-1.png","article_published_time":"2023-09-26T20:26:27+00:00","article_modified_time":"2023-09-26T22:39:04+00:00","og_image":[{"width":1800,"height":750,"url":"https:\/\/kuali.com.mx\/web\/wp-content\/uploads\/2022\/12\/Agua_colonias-irregulares.gif","type":"image\/gif"}],"author":"Kuali Staff","twitter_card":"summary_large_image","twitter_creator":"@kuali_noticias","twitter_site":"@kuali_noticias","twitter_misc":{"Escrito por":"Kuali Staff","Tiempo de lectura":"3 minutos"},"schema":{"@context":"https:\/\/schema.org","@graph":[{"@type":"Article","@id":"https:\/\/kuali.com.mx\/web\/2023\/09\/26\/cada-vez-mas-grave-la-falta-de-agua-en-leon\/#article","isPartOf":{"@id":"https:\/\/kuali.com.mx\/web\/2023\/09\/26\/cada-vez-mas-grave-la-falta-de-agua-en-leon\/"},"author":{"name":"Kuali Staff","@id":"https:\/\/kuali.com.mx\/web\/#\/schema\/person\/6f89ffa8ecba9dae50662357923c5289"},"headline":"CADA VEZ M\u00c1S GRAVE LA FALTA DE AGUA EN LE\u00d3N","datePublished":"2023-09-26T20:26:27+00:00","dateModified":"2023-09-26T22:39:04+00:00","mainEntityOfPage":{"@id":"https:\/\/kuali.com.mx\/web\/2023\/09\/26\/cada-vez-mas-grave-la-falta-de-agua-en-leon\/"},"wordCount":554,"commentCount":0,"image":{"@id":"https:\/\/kuali.com.mx\/web\/2023\/09\/26\/cada-vez-mas-grave-la-falta-de-agua-en-leon\/#primaryimage"},"thumbnailUrl":"https:\/\/kuali.com.mx\/web\/wp-content\/uploads\/2022\/12\/Agua_colonias-irregulares.gif","keywords":["agua","Crisis h\u00eddrica","Escas\u00e9z","Le\u00f3n","SAPAL","Sequ\u00eda"],"articleSection":["Ecolog\u00eda","slider"],"inLanguage":"es","potentialAction":[{"@type":"CommentAction","name":"Comment","target":["https:\/\/kuali.com.mx\/web\/2023\/09\/26\/cada-vez-mas-grave-la-falta-de-agua-en-leon\/#respond"]}]},{"@type":"WebPage","@id":"https:\/\/kuali.com.mx\/web\/2023\/09\/26\/cada-vez-mas-grave-la-falta-de-agua-en-leon\/","url":"https:\/\/kuali.com.mx\/web\/2023\/09\/26\/cada-vez-mas-grave-la-falta-de-agua-en-leon\/","name":"CADA VEZ M\u00c1S GRAVE LA FALTA DE AGUA EN LE\u00d3N - Kuali","isPartOf":{"@id":"https:\/\/kuali.com.mx\/web\/#website"},"primaryImageOfPage":{"@id":"https:\/\/kuali.com.mx\/web\/2023\/09\/26\/cada-vez-mas-grave-la-falta-de-agua-en-leon\/#primaryimage"},"image":{"@id":"https:\/\/kuali.com.mx\/web\/2023\/09\/26\/cada-vez-mas-grave-la-falta-de-agua-en-leon\/#primaryimage"},"thumbnailUrl":"https:\/\/kuali.com.mx\/web\/wp-content\/uploads\/2022\/12\/Agua_colonias-irregulares.gif","datePublished":"2023-09-26T20:26:27+00:00","dateModified":"2023-09-26T22:39:04+00:00","author":{"@id":"https:\/\/kuali.com.mx\/web\/#\/schema\/person\/6f89ffa8ecba9dae50662357923c5289"},"breadcrumb":{"@id":"https:\/\/kuali.com.mx\/web\/2023\/09\/26\/cada-vez-mas-grave-la-falta-de-agua-en-leon\/#breadcrumb"},"inLanguage":"es","potentialAction":[{"@type":"ReadAction","target":["https:\/\/kuali.com.mx\/web\/2023\/09\/26\/cada-vez-mas-grave-la-falta-de-agua-en-leon\/"]}]},{"@type":"ImageObject","inLanguage":"es","@id":"https:\/\/kuali.com.mx\/web\/2023\/09\/26\/cada-vez-mas-grave-la-falta-de-agua-en-leon\/#primaryimage","url":"https:\/\/kuali.com.mx\/web\/wp-content\/uploads\/2022\/12\/Agua_colonias-irregulares.gif","contentUrl":"https:\/\/kuali.com.mx\/web\/wp-content\/uploads\/2022\/12\/Agua_colonias-irregulares.gif","width":1800,"height":750},{"@type":"BreadcrumbList","@id":"https:\/\/kuali.com.mx\/web\/2023\/09\/26\/cada-vez-mas-grave-la-falta-de-agua-en-leon\/#breadcrumb","itemListElement":[{"@type":"ListItem","position":1,"name":"Inicio","item":"https:\/\/kuali.com.mx\/web\/"},{"@type":"ListItem","position":2,"name":"CADA VEZ M\u00c1S GRAVE LA FALTA DE AGUA EN LE\u00d3N"}]},{"@type":"WebSite","@id":"https:\/\/kuali.com.mx\/web\/#website","url":"https:\/\/kuali.com.mx\/web\/","name":"Kuali","description":"","potentialAction":[{"@type":"SearchAction","target":{"@type":"EntryPoint","urlTemplate":"https:\/\/kuali.com.mx\/web\/?s={search_term_string}"},"query-input":{"@type":"PropertyValueSpecification","valueRequired":true,"valueName":"search_term_string"}}],"inLanguage":"es"},{"@type":"Person","@id":"https:\/\/kuali.com.mx\/web\/#\/schema\/person\/6f89ffa8ecba9dae50662357923c5289","name":"Kuali Staff","image":{"@type":"ImageObject","inLanguage":"es","@id":"https:\/\/secure.gravatar.com\/avatar\/f917ad82e5ab71227a733c78b6e60715476f69ee6be59feee4eb5d9920c89e0f?s=96&d=mm&r=g","url":"https:\/\/secure.gravatar.com\/avatar\/f917ad82e5ab71227a733c78b6e60715476f69ee6be59feee4eb5d9920c89e0f?s=96&d=mm&r=g","contentUrl":"https:\/\/secure.gravatar.com\/avatar\/f917ad82e5ab71227a733c78b6e60715476f69ee6be59feee4eb5d9920c89e0f?s=96&d=mm&r=g","caption":"Kuali Staff"},"url":"https:\/\/kuali.com.mx\/web\/author\/lagarto\/"}]}},"_links":{"self":[{"href":"https:\/\/kuali.com.mx\/web\/wp-json\/wp\/v2\/posts\/126935","targetHints":{"allow":["GET"]}}],"collection":[{"href":"https:\/\/kuali.com.mx\/web\/wp-json\/wp\/v2\/posts"}],"about":[{"href":"https:\/\/kuali.com.mx\/web\/wp-json\/wp\/v2\/types\/post"}],"author":[{"embeddable":true,"href":"https:\/\/kuali.com.mx\/web\/wp-json\/wp\/v2\/users\/2"}],"replies":[{"embeddable":true,"href":"https:\/\/kuali.com.mx\/web\/wp-json\/wp\/v2\/comments?post=126935"}],"version-history":[{"count":1,"href":"https:\/\/kuali.com.mx\/web\/wp-json\/wp\/v2\/posts\/126935\/revisions"}],"predecessor-version":[{"id":126938,"href":"https:\/\/kuali.com.mx\/web\/wp-json\/wp\/v2\/posts\/126935\/revisions\/126938"}],"wp:featuredmedia":[{"embeddable":true,"href":"https:\/\/kuali.com.mx\/web\/wp-json\/wp\/v2\/media\/109053"}],"wp:attachment":[{"href":"https:\/\/kuali.com.mx\/web\/wp-json\/wp\/v2\/media?parent=126935"}],"wp:term":[{"taxonomy":"category","embeddable":true,"href":"https:\/\/kuali.com.mx\/web\/wp-json\/wp\/v2\/categories?post=126935"},{"taxonomy":"post_tag","embeddable":true,"href":"https:\/\/kuali.com.mx\/web\/wp-json\/wp\/v2\/tags?post=126935"}],"curies":[{"name":"wp","href":"https:\/\/api.w.org\/{rel}","templated":true}]}}