{"id":125779,"date":"2023-09-07T11:00:00","date_gmt":"2023-09-07T17:00:00","guid":{"rendered":"https:\/\/kuali.com.mx\/web\/?p=125779"},"modified":"2023-09-07T22:01:48","modified_gmt":"2023-09-08T04:01:48","slug":"anuncian-concierto-de-apocalyptica-en-leon","status":"publish","type":"post","link":"https:\/\/kuali.com.mx\/web\/2023\/09\/07\/anuncian-concierto-de-apocalyptica-en-leon\/","title":{"rendered":"ANUNCIAN CONCIERTO DE APOCALYPTICA EN LE\u00d3N"},"content":{"rendered":"\n<p><strong><em>Kuali\/Le\u00f3n, Gto.-<\/em><\/strong>Apocalyptica, banda finlandesa que salt\u00f3 a la fama gracias sus potentes covers con cuatro violonchelos a canciones de Metallica, se presentar\u00e1 el pr\u00f3ximo a\u00f1o en Le\u00f3n.<\/p>\n\n\n\n<p>La cita es el 8 de febrero de 2024 en el Teatro Manuel Doblado.<\/p>\n\n\n\n<p>Esa noche Eicca Toppinen, Paavo L\u00f6tj\u00f6nen, Perttu Kivilaakso, Antero Manninen y el baterista Mikko Sir\u00e9n ofrecer\u00e1n un repertorio que incluye \u00e9xitos de Metallica, Sepultura, Pantera y Faith No More, pero tambi\u00e9n lo mejor de sus canciones originales.<\/p>\n\n\n\n<p>Adem\u00e1s presentar\u00e1n en la ciudad su m\u00e1s reciente \u00e1lbum: \"Cell-0\", donde regresan a sus ra\u00edces musicales no vocales.<\/p>\n\n\n\n<p>Los boletos ya est\u00e1n a la venta por el sistema Ticketnow y tienen un costo de $1,300 en Platino Preferente, $1,150 en Luneta y $900 en Balc\u00f3n (m\u00e1s cargo por servicio).<\/p>\n","protected":false},"excerpt":{"rendered":"Kuali\/Le\u00f3n, Gto.-Apocalyptica, banda finlandesa que salt\u00f3 a la fama gracias sus potentes covers con cuatro violonchelos a canciones de Metallica, se presentar\u00e1 el pr\u00f3ximo a\u00f1o en Le\u00f3n. La cita es el 8 de febrero de 2024 en el Teatro Manuel Doblado. Esa noche Eicca Toppinen, Paavo L\u00f6tj\u00f6nen, Perttu Kivilaakso, Antero Manninen y el baterista Mikko [&hellip;]","protected":false},"author":2,"featured_media":125782,"comment_status":"open","ping_status":"open","sticky":false,"template":"","format":"standard","meta":{"_seopress_robots_primary_cat":"none","_seopress_titles_title":"","_seopress_titles_desc":"","_seopress_robots_index":"","_monsterinsights_skip_tracking":false,"_monsterinsights_sitenote_active":false,"_monsterinsights_sitenote_note":"","_monsterinsights_sitenote_category":0,"footnotes":""},"categories":[18],"tags":[],"class_list":["post-125779","post","type-post","status-publish","format-standard","has-post-thumbnail","hentry","category-espectaculos-2"],"yoast_head":"<!-- This site is optimized with the Yoast SEO plugin v27.4 - https:\/\/yoast.com\/product\/yoast-seo-wordpress\/ -->\n<title>ANUNCIAN CONCIERTO DE APOCALYPTICA EN LE\u00d3N - Kuali<\/title>\n<meta name=\"robots\" content=\"index, follow, max-snippet:-1, max-image-preview:large, max-video-preview:-1\" \/>\n<link rel=\"canonical\" href=\"https:\/\/kuali.com.mx\/web\/2023\/09\/07\/anuncian-concierto-de-apocalyptica-en-leon\/\" \/>\n<meta property=\"og:locale\" content=\"es_MX\" \/>\n<meta property=\"og:type\" content=\"article\" \/>\n<meta property=\"og:title\" content=\"ANUNCIAN CONCIERTO DE APOCALYPTICA EN LE\u00d3N - Kuali\" \/>\n<meta property=\"og:description\" content=\"Kuali\/Le\u00f3n, Gto.-Apocalyptica, banda finlandesa que salt\u00f3 a la fama gracias sus potentes covers con cuatro violonchelos a canciones de Metallica, se presentar\u00e1 el pr\u00f3ximo a\u00f1o en Le\u00f3n. La cita es el 8 de febrero de 2024 en el Teatro Manuel Doblado. Esa noche Eicca Toppinen, Paavo L\u00f6tj\u00f6nen, Perttu Kivilaakso, Antero Manninen y el baterista Mikko [&hellip;]\" \/>\n<meta property=\"og:url\" content=\"https:\/\/kuali.com.mx\/web\/2023\/09\/07\/anuncian-concierto-de-apocalyptica-en-leon\/\" \/>\n<meta property=\"og:site_name\" content=\"Kuali\" \/>\n<meta property=\"article:publisher\" content=\"https:\/\/kuali.com.mx\/web\/wp-content\/uploads\/2018\/04\/cropped-kuali_logo-1-1.png\" \/>\n<meta property=\"article:published_time\" content=\"2023-09-07T17:00:00+00:00\" \/>\n<meta property=\"article:modified_time\" content=\"2023-09-08T04:01:48+00:00\" \/>\n<meta property=\"og:image\" content=\"https:\/\/kuali.com.mx\/web\/wp-content\/uploads\/2023\/09\/Apocalyptica.jpeg\" \/>\n\t<meta property=\"og:image:width\" content=\"673\" \/>\n\t<meta property=\"og:image:height\" content=\"673\" \/>\n\t<meta property=\"og:image:type\" content=\"image\/jpeg\" \/>\n<meta name=\"author\" content=\"Kuali Staff\" \/>\n<meta name=\"twitter:card\" content=\"summary_large_image\" \/>\n<meta name=\"twitter:creator\" content=\"@kuali_noticias\" \/>\n<meta name=\"twitter:site\" content=\"@kuali_noticias\" \/>\n<meta name=\"twitter:label1\" content=\"Escrito por\" \/>\n\t<meta name=\"twitter:data1\" content=\"Kuali Staff\" \/>\n\t<meta name=\"twitter:label2\" content=\"Tiempo de lectura\" \/>\n\t<meta name=\"twitter:data2\" content=\"1 minuto\" \/>\n<script type=\"application\/ld+json\" class=\"yoast-schema-graph\">{\"@context\":\"https:\\\/\\\/schema.org\",\"@graph\":[{\"@type\":\"Article\",\"@id\":\"https:\\\/\\\/kuali.com.mx\\\/web\\\/2023\\\/09\\\/07\\\/anuncian-concierto-de-apocalyptica-en-leon\\\/#article\",\"isPartOf\":{\"@id\":\"https:\\\/\\\/kuali.com.mx\\\/web\\\/2023\\\/09\\\/07\\\/anuncian-concierto-de-apocalyptica-en-leon\\\/\"},\"author\":{\"name\":\"Kuali Staff\",\"@id\":\"https:\\\/\\\/kuali.com.mx\\\/web\\\/#\\\/schema\\\/person\\\/6f89ffa8ecba9dae50662357923c5289\"},\"headline\":\"ANUNCIAN CONCIERTO DE APOCALYPTICA EN LE\u00d3N\",\"datePublished\":\"2023-09-07T17:00:00+00:00\",\"dateModified\":\"2023-09-08T04:01:48+00:00\",\"mainEntityOfPage\":{\"@id\":\"https:\\\/\\\/kuali.com.mx\\\/web\\\/2023\\\/09\\\/07\\\/anuncian-concierto-de-apocalyptica-en-leon\\\/\"},\"wordCount\":148,\"commentCount\":0,\"image\":{\"@id\":\"https:\\\/\\\/kuali.com.mx\\\/web\\\/2023\\\/09\\\/07\\\/anuncian-concierto-de-apocalyptica-en-leon\\\/#primaryimage\"},\"thumbnailUrl\":\"https:\\\/\\\/kuali.com.mx\\\/web\\\/wp-content\\\/uploads\\\/2023\\\/09\\\/Apocalyptica.jpeg\",\"articleSection\":[\"Espect\u00e1culos\"],\"inLanguage\":\"es\",\"potentialAction\":[{\"@type\":\"CommentAction\",\"name\":\"Comment\",\"target\":[\"https:\\\/\\\/kuali.com.mx\\\/web\\\/2023\\\/09\\\/07\\\/anuncian-concierto-de-apocalyptica-en-leon\\\/#respond\"]}]},{\"@type\":\"WebPage\",\"@id\":\"https:\\\/\\\/kuali.com.mx\\\/web\\\/2023\\\/09\\\/07\\\/anuncian-concierto-de-apocalyptica-en-leon\\\/\",\"url\":\"https:\\\/\\\/kuali.com.mx\\\/web\\\/2023\\\/09\\\/07\\\/anuncian-concierto-de-apocalyptica-en-leon\\\/\",\"name\":\"ANUNCIAN CONCIERTO DE APOCALYPTICA EN LE\u00d3N - Kuali\",\"isPartOf\":{\"@id\":\"https:\\\/\\\/kuali.com.mx\\\/web\\\/#website\"},\"primaryImageOfPage\":{\"@id\":\"https:\\\/\\\/kuali.com.mx\\\/web\\\/2023\\\/09\\\/07\\\/anuncian-concierto-de-apocalyptica-en-leon\\\/#primaryimage\"},\"image\":{\"@id\":\"https:\\\/\\\/kuali.com.mx\\\/web\\\/2023\\\/09\\\/07\\\/anuncian-concierto-de-apocalyptica-en-leon\\\/#primaryimage\"},\"thumbnailUrl\":\"https:\\\/\\\/kuali.com.mx\\\/web\\\/wp-content\\\/uploads\\\/2023\\\/09\\\/Apocalyptica.jpeg\",\"datePublished\":\"2023-09-07T17:00:00+00:00\",\"dateModified\":\"2023-09-08T04:01:48+00:00\",\"author\":{\"@id\":\"https:\\\/\\\/kuali.com.mx\\\/web\\\/#\\\/schema\\\/person\\\/6f89ffa8ecba9dae50662357923c5289\"},\"breadcrumb\":{\"@id\":\"https:\\\/\\\/kuali.com.mx\\\/web\\\/2023\\\/09\\\/07\\\/anuncian-concierto-de-apocalyptica-en-leon\\\/#breadcrumb\"},\"inLanguage\":\"es\",\"potentialAction\":[{\"@type\":\"ReadAction\",\"target\":[\"https:\\\/\\\/kuali.com.mx\\\/web\\\/2023\\\/09\\\/07\\\/anuncian-concierto-de-apocalyptica-en-leon\\\/\"]}]},{\"@type\":\"ImageObject\",\"inLanguage\":\"es\",\"@id\":\"https:\\\/\\\/kuali.com.mx\\\/web\\\/2023\\\/09\\\/07\\\/anuncian-concierto-de-apocalyptica-en-leon\\\/#primaryimage\",\"url\":\"https:\\\/\\\/kuali.com.mx\\\/web\\\/wp-content\\\/uploads\\\/2023\\\/09\\\/Apocalyptica.jpeg\",\"contentUrl\":\"https:\\\/\\\/kuali.com.mx\\\/web\\\/wp-content\\\/uploads\\\/2023\\\/09\\\/Apocalyptica.jpeg\",\"width\":673,\"height\":673},{\"@type\":\"BreadcrumbList\",\"@id\":\"https:\\\/\\\/kuali.com.mx\\\/web\\\/2023\\\/09\\\/07\\\/anuncian-concierto-de-apocalyptica-en-leon\\\/#breadcrumb\",\"itemListElement\":[{\"@type\":\"ListItem\",\"position\":1,\"name\":\"Inicio\",\"item\":\"https:\\\/\\\/kuali.com.mx\\\/web\\\/\"},{\"@type\":\"ListItem\",\"position\":2,\"name\":\"ANUNCIAN CONCIERTO DE APOCALYPTICA EN LE\u00d3N\"}]},{\"@type\":\"WebSite\",\"@id\":\"https:\\\/\\\/kuali.com.mx\\\/web\\\/#website\",\"url\":\"https:\\\/\\\/kuali.com.mx\\\/web\\\/\",\"name\":\"Kuali\",\"description\":\"\",\"potentialAction\":[{\"@type\":\"SearchAction\",\"target\":{\"@type\":\"EntryPoint\",\"urlTemplate\":\"https:\\\/\\\/kuali.com.mx\\\/web\\\/?s={search_term_string}\"},\"query-input\":{\"@type\":\"PropertyValueSpecification\",\"valueRequired\":true,\"valueName\":\"search_term_string\"}}],\"inLanguage\":\"es\"},{\"@type\":\"Person\",\"@id\":\"https:\\\/\\\/kuali.com.mx\\\/web\\\/#\\\/schema\\\/person\\\/6f89ffa8ecba9dae50662357923c5289\",\"name\":\"Kuali Staff\",\"image\":{\"@type\":\"ImageObject\",\"inLanguage\":\"es\",\"@id\":\"https:\\\/\\\/secure.gravatar.com\\\/avatar\\\/f917ad82e5ab71227a733c78b6e60715476f69ee6be59feee4eb5d9920c89e0f?s=96&d=mm&r=g\",\"url\":\"https:\\\/\\\/secure.gravatar.com\\\/avatar\\\/f917ad82e5ab71227a733c78b6e60715476f69ee6be59feee4eb5d9920c89e0f?s=96&d=mm&r=g\",\"contentUrl\":\"https:\\\/\\\/secure.gravatar.com\\\/avatar\\\/f917ad82e5ab71227a733c78b6e60715476f69ee6be59feee4eb5d9920c89e0f?s=96&d=mm&r=g\",\"caption\":\"Kuali Staff\"},\"url\":\"https:\\\/\\\/kuali.com.mx\\\/web\\\/author\\\/lagarto\\\/\"}]}<\/script>\n<!-- \/ Yoast SEO plugin. -->","yoast_head_json":{"title":"ANUNCIAN CONCIERTO DE APOCALYPTICA EN LE\u00d3N - Kuali","robots":{"index":"index","follow":"follow","max-snippet":"max-snippet:-1","max-image-preview":"max-image-preview:large","max-video-preview":"max-video-preview:-1"},"canonical":"https:\/\/kuali.com.mx\/web\/2023\/09\/07\/anuncian-concierto-de-apocalyptica-en-leon\/","og_locale":"es_MX","og_type":"article","og_title":"ANUNCIAN CONCIERTO DE APOCALYPTICA EN LE\u00d3N - Kuali","og_description":"Kuali\/Le\u00f3n, Gto.-Apocalyptica, banda finlandesa que salt\u00f3 a la fama gracias sus potentes covers con cuatro violonchelos a canciones de Metallica, se presentar\u00e1 el pr\u00f3ximo a\u00f1o en Le\u00f3n. La cita es el 8 de febrero de 2024 en el Teatro Manuel Doblado. Esa noche Eicca Toppinen, Paavo L\u00f6tj\u00f6nen, Perttu Kivilaakso, Antero Manninen y el baterista Mikko [&hellip;]","og_url":"https:\/\/kuali.com.mx\/web\/2023\/09\/07\/anuncian-concierto-de-apocalyptica-en-leon\/","og_site_name":"Kuali","article_publisher":"https:\/\/kuali.com.mx\/web\/wp-content\/uploads\/2018\/04\/cropped-kuali_logo-1-1.png","article_published_time":"2023-09-07T17:00:00+00:00","article_modified_time":"2023-09-08T04:01:48+00:00","og_image":[{"width":673,"height":673,"url":"https:\/\/kuali.com.mx\/web\/wp-content\/uploads\/2023\/09\/Apocalyptica.jpeg","type":"image\/jpeg"}],"author":"Kuali Staff","twitter_card":"summary_large_image","twitter_creator":"@kuali_noticias","twitter_site":"@kuali_noticias","twitter_misc":{"Escrito por":"Kuali Staff","Tiempo de lectura":"1 minuto"},"schema":{"@context":"https:\/\/schema.org","@graph":[{"@type":"Article","@id":"https:\/\/kuali.com.mx\/web\/2023\/09\/07\/anuncian-concierto-de-apocalyptica-en-leon\/#article","isPartOf":{"@id":"https:\/\/kuali.com.mx\/web\/2023\/09\/07\/anuncian-concierto-de-apocalyptica-en-leon\/"},"author":{"name":"Kuali Staff","@id":"https:\/\/kuali.com.mx\/web\/#\/schema\/person\/6f89ffa8ecba9dae50662357923c5289"},"headline":"ANUNCIAN CONCIERTO DE APOCALYPTICA EN LE\u00d3N","datePublished":"2023-09-07T17:00:00+00:00","dateModified":"2023-09-08T04:01:48+00:00","mainEntityOfPage":{"@id":"https:\/\/kuali.com.mx\/web\/2023\/09\/07\/anuncian-concierto-de-apocalyptica-en-leon\/"},"wordCount":148,"commentCount":0,"image":{"@id":"https:\/\/kuali.com.mx\/web\/2023\/09\/07\/anuncian-concierto-de-apocalyptica-en-leon\/#primaryimage"},"thumbnailUrl":"https:\/\/kuali.com.mx\/web\/wp-content\/uploads\/2023\/09\/Apocalyptica.jpeg","articleSection":["Espect\u00e1culos"],"inLanguage":"es","potentialAction":[{"@type":"CommentAction","name":"Comment","target":["https:\/\/kuali.com.mx\/web\/2023\/09\/07\/anuncian-concierto-de-apocalyptica-en-leon\/#respond"]}]},{"@type":"WebPage","@id":"https:\/\/kuali.com.mx\/web\/2023\/09\/07\/anuncian-concierto-de-apocalyptica-en-leon\/","url":"https:\/\/kuali.com.mx\/web\/2023\/09\/07\/anuncian-concierto-de-apocalyptica-en-leon\/","name":"ANUNCIAN CONCIERTO DE APOCALYPTICA EN LE\u00d3N - Kuali","isPartOf":{"@id":"https:\/\/kuali.com.mx\/web\/#website"},"primaryImageOfPage":{"@id":"https:\/\/kuali.com.mx\/web\/2023\/09\/07\/anuncian-concierto-de-apocalyptica-en-leon\/#primaryimage"},"image":{"@id":"https:\/\/kuali.com.mx\/web\/2023\/09\/07\/anuncian-concierto-de-apocalyptica-en-leon\/#primaryimage"},"thumbnailUrl":"https:\/\/kuali.com.mx\/web\/wp-content\/uploads\/2023\/09\/Apocalyptica.jpeg","datePublished":"2023-09-07T17:00:00+00:00","dateModified":"2023-09-08T04:01:48+00:00","author":{"@id":"https:\/\/kuali.com.mx\/web\/#\/schema\/person\/6f89ffa8ecba9dae50662357923c5289"},"breadcrumb":{"@id":"https:\/\/kuali.com.mx\/web\/2023\/09\/07\/anuncian-concierto-de-apocalyptica-en-leon\/#breadcrumb"},"inLanguage":"es","potentialAction":[{"@type":"ReadAction","target":["https:\/\/kuali.com.mx\/web\/2023\/09\/07\/anuncian-concierto-de-apocalyptica-en-leon\/"]}]},{"@type":"ImageObject","inLanguage":"es","@id":"https:\/\/kuali.com.mx\/web\/2023\/09\/07\/anuncian-concierto-de-apocalyptica-en-leon\/#primaryimage","url":"https:\/\/kuali.com.mx\/web\/wp-content\/uploads\/2023\/09\/Apocalyptica.jpeg","contentUrl":"https:\/\/kuali.com.mx\/web\/wp-content\/uploads\/2023\/09\/Apocalyptica.jpeg","width":673,"height":673},{"@type":"BreadcrumbList","@id":"https:\/\/kuali.com.mx\/web\/2023\/09\/07\/anuncian-concierto-de-apocalyptica-en-leon\/#breadcrumb","itemListElement":[{"@type":"ListItem","position":1,"name":"Inicio","item":"https:\/\/kuali.com.mx\/web\/"},{"@type":"ListItem","position":2,"name":"ANUNCIAN CONCIERTO DE APOCALYPTICA EN LE\u00d3N"}]},{"@type":"WebSite","@id":"https:\/\/kuali.com.mx\/web\/#website","url":"https:\/\/kuali.com.mx\/web\/","name":"Kuali","description":"","potentialAction":[{"@type":"SearchAction","target":{"@type":"EntryPoint","urlTemplate":"https:\/\/kuali.com.mx\/web\/?s={search_term_string}"},"query-input":{"@type":"PropertyValueSpecification","valueRequired":true,"valueName":"search_term_string"}}],"inLanguage":"es"},{"@type":"Person","@id":"https:\/\/kuali.com.mx\/web\/#\/schema\/person\/6f89ffa8ecba9dae50662357923c5289","name":"Kuali Staff","image":{"@type":"ImageObject","inLanguage":"es","@id":"https:\/\/secure.gravatar.com\/avatar\/f917ad82e5ab71227a733c78b6e60715476f69ee6be59feee4eb5d9920c89e0f?s=96&d=mm&r=g","url":"https:\/\/secure.gravatar.com\/avatar\/f917ad82e5ab71227a733c78b6e60715476f69ee6be59feee4eb5d9920c89e0f?s=96&d=mm&r=g","contentUrl":"https:\/\/secure.gravatar.com\/avatar\/f917ad82e5ab71227a733c78b6e60715476f69ee6be59feee4eb5d9920c89e0f?s=96&d=mm&r=g","caption":"Kuali Staff"},"url":"https:\/\/kuali.com.mx\/web\/author\/lagarto\/"}]}},"_links":{"self":[{"href":"https:\/\/kuali.com.mx\/web\/wp-json\/wp\/v2\/posts\/125779","targetHints":{"allow":["GET"]}}],"collection":[{"href":"https:\/\/kuali.com.mx\/web\/wp-json\/wp\/v2\/posts"}],"about":[{"href":"https:\/\/kuali.com.mx\/web\/wp-json\/wp\/v2\/types\/post"}],"author":[{"embeddable":true,"href":"https:\/\/kuali.com.mx\/web\/wp-json\/wp\/v2\/users\/2"}],"replies":[{"embeddable":true,"href":"https:\/\/kuali.com.mx\/web\/wp-json\/wp\/v2\/comments?post=125779"}],"version-history":[{"count":1,"href":"https:\/\/kuali.com.mx\/web\/wp-json\/wp\/v2\/posts\/125779\/revisions"}],"predecessor-version":[{"id":125783,"href":"https:\/\/kuali.com.mx\/web\/wp-json\/wp\/v2\/posts\/125779\/revisions\/125783"}],"wp:featuredmedia":[{"embeddable":true,"href":"https:\/\/kuali.com.mx\/web\/wp-json\/wp\/v2\/media\/125782"}],"wp:attachment":[{"href":"https:\/\/kuali.com.mx\/web\/wp-json\/wp\/v2\/media?parent=125779"}],"wp:term":[{"taxonomy":"category","embeddable":true,"href":"https:\/\/kuali.com.mx\/web\/wp-json\/wp\/v2\/categories?post=125779"},{"taxonomy":"post_tag","embeddable":true,"href":"https:\/\/kuali.com.mx\/web\/wp-json\/wp\/v2\/tags?post=125779"}],"curies":[{"name":"wp","href":"https:\/\/api.w.org\/{rel}","templated":true}]}}