{"id":125758,"date":"2023-09-07T15:18:21","date_gmt":"2023-09-07T21:18:21","guid":{"rendered":"https:\/\/kuali.com.mx\/web\/?p=125758"},"modified":"2023-09-07T15:18:22","modified_gmt":"2023-09-07T21:18:22","slug":"pedira-fgr-pena-de-35-anos-para-el-asesino-de-israel-vazquez","status":"publish","type":"post","link":"https:\/\/kuali.com.mx\/web\/2023\/09\/07\/pedira-fgr-pena-de-35-anos-para-el-asesino-de-israel-vazquez\/","title":{"rendered":"PEDIR\u00c1 FGR PENA DE 35 A\u00d1OS PARA EL ASESINO DE ISRAEL V\u00c1ZQUEZ"},"content":{"rendered":"\n<p><strong><em>Carlos Garc\u00eda\/Guanajuato, Gto.- <\/em><\/strong>El juez federal Rub\u00e9n Yair Caballero declar\u00f3 culpable del asesinato del periodista del municipio de Salamanca, Israel V\u00e1zquez Rangel, a Jos\u00e9 Luis \u201cEl pizzero\u201d y la Fiscal\u00eda General de la Rep\u00fablica (FGR) solicitar\u00e1 que se imponga una pena de 35 a\u00f1os de prisi\u00f3n.<\/p>\n\n\n\n<p>El asesinato del reportero de el portal El Salmantino, perpetrado el nueve de noviembre del 2020, se plane\u00f3 \u201ccomo represalia por una nota period\u00edstica en la que public\u00f3 el rostro de un l\u00edder criminal de la zona\u201d, difundi\u00f3 la FGR.<\/p>\n\n\n\n<p>La dependencia inform\u00f3 que fue la Fiscal\u00eda Especial para la Atenci\u00f3n de Delitos cometidos contra la Libertad de Expresi\u00f3n (FEADLE) la que obtuvo la sentencia condenatoria contra de Jos\u00e9 Luis por el homicidio calificado de Israel V\u00e1zquez.<\/p>\n\n\n\n<p>\u201cLa presente sentencia correspondi\u00f3 a la acusaci\u00f3n de homicidio calificado, con premeditaci\u00f3n, alevos\u00eda y ventaja\u201d, explic\u00f3 la FGR.<\/p>\n\n\n\n<p>Adelant\u00f3 que \u201cuna vez emitido el fallo condenatorio, se proceder\u00e1 a realizar el procedimiento de individualizaci\u00f3n de sanciones y reparaci\u00f3n del da\u00f1o, en el cual esta Fiscal\u00eda solicitar\u00e1 la imposici\u00f3n de una pena m\u00e1xima de prisi\u00f3n prevista por el art\u00edculo 140 del C\u00f3digo Penal para dicha entidad.<\/p>\n\n\n\n<p>\u201cAl responsable de homicidio calificado se le impondr\u00e1 de veinticinco a treinta y cinco a\u00f1os de prisi\u00f3n y de doscientos cincuenta a trescientos cincuenta d\u00edas multa\u201d, se\u00f1ala el art\u00edculo 140 del C\u00f3digo Penal del Estado de Guanajuato.<\/p>\n\n\n\n<p>En el juicio oral que inici\u00f3 el 14 de agosto, el Tribunal de enjuiciamiento del Centro de Justicia Penal Federal en Guanajuato determin\u00f3 que la declaraci\u00f3n de 25 testigos se acredit\u00f3 que Jos\u00e9 Luis asesin\u00f3 al periodista, en complicidad con otro hombre identificado como Mart\u00edn, sentenciado a 20 a\u00f1os de prisi\u00f3n, en diciembre del 2021.<\/p>\n\n\n\n<p>La FGR se\u00f1al\u00f3 que \u201cpresent\u00f3 evidencia para demostrar que el acusado, junto con su coautor, atrajeron al periodista a un lugar previamente seleccionado para agredirlo como represalia por una nota period\u00edstica en la que public\u00f3 el rostro de un l\u00edder criminal de la zona\u201d.<\/p>\n\n\n\n<p>El nueve de noviembre, Israel V\u00e1zquez Rangel acudi\u00f3 a la colonia Villa Salamanca 400 para reportear el abandono de restos humanos, en el lugar fue atacado a balazos.&nbsp; El periodista muri\u00f3 en un hospital de Pemex cuando recib\u00eda atenci\u00f3n m\u00e9dica.<\/p>\n\n\n\n<p>Posteriormente fueron arrestados Jos\u00e9 Luis y Mart\u00edn, y fueron vinculados a proceso penal el 20 de noviembre del 2020.<\/p>\n","protected":false},"excerpt":{"rendered":"Carlos Garc\u00eda\/Guanajuato, Gto.- El juez federal Rub\u00e9n Yair Caballero declar\u00f3 culpable del asesinato del periodista del municipio de Salamanca, Israel V\u00e1zquez Rangel, a Jos\u00e9 Luis \u201cEl pizzero\u201d y la Fiscal\u00eda General de la Rep\u00fablica (FGR) solicitar\u00e1 que se imponga una pena de 35 a\u00f1os de prisi\u00f3n. El asesinato del reportero de el portal El Salmantino, [&hellip;]","protected":false},"author":2,"featured_media":76414,"comment_status":"open","ping_status":"open","sticky":false,"template":"","format":"standard","meta":{"_seopress_robots_primary_cat":"none","_seopress_titles_title":"","_seopress_titles_desc":"","_seopress_robots_index":"","_monsterinsights_skip_tracking":false,"_monsterinsights_sitenote_active":false,"_monsterinsights_sitenote_note":"","_monsterinsights_sitenote_category":0,"footnotes":""},"categories":[14,69],"tags":[],"class_list":["post-125758","post","type-post","status-publish","format-standard","has-post-thumbnail","hentry","category-derechos","category-slider"],"yoast_head":"<!-- This site is optimized with the Yoast SEO plugin v27.4 - https:\/\/yoast.com\/product\/yoast-seo-wordpress\/ -->\n<title>PEDIR\u00c1 FGR PENA DE 35 A\u00d1OS PARA EL ASESINO DE ISRAEL V\u00c1ZQUEZ - Kuali<\/title>\n<meta name=\"robots\" content=\"index, follow, max-snippet:-1, max-image-preview:large, max-video-preview:-1\" \/>\n<link rel=\"canonical\" href=\"https:\/\/kuali.com.mx\/web\/2023\/09\/07\/pedira-fgr-pena-de-35-anos-para-el-asesino-de-israel-vazquez\/\" \/>\n<meta property=\"og:locale\" content=\"es_MX\" \/>\n<meta property=\"og:type\" content=\"article\" \/>\n<meta property=\"og:title\" content=\"PEDIR\u00c1 FGR PENA DE 35 A\u00d1OS PARA EL ASESINO DE ISRAEL V\u00c1ZQUEZ - Kuali\" \/>\n<meta property=\"og:description\" content=\"Carlos Garc\u00eda\/Guanajuato, Gto.- El juez federal Rub\u00e9n Yair Caballero declar\u00f3 culpable del asesinato del periodista del municipio de Salamanca, Israel V\u00e1zquez Rangel, a Jos\u00e9 Luis \u201cEl pizzero\u201d y la Fiscal\u00eda General de la Rep\u00fablica (FGR) solicitar\u00e1 que se imponga una pena de 35 a\u00f1os de prisi\u00f3n. El asesinato del reportero de el portal El Salmantino, [&hellip;]\" \/>\n<meta property=\"og:url\" content=\"https:\/\/kuali.com.mx\/web\/2023\/09\/07\/pedira-fgr-pena-de-35-anos-para-el-asesino-de-israel-vazquez\/\" \/>\n<meta property=\"og:site_name\" content=\"Kuali\" \/>\n<meta property=\"article:publisher\" content=\"https:\/\/kuali.com.mx\/web\/wp-content\/uploads\/2018\/04\/cropped-kuali_logo-1-1.png\" \/>\n<meta property=\"article:published_time\" content=\"2023-09-07T21:18:21+00:00\" \/>\n<meta property=\"article:modified_time\" content=\"2023-09-07T21:18:22+00:00\" \/>\n<meta property=\"og:image\" content=\"https:\/\/kuali.com.mx\/web\/wp-content\/uploads\/2020\/11\/Israel-V\u00e1zquez-Rangel-1.jpg\" \/>\n\t<meta property=\"og:image:width\" content=\"1848\" \/>\n\t<meta property=\"og:image:height\" content=\"750\" \/>\n\t<meta property=\"og:image:type\" content=\"image\/jpeg\" \/>\n<meta name=\"author\" content=\"Kuali Staff\" \/>\n<meta name=\"twitter:card\" content=\"summary_large_image\" \/>\n<meta name=\"twitter:creator\" content=\"@kuali_noticias\" \/>\n<meta name=\"twitter:site\" content=\"@kuali_noticias\" \/>\n<meta name=\"twitter:label1\" content=\"Escrito por\" \/>\n\t<meta name=\"twitter:data1\" content=\"Kuali Staff\" \/>\n\t<meta name=\"twitter:label2\" content=\"Tiempo de lectura\" \/>\n\t<meta name=\"twitter:data2\" content=\"2 minutos\" \/>\n<script type=\"application\/ld+json\" class=\"yoast-schema-graph\">{\"@context\":\"https:\\\/\\\/schema.org\",\"@graph\":[{\"@type\":\"Article\",\"@id\":\"https:\\\/\\\/kuali.com.mx\\\/web\\\/2023\\\/09\\\/07\\\/pedira-fgr-pena-de-35-anos-para-el-asesino-de-israel-vazquez\\\/#article\",\"isPartOf\":{\"@id\":\"https:\\\/\\\/kuali.com.mx\\\/web\\\/2023\\\/09\\\/07\\\/pedira-fgr-pena-de-35-anos-para-el-asesino-de-israel-vazquez\\\/\"},\"author\":{\"name\":\"Kuali Staff\",\"@id\":\"https:\\\/\\\/kuali.com.mx\\\/web\\\/#\\\/schema\\\/person\\\/6f89ffa8ecba9dae50662357923c5289\"},\"headline\":\"PEDIR\u00c1 FGR PENA DE 35 A\u00d1OS PARA EL ASESINO DE ISRAEL V\u00c1ZQUEZ\",\"datePublished\":\"2023-09-07T21:18:21+00:00\",\"dateModified\":\"2023-09-07T21:18:22+00:00\",\"mainEntityOfPage\":{\"@id\":\"https:\\\/\\\/kuali.com.mx\\\/web\\\/2023\\\/09\\\/07\\\/pedira-fgr-pena-de-35-anos-para-el-asesino-de-israel-vazquez\\\/\"},\"wordCount\":431,\"commentCount\":0,\"image\":{\"@id\":\"https:\\\/\\\/kuali.com.mx\\\/web\\\/2023\\\/09\\\/07\\\/pedira-fgr-pena-de-35-anos-para-el-asesino-de-israel-vazquez\\\/#primaryimage\"},\"thumbnailUrl\":\"https:\\\/\\\/kuali.com.mx\\\/web\\\/wp-content\\\/uploads\\\/2020\\\/11\\\/Israel-V\u00e1zquez-Rangel-1.jpg\",\"articleSection\":[\"Derechos Humanos\",\"slider\"],\"inLanguage\":\"es\",\"potentialAction\":[{\"@type\":\"CommentAction\",\"name\":\"Comment\",\"target\":[\"https:\\\/\\\/kuali.com.mx\\\/web\\\/2023\\\/09\\\/07\\\/pedira-fgr-pena-de-35-anos-para-el-asesino-de-israel-vazquez\\\/#respond\"]}]},{\"@type\":\"WebPage\",\"@id\":\"https:\\\/\\\/kuali.com.mx\\\/web\\\/2023\\\/09\\\/07\\\/pedira-fgr-pena-de-35-anos-para-el-asesino-de-israel-vazquez\\\/\",\"url\":\"https:\\\/\\\/kuali.com.mx\\\/web\\\/2023\\\/09\\\/07\\\/pedira-fgr-pena-de-35-anos-para-el-asesino-de-israel-vazquez\\\/\",\"name\":\"PEDIR\u00c1 FGR PENA DE 35 A\u00d1OS PARA EL ASESINO DE ISRAEL V\u00c1ZQUEZ - Kuali\",\"isPartOf\":{\"@id\":\"https:\\\/\\\/kuali.com.mx\\\/web\\\/#website\"},\"primaryImageOfPage\":{\"@id\":\"https:\\\/\\\/kuali.com.mx\\\/web\\\/2023\\\/09\\\/07\\\/pedira-fgr-pena-de-35-anos-para-el-asesino-de-israel-vazquez\\\/#primaryimage\"},\"image\":{\"@id\":\"https:\\\/\\\/kuali.com.mx\\\/web\\\/2023\\\/09\\\/07\\\/pedira-fgr-pena-de-35-anos-para-el-asesino-de-israel-vazquez\\\/#primaryimage\"},\"thumbnailUrl\":\"https:\\\/\\\/kuali.com.mx\\\/web\\\/wp-content\\\/uploads\\\/2020\\\/11\\\/Israel-V\u00e1zquez-Rangel-1.jpg\",\"datePublished\":\"2023-09-07T21:18:21+00:00\",\"dateModified\":\"2023-09-07T21:18:22+00:00\",\"author\":{\"@id\":\"https:\\\/\\\/kuali.com.mx\\\/web\\\/#\\\/schema\\\/person\\\/6f89ffa8ecba9dae50662357923c5289\"},\"breadcrumb\":{\"@id\":\"https:\\\/\\\/kuali.com.mx\\\/web\\\/2023\\\/09\\\/07\\\/pedira-fgr-pena-de-35-anos-para-el-asesino-de-israel-vazquez\\\/#breadcrumb\"},\"inLanguage\":\"es\",\"potentialAction\":[{\"@type\":\"ReadAction\",\"target\":[\"https:\\\/\\\/kuali.com.mx\\\/web\\\/2023\\\/09\\\/07\\\/pedira-fgr-pena-de-35-anos-para-el-asesino-de-israel-vazquez\\\/\"]}]},{\"@type\":\"ImageObject\",\"inLanguage\":\"es\",\"@id\":\"https:\\\/\\\/kuali.com.mx\\\/web\\\/2023\\\/09\\\/07\\\/pedira-fgr-pena-de-35-anos-para-el-asesino-de-israel-vazquez\\\/#primaryimage\",\"url\":\"https:\\\/\\\/kuali.com.mx\\\/web\\\/wp-content\\\/uploads\\\/2020\\\/11\\\/Israel-V\u00e1zquez-Rangel-1.jpg\",\"contentUrl\":\"https:\\\/\\\/kuali.com.mx\\\/web\\\/wp-content\\\/uploads\\\/2020\\\/11\\\/Israel-V\u00e1zquez-Rangel-1.jpg\",\"width\":1848,\"height\":750},{\"@type\":\"BreadcrumbList\",\"@id\":\"https:\\\/\\\/kuali.com.mx\\\/web\\\/2023\\\/09\\\/07\\\/pedira-fgr-pena-de-35-anos-para-el-asesino-de-israel-vazquez\\\/#breadcrumb\",\"itemListElement\":[{\"@type\":\"ListItem\",\"position\":1,\"name\":\"Inicio\",\"item\":\"https:\\\/\\\/kuali.com.mx\\\/web\\\/\"},{\"@type\":\"ListItem\",\"position\":2,\"name\":\"PEDIR\u00c1 FGR PENA DE 35 A\u00d1OS PARA EL ASESINO DE ISRAEL V\u00c1ZQUEZ\"}]},{\"@type\":\"WebSite\",\"@id\":\"https:\\\/\\\/kuali.com.mx\\\/web\\\/#website\",\"url\":\"https:\\\/\\\/kuali.com.mx\\\/web\\\/\",\"name\":\"Kuali\",\"description\":\"\",\"potentialAction\":[{\"@type\":\"SearchAction\",\"target\":{\"@type\":\"EntryPoint\",\"urlTemplate\":\"https:\\\/\\\/kuali.com.mx\\\/web\\\/?s={search_term_string}\"},\"query-input\":{\"@type\":\"PropertyValueSpecification\",\"valueRequired\":true,\"valueName\":\"search_term_string\"}}],\"inLanguage\":\"es\"},{\"@type\":\"Person\",\"@id\":\"https:\\\/\\\/kuali.com.mx\\\/web\\\/#\\\/schema\\\/person\\\/6f89ffa8ecba9dae50662357923c5289\",\"name\":\"Kuali Staff\",\"image\":{\"@type\":\"ImageObject\",\"inLanguage\":\"es\",\"@id\":\"https:\\\/\\\/secure.gravatar.com\\\/avatar\\\/f917ad82e5ab71227a733c78b6e60715476f69ee6be59feee4eb5d9920c89e0f?s=96&d=mm&r=g\",\"url\":\"https:\\\/\\\/secure.gravatar.com\\\/avatar\\\/f917ad82e5ab71227a733c78b6e60715476f69ee6be59feee4eb5d9920c89e0f?s=96&d=mm&r=g\",\"contentUrl\":\"https:\\\/\\\/secure.gravatar.com\\\/avatar\\\/f917ad82e5ab71227a733c78b6e60715476f69ee6be59feee4eb5d9920c89e0f?s=96&d=mm&r=g\",\"caption\":\"Kuali Staff\"},\"url\":\"https:\\\/\\\/kuali.com.mx\\\/web\\\/author\\\/lagarto\\\/\"}]}<\/script>\n<!-- \/ Yoast SEO plugin. -->","yoast_head_json":{"title":"PEDIR\u00c1 FGR PENA DE 35 A\u00d1OS PARA EL ASESINO DE ISRAEL V\u00c1ZQUEZ - Kuali","robots":{"index":"index","follow":"follow","max-snippet":"max-snippet:-1","max-image-preview":"max-image-preview:large","max-video-preview":"max-video-preview:-1"},"canonical":"https:\/\/kuali.com.mx\/web\/2023\/09\/07\/pedira-fgr-pena-de-35-anos-para-el-asesino-de-israel-vazquez\/","og_locale":"es_MX","og_type":"article","og_title":"PEDIR\u00c1 FGR PENA DE 35 A\u00d1OS PARA EL ASESINO DE ISRAEL V\u00c1ZQUEZ - Kuali","og_description":"Carlos Garc\u00eda\/Guanajuato, Gto.- El juez federal Rub\u00e9n Yair Caballero declar\u00f3 culpable del asesinato del periodista del municipio de Salamanca, Israel V\u00e1zquez Rangel, a Jos\u00e9 Luis \u201cEl pizzero\u201d y la Fiscal\u00eda General de la Rep\u00fablica (FGR) solicitar\u00e1 que se imponga una pena de 35 a\u00f1os de prisi\u00f3n. El asesinato del reportero de el portal El Salmantino, [&hellip;]","og_url":"https:\/\/kuali.com.mx\/web\/2023\/09\/07\/pedira-fgr-pena-de-35-anos-para-el-asesino-de-israel-vazquez\/","og_site_name":"Kuali","article_publisher":"https:\/\/kuali.com.mx\/web\/wp-content\/uploads\/2018\/04\/cropped-kuali_logo-1-1.png","article_published_time":"2023-09-07T21:18:21+00:00","article_modified_time":"2023-09-07T21:18:22+00:00","og_image":[{"width":1848,"height":750,"url":"https:\/\/kuali.com.mx\/web\/wp-content\/uploads\/2020\/11\/Israel-V\u00e1zquez-Rangel-1.jpg","type":"image\/jpeg"}],"author":"Kuali Staff","twitter_card":"summary_large_image","twitter_creator":"@kuali_noticias","twitter_site":"@kuali_noticias","twitter_misc":{"Escrito por":"Kuali Staff","Tiempo de lectura":"2 minutos"},"schema":{"@context":"https:\/\/schema.org","@graph":[{"@type":"Article","@id":"https:\/\/kuali.com.mx\/web\/2023\/09\/07\/pedira-fgr-pena-de-35-anos-para-el-asesino-de-israel-vazquez\/#article","isPartOf":{"@id":"https:\/\/kuali.com.mx\/web\/2023\/09\/07\/pedira-fgr-pena-de-35-anos-para-el-asesino-de-israel-vazquez\/"},"author":{"name":"Kuali Staff","@id":"https:\/\/kuali.com.mx\/web\/#\/schema\/person\/6f89ffa8ecba9dae50662357923c5289"},"headline":"PEDIR\u00c1 FGR PENA DE 35 A\u00d1OS PARA EL ASESINO DE ISRAEL V\u00c1ZQUEZ","datePublished":"2023-09-07T21:18:21+00:00","dateModified":"2023-09-07T21:18:22+00:00","mainEntityOfPage":{"@id":"https:\/\/kuali.com.mx\/web\/2023\/09\/07\/pedira-fgr-pena-de-35-anos-para-el-asesino-de-israel-vazquez\/"},"wordCount":431,"commentCount":0,"image":{"@id":"https:\/\/kuali.com.mx\/web\/2023\/09\/07\/pedira-fgr-pena-de-35-anos-para-el-asesino-de-israel-vazquez\/#primaryimage"},"thumbnailUrl":"https:\/\/kuali.com.mx\/web\/wp-content\/uploads\/2020\/11\/Israel-V\u00e1zquez-Rangel-1.jpg","articleSection":["Derechos Humanos","slider"],"inLanguage":"es","potentialAction":[{"@type":"CommentAction","name":"Comment","target":["https:\/\/kuali.com.mx\/web\/2023\/09\/07\/pedira-fgr-pena-de-35-anos-para-el-asesino-de-israel-vazquez\/#respond"]}]},{"@type":"WebPage","@id":"https:\/\/kuali.com.mx\/web\/2023\/09\/07\/pedira-fgr-pena-de-35-anos-para-el-asesino-de-israel-vazquez\/","url":"https:\/\/kuali.com.mx\/web\/2023\/09\/07\/pedira-fgr-pena-de-35-anos-para-el-asesino-de-israel-vazquez\/","name":"PEDIR\u00c1 FGR PENA DE 35 A\u00d1OS PARA EL ASESINO DE ISRAEL V\u00c1ZQUEZ - Kuali","isPartOf":{"@id":"https:\/\/kuali.com.mx\/web\/#website"},"primaryImageOfPage":{"@id":"https:\/\/kuali.com.mx\/web\/2023\/09\/07\/pedira-fgr-pena-de-35-anos-para-el-asesino-de-israel-vazquez\/#primaryimage"},"image":{"@id":"https:\/\/kuali.com.mx\/web\/2023\/09\/07\/pedira-fgr-pena-de-35-anos-para-el-asesino-de-israel-vazquez\/#primaryimage"},"thumbnailUrl":"https:\/\/kuali.com.mx\/web\/wp-content\/uploads\/2020\/11\/Israel-V\u00e1zquez-Rangel-1.jpg","datePublished":"2023-09-07T21:18:21+00:00","dateModified":"2023-09-07T21:18:22+00:00","author":{"@id":"https:\/\/kuali.com.mx\/web\/#\/schema\/person\/6f89ffa8ecba9dae50662357923c5289"},"breadcrumb":{"@id":"https:\/\/kuali.com.mx\/web\/2023\/09\/07\/pedira-fgr-pena-de-35-anos-para-el-asesino-de-israel-vazquez\/#breadcrumb"},"inLanguage":"es","potentialAction":[{"@type":"ReadAction","target":["https:\/\/kuali.com.mx\/web\/2023\/09\/07\/pedira-fgr-pena-de-35-anos-para-el-asesino-de-israel-vazquez\/"]}]},{"@type":"ImageObject","inLanguage":"es","@id":"https:\/\/kuali.com.mx\/web\/2023\/09\/07\/pedira-fgr-pena-de-35-anos-para-el-asesino-de-israel-vazquez\/#primaryimage","url":"https:\/\/kuali.com.mx\/web\/wp-content\/uploads\/2020\/11\/Israel-V\u00e1zquez-Rangel-1.jpg","contentUrl":"https:\/\/kuali.com.mx\/web\/wp-content\/uploads\/2020\/11\/Israel-V\u00e1zquez-Rangel-1.jpg","width":1848,"height":750},{"@type":"BreadcrumbList","@id":"https:\/\/kuali.com.mx\/web\/2023\/09\/07\/pedira-fgr-pena-de-35-anos-para-el-asesino-de-israel-vazquez\/#breadcrumb","itemListElement":[{"@type":"ListItem","position":1,"name":"Inicio","item":"https:\/\/kuali.com.mx\/web\/"},{"@type":"ListItem","position":2,"name":"PEDIR\u00c1 FGR PENA DE 35 A\u00d1OS PARA EL ASESINO DE ISRAEL V\u00c1ZQUEZ"}]},{"@type":"WebSite","@id":"https:\/\/kuali.com.mx\/web\/#website","url":"https:\/\/kuali.com.mx\/web\/","name":"Kuali","description":"","potentialAction":[{"@type":"SearchAction","target":{"@type":"EntryPoint","urlTemplate":"https:\/\/kuali.com.mx\/web\/?s={search_term_string}"},"query-input":{"@type":"PropertyValueSpecification","valueRequired":true,"valueName":"search_term_string"}}],"inLanguage":"es"},{"@type":"Person","@id":"https:\/\/kuali.com.mx\/web\/#\/schema\/person\/6f89ffa8ecba9dae50662357923c5289","name":"Kuali Staff","image":{"@type":"ImageObject","inLanguage":"es","@id":"https:\/\/secure.gravatar.com\/avatar\/f917ad82e5ab71227a733c78b6e60715476f69ee6be59feee4eb5d9920c89e0f?s=96&d=mm&r=g","url":"https:\/\/secure.gravatar.com\/avatar\/f917ad82e5ab71227a733c78b6e60715476f69ee6be59feee4eb5d9920c89e0f?s=96&d=mm&r=g","contentUrl":"https:\/\/secure.gravatar.com\/avatar\/f917ad82e5ab71227a733c78b6e60715476f69ee6be59feee4eb5d9920c89e0f?s=96&d=mm&r=g","caption":"Kuali Staff"},"url":"https:\/\/kuali.com.mx\/web\/author\/lagarto\/"}]}},"_links":{"self":[{"href":"https:\/\/kuali.com.mx\/web\/wp-json\/wp\/v2\/posts\/125758","targetHints":{"allow":["GET"]}}],"collection":[{"href":"https:\/\/kuali.com.mx\/web\/wp-json\/wp\/v2\/posts"}],"about":[{"href":"https:\/\/kuali.com.mx\/web\/wp-json\/wp\/v2\/types\/post"}],"author":[{"embeddable":true,"href":"https:\/\/kuali.com.mx\/web\/wp-json\/wp\/v2\/users\/2"}],"replies":[{"embeddable":true,"href":"https:\/\/kuali.com.mx\/web\/wp-json\/wp\/v2\/comments?post=125758"}],"version-history":[{"count":1,"href":"https:\/\/kuali.com.mx\/web\/wp-json\/wp\/v2\/posts\/125758\/revisions"}],"predecessor-version":[{"id":125761,"href":"https:\/\/kuali.com.mx\/web\/wp-json\/wp\/v2\/posts\/125758\/revisions\/125761"}],"wp:featuredmedia":[{"embeddable":true,"href":"https:\/\/kuali.com.mx\/web\/wp-json\/wp\/v2\/media\/76414"}],"wp:attachment":[{"href":"https:\/\/kuali.com.mx\/web\/wp-json\/wp\/v2\/media?parent=125758"}],"wp:term":[{"taxonomy":"category","embeddable":true,"href":"https:\/\/kuali.com.mx\/web\/wp-json\/wp\/v2\/categories?post=125758"},{"taxonomy":"post_tag","embeddable":true,"href":"https:\/\/kuali.com.mx\/web\/wp-json\/wp\/v2\/tags?post=125758"}],"curies":[{"name":"wp","href":"https:\/\/api.w.org\/{rel}","templated":true}]}}