{"id":125748,"date":"2023-09-07T13:20:56","date_gmt":"2023-09-07T19:20:56","guid":{"rendered":"https:\/\/kuali.com.mx\/web\/?p=125748"},"modified":"2023-09-07T13:20:57","modified_gmt":"2023-09-07T19:20:57","slug":"ilegal-que-candidatos-a-alcaldes-sean-regidores-rangel","status":"publish","type":"post","link":"https:\/\/kuali.com.mx\/web\/2023\/09\/07\/ilegal-que-candidatos-a-alcaldes-sean-regidores-rangel\/","title":{"rendered":"ILEGAL, QUE CANDIDATOS A ALCALDES SEAN REGIDORES: RANGEL"},"content":{"rendered":"\n<p><strong><em>Jeshael Rivera Villal\u00f3n\/San Jos\u00e9 Iturbide, Gto. -<\/em><\/strong> La posibilidad de que los candidatos a presidentes municipales puedan ser candidatos a regidores al mismo tiempo, es altamente probable que se mantenga, pues se considera que no habr\u00e1 tiempo suficiente para modificar, aunque se viole la ley, expuso el diputado Armando Rangel Hern\u00e1ndez.<\/p>\n\n\n\n<p>El legislador panista reconoci\u00f3 que esa opci\u00f3n que se implement\u00f3 en el proceso electoral pasado y que se trat\u00f3 despu\u00e9s de quitar, no logr\u00f3 cambiarse porque el debate sobre el tema no ha avanzado y se acercan los tiempos electorales.<\/p>\n\n\n\n<p>\u201cNo veo yo que vaya a caminar, el tiempo se ha pasado y no he visto que avancen los procesos de an\u00e1lisis y de discusi\u00f3n en la comisi\u00f3n de asuntos electorales, yo creo que va a seguir\u201d, expreso.<\/p>\n\n\n\n<p>Se dijo en desacuerdo con esa posibilidad ya que hay una \u201cdesatenci\u00f3n legal\u201d porque la ley dice \u201cmuy claramente que no puedes aspirar a dos puestos distintos\u201d, pero aun as\u00ed se permite.<\/p>\n\n\n\n<p>Agreg\u00f3 que, en su momento, algunos partidos argumentaron que era necesario que se tuviera esta opci\u00f3n porque batallaban para tener candidatos en algunos municipios y, dar esa posibilidad de doble candidatura, permit\u00eda que algunas personas se animaran a competir en el proceso electoral obteniendo como \u201crecompensa\u201d la regidur\u00eda en caso de no ganar la alcald\u00eda.<\/p>\n\n\n\n<p>No obstante, Rangel Hern\u00e1ndez acept\u00f3 que esta situaci\u00f3n podr\u00eda generar procedimientos legales de inconformidad.<\/p>\n\n\n\n<p>\u201cS\u00ed es cierto que se esta violentando la ley, yo estoy cierto que cualquier persona que interponga una controversia la gana, poque la ley es muy clara, no te puedes registrar para 2 cargos distintos como actualmente se est\u00e1 permitiendo a trav\u00e9s de una ley que bajo mi particular punto de vista tiene inconsistencias jur\u00eddicas\u201d, refiri\u00f3.<\/p>\n","protected":false},"excerpt":{"rendered":"Jeshael Rivera Villal\u00f3n\/San Jos\u00e9 Iturbide, Gto. - La posibilidad de que los candidatos a presidentes municipales puedan ser candidatos a regidores al mismo tiempo, es altamente probable que se mantenga, pues se considera que no habr\u00e1 tiempo suficiente para modificar, aunque se viole la ley, expuso el diputado Armando Rangel Hern\u00e1ndez. El legislador panista reconoci\u00f3 [&hellip;]","protected":false},"author":2,"featured_media":47989,"comment_status":"open","ping_status":"open","sticky":false,"template":"","format":"standard","meta":{"_seopress_robots_primary_cat":"none","_seopress_titles_title":"","_seopress_titles_desc":"","_seopress_robots_index":"","_monsterinsights_skip_tracking":false,"_monsterinsights_sitenote_active":false,"_monsterinsights_sitenote_note":"","_monsterinsights_sitenote_category":0,"footnotes":""},"categories":[3,69],"tags":[],"class_list":["post-125748","post","type-post","status-publish","format-standard","has-post-thumbnail","hentry","category-politica","category-slider"],"yoast_head":"<!-- This site is optimized with the Yoast SEO plugin v27.4 - https:\/\/yoast.com\/product\/yoast-seo-wordpress\/ -->\n<title>ILEGAL, QUE CANDIDATOS A ALCALDES SEAN REGIDORES: RANGEL - Kuali<\/title>\n<meta name=\"robots\" content=\"index, follow, max-snippet:-1, max-image-preview:large, max-video-preview:-1\" \/>\n<link rel=\"canonical\" href=\"https:\/\/kuali.com.mx\/web\/2023\/09\/07\/ilegal-que-candidatos-a-alcaldes-sean-regidores-rangel\/\" \/>\n<meta property=\"og:locale\" content=\"es_MX\" \/>\n<meta property=\"og:type\" content=\"article\" \/>\n<meta property=\"og:title\" content=\"ILEGAL, QUE CANDIDATOS A ALCALDES SEAN REGIDORES: RANGEL - Kuali\" \/>\n<meta property=\"og:description\" content=\"Jeshael Rivera Villal\u00f3n\/San Jos\u00e9 Iturbide, Gto. - La posibilidad de que los candidatos a presidentes municipales puedan ser candidatos a regidores al mismo tiempo, es altamente probable que se mantenga, pues se considera que no habr\u00e1 tiempo suficiente para modificar, aunque se viole la ley, expuso el diputado Armando Rangel Hern\u00e1ndez. El legislador panista reconoci\u00f3 [&hellip;]\" \/>\n<meta property=\"og:url\" content=\"https:\/\/kuali.com.mx\/web\/2023\/09\/07\/ilegal-que-candidatos-a-alcaldes-sean-regidores-rangel\/\" \/>\n<meta property=\"og:site_name\" content=\"Kuali\" \/>\n<meta property=\"article:publisher\" content=\"https:\/\/kuali.com.mx\/web\/wp-content\/uploads\/2018\/04\/cropped-kuali_logo-1-1.png\" \/>\n<meta property=\"article:published_time\" content=\"2023-09-07T19:20:56+00:00\" \/>\n<meta property=\"article:modified_time\" content=\"2023-09-07T19:20:57+00:00\" \/>\n<meta property=\"og:image\" content=\"https:\/\/kuali.com.mx\/web\/wp-content\/uploads\/2018\/11\/Armando-Rangel-Hern\u00e1ndez.jpg\" \/>\n\t<meta property=\"og:image:width\" content=\"1933\" \/>\n\t<meta property=\"og:image:height\" content=\"750\" \/>\n\t<meta property=\"og:image:type\" content=\"image\/jpeg\" \/>\n<meta name=\"author\" content=\"Kuali Staff\" \/>\n<meta name=\"twitter:card\" content=\"summary_large_image\" \/>\n<meta name=\"twitter:creator\" content=\"@kuali_noticias\" \/>\n<meta name=\"twitter:site\" content=\"@kuali_noticias\" \/>\n<meta name=\"twitter:label1\" content=\"Escrito por\" \/>\n\t<meta name=\"twitter:data1\" content=\"Kuali Staff\" \/>\n\t<meta name=\"twitter:label2\" content=\"Tiempo de lectura\" \/>\n\t<meta name=\"twitter:data2\" content=\"2 minutos\" \/>\n<script type=\"application\/ld+json\" class=\"yoast-schema-graph\">{\"@context\":\"https:\\\/\\\/schema.org\",\"@graph\":[{\"@type\":\"Article\",\"@id\":\"https:\\\/\\\/kuali.com.mx\\\/web\\\/2023\\\/09\\\/07\\\/ilegal-que-candidatos-a-alcaldes-sean-regidores-rangel\\\/#article\",\"isPartOf\":{\"@id\":\"https:\\\/\\\/kuali.com.mx\\\/web\\\/2023\\\/09\\\/07\\\/ilegal-que-candidatos-a-alcaldes-sean-regidores-rangel\\\/\"},\"author\":{\"name\":\"Kuali Staff\",\"@id\":\"https:\\\/\\\/kuali.com.mx\\\/web\\\/#\\\/schema\\\/person\\\/6f89ffa8ecba9dae50662357923c5289\"},\"headline\":\"ILEGAL, QUE CANDIDATOS A ALCALDES SEAN REGIDORES: RANGEL\",\"datePublished\":\"2023-09-07T19:20:56+00:00\",\"dateModified\":\"2023-09-07T19:20:57+00:00\",\"mainEntityOfPage\":{\"@id\":\"https:\\\/\\\/kuali.com.mx\\\/web\\\/2023\\\/09\\\/07\\\/ilegal-que-candidatos-a-alcaldes-sean-regidores-rangel\\\/\"},\"wordCount\":311,\"commentCount\":0,\"image\":{\"@id\":\"https:\\\/\\\/kuali.com.mx\\\/web\\\/2023\\\/09\\\/07\\\/ilegal-que-candidatos-a-alcaldes-sean-regidores-rangel\\\/#primaryimage\"},\"thumbnailUrl\":\"https:\\\/\\\/kuali.com.mx\\\/web\\\/wp-content\\\/uploads\\\/2018\\\/11\\\/Armando-Rangel-Hern\u00e1ndez.jpg\",\"articleSection\":[\"Pol\u00edtica\",\"slider\"],\"inLanguage\":\"es\",\"potentialAction\":[{\"@type\":\"CommentAction\",\"name\":\"Comment\",\"target\":[\"https:\\\/\\\/kuali.com.mx\\\/web\\\/2023\\\/09\\\/07\\\/ilegal-que-candidatos-a-alcaldes-sean-regidores-rangel\\\/#respond\"]}]},{\"@type\":\"WebPage\",\"@id\":\"https:\\\/\\\/kuali.com.mx\\\/web\\\/2023\\\/09\\\/07\\\/ilegal-que-candidatos-a-alcaldes-sean-regidores-rangel\\\/\",\"url\":\"https:\\\/\\\/kuali.com.mx\\\/web\\\/2023\\\/09\\\/07\\\/ilegal-que-candidatos-a-alcaldes-sean-regidores-rangel\\\/\",\"name\":\"ILEGAL, QUE CANDIDATOS A ALCALDES SEAN REGIDORES: RANGEL - Kuali\",\"isPartOf\":{\"@id\":\"https:\\\/\\\/kuali.com.mx\\\/web\\\/#website\"},\"primaryImageOfPage\":{\"@id\":\"https:\\\/\\\/kuali.com.mx\\\/web\\\/2023\\\/09\\\/07\\\/ilegal-que-candidatos-a-alcaldes-sean-regidores-rangel\\\/#primaryimage\"},\"image\":{\"@id\":\"https:\\\/\\\/kuali.com.mx\\\/web\\\/2023\\\/09\\\/07\\\/ilegal-que-candidatos-a-alcaldes-sean-regidores-rangel\\\/#primaryimage\"},\"thumbnailUrl\":\"https:\\\/\\\/kuali.com.mx\\\/web\\\/wp-content\\\/uploads\\\/2018\\\/11\\\/Armando-Rangel-Hern\u00e1ndez.jpg\",\"datePublished\":\"2023-09-07T19:20:56+00:00\",\"dateModified\":\"2023-09-07T19:20:57+00:00\",\"author\":{\"@id\":\"https:\\\/\\\/kuali.com.mx\\\/web\\\/#\\\/schema\\\/person\\\/6f89ffa8ecba9dae50662357923c5289\"},\"breadcrumb\":{\"@id\":\"https:\\\/\\\/kuali.com.mx\\\/web\\\/2023\\\/09\\\/07\\\/ilegal-que-candidatos-a-alcaldes-sean-regidores-rangel\\\/#breadcrumb\"},\"inLanguage\":\"es\",\"potentialAction\":[{\"@type\":\"ReadAction\",\"target\":[\"https:\\\/\\\/kuali.com.mx\\\/web\\\/2023\\\/09\\\/07\\\/ilegal-que-candidatos-a-alcaldes-sean-regidores-rangel\\\/\"]}]},{\"@type\":\"ImageObject\",\"inLanguage\":\"es\",\"@id\":\"https:\\\/\\\/kuali.com.mx\\\/web\\\/2023\\\/09\\\/07\\\/ilegal-que-candidatos-a-alcaldes-sean-regidores-rangel\\\/#primaryimage\",\"url\":\"https:\\\/\\\/kuali.com.mx\\\/web\\\/wp-content\\\/uploads\\\/2018\\\/11\\\/Armando-Rangel-Hern\u00e1ndez.jpg\",\"contentUrl\":\"https:\\\/\\\/kuali.com.mx\\\/web\\\/wp-content\\\/uploads\\\/2018\\\/11\\\/Armando-Rangel-Hern\u00e1ndez.jpg\",\"width\":1933,\"height\":750},{\"@type\":\"BreadcrumbList\",\"@id\":\"https:\\\/\\\/kuali.com.mx\\\/web\\\/2023\\\/09\\\/07\\\/ilegal-que-candidatos-a-alcaldes-sean-regidores-rangel\\\/#breadcrumb\",\"itemListElement\":[{\"@type\":\"ListItem\",\"position\":1,\"name\":\"Inicio\",\"item\":\"https:\\\/\\\/kuali.com.mx\\\/web\\\/\"},{\"@type\":\"ListItem\",\"position\":2,\"name\":\"ILEGAL, QUE CANDIDATOS A ALCALDES SEAN REGIDORES: RANGEL\"}]},{\"@type\":\"WebSite\",\"@id\":\"https:\\\/\\\/kuali.com.mx\\\/web\\\/#website\",\"url\":\"https:\\\/\\\/kuali.com.mx\\\/web\\\/\",\"name\":\"Kuali\",\"description\":\"\",\"potentialAction\":[{\"@type\":\"SearchAction\",\"target\":{\"@type\":\"EntryPoint\",\"urlTemplate\":\"https:\\\/\\\/kuali.com.mx\\\/web\\\/?s={search_term_string}\"},\"query-input\":{\"@type\":\"PropertyValueSpecification\",\"valueRequired\":true,\"valueName\":\"search_term_string\"}}],\"inLanguage\":\"es\"},{\"@type\":\"Person\",\"@id\":\"https:\\\/\\\/kuali.com.mx\\\/web\\\/#\\\/schema\\\/person\\\/6f89ffa8ecba9dae50662357923c5289\",\"name\":\"Kuali Staff\",\"image\":{\"@type\":\"ImageObject\",\"inLanguage\":\"es\",\"@id\":\"https:\\\/\\\/secure.gravatar.com\\\/avatar\\\/f917ad82e5ab71227a733c78b6e60715476f69ee6be59feee4eb5d9920c89e0f?s=96&d=mm&r=g\",\"url\":\"https:\\\/\\\/secure.gravatar.com\\\/avatar\\\/f917ad82e5ab71227a733c78b6e60715476f69ee6be59feee4eb5d9920c89e0f?s=96&d=mm&r=g\",\"contentUrl\":\"https:\\\/\\\/secure.gravatar.com\\\/avatar\\\/f917ad82e5ab71227a733c78b6e60715476f69ee6be59feee4eb5d9920c89e0f?s=96&d=mm&r=g\",\"caption\":\"Kuali Staff\"},\"url\":\"https:\\\/\\\/kuali.com.mx\\\/web\\\/author\\\/lagarto\\\/\"}]}<\/script>\n<!-- \/ Yoast SEO plugin. -->","yoast_head_json":{"title":"ILEGAL, QUE CANDIDATOS A ALCALDES SEAN REGIDORES: RANGEL - Kuali","robots":{"index":"index","follow":"follow","max-snippet":"max-snippet:-1","max-image-preview":"max-image-preview:large","max-video-preview":"max-video-preview:-1"},"canonical":"https:\/\/kuali.com.mx\/web\/2023\/09\/07\/ilegal-que-candidatos-a-alcaldes-sean-regidores-rangel\/","og_locale":"es_MX","og_type":"article","og_title":"ILEGAL, QUE CANDIDATOS A ALCALDES SEAN REGIDORES: RANGEL - Kuali","og_description":"Jeshael Rivera Villal\u00f3n\/San Jos\u00e9 Iturbide, Gto. - La posibilidad de que los candidatos a presidentes municipales puedan ser candidatos a regidores al mismo tiempo, es altamente probable que se mantenga, pues se considera que no habr\u00e1 tiempo suficiente para modificar, aunque se viole la ley, expuso el diputado Armando Rangel Hern\u00e1ndez. El legislador panista reconoci\u00f3 [&hellip;]","og_url":"https:\/\/kuali.com.mx\/web\/2023\/09\/07\/ilegal-que-candidatos-a-alcaldes-sean-regidores-rangel\/","og_site_name":"Kuali","article_publisher":"https:\/\/kuali.com.mx\/web\/wp-content\/uploads\/2018\/04\/cropped-kuali_logo-1-1.png","article_published_time":"2023-09-07T19:20:56+00:00","article_modified_time":"2023-09-07T19:20:57+00:00","og_image":[{"width":1933,"height":750,"url":"https:\/\/kuali.com.mx\/web\/wp-content\/uploads\/2018\/11\/Armando-Rangel-Hern\u00e1ndez.jpg","type":"image\/jpeg"}],"author":"Kuali Staff","twitter_card":"summary_large_image","twitter_creator":"@kuali_noticias","twitter_site":"@kuali_noticias","twitter_misc":{"Escrito por":"Kuali Staff","Tiempo de lectura":"2 minutos"},"schema":{"@context":"https:\/\/schema.org","@graph":[{"@type":"Article","@id":"https:\/\/kuali.com.mx\/web\/2023\/09\/07\/ilegal-que-candidatos-a-alcaldes-sean-regidores-rangel\/#article","isPartOf":{"@id":"https:\/\/kuali.com.mx\/web\/2023\/09\/07\/ilegal-que-candidatos-a-alcaldes-sean-regidores-rangel\/"},"author":{"name":"Kuali Staff","@id":"https:\/\/kuali.com.mx\/web\/#\/schema\/person\/6f89ffa8ecba9dae50662357923c5289"},"headline":"ILEGAL, QUE CANDIDATOS A ALCALDES SEAN REGIDORES: RANGEL","datePublished":"2023-09-07T19:20:56+00:00","dateModified":"2023-09-07T19:20:57+00:00","mainEntityOfPage":{"@id":"https:\/\/kuali.com.mx\/web\/2023\/09\/07\/ilegal-que-candidatos-a-alcaldes-sean-regidores-rangel\/"},"wordCount":311,"commentCount":0,"image":{"@id":"https:\/\/kuali.com.mx\/web\/2023\/09\/07\/ilegal-que-candidatos-a-alcaldes-sean-regidores-rangel\/#primaryimage"},"thumbnailUrl":"https:\/\/kuali.com.mx\/web\/wp-content\/uploads\/2018\/11\/Armando-Rangel-Hern\u00e1ndez.jpg","articleSection":["Pol\u00edtica","slider"],"inLanguage":"es","potentialAction":[{"@type":"CommentAction","name":"Comment","target":["https:\/\/kuali.com.mx\/web\/2023\/09\/07\/ilegal-que-candidatos-a-alcaldes-sean-regidores-rangel\/#respond"]}]},{"@type":"WebPage","@id":"https:\/\/kuali.com.mx\/web\/2023\/09\/07\/ilegal-que-candidatos-a-alcaldes-sean-regidores-rangel\/","url":"https:\/\/kuali.com.mx\/web\/2023\/09\/07\/ilegal-que-candidatos-a-alcaldes-sean-regidores-rangel\/","name":"ILEGAL, QUE CANDIDATOS A ALCALDES SEAN REGIDORES: RANGEL - Kuali","isPartOf":{"@id":"https:\/\/kuali.com.mx\/web\/#website"},"primaryImageOfPage":{"@id":"https:\/\/kuali.com.mx\/web\/2023\/09\/07\/ilegal-que-candidatos-a-alcaldes-sean-regidores-rangel\/#primaryimage"},"image":{"@id":"https:\/\/kuali.com.mx\/web\/2023\/09\/07\/ilegal-que-candidatos-a-alcaldes-sean-regidores-rangel\/#primaryimage"},"thumbnailUrl":"https:\/\/kuali.com.mx\/web\/wp-content\/uploads\/2018\/11\/Armando-Rangel-Hern\u00e1ndez.jpg","datePublished":"2023-09-07T19:20:56+00:00","dateModified":"2023-09-07T19:20:57+00:00","author":{"@id":"https:\/\/kuali.com.mx\/web\/#\/schema\/person\/6f89ffa8ecba9dae50662357923c5289"},"breadcrumb":{"@id":"https:\/\/kuali.com.mx\/web\/2023\/09\/07\/ilegal-que-candidatos-a-alcaldes-sean-regidores-rangel\/#breadcrumb"},"inLanguage":"es","potentialAction":[{"@type":"ReadAction","target":["https:\/\/kuali.com.mx\/web\/2023\/09\/07\/ilegal-que-candidatos-a-alcaldes-sean-regidores-rangel\/"]}]},{"@type":"ImageObject","inLanguage":"es","@id":"https:\/\/kuali.com.mx\/web\/2023\/09\/07\/ilegal-que-candidatos-a-alcaldes-sean-regidores-rangel\/#primaryimage","url":"https:\/\/kuali.com.mx\/web\/wp-content\/uploads\/2018\/11\/Armando-Rangel-Hern\u00e1ndez.jpg","contentUrl":"https:\/\/kuali.com.mx\/web\/wp-content\/uploads\/2018\/11\/Armando-Rangel-Hern\u00e1ndez.jpg","width":1933,"height":750},{"@type":"BreadcrumbList","@id":"https:\/\/kuali.com.mx\/web\/2023\/09\/07\/ilegal-que-candidatos-a-alcaldes-sean-regidores-rangel\/#breadcrumb","itemListElement":[{"@type":"ListItem","position":1,"name":"Inicio","item":"https:\/\/kuali.com.mx\/web\/"},{"@type":"ListItem","position":2,"name":"ILEGAL, QUE CANDIDATOS A ALCALDES SEAN REGIDORES: RANGEL"}]},{"@type":"WebSite","@id":"https:\/\/kuali.com.mx\/web\/#website","url":"https:\/\/kuali.com.mx\/web\/","name":"Kuali","description":"","potentialAction":[{"@type":"SearchAction","target":{"@type":"EntryPoint","urlTemplate":"https:\/\/kuali.com.mx\/web\/?s={search_term_string}"},"query-input":{"@type":"PropertyValueSpecification","valueRequired":true,"valueName":"search_term_string"}}],"inLanguage":"es"},{"@type":"Person","@id":"https:\/\/kuali.com.mx\/web\/#\/schema\/person\/6f89ffa8ecba9dae50662357923c5289","name":"Kuali Staff","image":{"@type":"ImageObject","inLanguage":"es","@id":"https:\/\/secure.gravatar.com\/avatar\/f917ad82e5ab71227a733c78b6e60715476f69ee6be59feee4eb5d9920c89e0f?s=96&d=mm&r=g","url":"https:\/\/secure.gravatar.com\/avatar\/f917ad82e5ab71227a733c78b6e60715476f69ee6be59feee4eb5d9920c89e0f?s=96&d=mm&r=g","contentUrl":"https:\/\/secure.gravatar.com\/avatar\/f917ad82e5ab71227a733c78b6e60715476f69ee6be59feee4eb5d9920c89e0f?s=96&d=mm&r=g","caption":"Kuali Staff"},"url":"https:\/\/kuali.com.mx\/web\/author\/lagarto\/"}]}},"_links":{"self":[{"href":"https:\/\/kuali.com.mx\/web\/wp-json\/wp\/v2\/posts\/125748","targetHints":{"allow":["GET"]}}],"collection":[{"href":"https:\/\/kuali.com.mx\/web\/wp-json\/wp\/v2\/posts"}],"about":[{"href":"https:\/\/kuali.com.mx\/web\/wp-json\/wp\/v2\/types\/post"}],"author":[{"embeddable":true,"href":"https:\/\/kuali.com.mx\/web\/wp-json\/wp\/v2\/users\/2"}],"replies":[{"embeddable":true,"href":"https:\/\/kuali.com.mx\/web\/wp-json\/wp\/v2\/comments?post=125748"}],"version-history":[{"count":1,"href":"https:\/\/kuali.com.mx\/web\/wp-json\/wp\/v2\/posts\/125748\/revisions"}],"predecessor-version":[{"id":125751,"href":"https:\/\/kuali.com.mx\/web\/wp-json\/wp\/v2\/posts\/125748\/revisions\/125751"}],"wp:featuredmedia":[{"embeddable":true,"href":"https:\/\/kuali.com.mx\/web\/wp-json\/wp\/v2\/media\/47989"}],"wp:attachment":[{"href":"https:\/\/kuali.com.mx\/web\/wp-json\/wp\/v2\/media?parent=125748"}],"wp:term":[{"taxonomy":"category","embeddable":true,"href":"https:\/\/kuali.com.mx\/web\/wp-json\/wp\/v2\/categories?post=125748"},{"taxonomy":"post_tag","embeddable":true,"href":"https:\/\/kuali.com.mx\/web\/wp-json\/wp\/v2\/tags?post=125748"}],"curies":[{"name":"wp","href":"https:\/\/api.w.org\/{rel}","templated":true}]}}