{"id":125739,"date":"2023-09-07T08:39:03","date_gmt":"2023-09-07T14:39:03","guid":{"rendered":"https:\/\/kuali.com.mx\/web\/?p=125739"},"modified":"2023-09-07T08:39:05","modified_gmt":"2023-09-07T14:39:05","slug":"es-claudia","status":"publish","type":"post","link":"https:\/\/kuali.com.mx\/web\/2023\/09\/07\/es-claudia\/","title":{"rendered":"\u00a1ES CLAUDIA!"},"content":{"rendered":"\n<p><strong><em>La Jornada\/Ciudad de M\u00e9xico.-<\/em><\/strong>\u00a0Claudia Sheinbaum Pardo fue nombrada anoche coordinadora nacional de los comit\u00e9s de defensa de la Cuarta Transformaci\u00f3n, lo que la convirti\u00f3 en la virtual candidata presidencial de Morena, Partido del Trabajo y Partido Verde Ecologista de M\u00e9xico.<\/p>\n\n\n\n<p>La dirigencia nacional morenista dio a conocer los resultados de las cinco encuestas organizadas para definir este cargo. En el promedio de los ejercicios, Sheinbaum obtuvo 39.38 por ciento de las preferencias.<\/p>\n\n\n\n<p>El segundo sitio fue para Marcelo Ebrard, quien no acudi\u00f3 a la presentaci\u00f3n de los resultados luego de que denunci\u00f3 presuntas irregularidades y acus\u00f3 que integrantes de su equipo fueron agredidos y se les impidi\u00f3 el acceso a la \u00faltima fase del conteo. El ex canciller obtuvo en promedio 25.78 por ciento.<\/p>\n\n\n\n<p>Le sigui\u00f3 el ex secretario de Gobernaci\u00f3n, Ad\u00e1n Augusto L\u00f3pez, con 11.18 por ciento, y muy cercano qued\u00f3 el petista Gerardo Fern\u00e1ndez Noro\u00f1a, con 10.62 por ciento. En tanto, el verdecologista Manuel Velasco tuvo 7.16 por ciento, y el senador con licencia Ricardo Monreal, 5.86 por ciento.<\/p>\n\n\n\n<p>As\u00ed concluyeron los m\u00e1s de dos meses de recorridos, seis d\u00edas del levantamiento de las encuestas y una revisi\u00f3n de las actas y conteo que se prolong\u00f3 24 horas.<\/p>\n\n\n\n<p>El c\u00f3mputo final fue dado a conocer en el World Trade Center (WTC) de la Ciudad de M\u00e9xico, que desde el lunes se convirti\u00f3 en el b\u00fanker del partido guinda. Los aspirantes ingresaron poco antes de las 17 horas al centro de convenciones.<\/p>\n\n\n\n<p>En privado, en uno de los cuatro salones que rent\u00f3 Morena, el presidente del partido, Mario Delgado, y el l\u00edder del consejo nacional morenista, Alfonso Durazo, abrieron los sobres sellados que momentos antes les entregaron las cuatro casas encuestadoras contratadas, Mercaei, Buend\u00eda y M\u00e1rquez, Heliga Consultores y De las Heras Demotecnia.<\/p>\n\n\n\n<figure class=\"wp-block-image\"><img decoding=\"async\" src=\"https:\/\/www.jornada.com.mx\/ultimas\/2023\/09\/07\/es-claudia-5921.html\/claudia-sheinbaum-2.jpg-5526.html\" alt=\"\"\/><\/figure>\n\n\n\n<p><strong><em>Claudia Sheinbaum se declar\u00f3 lista para recibir del Presidente el bast\u00f3n de mando e hizo un reconocimiento al Ejecutivo, a quien mencion\u00f3 en varias ocasiones. Foto Marco Pel\u00e1ez.<\/em><\/strong><\/p>\n\n\n\n<p>Momentos despu\u00e9s, los cinco aspirantes presentes, y los dirigentes de los tres partidos, llegaron a un sal\u00f3n adjunto donde se organiz\u00f3 la presentaci\u00f3n. En las primeras tres filas estuvieron la plana mayor de los tres partidos, dirigentes, legisladores y el gobernador de San Luis Potos\u00ed, Ricardo Gallardo, del PVEM.<\/p>\n\n\n\n<p>Con el nombramiento como coordinadora de la defensa de la Cuarta Transformaci\u00f3n, Sheinbaum \u201ctendr\u00e1 la responsabilidad de conducir a nuestro movimiento rumbo a 2024, siguiente etapa de la transformaci\u00f3n hist\u00f3rica encabezada desde 2018 por nuestro querid\u00edsimo presidente Andr\u00e9s Manuel L\u00f3pez Obrador\u201d, explic\u00f3 Durazo al dar a conocer los resultados de las encuestadoras.<\/p>\n\n\n\n<p>Al apuntar que el proceso \u201crepresenta, por s\u00ed mismo, una contribuci\u00f3n hist\u00f3rica al avance democr\u00e1tico de nuestro pa\u00eds\u201d, defendi\u00f3 que \u201cno hay ning\u00fan incidente que haya afectado de manera definitiva el resultado final\u201d. Eventualidades sin mayor trascendencia.<\/p>\n\n\n\n<p>Aunque reconoci\u00f3 que hubo \u201ceventualidades\u201d, insisti\u00f3 en que \u201cninguna de ellas tuvo el \u00e1nimo de manipular ni pudo incidir de manera definitiva, en el resultado final\u201d.<\/p>\n\n\n\n<p>La contienda interna tambi\u00e9n fue la primera \u201csesi\u00f3n del bast\u00f3n de mando dentro del movimiento del que surge la Cuarta Transformaci\u00f3n, consumando un proceso pac\u00edfico, democr\u00e1tico y abierto al pueblo\u201d, agreg\u00f3 Delgado Carrillo.<\/p>\n\n\n\n<p>Desde la madrugada, los equipos de los aspirantes y la propia dirigencia del partido reconocieron incidencias. Se detectaron urnas sin actas o con actas faltantes, que no conten\u00edan las firmas de los representantes, o con reporte de que fueron levantadas en casas con propaganda de alg\u00fan aspirante.<\/p>\n\n\n\n<p>En las mesas de revisi\u00f3n, y con el aval de los representantes, se determin\u00f3 descartar muchas de ellas. El partido no present\u00f3 la cifra de boletas anuladas, que, trascendi\u00f3, fue 14 por ciento.<\/p>\n\n\n\n<p>As\u00ed concluy\u00f3 el proceso interno que arranc\u00f3 el 11 de junio con la convocatoria, adem\u00e1s de recorridos de los aspirantes por el pa\u00eds que iniciaron el 19 de junio. Durazo llam\u00f3 a toda la militancia de Morena y sus aliados a cerrar filas con la ganadora del proceso, a quien despidieron todos juntos con las manos tomadas y los pu\u00f1os en alto, bajo las consignas de \u201cunidad, unidad\u201d.<\/p>\n","protected":false},"excerpt":{"rendered":"La Jornada\/Ciudad de M\u00e9xico.-\u00a0Claudia Sheinbaum Pardo fue nombrada anoche coordinadora nacional de los comit\u00e9s de defensa de la Cuarta Transformaci\u00f3n, lo que la convirti\u00f3 en la virtual candidata presidencial de Morena, Partido del Trabajo y Partido Verde Ecologista de M\u00e9xico. La dirigencia nacional morenista dio a conocer los resultados de las cinco encuestas organizadas para [&hellip;]","protected":false},"author":2,"featured_media":125742,"comment_status":"open","ping_status":"open","sticky":false,"template":"","format":"standard","meta":{"_seopress_robots_primary_cat":"none","_seopress_titles_title":"","_seopress_titles_desc":"","_seopress_robots_index":"","_monsterinsights_skip_tracking":false,"_monsterinsights_sitenote_active":false,"_monsterinsights_sitenote_note":"","_monsterinsights_sitenote_category":0,"footnotes":""},"categories":[3,69],"tags":[],"class_list":["post-125739","post","type-post","status-publish","format-standard","has-post-thumbnail","hentry","category-politica","category-slider"],"yoast_head":"<!-- This site is optimized with the Yoast SEO plugin v27.4 - https:\/\/yoast.com\/product\/yoast-seo-wordpress\/ -->\n<title>\u00a1ES CLAUDIA! - Kuali<\/title>\n<meta name=\"robots\" content=\"index, follow, max-snippet:-1, max-image-preview:large, max-video-preview:-1\" \/>\n<link rel=\"canonical\" href=\"https:\/\/kuali.com.mx\/web\/2023\/09\/07\/es-claudia\/\" \/>\n<meta property=\"og:locale\" content=\"es_MX\" \/>\n<meta property=\"og:type\" content=\"article\" \/>\n<meta property=\"og:title\" content=\"\u00a1ES CLAUDIA! - Kuali\" \/>\n<meta property=\"og:description\" content=\"La Jornada\/Ciudad de M\u00e9xico.-\u00a0Claudia Sheinbaum Pardo fue nombrada anoche coordinadora nacional de los comit\u00e9s de defensa de la Cuarta Transformaci\u00f3n, lo que la convirti\u00f3 en la virtual candidata presidencial de Morena, Partido del Trabajo y Partido Verde Ecologista de M\u00e9xico. La dirigencia nacional morenista dio a conocer los resultados de las cinco encuestas organizadas para [&hellip;]\" \/>\n<meta property=\"og:url\" content=\"https:\/\/kuali.com.mx\/web\/2023\/09\/07\/es-claudia\/\" \/>\n<meta property=\"og:site_name\" content=\"Kuali\" \/>\n<meta property=\"article:publisher\" content=\"https:\/\/kuali.com.mx\/web\/wp-content\/uploads\/2018\/04\/cropped-kuali_logo-1-1.png\" \/>\n<meta property=\"article:published_time\" content=\"2023-09-07T14:39:03+00:00\" \/>\n<meta property=\"article:modified_time\" content=\"2023-09-07T14:39:05+00:00\" \/>\n<meta property=\"og:image\" content=\"https:\/\/kuali.com.mx\/web\/wp-content\/uploads\/2023\/09\/Claudia-Morena.jpg\" \/>\n\t<meta property=\"og:image:width\" content=\"1860\" \/>\n\t<meta property=\"og:image:height\" content=\"750\" \/>\n\t<meta property=\"og:image:type\" content=\"image\/jpeg\" \/>\n<meta name=\"author\" content=\"Kuali Staff\" \/>\n<meta name=\"twitter:card\" content=\"summary_large_image\" \/>\n<meta name=\"twitter:creator\" content=\"@kuali_noticias\" \/>\n<meta name=\"twitter:site\" content=\"@kuali_noticias\" \/>\n<meta name=\"twitter:label1\" content=\"Escrito por\" \/>\n\t<meta name=\"twitter:data1\" content=\"Kuali Staff\" \/>\n\t<meta name=\"twitter:label2\" content=\"Tiempo de lectura\" \/>\n\t<meta name=\"twitter:data2\" content=\"4 minutos\" \/>\n<script type=\"application\/ld+json\" class=\"yoast-schema-graph\">{\"@context\":\"https:\\\/\\\/schema.org\",\"@graph\":[{\"@type\":\"Article\",\"@id\":\"https:\\\/\\\/kuali.com.mx\\\/web\\\/2023\\\/09\\\/07\\\/es-claudia\\\/#article\",\"isPartOf\":{\"@id\":\"https:\\\/\\\/kuali.com.mx\\\/web\\\/2023\\\/09\\\/07\\\/es-claudia\\\/\"},\"author\":{\"name\":\"Kuali Staff\",\"@id\":\"https:\\\/\\\/kuali.com.mx\\\/web\\\/#\\\/schema\\\/person\\\/6f89ffa8ecba9dae50662357923c5289\"},\"headline\":\"\u00a1ES CLAUDIA!\",\"datePublished\":\"2023-09-07T14:39:03+00:00\",\"dateModified\":\"2023-09-07T14:39:05+00:00\",\"mainEntityOfPage\":{\"@id\":\"https:\\\/\\\/kuali.com.mx\\\/web\\\/2023\\\/09\\\/07\\\/es-claudia\\\/\"},\"wordCount\":706,\"commentCount\":0,\"image\":{\"@id\":\"https:\\\/\\\/kuali.com.mx\\\/web\\\/2023\\\/09\\\/07\\\/es-claudia\\\/#primaryimage\"},\"thumbnailUrl\":\"https:\\\/\\\/kuali.com.mx\\\/web\\\/wp-content\\\/uploads\\\/2023\\\/09\\\/Claudia-Morena.jpg\",\"articleSection\":[\"Pol\u00edtica\",\"slider\"],\"inLanguage\":\"es\",\"potentialAction\":[{\"@type\":\"CommentAction\",\"name\":\"Comment\",\"target\":[\"https:\\\/\\\/kuali.com.mx\\\/web\\\/2023\\\/09\\\/07\\\/es-claudia\\\/#respond\"]}]},{\"@type\":\"WebPage\",\"@id\":\"https:\\\/\\\/kuali.com.mx\\\/web\\\/2023\\\/09\\\/07\\\/es-claudia\\\/\",\"url\":\"https:\\\/\\\/kuali.com.mx\\\/web\\\/2023\\\/09\\\/07\\\/es-claudia\\\/\",\"name\":\"\u00a1ES CLAUDIA! - Kuali\",\"isPartOf\":{\"@id\":\"https:\\\/\\\/kuali.com.mx\\\/web\\\/#website\"},\"primaryImageOfPage\":{\"@id\":\"https:\\\/\\\/kuali.com.mx\\\/web\\\/2023\\\/09\\\/07\\\/es-claudia\\\/#primaryimage\"},\"image\":{\"@id\":\"https:\\\/\\\/kuali.com.mx\\\/web\\\/2023\\\/09\\\/07\\\/es-claudia\\\/#primaryimage\"},\"thumbnailUrl\":\"https:\\\/\\\/kuali.com.mx\\\/web\\\/wp-content\\\/uploads\\\/2023\\\/09\\\/Claudia-Morena.jpg\",\"datePublished\":\"2023-09-07T14:39:03+00:00\",\"dateModified\":\"2023-09-07T14:39:05+00:00\",\"author\":{\"@id\":\"https:\\\/\\\/kuali.com.mx\\\/web\\\/#\\\/schema\\\/person\\\/6f89ffa8ecba9dae50662357923c5289\"},\"breadcrumb\":{\"@id\":\"https:\\\/\\\/kuali.com.mx\\\/web\\\/2023\\\/09\\\/07\\\/es-claudia\\\/#breadcrumb\"},\"inLanguage\":\"es\",\"potentialAction\":[{\"@type\":\"ReadAction\",\"target\":[\"https:\\\/\\\/kuali.com.mx\\\/web\\\/2023\\\/09\\\/07\\\/es-claudia\\\/\"]}]},{\"@type\":\"ImageObject\",\"inLanguage\":\"es\",\"@id\":\"https:\\\/\\\/kuali.com.mx\\\/web\\\/2023\\\/09\\\/07\\\/es-claudia\\\/#primaryimage\",\"url\":\"https:\\\/\\\/kuali.com.mx\\\/web\\\/wp-content\\\/uploads\\\/2023\\\/09\\\/Claudia-Morena.jpg\",\"contentUrl\":\"https:\\\/\\\/kuali.com.mx\\\/web\\\/wp-content\\\/uploads\\\/2023\\\/09\\\/Claudia-Morena.jpg\",\"width\":1860,\"height\":750},{\"@type\":\"BreadcrumbList\",\"@id\":\"https:\\\/\\\/kuali.com.mx\\\/web\\\/2023\\\/09\\\/07\\\/es-claudia\\\/#breadcrumb\",\"itemListElement\":[{\"@type\":\"ListItem\",\"position\":1,\"name\":\"Inicio\",\"item\":\"https:\\\/\\\/kuali.com.mx\\\/web\\\/\"},{\"@type\":\"ListItem\",\"position\":2,\"name\":\"\u00a1ES CLAUDIA!\"}]},{\"@type\":\"WebSite\",\"@id\":\"https:\\\/\\\/kuali.com.mx\\\/web\\\/#website\",\"url\":\"https:\\\/\\\/kuali.com.mx\\\/web\\\/\",\"name\":\"Kuali\",\"description\":\"\",\"potentialAction\":[{\"@type\":\"SearchAction\",\"target\":{\"@type\":\"EntryPoint\",\"urlTemplate\":\"https:\\\/\\\/kuali.com.mx\\\/web\\\/?s={search_term_string}\"},\"query-input\":{\"@type\":\"PropertyValueSpecification\",\"valueRequired\":true,\"valueName\":\"search_term_string\"}}],\"inLanguage\":\"es\"},{\"@type\":\"Person\",\"@id\":\"https:\\\/\\\/kuali.com.mx\\\/web\\\/#\\\/schema\\\/person\\\/6f89ffa8ecba9dae50662357923c5289\",\"name\":\"Kuali Staff\",\"image\":{\"@type\":\"ImageObject\",\"inLanguage\":\"es\",\"@id\":\"https:\\\/\\\/secure.gravatar.com\\\/avatar\\\/f917ad82e5ab71227a733c78b6e60715476f69ee6be59feee4eb5d9920c89e0f?s=96&d=mm&r=g\",\"url\":\"https:\\\/\\\/secure.gravatar.com\\\/avatar\\\/f917ad82e5ab71227a733c78b6e60715476f69ee6be59feee4eb5d9920c89e0f?s=96&d=mm&r=g\",\"contentUrl\":\"https:\\\/\\\/secure.gravatar.com\\\/avatar\\\/f917ad82e5ab71227a733c78b6e60715476f69ee6be59feee4eb5d9920c89e0f?s=96&d=mm&r=g\",\"caption\":\"Kuali Staff\"},\"url\":\"https:\\\/\\\/kuali.com.mx\\\/web\\\/author\\\/lagarto\\\/\"}]}<\/script>\n<!-- \/ Yoast SEO plugin. -->","yoast_head_json":{"title":"\u00a1ES CLAUDIA! - Kuali","robots":{"index":"index","follow":"follow","max-snippet":"max-snippet:-1","max-image-preview":"max-image-preview:large","max-video-preview":"max-video-preview:-1"},"canonical":"https:\/\/kuali.com.mx\/web\/2023\/09\/07\/es-claudia\/","og_locale":"es_MX","og_type":"article","og_title":"\u00a1ES CLAUDIA! - Kuali","og_description":"La Jornada\/Ciudad de M\u00e9xico.-\u00a0Claudia Sheinbaum Pardo fue nombrada anoche coordinadora nacional de los comit\u00e9s de defensa de la Cuarta Transformaci\u00f3n, lo que la convirti\u00f3 en la virtual candidata presidencial de Morena, Partido del Trabajo y Partido Verde Ecologista de M\u00e9xico. La dirigencia nacional morenista dio a conocer los resultados de las cinco encuestas organizadas para [&hellip;]","og_url":"https:\/\/kuali.com.mx\/web\/2023\/09\/07\/es-claudia\/","og_site_name":"Kuali","article_publisher":"https:\/\/kuali.com.mx\/web\/wp-content\/uploads\/2018\/04\/cropped-kuali_logo-1-1.png","article_published_time":"2023-09-07T14:39:03+00:00","article_modified_time":"2023-09-07T14:39:05+00:00","og_image":[{"width":1860,"height":750,"url":"https:\/\/kuali.com.mx\/web\/wp-content\/uploads\/2023\/09\/Claudia-Morena.jpg","type":"image\/jpeg"}],"author":"Kuali Staff","twitter_card":"summary_large_image","twitter_creator":"@kuali_noticias","twitter_site":"@kuali_noticias","twitter_misc":{"Escrito por":"Kuali Staff","Tiempo de lectura":"4 minutos"},"schema":{"@context":"https:\/\/schema.org","@graph":[{"@type":"Article","@id":"https:\/\/kuali.com.mx\/web\/2023\/09\/07\/es-claudia\/#article","isPartOf":{"@id":"https:\/\/kuali.com.mx\/web\/2023\/09\/07\/es-claudia\/"},"author":{"name":"Kuali Staff","@id":"https:\/\/kuali.com.mx\/web\/#\/schema\/person\/6f89ffa8ecba9dae50662357923c5289"},"headline":"\u00a1ES CLAUDIA!","datePublished":"2023-09-07T14:39:03+00:00","dateModified":"2023-09-07T14:39:05+00:00","mainEntityOfPage":{"@id":"https:\/\/kuali.com.mx\/web\/2023\/09\/07\/es-claudia\/"},"wordCount":706,"commentCount":0,"image":{"@id":"https:\/\/kuali.com.mx\/web\/2023\/09\/07\/es-claudia\/#primaryimage"},"thumbnailUrl":"https:\/\/kuali.com.mx\/web\/wp-content\/uploads\/2023\/09\/Claudia-Morena.jpg","articleSection":["Pol\u00edtica","slider"],"inLanguage":"es","potentialAction":[{"@type":"CommentAction","name":"Comment","target":["https:\/\/kuali.com.mx\/web\/2023\/09\/07\/es-claudia\/#respond"]}]},{"@type":"WebPage","@id":"https:\/\/kuali.com.mx\/web\/2023\/09\/07\/es-claudia\/","url":"https:\/\/kuali.com.mx\/web\/2023\/09\/07\/es-claudia\/","name":"\u00a1ES CLAUDIA! - Kuali","isPartOf":{"@id":"https:\/\/kuali.com.mx\/web\/#website"},"primaryImageOfPage":{"@id":"https:\/\/kuali.com.mx\/web\/2023\/09\/07\/es-claudia\/#primaryimage"},"image":{"@id":"https:\/\/kuali.com.mx\/web\/2023\/09\/07\/es-claudia\/#primaryimage"},"thumbnailUrl":"https:\/\/kuali.com.mx\/web\/wp-content\/uploads\/2023\/09\/Claudia-Morena.jpg","datePublished":"2023-09-07T14:39:03+00:00","dateModified":"2023-09-07T14:39:05+00:00","author":{"@id":"https:\/\/kuali.com.mx\/web\/#\/schema\/person\/6f89ffa8ecba9dae50662357923c5289"},"breadcrumb":{"@id":"https:\/\/kuali.com.mx\/web\/2023\/09\/07\/es-claudia\/#breadcrumb"},"inLanguage":"es","potentialAction":[{"@type":"ReadAction","target":["https:\/\/kuali.com.mx\/web\/2023\/09\/07\/es-claudia\/"]}]},{"@type":"ImageObject","inLanguage":"es","@id":"https:\/\/kuali.com.mx\/web\/2023\/09\/07\/es-claudia\/#primaryimage","url":"https:\/\/kuali.com.mx\/web\/wp-content\/uploads\/2023\/09\/Claudia-Morena.jpg","contentUrl":"https:\/\/kuali.com.mx\/web\/wp-content\/uploads\/2023\/09\/Claudia-Morena.jpg","width":1860,"height":750},{"@type":"BreadcrumbList","@id":"https:\/\/kuali.com.mx\/web\/2023\/09\/07\/es-claudia\/#breadcrumb","itemListElement":[{"@type":"ListItem","position":1,"name":"Inicio","item":"https:\/\/kuali.com.mx\/web\/"},{"@type":"ListItem","position":2,"name":"\u00a1ES CLAUDIA!"}]},{"@type":"WebSite","@id":"https:\/\/kuali.com.mx\/web\/#website","url":"https:\/\/kuali.com.mx\/web\/","name":"Kuali","description":"","potentialAction":[{"@type":"SearchAction","target":{"@type":"EntryPoint","urlTemplate":"https:\/\/kuali.com.mx\/web\/?s={search_term_string}"},"query-input":{"@type":"PropertyValueSpecification","valueRequired":true,"valueName":"search_term_string"}}],"inLanguage":"es"},{"@type":"Person","@id":"https:\/\/kuali.com.mx\/web\/#\/schema\/person\/6f89ffa8ecba9dae50662357923c5289","name":"Kuali Staff","image":{"@type":"ImageObject","inLanguage":"es","@id":"https:\/\/secure.gravatar.com\/avatar\/f917ad82e5ab71227a733c78b6e60715476f69ee6be59feee4eb5d9920c89e0f?s=96&d=mm&r=g","url":"https:\/\/secure.gravatar.com\/avatar\/f917ad82e5ab71227a733c78b6e60715476f69ee6be59feee4eb5d9920c89e0f?s=96&d=mm&r=g","contentUrl":"https:\/\/secure.gravatar.com\/avatar\/f917ad82e5ab71227a733c78b6e60715476f69ee6be59feee4eb5d9920c89e0f?s=96&d=mm&r=g","caption":"Kuali Staff"},"url":"https:\/\/kuali.com.mx\/web\/author\/lagarto\/"}]}},"_links":{"self":[{"href":"https:\/\/kuali.com.mx\/web\/wp-json\/wp\/v2\/posts\/125739","targetHints":{"allow":["GET"]}}],"collection":[{"href":"https:\/\/kuali.com.mx\/web\/wp-json\/wp\/v2\/posts"}],"about":[{"href":"https:\/\/kuali.com.mx\/web\/wp-json\/wp\/v2\/types\/post"}],"author":[{"embeddable":true,"href":"https:\/\/kuali.com.mx\/web\/wp-json\/wp\/v2\/users\/2"}],"replies":[{"embeddable":true,"href":"https:\/\/kuali.com.mx\/web\/wp-json\/wp\/v2\/comments?post=125739"}],"version-history":[{"count":1,"href":"https:\/\/kuali.com.mx\/web\/wp-json\/wp\/v2\/posts\/125739\/revisions"}],"predecessor-version":[{"id":125743,"href":"https:\/\/kuali.com.mx\/web\/wp-json\/wp\/v2\/posts\/125739\/revisions\/125743"}],"wp:featuredmedia":[{"embeddable":true,"href":"https:\/\/kuali.com.mx\/web\/wp-json\/wp\/v2\/media\/125742"}],"wp:attachment":[{"href":"https:\/\/kuali.com.mx\/web\/wp-json\/wp\/v2\/media?parent=125739"}],"wp:term":[{"taxonomy":"category","embeddable":true,"href":"https:\/\/kuali.com.mx\/web\/wp-json\/wp\/v2\/categories?post=125739"},{"taxonomy":"post_tag","embeddable":true,"href":"https:\/\/kuali.com.mx\/web\/wp-json\/wp\/v2\/tags?post=125739"}],"curies":[{"name":"wp","href":"https:\/\/api.w.org\/{rel}","templated":true}]}}