{"id":125724,"date":"2023-09-06T21:27:00","date_gmt":"2023-09-07T03:27:00","guid":{"rendered":"https:\/\/kuali.com.mx\/web\/?p=125724"},"modified":"2023-09-06T21:27:02","modified_gmt":"2023-09-07T03:27:02","slug":"ine-e-ieeg-firmaran-convenio-rumbo-a-elecciones","status":"publish","type":"post","link":"https:\/\/kuali.com.mx\/web\/2023\/09\/06\/ine-e-ieeg-firmaran-convenio-rumbo-a-elecciones\/","title":{"rendered":"INE E IEEG FIRMAR\u00c1N CONVENIO RUMBO A ELECCIONES"},"content":{"rendered":"\n<p><strong>Kuali\/Guanajuato, Gto.- <\/strong>Para establecer las bases de coordinaci\u00f3n sobre la realizaci\u00f3n del proceso electoral concurrente 2023-2024, el Instituto Electoral del Estado de Guanajuato (IEEG) firmar\u00e1 un convenio con el Instituto Nacional Electoral (INE).<\/p>\n\n\n\n<p>As\u00ed lo acord\u00f3 esta tarde el Consejo General del IEEG y, para ello, la consejera presidenta del instituto, suscribir\u00e1 un convenio general de coordinaci\u00f3n y colaboraci\u00f3n con el instituto a fin de establecer las bases de coordinaci\u00f3n para hacer efectiva la realizaci\u00f3n del proceso electoral concurrente.<\/p>\n\n\n\n<p>De conformidad con el art\u00edculo 26, numeral 2, del Reglamento de Elecciones del Instituto Nacional Electoral, la coordinaci\u00f3n entre el INE y los organismos p\u00fablicos locales electorales tiene como prop\u00f3sito esencial concertar la actuaci\u00f3n, en el \u00e1mbito de sus respectivas competencias, para elevar la calidad y eficacia en la organizaci\u00f3n y operaci\u00f3n de los procesos electorales, as\u00ed como optimizar los recursos humanos y materiales a su disposici\u00f3n, bajo un estricto apego al marco constitucional y legal aplicable.<\/p>\n\n\n\n<p>En el convenio se precisa la actuaci\u00f3n de ambas autoridades dentro de sus respectivos \u00e1mbitos de competencia, en relaci\u00f3n con las siguientes actividades:<\/p>\n\n\n\n<p>1. Integraci\u00f3n de los \u00f3rganos desconcentrados del Instituto Electoral del Estado de Guanajuato;<\/p>\n\n\n\n<p>2. Campa\u00f1as de actualizaci\u00f3n y credencializaci\u00f3n;<\/p>\n\n\n\n<p>3. Listas nominales de electores;<\/p>\n\n\n\n<p>4. Insumos registrales;<\/p>\n\n\n\n<p>5. Capacitaci\u00f3n y asistencia electoral;<\/p>\n\n\n\n<p>6. Casillas \u00fanicas;<\/p>\n\n\n\n<p>7. Documentaci\u00f3n y materiales electorales;<\/p>\n\n\n\n<p>8. Integraci\u00f3n de las mesas directivas de casilla \u00fanica;<\/p>\n\n\n\n<p>9. Observadores electorales;<\/p>\n\n\n\n<p>10. Candidaturas independientes;<\/p>\n\n\n\n<p>11. Coaliciones;<\/p>\n\n\n\n<p>12. Registro de precandidaturas y candidaturas;<\/p>\n\n\n\n<p>13. Representantes generales y de casilla;<\/p>\n\n\n\n<p>14. Organizaci\u00f3n de debates;<\/p>\n\n\n\n<p>15. De la paridad de g\u00e9nero;<\/p>\n\n\n\n<p>16. Desarrollo de la jornada electoral;<\/p>\n\n\n\n<p>17. Mecanismos de recolecci\u00f3n y recepci\u00f3n de paquetes;<\/p>\n\n\n\n<p>18. Promoci\u00f3n de la participaci\u00f3n ciudadana;<\/p>\n\n\n\n<p>19. Resultados electorales preliminares;<\/p>\n\n\n\n<p>20. C\u00f3mputos de las elecciones locales;<\/p>\n\n\n\n<p>21. Sistemas inform\u00e1ticos;<\/p>\n\n\n\n<p>22. Acceso a radio y televisi\u00f3n;<\/p>\n\n\n\n<p>23. Fiscalizaci\u00f3n de los recursos de los partidos pol\u00edticos, personas aspirantes a candidaturas independientes, precandidaturas, candidaturas y candidaturas independientes;<\/p>\n\n\n\n<p>24. Voto de las y los mexicanos residentes en el extranjero;<\/p>\n\n\n\n<p>25. Voto electr\u00f3nico en territorio nacional;<\/p>\n\n\n\n<p>26. Voto anticipado en territorio nacional;<\/p>\n\n\n\n<p>27. Voto para personas en prisi\u00f3n preventiva;<\/p>\n\n\n\n<p>28. Divulgaci\u00f3n institucional de las candidaturas;<\/p>\n\n\n\n<p>29. Medidas cautelares en materia de radio y televisi\u00f3n;<\/p>\n\n\n\n<p>30. Visitantes extranjeros;<\/p>\n\n\n\n<p>31. En materia de comodatos.<\/p>\n\n\n\n<p>Las actividades enlistadas se consideran adecuadas y suficientes para el establecimiento espec\u00edfico de las labores de apoyo y colaboraci\u00f3n que habr\u00e1n de realizarse.<\/p>\n","protected":false},"excerpt":{"rendered":"Kuali\/Guanajuato, Gto.- Para establecer las bases de coordinaci\u00f3n sobre la realizaci\u00f3n del proceso electoral concurrente 2023-2024, el Instituto Electoral del Estado de Guanajuato (IEEG) firmar\u00e1 un convenio con el Instituto Nacional Electoral (INE). As\u00ed lo acord\u00f3 esta tarde el Consejo General del IEEG y, para ello, la consejera presidenta del instituto, suscribir\u00e1 un convenio general [&hellip;]","protected":false},"author":2,"featured_media":125727,"comment_status":"open","ping_status":"open","sticky":false,"template":"","format":"standard","meta":{"_seopress_robots_primary_cat":"none","_seopress_titles_title":"","_seopress_titles_desc":"","_seopress_robots_index":"","_monsterinsights_skip_tracking":false,"_monsterinsights_sitenote_active":false,"_monsterinsights_sitenote_note":"","_monsterinsights_sitenote_category":0,"footnotes":""},"categories":[3],"tags":[434,133,104,196],"class_list":["post-125724","post","type-post","status-publish","format-standard","has-post-thumbnail","hentry","category-politica","tag-elecciones","tag-ieeg","tag-ine","tag-politica"],"yoast_head":"<!-- This site is optimized with the Yoast SEO plugin v27.4 - https:\/\/yoast.com\/product\/yoast-seo-wordpress\/ -->\n<title>INE E IEEG FIRMAR\u00c1N CONVENIO RUMBO A ELECCIONES - Kuali<\/title>\n<meta name=\"robots\" content=\"index, follow, max-snippet:-1, max-image-preview:large, max-video-preview:-1\" \/>\n<link rel=\"canonical\" href=\"https:\/\/kuali.com.mx\/web\/2023\/09\/06\/ine-e-ieeg-firmaran-convenio-rumbo-a-elecciones\/\" \/>\n<meta property=\"og:locale\" content=\"es_MX\" \/>\n<meta property=\"og:type\" content=\"article\" \/>\n<meta property=\"og:title\" content=\"INE E IEEG FIRMAR\u00c1N CONVENIO RUMBO A ELECCIONES - Kuali\" \/>\n<meta property=\"og:description\" content=\"Kuali\/Guanajuato, Gto.- Para establecer las bases de coordinaci\u00f3n sobre la realizaci\u00f3n del proceso electoral concurrente 2023-2024, el Instituto Electoral del Estado de Guanajuato (IEEG) firmar\u00e1 un convenio con el Instituto Nacional Electoral (INE). As\u00ed lo acord\u00f3 esta tarde el Consejo General del IEEG y, para ello, la consejera presidenta del instituto, suscribir\u00e1 un convenio general [&hellip;]\" \/>\n<meta property=\"og:url\" content=\"https:\/\/kuali.com.mx\/web\/2023\/09\/06\/ine-e-ieeg-firmaran-convenio-rumbo-a-elecciones\/\" \/>\n<meta property=\"og:site_name\" content=\"Kuali\" \/>\n<meta property=\"article:publisher\" content=\"https:\/\/kuali.com.mx\/web\/wp-content\/uploads\/2018\/04\/cropped-kuali_logo-1-1.png\" \/>\n<meta property=\"article:published_time\" content=\"2023-09-07T03:27:00+00:00\" \/>\n<meta property=\"article:modified_time\" content=\"2023-09-07T03:27:02+00:00\" \/>\n<meta property=\"og:image\" content=\"https:\/\/kuali.com.mx\/web\/wp-content\/uploads\/2023\/09\/IEEG-firmara-convenio-con-INE.gif\" \/>\n\t<meta property=\"og:image:width\" content=\"1700\" \/>\n\t<meta property=\"og:image:height\" content=\"750\" \/>\n\t<meta property=\"og:image:type\" content=\"image\/gif\" \/>\n<meta name=\"author\" content=\"Kuali Staff\" \/>\n<meta name=\"twitter:card\" content=\"summary_large_image\" \/>\n<meta name=\"twitter:creator\" content=\"@kuali_noticias\" \/>\n<meta name=\"twitter:site\" content=\"@kuali_noticias\" \/>\n<meta name=\"twitter:label1\" content=\"Escrito por\" \/>\n\t<meta name=\"twitter:data1\" content=\"Kuali Staff\" \/>\n\t<meta name=\"twitter:label2\" content=\"Tiempo de lectura\" \/>\n\t<meta name=\"twitter:data2\" content=\"2 minutos\" \/>\n<script type=\"application\/ld+json\" class=\"yoast-schema-graph\">{\"@context\":\"https:\\\/\\\/schema.org\",\"@graph\":[{\"@type\":\"Article\",\"@id\":\"https:\\\/\\\/kuali.com.mx\\\/web\\\/2023\\\/09\\\/06\\\/ine-e-ieeg-firmaran-convenio-rumbo-a-elecciones\\\/#article\",\"isPartOf\":{\"@id\":\"https:\\\/\\\/kuali.com.mx\\\/web\\\/2023\\\/09\\\/06\\\/ine-e-ieeg-firmaran-convenio-rumbo-a-elecciones\\\/\"},\"author\":{\"name\":\"Kuali Staff\",\"@id\":\"https:\\\/\\\/kuali.com.mx\\\/web\\\/#\\\/schema\\\/person\\\/6f89ffa8ecba9dae50662357923c5289\"},\"headline\":\"INE E IEEG FIRMAR\u00c1N CONVENIO RUMBO A ELECCIONES\",\"datePublished\":\"2023-09-07T03:27:00+00:00\",\"dateModified\":\"2023-09-07T03:27:02+00:00\",\"mainEntityOfPage\":{\"@id\":\"https:\\\/\\\/kuali.com.mx\\\/web\\\/2023\\\/09\\\/06\\\/ine-e-ieeg-firmaran-convenio-rumbo-a-elecciones\\\/\"},\"wordCount\":411,\"commentCount\":0,\"image\":{\"@id\":\"https:\\\/\\\/kuali.com.mx\\\/web\\\/2023\\\/09\\\/06\\\/ine-e-ieeg-firmaran-convenio-rumbo-a-elecciones\\\/#primaryimage\"},\"thumbnailUrl\":\"https:\\\/\\\/kuali.com.mx\\\/web\\\/wp-content\\\/uploads\\\/2023\\\/09\\\/IEEG-firmara-convenio-con-INE.gif\",\"keywords\":[\"Elecciones\",\"IEEG\",\"INE\",\"Pol\u00edtica\"],\"articleSection\":[\"Pol\u00edtica\"],\"inLanguage\":\"es\",\"potentialAction\":[{\"@type\":\"CommentAction\",\"name\":\"Comment\",\"target\":[\"https:\\\/\\\/kuali.com.mx\\\/web\\\/2023\\\/09\\\/06\\\/ine-e-ieeg-firmaran-convenio-rumbo-a-elecciones\\\/#respond\"]}]},{\"@type\":\"WebPage\",\"@id\":\"https:\\\/\\\/kuali.com.mx\\\/web\\\/2023\\\/09\\\/06\\\/ine-e-ieeg-firmaran-convenio-rumbo-a-elecciones\\\/\",\"url\":\"https:\\\/\\\/kuali.com.mx\\\/web\\\/2023\\\/09\\\/06\\\/ine-e-ieeg-firmaran-convenio-rumbo-a-elecciones\\\/\",\"name\":\"INE E IEEG FIRMAR\u00c1N CONVENIO RUMBO A ELECCIONES - Kuali\",\"isPartOf\":{\"@id\":\"https:\\\/\\\/kuali.com.mx\\\/web\\\/#website\"},\"primaryImageOfPage\":{\"@id\":\"https:\\\/\\\/kuali.com.mx\\\/web\\\/2023\\\/09\\\/06\\\/ine-e-ieeg-firmaran-convenio-rumbo-a-elecciones\\\/#primaryimage\"},\"image\":{\"@id\":\"https:\\\/\\\/kuali.com.mx\\\/web\\\/2023\\\/09\\\/06\\\/ine-e-ieeg-firmaran-convenio-rumbo-a-elecciones\\\/#primaryimage\"},\"thumbnailUrl\":\"https:\\\/\\\/kuali.com.mx\\\/web\\\/wp-content\\\/uploads\\\/2023\\\/09\\\/IEEG-firmara-convenio-con-INE.gif\",\"datePublished\":\"2023-09-07T03:27:00+00:00\",\"dateModified\":\"2023-09-07T03:27:02+00:00\",\"author\":{\"@id\":\"https:\\\/\\\/kuali.com.mx\\\/web\\\/#\\\/schema\\\/person\\\/6f89ffa8ecba9dae50662357923c5289\"},\"breadcrumb\":{\"@id\":\"https:\\\/\\\/kuali.com.mx\\\/web\\\/2023\\\/09\\\/06\\\/ine-e-ieeg-firmaran-convenio-rumbo-a-elecciones\\\/#breadcrumb\"},\"inLanguage\":\"es\",\"potentialAction\":[{\"@type\":\"ReadAction\",\"target\":[\"https:\\\/\\\/kuali.com.mx\\\/web\\\/2023\\\/09\\\/06\\\/ine-e-ieeg-firmaran-convenio-rumbo-a-elecciones\\\/\"]}]},{\"@type\":\"ImageObject\",\"inLanguage\":\"es\",\"@id\":\"https:\\\/\\\/kuali.com.mx\\\/web\\\/2023\\\/09\\\/06\\\/ine-e-ieeg-firmaran-convenio-rumbo-a-elecciones\\\/#primaryimage\",\"url\":\"https:\\\/\\\/kuali.com.mx\\\/web\\\/wp-content\\\/uploads\\\/2023\\\/09\\\/IEEG-firmara-convenio-con-INE.gif\",\"contentUrl\":\"https:\\\/\\\/kuali.com.mx\\\/web\\\/wp-content\\\/uploads\\\/2023\\\/09\\\/IEEG-firmara-convenio-con-INE.gif\",\"width\":1700,\"height\":750},{\"@type\":\"BreadcrumbList\",\"@id\":\"https:\\\/\\\/kuali.com.mx\\\/web\\\/2023\\\/09\\\/06\\\/ine-e-ieeg-firmaran-convenio-rumbo-a-elecciones\\\/#breadcrumb\",\"itemListElement\":[{\"@type\":\"ListItem\",\"position\":1,\"name\":\"Inicio\",\"item\":\"https:\\\/\\\/kuali.com.mx\\\/web\\\/\"},{\"@type\":\"ListItem\",\"position\":2,\"name\":\"INE E IEEG FIRMAR\u00c1N CONVENIO RUMBO A ELECCIONES\"}]},{\"@type\":\"WebSite\",\"@id\":\"https:\\\/\\\/kuali.com.mx\\\/web\\\/#website\",\"url\":\"https:\\\/\\\/kuali.com.mx\\\/web\\\/\",\"name\":\"Kuali\",\"description\":\"\",\"potentialAction\":[{\"@type\":\"SearchAction\",\"target\":{\"@type\":\"EntryPoint\",\"urlTemplate\":\"https:\\\/\\\/kuali.com.mx\\\/web\\\/?s={search_term_string}\"},\"query-input\":{\"@type\":\"PropertyValueSpecification\",\"valueRequired\":true,\"valueName\":\"search_term_string\"}}],\"inLanguage\":\"es\"},{\"@type\":\"Person\",\"@id\":\"https:\\\/\\\/kuali.com.mx\\\/web\\\/#\\\/schema\\\/person\\\/6f89ffa8ecba9dae50662357923c5289\",\"name\":\"Kuali Staff\",\"image\":{\"@type\":\"ImageObject\",\"inLanguage\":\"es\",\"@id\":\"https:\\\/\\\/secure.gravatar.com\\\/avatar\\\/f917ad82e5ab71227a733c78b6e60715476f69ee6be59feee4eb5d9920c89e0f?s=96&d=mm&r=g\",\"url\":\"https:\\\/\\\/secure.gravatar.com\\\/avatar\\\/f917ad82e5ab71227a733c78b6e60715476f69ee6be59feee4eb5d9920c89e0f?s=96&d=mm&r=g\",\"contentUrl\":\"https:\\\/\\\/secure.gravatar.com\\\/avatar\\\/f917ad82e5ab71227a733c78b6e60715476f69ee6be59feee4eb5d9920c89e0f?s=96&d=mm&r=g\",\"caption\":\"Kuali Staff\"},\"url\":\"https:\\\/\\\/kuali.com.mx\\\/web\\\/author\\\/lagarto\\\/\"}]}<\/script>\n<!-- \/ Yoast SEO plugin. -->","yoast_head_json":{"title":"INE E IEEG FIRMAR\u00c1N CONVENIO RUMBO A ELECCIONES - Kuali","robots":{"index":"index","follow":"follow","max-snippet":"max-snippet:-1","max-image-preview":"max-image-preview:large","max-video-preview":"max-video-preview:-1"},"canonical":"https:\/\/kuali.com.mx\/web\/2023\/09\/06\/ine-e-ieeg-firmaran-convenio-rumbo-a-elecciones\/","og_locale":"es_MX","og_type":"article","og_title":"INE E IEEG FIRMAR\u00c1N CONVENIO RUMBO A ELECCIONES - Kuali","og_description":"Kuali\/Guanajuato, Gto.- Para establecer las bases de coordinaci\u00f3n sobre la realizaci\u00f3n del proceso electoral concurrente 2023-2024, el Instituto Electoral del Estado de Guanajuato (IEEG) firmar\u00e1 un convenio con el Instituto Nacional Electoral (INE). As\u00ed lo acord\u00f3 esta tarde el Consejo General del IEEG y, para ello, la consejera presidenta del instituto, suscribir\u00e1 un convenio general [&hellip;]","og_url":"https:\/\/kuali.com.mx\/web\/2023\/09\/06\/ine-e-ieeg-firmaran-convenio-rumbo-a-elecciones\/","og_site_name":"Kuali","article_publisher":"https:\/\/kuali.com.mx\/web\/wp-content\/uploads\/2018\/04\/cropped-kuali_logo-1-1.png","article_published_time":"2023-09-07T03:27:00+00:00","article_modified_time":"2023-09-07T03:27:02+00:00","og_image":[{"width":1700,"height":750,"url":"https:\/\/kuali.com.mx\/web\/wp-content\/uploads\/2023\/09\/IEEG-firmara-convenio-con-INE.gif","type":"image\/gif"}],"author":"Kuali Staff","twitter_card":"summary_large_image","twitter_creator":"@kuali_noticias","twitter_site":"@kuali_noticias","twitter_misc":{"Escrito por":"Kuali Staff","Tiempo de lectura":"2 minutos"},"schema":{"@context":"https:\/\/schema.org","@graph":[{"@type":"Article","@id":"https:\/\/kuali.com.mx\/web\/2023\/09\/06\/ine-e-ieeg-firmaran-convenio-rumbo-a-elecciones\/#article","isPartOf":{"@id":"https:\/\/kuali.com.mx\/web\/2023\/09\/06\/ine-e-ieeg-firmaran-convenio-rumbo-a-elecciones\/"},"author":{"name":"Kuali Staff","@id":"https:\/\/kuali.com.mx\/web\/#\/schema\/person\/6f89ffa8ecba9dae50662357923c5289"},"headline":"INE E IEEG FIRMAR\u00c1N CONVENIO RUMBO A ELECCIONES","datePublished":"2023-09-07T03:27:00+00:00","dateModified":"2023-09-07T03:27:02+00:00","mainEntityOfPage":{"@id":"https:\/\/kuali.com.mx\/web\/2023\/09\/06\/ine-e-ieeg-firmaran-convenio-rumbo-a-elecciones\/"},"wordCount":411,"commentCount":0,"image":{"@id":"https:\/\/kuali.com.mx\/web\/2023\/09\/06\/ine-e-ieeg-firmaran-convenio-rumbo-a-elecciones\/#primaryimage"},"thumbnailUrl":"https:\/\/kuali.com.mx\/web\/wp-content\/uploads\/2023\/09\/IEEG-firmara-convenio-con-INE.gif","keywords":["Elecciones","IEEG","INE","Pol\u00edtica"],"articleSection":["Pol\u00edtica"],"inLanguage":"es","potentialAction":[{"@type":"CommentAction","name":"Comment","target":["https:\/\/kuali.com.mx\/web\/2023\/09\/06\/ine-e-ieeg-firmaran-convenio-rumbo-a-elecciones\/#respond"]}]},{"@type":"WebPage","@id":"https:\/\/kuali.com.mx\/web\/2023\/09\/06\/ine-e-ieeg-firmaran-convenio-rumbo-a-elecciones\/","url":"https:\/\/kuali.com.mx\/web\/2023\/09\/06\/ine-e-ieeg-firmaran-convenio-rumbo-a-elecciones\/","name":"INE E IEEG FIRMAR\u00c1N CONVENIO RUMBO A ELECCIONES - Kuali","isPartOf":{"@id":"https:\/\/kuali.com.mx\/web\/#website"},"primaryImageOfPage":{"@id":"https:\/\/kuali.com.mx\/web\/2023\/09\/06\/ine-e-ieeg-firmaran-convenio-rumbo-a-elecciones\/#primaryimage"},"image":{"@id":"https:\/\/kuali.com.mx\/web\/2023\/09\/06\/ine-e-ieeg-firmaran-convenio-rumbo-a-elecciones\/#primaryimage"},"thumbnailUrl":"https:\/\/kuali.com.mx\/web\/wp-content\/uploads\/2023\/09\/IEEG-firmara-convenio-con-INE.gif","datePublished":"2023-09-07T03:27:00+00:00","dateModified":"2023-09-07T03:27:02+00:00","author":{"@id":"https:\/\/kuali.com.mx\/web\/#\/schema\/person\/6f89ffa8ecba9dae50662357923c5289"},"breadcrumb":{"@id":"https:\/\/kuali.com.mx\/web\/2023\/09\/06\/ine-e-ieeg-firmaran-convenio-rumbo-a-elecciones\/#breadcrumb"},"inLanguage":"es","potentialAction":[{"@type":"ReadAction","target":["https:\/\/kuali.com.mx\/web\/2023\/09\/06\/ine-e-ieeg-firmaran-convenio-rumbo-a-elecciones\/"]}]},{"@type":"ImageObject","inLanguage":"es","@id":"https:\/\/kuali.com.mx\/web\/2023\/09\/06\/ine-e-ieeg-firmaran-convenio-rumbo-a-elecciones\/#primaryimage","url":"https:\/\/kuali.com.mx\/web\/wp-content\/uploads\/2023\/09\/IEEG-firmara-convenio-con-INE.gif","contentUrl":"https:\/\/kuali.com.mx\/web\/wp-content\/uploads\/2023\/09\/IEEG-firmara-convenio-con-INE.gif","width":1700,"height":750},{"@type":"BreadcrumbList","@id":"https:\/\/kuali.com.mx\/web\/2023\/09\/06\/ine-e-ieeg-firmaran-convenio-rumbo-a-elecciones\/#breadcrumb","itemListElement":[{"@type":"ListItem","position":1,"name":"Inicio","item":"https:\/\/kuali.com.mx\/web\/"},{"@type":"ListItem","position":2,"name":"INE E IEEG FIRMAR\u00c1N CONVENIO RUMBO A ELECCIONES"}]},{"@type":"WebSite","@id":"https:\/\/kuali.com.mx\/web\/#website","url":"https:\/\/kuali.com.mx\/web\/","name":"Kuali","description":"","potentialAction":[{"@type":"SearchAction","target":{"@type":"EntryPoint","urlTemplate":"https:\/\/kuali.com.mx\/web\/?s={search_term_string}"},"query-input":{"@type":"PropertyValueSpecification","valueRequired":true,"valueName":"search_term_string"}}],"inLanguage":"es"},{"@type":"Person","@id":"https:\/\/kuali.com.mx\/web\/#\/schema\/person\/6f89ffa8ecba9dae50662357923c5289","name":"Kuali Staff","image":{"@type":"ImageObject","inLanguage":"es","@id":"https:\/\/secure.gravatar.com\/avatar\/f917ad82e5ab71227a733c78b6e60715476f69ee6be59feee4eb5d9920c89e0f?s=96&d=mm&r=g","url":"https:\/\/secure.gravatar.com\/avatar\/f917ad82e5ab71227a733c78b6e60715476f69ee6be59feee4eb5d9920c89e0f?s=96&d=mm&r=g","contentUrl":"https:\/\/secure.gravatar.com\/avatar\/f917ad82e5ab71227a733c78b6e60715476f69ee6be59feee4eb5d9920c89e0f?s=96&d=mm&r=g","caption":"Kuali Staff"},"url":"https:\/\/kuali.com.mx\/web\/author\/lagarto\/"}]}},"_links":{"self":[{"href":"https:\/\/kuali.com.mx\/web\/wp-json\/wp\/v2\/posts\/125724","targetHints":{"allow":["GET"]}}],"collection":[{"href":"https:\/\/kuali.com.mx\/web\/wp-json\/wp\/v2\/posts"}],"about":[{"href":"https:\/\/kuali.com.mx\/web\/wp-json\/wp\/v2\/types\/post"}],"author":[{"embeddable":true,"href":"https:\/\/kuali.com.mx\/web\/wp-json\/wp\/v2\/users\/2"}],"replies":[{"embeddable":true,"href":"https:\/\/kuali.com.mx\/web\/wp-json\/wp\/v2\/comments?post=125724"}],"version-history":[{"count":1,"href":"https:\/\/kuali.com.mx\/web\/wp-json\/wp\/v2\/posts\/125724\/revisions"}],"predecessor-version":[{"id":125728,"href":"https:\/\/kuali.com.mx\/web\/wp-json\/wp\/v2\/posts\/125724\/revisions\/125728"}],"wp:featuredmedia":[{"embeddable":true,"href":"https:\/\/kuali.com.mx\/web\/wp-json\/wp\/v2\/media\/125727"}],"wp:attachment":[{"href":"https:\/\/kuali.com.mx\/web\/wp-json\/wp\/v2\/media?parent=125724"}],"wp:term":[{"taxonomy":"category","embeddable":true,"href":"https:\/\/kuali.com.mx\/web\/wp-json\/wp\/v2\/categories?post=125724"},{"taxonomy":"post_tag","embeddable":true,"href":"https:\/\/kuali.com.mx\/web\/wp-json\/wp\/v2\/tags?post=125724"}],"curies":[{"name":"wp","href":"https:\/\/api.w.org\/{rel}","templated":true}]}}