{"id":125712,"date":"2023-09-06T22:16:47","date_gmt":"2023-09-07T04:16:47","guid":{"rendered":"https:\/\/kuali.com.mx\/web\/?p=125712"},"modified":"2023-09-07T08:42:35","modified_gmt":"2023-09-07T14:42:35","slug":"denuncian-fraude-en-proceso-interno-de-morena","status":"publish","type":"post","link":"https:\/\/kuali.com.mx\/web\/2023\/09\/06\/denuncian-fraude-en-proceso-interno-de-morena\/","title":{"rendered":"DENUNCIAN FRAUDE EN PROCESO INTERNO DE MORENA"},"content":{"rendered":"\n<p><strong><em>La Jornada\/Ciudad de M\u00e9xico.-<\/em><\/strong>Ante gritos de sus simpatizantes que acusaron \u201cfraude, fraude\u201d en el proceso interno, Marcelo Ebrard anunci\u00f3 que no acudir\u00e1 a la reuni\u00f3n de las 5 de la tarde, a la que est\u00e1n convocados los seis aspirantes de Morena y sus aliados a la coordinaci\u00f3n nacional de defensa de la transformaci\u00f3n, para darles a conocer los resultados y al ganador de este proceso.<\/p>\n\n\n\n<p>Denunci\u00f3 que fueron anuladas m\u00e1s del 14 por ciento de las boletas de la encuesta organizada por Morena por distintas irregularidades y \u201chemos encontrado incidencias en una proporci\u00f3n muy superior a lo que hab\u00edamos previsto, por eso se tard\u00f3 tanto todo el proceso. Lo que quiero decir es que nosotros afirmamos que esto debe reponerse, es decir, ya no tiene remedio\u201d.<\/p>\n\n\n\n<p>Sin estar listos a\u00fan los resultados del conteo final, dijo que lo expresa antes del conteo porque las incidencias \u201cnos obligan a decir esto o callar. Esto no est\u00e1 bien, no es as\u00ed. Todos los que formamos Morena no estamos de acuerdo, \u00bfCon qui\u00e9n estoy siendo leal?, pues con las personas que formamos Morena y el movimiento que representamos\u201d, dijo en un mensaje ante sus representantes y medios de informaci\u00f3n en un hotel a dos cuadras del World Trade Center (WTC) donde se realiza el conteo de las encuestas.<\/p>\n\n\n\n<p>No obstante, cuando estaba por retirarse, arrib\u00f3 al sal\u00f3n la senadora Martha Luc\u00eda M\u00edcher, quien acus\u00f3 que busc\u00f3 ingresar para entregar los gafetes a los representantes que estar\u00edan observando el conteo, pero no se los permitieron porque \u201chab\u00eda instrucciones de que nadie puede entrar\u201d, ante lo cual pidieron la presencia de polic\u00edas.3<\/p>\n\n\n\n<p>En medio de los jaloneos, tanto ella, como el diputado Emmanuel Reyes y otros integrantes del equipo de Ebrard, resultaron golpeados por los elementos policiacos. \u201cNos pegaron con todo\u201d, asegur\u00f3 la legisladora.<\/p>\n\n\n\n<p>Enseguida, apunt\u00f3 que dentro del centro de convenciones \u201cest\u00e1 no s\u00e9 quien, porque a nosotros no nos dejaron entrar.\u201d Al escuchar el relato, los integrantes del equipo de Ebrard comenzaron a gritar \u201cfraude, fraude\u201d.<\/p>\n\n\n\n<p>Tras lo cual, Ebrard subray\u00f3: \u201cclaro que no vamos a ir esta tarde al evento\u2026 est\u00e1n golpeando a nuestra gente por proponer y decir la verdad\u201d.<\/p>\n\n\n\n<p>Acus\u00f3 que la actuaci\u00f3n de los elementos de seguridad fue por una \u201ccobard\u00eda\u201d de Mario Delgado, presidente del partido, ante lo cual sus simpatizantes respondieron con gritos de \u201cfuera Mario, fuera Mario\u201d.<\/p>\n","protected":false},"excerpt":{"rendered":"La Jornada\/Ciudad de M\u00e9xico.-Ante gritos de sus simpatizantes que acusaron \u201cfraude, fraude\u201d en el proceso interno, Marcelo Ebrard anunci\u00f3 que no acudir\u00e1 a la reuni\u00f3n de las 5 de la tarde, a la que est\u00e1n convocados los seis aspirantes de Morena y sus aliados a la coordinaci\u00f3n nacional de defensa de la transformaci\u00f3n, para darles [&hellip;]","protected":false},"author":2,"featured_media":108577,"comment_status":"open","ping_status":"open","sticky":false,"template":"","format":"standard","meta":{"_seopress_robots_primary_cat":"none","_seopress_titles_title":"","_seopress_titles_desc":"","_seopress_robots_index":"","_monsterinsights_skip_tracking":false,"_monsterinsights_sitenote_active":false,"_monsterinsights_sitenote_note":"","_monsterinsights_sitenote_category":0,"footnotes":""},"categories":[3,69],"tags":[],"class_list":["post-125712","post","type-post","status-publish","format-standard","has-post-thumbnail","hentry","category-politica","category-slider"],"yoast_head":"<!-- This site is optimized with the Yoast SEO plugin v27.4 - https:\/\/yoast.com\/product\/yoast-seo-wordpress\/ -->\n<title>DENUNCIAN FRAUDE EN PROCESO INTERNO DE MORENA - Kuali<\/title>\n<meta name=\"robots\" content=\"index, follow, max-snippet:-1, max-image-preview:large, max-video-preview:-1\" \/>\n<link rel=\"canonical\" href=\"https:\/\/kuali.com.mx\/web\/2023\/09\/06\/denuncian-fraude-en-proceso-interno-de-morena\/\" \/>\n<meta property=\"og:locale\" content=\"es_MX\" \/>\n<meta property=\"og:type\" content=\"article\" \/>\n<meta property=\"og:title\" content=\"DENUNCIAN FRAUDE EN PROCESO INTERNO DE MORENA - Kuali\" \/>\n<meta property=\"og:description\" content=\"La Jornada\/Ciudad de M\u00e9xico.-Ante gritos de sus simpatizantes que acusaron \u201cfraude, fraude\u201d en el proceso interno, Marcelo Ebrard anunci\u00f3 que no acudir\u00e1 a la reuni\u00f3n de las 5 de la tarde, a la que est\u00e1n convocados los seis aspirantes de Morena y sus aliados a la coordinaci\u00f3n nacional de defensa de la transformaci\u00f3n, para darles [&hellip;]\" \/>\n<meta property=\"og:url\" content=\"https:\/\/kuali.com.mx\/web\/2023\/09\/06\/denuncian-fraude-en-proceso-interno-de-morena\/\" \/>\n<meta property=\"og:site_name\" content=\"Kuali\" \/>\n<meta property=\"article:publisher\" content=\"https:\/\/kuali.com.mx\/web\/wp-content\/uploads\/2018\/04\/cropped-kuali_logo-1-1.png\" \/>\n<meta property=\"article:published_time\" content=\"2023-09-07T04:16:47+00:00\" \/>\n<meta property=\"article:modified_time\" content=\"2023-09-07T14:42:35+00:00\" \/>\n<meta property=\"og:image\" content=\"https:\/\/kuali.com.mx\/web\/wp-content\/uploads\/2022\/12\/Marcelo-Ebrard.jpeg\" \/>\n\t<meta property=\"og:image:width\" content=\"1747\" \/>\n\t<meta property=\"og:image:height\" content=\"750\" \/>\n\t<meta property=\"og:image:type\" content=\"image\/jpeg\" \/>\n<meta name=\"author\" content=\"Kuali Staff\" \/>\n<meta name=\"twitter:card\" content=\"summary_large_image\" \/>\n<meta name=\"twitter:creator\" content=\"@kuali_noticias\" \/>\n<meta name=\"twitter:site\" content=\"@kuali_noticias\" \/>\n<meta name=\"twitter:label1\" content=\"Escrito por\" \/>\n\t<meta name=\"twitter:data1\" content=\"Kuali Staff\" \/>\n\t<meta name=\"twitter:label2\" content=\"Tiempo de lectura\" \/>\n\t<meta name=\"twitter:data2\" content=\"2 minutos\" \/>\n<script type=\"application\/ld+json\" class=\"yoast-schema-graph\">{\"@context\":\"https:\\\/\\\/schema.org\",\"@graph\":[{\"@type\":\"Article\",\"@id\":\"https:\\\/\\\/kuali.com.mx\\\/web\\\/2023\\\/09\\\/06\\\/denuncian-fraude-en-proceso-interno-de-morena\\\/#article\",\"isPartOf\":{\"@id\":\"https:\\\/\\\/kuali.com.mx\\\/web\\\/2023\\\/09\\\/06\\\/denuncian-fraude-en-proceso-interno-de-morena\\\/\"},\"author\":{\"name\":\"Kuali Staff\",\"@id\":\"https:\\\/\\\/kuali.com.mx\\\/web\\\/#\\\/schema\\\/person\\\/6f89ffa8ecba9dae50662357923c5289\"},\"headline\":\"DENUNCIAN FRAUDE EN PROCESO INTERNO DE MORENA\",\"datePublished\":\"2023-09-07T04:16:47+00:00\",\"dateModified\":\"2023-09-07T14:42:35+00:00\",\"mainEntityOfPage\":{\"@id\":\"https:\\\/\\\/kuali.com.mx\\\/web\\\/2023\\\/09\\\/06\\\/denuncian-fraude-en-proceso-interno-de-morena\\\/\"},\"wordCount\":419,\"commentCount\":0,\"image\":{\"@id\":\"https:\\\/\\\/kuali.com.mx\\\/web\\\/2023\\\/09\\\/06\\\/denuncian-fraude-en-proceso-interno-de-morena\\\/#primaryimage\"},\"thumbnailUrl\":\"https:\\\/\\\/kuali.com.mx\\\/web\\\/wp-content\\\/uploads\\\/2022\\\/12\\\/Marcelo-Ebrard.jpeg\",\"articleSection\":[\"Pol\u00edtica\",\"slider\"],\"inLanguage\":\"es\",\"potentialAction\":[{\"@type\":\"CommentAction\",\"name\":\"Comment\",\"target\":[\"https:\\\/\\\/kuali.com.mx\\\/web\\\/2023\\\/09\\\/06\\\/denuncian-fraude-en-proceso-interno-de-morena\\\/#respond\"]}]},{\"@type\":\"WebPage\",\"@id\":\"https:\\\/\\\/kuali.com.mx\\\/web\\\/2023\\\/09\\\/06\\\/denuncian-fraude-en-proceso-interno-de-morena\\\/\",\"url\":\"https:\\\/\\\/kuali.com.mx\\\/web\\\/2023\\\/09\\\/06\\\/denuncian-fraude-en-proceso-interno-de-morena\\\/\",\"name\":\"DENUNCIAN FRAUDE EN PROCESO INTERNO DE MORENA - Kuali\",\"isPartOf\":{\"@id\":\"https:\\\/\\\/kuali.com.mx\\\/web\\\/#website\"},\"primaryImageOfPage\":{\"@id\":\"https:\\\/\\\/kuali.com.mx\\\/web\\\/2023\\\/09\\\/06\\\/denuncian-fraude-en-proceso-interno-de-morena\\\/#primaryimage\"},\"image\":{\"@id\":\"https:\\\/\\\/kuali.com.mx\\\/web\\\/2023\\\/09\\\/06\\\/denuncian-fraude-en-proceso-interno-de-morena\\\/#primaryimage\"},\"thumbnailUrl\":\"https:\\\/\\\/kuali.com.mx\\\/web\\\/wp-content\\\/uploads\\\/2022\\\/12\\\/Marcelo-Ebrard.jpeg\",\"datePublished\":\"2023-09-07T04:16:47+00:00\",\"dateModified\":\"2023-09-07T14:42:35+00:00\",\"author\":{\"@id\":\"https:\\\/\\\/kuali.com.mx\\\/web\\\/#\\\/schema\\\/person\\\/6f89ffa8ecba9dae50662357923c5289\"},\"breadcrumb\":{\"@id\":\"https:\\\/\\\/kuali.com.mx\\\/web\\\/2023\\\/09\\\/06\\\/denuncian-fraude-en-proceso-interno-de-morena\\\/#breadcrumb\"},\"inLanguage\":\"es\",\"potentialAction\":[{\"@type\":\"ReadAction\",\"target\":[\"https:\\\/\\\/kuali.com.mx\\\/web\\\/2023\\\/09\\\/06\\\/denuncian-fraude-en-proceso-interno-de-morena\\\/\"]}]},{\"@type\":\"ImageObject\",\"inLanguage\":\"es\",\"@id\":\"https:\\\/\\\/kuali.com.mx\\\/web\\\/2023\\\/09\\\/06\\\/denuncian-fraude-en-proceso-interno-de-morena\\\/#primaryimage\",\"url\":\"https:\\\/\\\/kuali.com.mx\\\/web\\\/wp-content\\\/uploads\\\/2022\\\/12\\\/Marcelo-Ebrard.jpeg\",\"contentUrl\":\"https:\\\/\\\/kuali.com.mx\\\/web\\\/wp-content\\\/uploads\\\/2022\\\/12\\\/Marcelo-Ebrard.jpeg\",\"width\":1747,\"height\":750},{\"@type\":\"BreadcrumbList\",\"@id\":\"https:\\\/\\\/kuali.com.mx\\\/web\\\/2023\\\/09\\\/06\\\/denuncian-fraude-en-proceso-interno-de-morena\\\/#breadcrumb\",\"itemListElement\":[{\"@type\":\"ListItem\",\"position\":1,\"name\":\"Inicio\",\"item\":\"https:\\\/\\\/kuali.com.mx\\\/web\\\/\"},{\"@type\":\"ListItem\",\"position\":2,\"name\":\"DENUNCIAN FRAUDE EN PROCESO INTERNO DE MORENA\"}]},{\"@type\":\"WebSite\",\"@id\":\"https:\\\/\\\/kuali.com.mx\\\/web\\\/#website\",\"url\":\"https:\\\/\\\/kuali.com.mx\\\/web\\\/\",\"name\":\"Kuali\",\"description\":\"\",\"potentialAction\":[{\"@type\":\"SearchAction\",\"target\":{\"@type\":\"EntryPoint\",\"urlTemplate\":\"https:\\\/\\\/kuali.com.mx\\\/web\\\/?s={search_term_string}\"},\"query-input\":{\"@type\":\"PropertyValueSpecification\",\"valueRequired\":true,\"valueName\":\"search_term_string\"}}],\"inLanguage\":\"es\"},{\"@type\":\"Person\",\"@id\":\"https:\\\/\\\/kuali.com.mx\\\/web\\\/#\\\/schema\\\/person\\\/6f89ffa8ecba9dae50662357923c5289\",\"name\":\"Kuali Staff\",\"image\":{\"@type\":\"ImageObject\",\"inLanguage\":\"es\",\"@id\":\"https:\\\/\\\/secure.gravatar.com\\\/avatar\\\/f917ad82e5ab71227a733c78b6e60715476f69ee6be59feee4eb5d9920c89e0f?s=96&d=mm&r=g\",\"url\":\"https:\\\/\\\/secure.gravatar.com\\\/avatar\\\/f917ad82e5ab71227a733c78b6e60715476f69ee6be59feee4eb5d9920c89e0f?s=96&d=mm&r=g\",\"contentUrl\":\"https:\\\/\\\/secure.gravatar.com\\\/avatar\\\/f917ad82e5ab71227a733c78b6e60715476f69ee6be59feee4eb5d9920c89e0f?s=96&d=mm&r=g\",\"caption\":\"Kuali Staff\"},\"url\":\"https:\\\/\\\/kuali.com.mx\\\/web\\\/author\\\/lagarto\\\/\"}]}<\/script>\n<!-- \/ Yoast SEO plugin. -->","yoast_head_json":{"title":"DENUNCIAN FRAUDE EN PROCESO INTERNO DE MORENA - Kuali","robots":{"index":"index","follow":"follow","max-snippet":"max-snippet:-1","max-image-preview":"max-image-preview:large","max-video-preview":"max-video-preview:-1"},"canonical":"https:\/\/kuali.com.mx\/web\/2023\/09\/06\/denuncian-fraude-en-proceso-interno-de-morena\/","og_locale":"es_MX","og_type":"article","og_title":"DENUNCIAN FRAUDE EN PROCESO INTERNO DE MORENA - Kuali","og_description":"La Jornada\/Ciudad de M\u00e9xico.-Ante gritos de sus simpatizantes que acusaron \u201cfraude, fraude\u201d en el proceso interno, Marcelo Ebrard anunci\u00f3 que no acudir\u00e1 a la reuni\u00f3n de las 5 de la tarde, a la que est\u00e1n convocados los seis aspirantes de Morena y sus aliados a la coordinaci\u00f3n nacional de defensa de la transformaci\u00f3n, para darles [&hellip;]","og_url":"https:\/\/kuali.com.mx\/web\/2023\/09\/06\/denuncian-fraude-en-proceso-interno-de-morena\/","og_site_name":"Kuali","article_publisher":"https:\/\/kuali.com.mx\/web\/wp-content\/uploads\/2018\/04\/cropped-kuali_logo-1-1.png","article_published_time":"2023-09-07T04:16:47+00:00","article_modified_time":"2023-09-07T14:42:35+00:00","og_image":[{"width":1747,"height":750,"url":"https:\/\/kuali.com.mx\/web\/wp-content\/uploads\/2022\/12\/Marcelo-Ebrard.jpeg","type":"image\/jpeg"}],"author":"Kuali Staff","twitter_card":"summary_large_image","twitter_creator":"@kuali_noticias","twitter_site":"@kuali_noticias","twitter_misc":{"Escrito por":"Kuali Staff","Tiempo de lectura":"2 minutos"},"schema":{"@context":"https:\/\/schema.org","@graph":[{"@type":"Article","@id":"https:\/\/kuali.com.mx\/web\/2023\/09\/06\/denuncian-fraude-en-proceso-interno-de-morena\/#article","isPartOf":{"@id":"https:\/\/kuali.com.mx\/web\/2023\/09\/06\/denuncian-fraude-en-proceso-interno-de-morena\/"},"author":{"name":"Kuali Staff","@id":"https:\/\/kuali.com.mx\/web\/#\/schema\/person\/6f89ffa8ecba9dae50662357923c5289"},"headline":"DENUNCIAN FRAUDE EN PROCESO INTERNO DE MORENA","datePublished":"2023-09-07T04:16:47+00:00","dateModified":"2023-09-07T14:42:35+00:00","mainEntityOfPage":{"@id":"https:\/\/kuali.com.mx\/web\/2023\/09\/06\/denuncian-fraude-en-proceso-interno-de-morena\/"},"wordCount":419,"commentCount":0,"image":{"@id":"https:\/\/kuali.com.mx\/web\/2023\/09\/06\/denuncian-fraude-en-proceso-interno-de-morena\/#primaryimage"},"thumbnailUrl":"https:\/\/kuali.com.mx\/web\/wp-content\/uploads\/2022\/12\/Marcelo-Ebrard.jpeg","articleSection":["Pol\u00edtica","slider"],"inLanguage":"es","potentialAction":[{"@type":"CommentAction","name":"Comment","target":["https:\/\/kuali.com.mx\/web\/2023\/09\/06\/denuncian-fraude-en-proceso-interno-de-morena\/#respond"]}]},{"@type":"WebPage","@id":"https:\/\/kuali.com.mx\/web\/2023\/09\/06\/denuncian-fraude-en-proceso-interno-de-morena\/","url":"https:\/\/kuali.com.mx\/web\/2023\/09\/06\/denuncian-fraude-en-proceso-interno-de-morena\/","name":"DENUNCIAN FRAUDE EN PROCESO INTERNO DE MORENA - Kuali","isPartOf":{"@id":"https:\/\/kuali.com.mx\/web\/#website"},"primaryImageOfPage":{"@id":"https:\/\/kuali.com.mx\/web\/2023\/09\/06\/denuncian-fraude-en-proceso-interno-de-morena\/#primaryimage"},"image":{"@id":"https:\/\/kuali.com.mx\/web\/2023\/09\/06\/denuncian-fraude-en-proceso-interno-de-morena\/#primaryimage"},"thumbnailUrl":"https:\/\/kuali.com.mx\/web\/wp-content\/uploads\/2022\/12\/Marcelo-Ebrard.jpeg","datePublished":"2023-09-07T04:16:47+00:00","dateModified":"2023-09-07T14:42:35+00:00","author":{"@id":"https:\/\/kuali.com.mx\/web\/#\/schema\/person\/6f89ffa8ecba9dae50662357923c5289"},"breadcrumb":{"@id":"https:\/\/kuali.com.mx\/web\/2023\/09\/06\/denuncian-fraude-en-proceso-interno-de-morena\/#breadcrumb"},"inLanguage":"es","potentialAction":[{"@type":"ReadAction","target":["https:\/\/kuali.com.mx\/web\/2023\/09\/06\/denuncian-fraude-en-proceso-interno-de-morena\/"]}]},{"@type":"ImageObject","inLanguage":"es","@id":"https:\/\/kuali.com.mx\/web\/2023\/09\/06\/denuncian-fraude-en-proceso-interno-de-morena\/#primaryimage","url":"https:\/\/kuali.com.mx\/web\/wp-content\/uploads\/2022\/12\/Marcelo-Ebrard.jpeg","contentUrl":"https:\/\/kuali.com.mx\/web\/wp-content\/uploads\/2022\/12\/Marcelo-Ebrard.jpeg","width":1747,"height":750},{"@type":"BreadcrumbList","@id":"https:\/\/kuali.com.mx\/web\/2023\/09\/06\/denuncian-fraude-en-proceso-interno-de-morena\/#breadcrumb","itemListElement":[{"@type":"ListItem","position":1,"name":"Inicio","item":"https:\/\/kuali.com.mx\/web\/"},{"@type":"ListItem","position":2,"name":"DENUNCIAN FRAUDE EN PROCESO INTERNO DE MORENA"}]},{"@type":"WebSite","@id":"https:\/\/kuali.com.mx\/web\/#website","url":"https:\/\/kuali.com.mx\/web\/","name":"Kuali","description":"","potentialAction":[{"@type":"SearchAction","target":{"@type":"EntryPoint","urlTemplate":"https:\/\/kuali.com.mx\/web\/?s={search_term_string}"},"query-input":{"@type":"PropertyValueSpecification","valueRequired":true,"valueName":"search_term_string"}}],"inLanguage":"es"},{"@type":"Person","@id":"https:\/\/kuali.com.mx\/web\/#\/schema\/person\/6f89ffa8ecba9dae50662357923c5289","name":"Kuali Staff","image":{"@type":"ImageObject","inLanguage":"es","@id":"https:\/\/secure.gravatar.com\/avatar\/f917ad82e5ab71227a733c78b6e60715476f69ee6be59feee4eb5d9920c89e0f?s=96&d=mm&r=g","url":"https:\/\/secure.gravatar.com\/avatar\/f917ad82e5ab71227a733c78b6e60715476f69ee6be59feee4eb5d9920c89e0f?s=96&d=mm&r=g","contentUrl":"https:\/\/secure.gravatar.com\/avatar\/f917ad82e5ab71227a733c78b6e60715476f69ee6be59feee4eb5d9920c89e0f?s=96&d=mm&r=g","caption":"Kuali Staff"},"url":"https:\/\/kuali.com.mx\/web\/author\/lagarto\/"}]}},"_links":{"self":[{"href":"https:\/\/kuali.com.mx\/web\/wp-json\/wp\/v2\/posts\/125712","targetHints":{"allow":["GET"]}}],"collection":[{"href":"https:\/\/kuali.com.mx\/web\/wp-json\/wp\/v2\/posts"}],"about":[{"href":"https:\/\/kuali.com.mx\/web\/wp-json\/wp\/v2\/types\/post"}],"author":[{"embeddable":true,"href":"https:\/\/kuali.com.mx\/web\/wp-json\/wp\/v2\/users\/2"}],"replies":[{"embeddable":true,"href":"https:\/\/kuali.com.mx\/web\/wp-json\/wp\/v2\/comments?post=125712"}],"version-history":[{"count":1,"href":"https:\/\/kuali.com.mx\/web\/wp-json\/wp\/v2\/posts\/125712\/revisions"}],"predecessor-version":[{"id":125715,"href":"https:\/\/kuali.com.mx\/web\/wp-json\/wp\/v2\/posts\/125712\/revisions\/125715"}],"wp:featuredmedia":[{"embeddable":true,"href":"https:\/\/kuali.com.mx\/web\/wp-json\/wp\/v2\/media\/108577"}],"wp:attachment":[{"href":"https:\/\/kuali.com.mx\/web\/wp-json\/wp\/v2\/media?parent=125712"}],"wp:term":[{"taxonomy":"category","embeddable":true,"href":"https:\/\/kuali.com.mx\/web\/wp-json\/wp\/v2\/categories?post=125712"},{"taxonomy":"post_tag","embeddable":true,"href":"https:\/\/kuali.com.mx\/web\/wp-json\/wp\/v2\/tags?post=125712"}],"curies":[{"name":"wp","href":"https:\/\/api.w.org\/{rel}","templated":true}]}}