{"id":125685,"date":"2023-09-06T17:05:12","date_gmt":"2023-09-06T23:05:12","guid":{"rendered":"https:\/\/kuali.com.mx\/web\/?p=125685"},"modified":"2023-10-09T08:22:18","modified_gmt":"2023-10-09T14:22:18","slug":"me-quisiera-matar-vendedor-de-la-tercera-edad","status":"publish","type":"post","link":"https:\/\/kuali.com.mx\/web\/2023\/09\/06\/me-quisiera-matar-vendedor-de-la-tercera-edad\/","title":{"rendered":"&#8220;\u00a1ME QUISIERA MATAR!&#8221;: VENDEDOR DE LA TERCERA EDAD"},"content":{"rendered":"\n<p><strong><em>Carlos Garc\u00eda\/Le\u00f3n, Gto.-<\/em><\/strong>\u00a0 \u201c\u00a1Me quisiera matar!\u201d, exclam\u00f3 \u00a0Gregorio Becerra Mu\u00f1oz, comerciante ambulante de unos 70 a\u00f1os de edad, despu\u00e9s de que inspectores de la Direcci\u00f3n de Comercio y Consumo, del gobierno panista de Le\u00f3n, \u00a0confiscaron el carrito que usa para vender pan. La situaci\u00f3n indign\u00f3 a los ciudadanos que presenciaron el acto de autoridad.<\/p>\n\n\n\n<p>\u201cEste es el famos\u00edsimo gobierno que tenemos, vean al se\u00f1or la edad que tiene, \u00bfc\u00f3mo es posible?, esto es indignante, tenemos unos pol\u00edticos rateros, deber\u00edan ponerse hacer otras cosas\u201d, narra Isa\u00edas Murillo, el ciudadano que grab\u00f3 el video de la actuaci\u00f3n de los inspectores de Comercio.<\/p>\n\n\n\n<p>El decomiso ocurri\u00f3 en la calle Hermanos Aldama, casi frente el peri\u00f3dico El Heraldo, y casi esquina con la calle Pedro Moreno, donde est\u00e1 el Teatro Manuel Doblado, en el centro de la ciudad de Le\u00f3n.<\/p>\n\n\n\n<p>Gregorio Becerra Mu\u00f1oz porta un gafete que tiene su nombre, su direcci\u00f3n y como menciona que es propenso a un infarto pone dos n\u00fameros telef\u00f3nicos para que marquen en caso de una emergencia.<\/p>\n\n\n\n<p>\u201c\u00a1Me quisiera matar!, \u00a1me quisiera morir\u00a1, \u00a1ya no aguanto esta situaci\u00f3n!\u201d, exclam\u00f3 el comerciante de la tercera edad. Comenta que siempre se levanta en la ma\u00f1ana, con dificultad para respirar, para que al final \u201clleguen ellos y me quiten todo\u201d.<\/p>\n\n\n\n<p>El vendedor dijo que iba al centro, con su carrito de conchas, a pagar el agua cuando los inspectores le quitaron su mercanc\u00eda.<\/p>\n\n\n\n<p>En la imagen se ve a tres inspectores, uno de ellos le pregunta al adulto mayor que si sac\u00f3 su dinero del carrito, donde tiene m\u00e1s de una docena de conchas grandes de chocolate, tapadas con un pl\u00e1stico.<\/p>\n\n\n\n<p>\u201c\u00bfSac\u00f3 su dinero se\u00f1or?, \u00bfNo deja nada m\u00e1s?, pregunta el funcionario y despu\u00e9s proceden a subir el carrito -que tiene la leyenda \u201cVoy con Dios\u201d- a una camioneta con placas GH-0784-B.<\/p>\n\n\n\n<figure class=\"wp-block-image size-full\"><img loading=\"lazy\" decoding=\"async\" width=\"442\" height=\"500\" src=\"https:\/\/kuali.com.mx\/web\/wp-content\/uploads\/2023\/09\/Carrito-pan.jpg\" alt=\"\" class=\"wp-image-125689\" srcset=\"https:\/\/kuali.com.mx\/web\/wp-content\/uploads\/2023\/09\/Carrito-pan.jpg 442w, https:\/\/kuali.com.mx\/web\/wp-content\/uploads\/2023\/09\/Carrito-pan-265x300.jpg 265w, https:\/\/kuali.com.mx\/web\/wp-content\/uploads\/2023\/09\/Carrito-pan-103x116.jpg 103w\" sizes=\"auto, (max-width: 442px) 100vw, 442px\" \/><\/figure>\n\n\n\n<p>Mientras grababa, Isa\u00edas Murillo comenta que el gobierno debe combatir a la delincuencia y no al pueblo.<\/p>\n\n\n\n<p>\u201cEsto no puede ser posible...vean al pobre se\u00f1or haciendo su lucha, c\u00f3mo es posible con estos vividores, le da risa -al inspector-, miren se burla porque de eso viven, de robar\u201d, dice el ciudadano.<\/p>\n\n\n\n<figure class=\"wp-block-image size-full\"><img loading=\"lazy\" decoding=\"async\" width=\"434\" height=\"580\" src=\"https:\/\/kuali.com.mx\/web\/wp-content\/uploads\/2023\/09\/Inspector-comercio.jpg\" alt=\"\" class=\"wp-image-125690\" srcset=\"https:\/\/kuali.com.mx\/web\/wp-content\/uploads\/2023\/09\/Inspector-comercio.jpg 434w, https:\/\/kuali.com.mx\/web\/wp-content\/uploads\/2023\/09\/Inspector-comercio-224x300.jpg 224w, https:\/\/kuali.com.mx\/web\/wp-content\/uploads\/2023\/09\/Inspector-comercio-87x116.jpg 87w\" sizes=\"auto, (max-width: 434px) 100vw, 434px\" \/><\/figure>\n\n\n\n<p>Isa\u00edas Murillo comenta que van hacer una \u201ccoperacha\u201d para que Gregorio saque su mercanc\u00eda y en el video se observa como varios ciudadanos se acercan para apoyar al se\u00f1or de la tercera edad.<\/p>\n\n\n\n<p>\u201cBueno amigos, le dejo, le corto, la verdad me dan ganas de llorar, me da una impotencia, se siente feo, hay que ver en que podemos ayudar\u201d, remata Isa\u00edas, al momento que finaliza el video.<\/p>\n\n\n\n<p><strong><em>Regresan carrito<\/em><\/strong><\/p>\n\n\n\n<p>Despu\u00e9s de que se difundi\u00f3 el decomiso del carrito de Gregorio Becerra, el gobierno de Le\u00f3n inform\u00f3 que \u201cya cuenta otra vez con su carrito, su mercanc\u00eda y apoyos sociales\u201d. El carrito fue llevado hasta su casa, precisan.<\/p>\n\n\n\n<p>\u201cDon Gregorio Becerra, vendedor de pan, cuenta con permiso para vender sobre la v\u00eda p\u00fablica en la avenida Miguel Alem\u00e1n, desde marzo de este a\u00f1o\u201d, se\u00f1al\u00f3 el municipio.<\/p>\n\n\n\n<p>Explica que de acuerdo al reporte de Comercio y Consumo, le decomisaron el carrito por ubicarse fuera del \u00e1rea asignada para vender pan.<\/p>\n\n\n\n<p>El gobierno local anunci\u00f3 que visitaron a Gregorio en su domicilio \u201cpara conocer sus necesidades y ofrecer los apoyos que pueda ocupar como adulto mayor\u201d.<\/p>\n\n\n\n<p>\u201cEntre los apoyos recibidos destacan la aplicaci\u00f3n de un estudio sociom\u00e9trico (para conocer sus necesidades), atenci\u00f3n m\u00e9dica y despensa\u201d, refiere.<\/p>\n\n\n\n<figure class=\"wp-block-image size-large\"><img loading=\"lazy\" decoding=\"async\" width=\"768\" height=\"1024\" src=\"https:\/\/kuali.com.mx\/web\/wp-content\/uploads\/2023\/09\/Regresan-carrito-768x1024.jpg\" alt=\"\" class=\"wp-image-125694\" srcset=\"https:\/\/kuali.com.mx\/web\/wp-content\/uploads\/2023\/09\/Regresan-carrito-768x1024.jpg 768w, https:\/\/kuali.com.mx\/web\/wp-content\/uploads\/2023\/09\/Regresan-carrito-225x300.jpg 225w, https:\/\/kuali.com.mx\/web\/wp-content\/uploads\/2023\/09\/Regresan-carrito-87x116.jpg 87w, https:\/\/kuali.com.mx\/web\/wp-content\/uploads\/2023\/09\/Regresan-carrito.jpg 960w\" sizes=\"auto, (max-width: 768px) 100vw, 768px\" \/><\/figure>\n","protected":false},"excerpt":{"rendered":"Carlos Garc\u00eda\/Le\u00f3n, Gto.-\u00a0 \u201c\u00a1Me quisiera matar!\u201d, exclam\u00f3 \u00a0Gregorio Becerra Mu\u00f1oz, comerciante ambulante de unos 70 a\u00f1os de edad, despu\u00e9s de que inspectores de la Direcci\u00f3n de Comercio y Consumo, del gobierno panista de Le\u00f3n, \u00a0confiscaron el carrito que usa para vender pan. La situaci\u00f3n indign\u00f3 a los ciudadanos que presenciaron el acto de autoridad. \u201cEste [&hellip;]","protected":false},"author":2,"featured_media":125688,"comment_status":"open","ping_status":"open","sticky":false,"template":"","format":"standard","meta":{"_seopress_robots_primary_cat":"none","_seopress_titles_title":"","_seopress_titles_desc":"","_seopress_robots_index":"","_monsterinsights_skip_tracking":false,"_monsterinsights_sitenote_active":false,"_monsterinsights_sitenote_note":"","_monsterinsights_sitenote_category":0,"footnotes":""},"categories":[14,69],"tags":[],"class_list":["post-125685","post","type-post","status-publish","format-standard","has-post-thumbnail","hentry","category-derechos","category-slider"],"yoast_head":"<!-- This site is optimized with the Yoast SEO plugin v27.4 - https:\/\/yoast.com\/product\/yoast-seo-wordpress\/ -->\n<title>&quot;\u00a1ME QUISIERA MATAR!&quot;: VENDEDOR DE LA TERCERA EDAD - Kuali<\/title>\n<meta name=\"robots\" content=\"index, follow, max-snippet:-1, max-image-preview:large, max-video-preview:-1\" \/>\n<link rel=\"canonical\" href=\"https:\/\/kuali.com.mx\/web\/2023\/09\/06\/me-quisiera-matar-vendedor-de-la-tercera-edad\/\" \/>\n<meta property=\"og:locale\" content=\"es_MX\" \/>\n<meta property=\"og:type\" content=\"article\" \/>\n<meta property=\"og:title\" content=\"&quot;\u00a1ME QUISIERA MATAR!&quot;: VENDEDOR DE LA TERCERA EDAD - Kuali\" \/>\n<meta property=\"og:description\" content=\"Carlos Garc\u00eda\/Le\u00f3n, Gto.-\u00a0 \u201c\u00a1Me quisiera matar!\u201d, exclam\u00f3 \u00a0Gregorio Becerra Mu\u00f1oz, comerciante ambulante de unos 70 a\u00f1os de edad, despu\u00e9s de que inspectores de la Direcci\u00f3n de Comercio y Consumo, del gobierno panista de Le\u00f3n, \u00a0confiscaron el carrito que usa para vender pan. La situaci\u00f3n indign\u00f3 a los ciudadanos que presenciaron el acto de autoridad. \u201cEste [&hellip;]\" \/>\n<meta property=\"og:url\" content=\"https:\/\/kuali.com.mx\/web\/2023\/09\/06\/me-quisiera-matar-vendedor-de-la-tercera-edad\/\" \/>\n<meta property=\"og:site_name\" content=\"Kuali\" \/>\n<meta property=\"article:publisher\" content=\"https:\/\/kuali.com.mx\/web\/wp-content\/uploads\/2018\/04\/cropped-kuali_logo-1-1.png\" \/>\n<meta property=\"article:published_time\" content=\"2023-09-06T23:05:12+00:00\" \/>\n<meta property=\"article:modified_time\" content=\"2023-10-09T14:22:18+00:00\" \/>\n<meta property=\"og:image\" content=\"https:\/\/kuali.com.mx\/web\/wp-content\/uploads\/2023\/09\/Gregorio-vendedor-tercera-edad.jpg\" \/>\n\t<meta property=\"og:image:width\" content=\"1713\" \/>\n\t<meta property=\"og:image:height\" content=\"750\" \/>\n\t<meta property=\"og:image:type\" content=\"image\/jpeg\" \/>\n<meta name=\"author\" content=\"Kuali Staff\" \/>\n<meta name=\"twitter:card\" content=\"summary_large_image\" \/>\n<meta name=\"twitter:creator\" content=\"@kuali_noticias\" \/>\n<meta name=\"twitter:site\" content=\"@kuali_noticias\" \/>\n<meta name=\"twitter:label1\" content=\"Escrito por\" \/>\n\t<meta name=\"twitter:data1\" content=\"Kuali Staff\" \/>\n\t<meta name=\"twitter:label2\" content=\"Tiempo de lectura\" \/>\n\t<meta name=\"twitter:data2\" content=\"3 minutos\" \/>\n<script type=\"application\/ld+json\" class=\"yoast-schema-graph\">{\"@context\":\"https:\\\/\\\/schema.org\",\"@graph\":[{\"@type\":\"Article\",\"@id\":\"https:\\\/\\\/kuali.com.mx\\\/web\\\/2023\\\/09\\\/06\\\/me-quisiera-matar-vendedor-de-la-tercera-edad\\\/#article\",\"isPartOf\":{\"@id\":\"https:\\\/\\\/kuali.com.mx\\\/web\\\/2023\\\/09\\\/06\\\/me-quisiera-matar-vendedor-de-la-tercera-edad\\\/\"},\"author\":{\"name\":\"Kuali Staff\",\"@id\":\"https:\\\/\\\/kuali.com.mx\\\/web\\\/#\\\/schema\\\/person\\\/6f89ffa8ecba9dae50662357923c5289\"},\"headline\":\"&#8220;\u00a1ME QUISIERA MATAR!&#8221;: VENDEDOR DE LA TERCERA EDAD\",\"datePublished\":\"2023-09-06T23:05:12+00:00\",\"dateModified\":\"2023-10-09T14:22:18+00:00\",\"mainEntityOfPage\":{\"@id\":\"https:\\\/\\\/kuali.com.mx\\\/web\\\/2023\\\/09\\\/06\\\/me-quisiera-matar-vendedor-de-la-tercera-edad\\\/\"},\"wordCount\":616,\"commentCount\":0,\"image\":{\"@id\":\"https:\\\/\\\/kuali.com.mx\\\/web\\\/2023\\\/09\\\/06\\\/me-quisiera-matar-vendedor-de-la-tercera-edad\\\/#primaryimage\"},\"thumbnailUrl\":\"https:\\\/\\\/kuali.com.mx\\\/web\\\/wp-content\\\/uploads\\\/2023\\\/09\\\/Gregorio-vendedor-tercera-edad.jpg\",\"articleSection\":[\"Derechos Humanos\",\"slider\"],\"inLanguage\":\"es\",\"potentialAction\":[{\"@type\":\"CommentAction\",\"name\":\"Comment\",\"target\":[\"https:\\\/\\\/kuali.com.mx\\\/web\\\/2023\\\/09\\\/06\\\/me-quisiera-matar-vendedor-de-la-tercera-edad\\\/#respond\"]}]},{\"@type\":\"WebPage\",\"@id\":\"https:\\\/\\\/kuali.com.mx\\\/web\\\/2023\\\/09\\\/06\\\/me-quisiera-matar-vendedor-de-la-tercera-edad\\\/\",\"url\":\"https:\\\/\\\/kuali.com.mx\\\/web\\\/2023\\\/09\\\/06\\\/me-quisiera-matar-vendedor-de-la-tercera-edad\\\/\",\"name\":\"\\\"\u00a1ME QUISIERA MATAR!\\\": VENDEDOR DE LA TERCERA EDAD - Kuali\",\"isPartOf\":{\"@id\":\"https:\\\/\\\/kuali.com.mx\\\/web\\\/#website\"},\"primaryImageOfPage\":{\"@id\":\"https:\\\/\\\/kuali.com.mx\\\/web\\\/2023\\\/09\\\/06\\\/me-quisiera-matar-vendedor-de-la-tercera-edad\\\/#primaryimage\"},\"image\":{\"@id\":\"https:\\\/\\\/kuali.com.mx\\\/web\\\/2023\\\/09\\\/06\\\/me-quisiera-matar-vendedor-de-la-tercera-edad\\\/#primaryimage\"},\"thumbnailUrl\":\"https:\\\/\\\/kuali.com.mx\\\/web\\\/wp-content\\\/uploads\\\/2023\\\/09\\\/Gregorio-vendedor-tercera-edad.jpg\",\"datePublished\":\"2023-09-06T23:05:12+00:00\",\"dateModified\":\"2023-10-09T14:22:18+00:00\",\"author\":{\"@id\":\"https:\\\/\\\/kuali.com.mx\\\/web\\\/#\\\/schema\\\/person\\\/6f89ffa8ecba9dae50662357923c5289\"},\"breadcrumb\":{\"@id\":\"https:\\\/\\\/kuali.com.mx\\\/web\\\/2023\\\/09\\\/06\\\/me-quisiera-matar-vendedor-de-la-tercera-edad\\\/#breadcrumb\"},\"inLanguage\":\"es\",\"potentialAction\":[{\"@type\":\"ReadAction\",\"target\":[\"https:\\\/\\\/kuali.com.mx\\\/web\\\/2023\\\/09\\\/06\\\/me-quisiera-matar-vendedor-de-la-tercera-edad\\\/\"]}]},{\"@type\":\"ImageObject\",\"inLanguage\":\"es\",\"@id\":\"https:\\\/\\\/kuali.com.mx\\\/web\\\/2023\\\/09\\\/06\\\/me-quisiera-matar-vendedor-de-la-tercera-edad\\\/#primaryimage\",\"url\":\"https:\\\/\\\/kuali.com.mx\\\/web\\\/wp-content\\\/uploads\\\/2023\\\/09\\\/Gregorio-vendedor-tercera-edad.jpg\",\"contentUrl\":\"https:\\\/\\\/kuali.com.mx\\\/web\\\/wp-content\\\/uploads\\\/2023\\\/09\\\/Gregorio-vendedor-tercera-edad.jpg\",\"width\":1713,\"height\":750},{\"@type\":\"BreadcrumbList\",\"@id\":\"https:\\\/\\\/kuali.com.mx\\\/web\\\/2023\\\/09\\\/06\\\/me-quisiera-matar-vendedor-de-la-tercera-edad\\\/#breadcrumb\",\"itemListElement\":[{\"@type\":\"ListItem\",\"position\":1,\"name\":\"Inicio\",\"item\":\"https:\\\/\\\/kuali.com.mx\\\/web\\\/\"},{\"@type\":\"ListItem\",\"position\":2,\"name\":\"&#8220;\u00a1ME QUISIERA MATAR!&#8221;: VENDEDOR DE LA TERCERA EDAD\"}]},{\"@type\":\"WebSite\",\"@id\":\"https:\\\/\\\/kuali.com.mx\\\/web\\\/#website\",\"url\":\"https:\\\/\\\/kuali.com.mx\\\/web\\\/\",\"name\":\"Kuali\",\"description\":\"\",\"potentialAction\":[{\"@type\":\"SearchAction\",\"target\":{\"@type\":\"EntryPoint\",\"urlTemplate\":\"https:\\\/\\\/kuali.com.mx\\\/web\\\/?s={search_term_string}\"},\"query-input\":{\"@type\":\"PropertyValueSpecification\",\"valueRequired\":true,\"valueName\":\"search_term_string\"}}],\"inLanguage\":\"es\"},{\"@type\":\"Person\",\"@id\":\"https:\\\/\\\/kuali.com.mx\\\/web\\\/#\\\/schema\\\/person\\\/6f89ffa8ecba9dae50662357923c5289\",\"name\":\"Kuali Staff\",\"image\":{\"@type\":\"ImageObject\",\"inLanguage\":\"es\",\"@id\":\"https:\\\/\\\/secure.gravatar.com\\\/avatar\\\/f917ad82e5ab71227a733c78b6e60715476f69ee6be59feee4eb5d9920c89e0f?s=96&d=mm&r=g\",\"url\":\"https:\\\/\\\/secure.gravatar.com\\\/avatar\\\/f917ad82e5ab71227a733c78b6e60715476f69ee6be59feee4eb5d9920c89e0f?s=96&d=mm&r=g\",\"contentUrl\":\"https:\\\/\\\/secure.gravatar.com\\\/avatar\\\/f917ad82e5ab71227a733c78b6e60715476f69ee6be59feee4eb5d9920c89e0f?s=96&d=mm&r=g\",\"caption\":\"Kuali Staff\"},\"url\":\"https:\\\/\\\/kuali.com.mx\\\/web\\\/author\\\/lagarto\\\/\"}]}<\/script>\n<!-- \/ Yoast SEO plugin. -->","yoast_head_json":{"title":"\"\u00a1ME QUISIERA MATAR!\": VENDEDOR DE LA TERCERA EDAD - Kuali","robots":{"index":"index","follow":"follow","max-snippet":"max-snippet:-1","max-image-preview":"max-image-preview:large","max-video-preview":"max-video-preview:-1"},"canonical":"https:\/\/kuali.com.mx\/web\/2023\/09\/06\/me-quisiera-matar-vendedor-de-la-tercera-edad\/","og_locale":"es_MX","og_type":"article","og_title":"\"\u00a1ME QUISIERA MATAR!\": VENDEDOR DE LA TERCERA EDAD - Kuali","og_description":"Carlos Garc\u00eda\/Le\u00f3n, Gto.-\u00a0 \u201c\u00a1Me quisiera matar!\u201d, exclam\u00f3 \u00a0Gregorio Becerra Mu\u00f1oz, comerciante ambulante de unos 70 a\u00f1os de edad, despu\u00e9s de que inspectores de la Direcci\u00f3n de Comercio y Consumo, del gobierno panista de Le\u00f3n, \u00a0confiscaron el carrito que usa para vender pan. La situaci\u00f3n indign\u00f3 a los ciudadanos que presenciaron el acto de autoridad. \u201cEste [&hellip;]","og_url":"https:\/\/kuali.com.mx\/web\/2023\/09\/06\/me-quisiera-matar-vendedor-de-la-tercera-edad\/","og_site_name":"Kuali","article_publisher":"https:\/\/kuali.com.mx\/web\/wp-content\/uploads\/2018\/04\/cropped-kuali_logo-1-1.png","article_published_time":"2023-09-06T23:05:12+00:00","article_modified_time":"2023-10-09T14:22:18+00:00","og_image":[{"width":1713,"height":750,"url":"https:\/\/kuali.com.mx\/web\/wp-content\/uploads\/2023\/09\/Gregorio-vendedor-tercera-edad.jpg","type":"image\/jpeg"}],"author":"Kuali Staff","twitter_card":"summary_large_image","twitter_creator":"@kuali_noticias","twitter_site":"@kuali_noticias","twitter_misc":{"Escrito por":"Kuali Staff","Tiempo de lectura":"3 minutos"},"schema":{"@context":"https:\/\/schema.org","@graph":[{"@type":"Article","@id":"https:\/\/kuali.com.mx\/web\/2023\/09\/06\/me-quisiera-matar-vendedor-de-la-tercera-edad\/#article","isPartOf":{"@id":"https:\/\/kuali.com.mx\/web\/2023\/09\/06\/me-quisiera-matar-vendedor-de-la-tercera-edad\/"},"author":{"name":"Kuali Staff","@id":"https:\/\/kuali.com.mx\/web\/#\/schema\/person\/6f89ffa8ecba9dae50662357923c5289"},"headline":"&#8220;\u00a1ME QUISIERA MATAR!&#8221;: VENDEDOR DE LA TERCERA EDAD","datePublished":"2023-09-06T23:05:12+00:00","dateModified":"2023-10-09T14:22:18+00:00","mainEntityOfPage":{"@id":"https:\/\/kuali.com.mx\/web\/2023\/09\/06\/me-quisiera-matar-vendedor-de-la-tercera-edad\/"},"wordCount":616,"commentCount":0,"image":{"@id":"https:\/\/kuali.com.mx\/web\/2023\/09\/06\/me-quisiera-matar-vendedor-de-la-tercera-edad\/#primaryimage"},"thumbnailUrl":"https:\/\/kuali.com.mx\/web\/wp-content\/uploads\/2023\/09\/Gregorio-vendedor-tercera-edad.jpg","articleSection":["Derechos Humanos","slider"],"inLanguage":"es","potentialAction":[{"@type":"CommentAction","name":"Comment","target":["https:\/\/kuali.com.mx\/web\/2023\/09\/06\/me-quisiera-matar-vendedor-de-la-tercera-edad\/#respond"]}]},{"@type":"WebPage","@id":"https:\/\/kuali.com.mx\/web\/2023\/09\/06\/me-quisiera-matar-vendedor-de-la-tercera-edad\/","url":"https:\/\/kuali.com.mx\/web\/2023\/09\/06\/me-quisiera-matar-vendedor-de-la-tercera-edad\/","name":"\"\u00a1ME QUISIERA MATAR!\": VENDEDOR DE LA TERCERA EDAD - Kuali","isPartOf":{"@id":"https:\/\/kuali.com.mx\/web\/#website"},"primaryImageOfPage":{"@id":"https:\/\/kuali.com.mx\/web\/2023\/09\/06\/me-quisiera-matar-vendedor-de-la-tercera-edad\/#primaryimage"},"image":{"@id":"https:\/\/kuali.com.mx\/web\/2023\/09\/06\/me-quisiera-matar-vendedor-de-la-tercera-edad\/#primaryimage"},"thumbnailUrl":"https:\/\/kuali.com.mx\/web\/wp-content\/uploads\/2023\/09\/Gregorio-vendedor-tercera-edad.jpg","datePublished":"2023-09-06T23:05:12+00:00","dateModified":"2023-10-09T14:22:18+00:00","author":{"@id":"https:\/\/kuali.com.mx\/web\/#\/schema\/person\/6f89ffa8ecba9dae50662357923c5289"},"breadcrumb":{"@id":"https:\/\/kuali.com.mx\/web\/2023\/09\/06\/me-quisiera-matar-vendedor-de-la-tercera-edad\/#breadcrumb"},"inLanguage":"es","potentialAction":[{"@type":"ReadAction","target":["https:\/\/kuali.com.mx\/web\/2023\/09\/06\/me-quisiera-matar-vendedor-de-la-tercera-edad\/"]}]},{"@type":"ImageObject","inLanguage":"es","@id":"https:\/\/kuali.com.mx\/web\/2023\/09\/06\/me-quisiera-matar-vendedor-de-la-tercera-edad\/#primaryimage","url":"https:\/\/kuali.com.mx\/web\/wp-content\/uploads\/2023\/09\/Gregorio-vendedor-tercera-edad.jpg","contentUrl":"https:\/\/kuali.com.mx\/web\/wp-content\/uploads\/2023\/09\/Gregorio-vendedor-tercera-edad.jpg","width":1713,"height":750},{"@type":"BreadcrumbList","@id":"https:\/\/kuali.com.mx\/web\/2023\/09\/06\/me-quisiera-matar-vendedor-de-la-tercera-edad\/#breadcrumb","itemListElement":[{"@type":"ListItem","position":1,"name":"Inicio","item":"https:\/\/kuali.com.mx\/web\/"},{"@type":"ListItem","position":2,"name":"&#8220;\u00a1ME QUISIERA MATAR!&#8221;: VENDEDOR DE LA TERCERA EDAD"}]},{"@type":"WebSite","@id":"https:\/\/kuali.com.mx\/web\/#website","url":"https:\/\/kuali.com.mx\/web\/","name":"Kuali","description":"","potentialAction":[{"@type":"SearchAction","target":{"@type":"EntryPoint","urlTemplate":"https:\/\/kuali.com.mx\/web\/?s={search_term_string}"},"query-input":{"@type":"PropertyValueSpecification","valueRequired":true,"valueName":"search_term_string"}}],"inLanguage":"es"},{"@type":"Person","@id":"https:\/\/kuali.com.mx\/web\/#\/schema\/person\/6f89ffa8ecba9dae50662357923c5289","name":"Kuali Staff","image":{"@type":"ImageObject","inLanguage":"es","@id":"https:\/\/secure.gravatar.com\/avatar\/f917ad82e5ab71227a733c78b6e60715476f69ee6be59feee4eb5d9920c89e0f?s=96&d=mm&r=g","url":"https:\/\/secure.gravatar.com\/avatar\/f917ad82e5ab71227a733c78b6e60715476f69ee6be59feee4eb5d9920c89e0f?s=96&d=mm&r=g","contentUrl":"https:\/\/secure.gravatar.com\/avatar\/f917ad82e5ab71227a733c78b6e60715476f69ee6be59feee4eb5d9920c89e0f?s=96&d=mm&r=g","caption":"Kuali Staff"},"url":"https:\/\/kuali.com.mx\/web\/author\/lagarto\/"}]}},"_links":{"self":[{"href":"https:\/\/kuali.com.mx\/web\/wp-json\/wp\/v2\/posts\/125685","targetHints":{"allow":["GET"]}}],"collection":[{"href":"https:\/\/kuali.com.mx\/web\/wp-json\/wp\/v2\/posts"}],"about":[{"href":"https:\/\/kuali.com.mx\/web\/wp-json\/wp\/v2\/types\/post"}],"author":[{"embeddable":true,"href":"https:\/\/kuali.com.mx\/web\/wp-json\/wp\/v2\/users\/2"}],"replies":[{"embeddable":true,"href":"https:\/\/kuali.com.mx\/web\/wp-json\/wp\/v2\/comments?post=125685"}],"version-history":[{"count":5,"href":"https:\/\/kuali.com.mx\/web\/wp-json\/wp\/v2\/posts\/125685\/revisions"}],"predecessor-version":[{"id":127795,"href":"https:\/\/kuali.com.mx\/web\/wp-json\/wp\/v2\/posts\/125685\/revisions\/127795"}],"wp:featuredmedia":[{"embeddable":true,"href":"https:\/\/kuali.com.mx\/web\/wp-json\/wp\/v2\/media\/125688"}],"wp:attachment":[{"href":"https:\/\/kuali.com.mx\/web\/wp-json\/wp\/v2\/media?parent=125685"}],"wp:term":[{"taxonomy":"category","embeddable":true,"href":"https:\/\/kuali.com.mx\/web\/wp-json\/wp\/v2\/categories?post=125685"},{"taxonomy":"post_tag","embeddable":true,"href":"https:\/\/kuali.com.mx\/web\/wp-json\/wp\/v2\/tags?post=125685"}],"curies":[{"name":"wp","href":"https:\/\/api.w.org\/{rel}","templated":true}]}}