{"id":125493,"date":"2023-09-02T22:49:11","date_gmt":"2023-09-03T04:49:11","guid":{"rendered":"https:\/\/kuali.com.mx\/web\/?p=125493"},"modified":"2023-09-02T22:49:13","modified_gmt":"2023-09-03T04:49:13","slug":"sera-reforzada-la-seguridad-alcaldesa","status":"publish","type":"post","link":"https:\/\/kuali.com.mx\/web\/2023\/09\/02\/sera-reforzada-la-seguridad-alcaldesa\/","title":{"rendered":"SER\u00c1 REFORZADA LA SEGURIDAD: ALCALDESA"},"content":{"rendered":"\n<p><strong><em>Kuali\/Le\u00f3n, Gto.-<\/em><\/strong>La alcaldesa de Le\u00f3n, Alejandra Guti\u00e9rrez Campos, anunci\u00f3 que orden\u00f3 reforzar la seguridad y que est\u00e1 participando en los operativos \"para ver de forma directa la problem\u00e1tica que tiene la gente\".<\/p>\n\n\n\n<p>\"S\u00ed vamos a apretarle en rondines y equipamiento, se est\u00e1n comprando m\u00e1s patrullas y ya est\u00e1n operando otras que se compraron. Ayer termin\u00e9 operativo muy tarde porque estuvimos en la calle con las nuevas patrullas, y me compromet\u00ed que iba a estar con ellas en operativo para escuchar a la ciudadan\u00eda\", dijo en \"Mi Barrio Habla\", realizado en El Coecillo..<\/p>\n\n\n\n<p>\"Anduve con la lista pasando sello para ver de forma directa la problem\u00e1tica que tiene la gente, pero esa no es la soluci\u00f3n, la soluci\u00f3n es de fondo porque si queremos que esta ciudad cambie, debemos entender que todos debemos hacer algo y debemos apostarle a la prevenci\u00f3n\".<\/p>\n\n\n\n<p>Destac\u00f3 que hay mucha gente que no da la cara en el tema de seguridad, y en su caso ella nunca se esconde.<\/p>\n\n\n\n<p>\"Mi compromiso es estar aqu\u00ed y seguir escuchando. Sabemos que tenemos problemas desde hace mucho tiempo, no es de ahora, son muchos a\u00f1os, muchos temas que se vienen complicando con la educaci\u00f3n, la formaci\u00f3n y la parte familiar\", recalc\u00f3.<\/p>\n\n\n\n<p>Ale Guti\u00e9rrez reconoci\u00f3 que debemos ser realistas y entender la problem\u00e1tica que existe para ponernos a \"chambear\" porque, al final, la seguridad la hacemos todos.<\/p>\n\n\n\n<p>\"Todo empieza de la casa y de la familia, por eso tenemos que pensar qu\u00e9 vamos a hacer entre todos para cambiar la realidad que hoy tenemos\".<\/p>\n\n\n\n<p>Y es que desde su punto de vista, cuando se une el trabajo y la voluntad del gobierno, los empresarios y la sociedad se construye un mejor municipio.<\/p>\n\n\n\n<p>\"Aqu\u00ed tenemos que apretarle a la educaci\u00f3n, a la cultura, al deporte porque mientras haya m\u00e1s actividades productivas y mejor preparados est\u00e9n y m\u00e1s ilusiones tengan de tener una mejor sociedad, las cosas van a cambiar, tenemos que tener fe, esperanza, tenemos que so\u00f1ar por un mejor Le\u00f3n.<\/p>\n\n\n\n<p>La presidenta municipal reiter\u00f3 que el gobierno tiene triple responsabilidad porque son los que tienen que brindar las herramientas necesarias para que la ciudadan\u00eda leonesa pueda acceder a una mejor calidad de vida.<\/p>\n\n\n\n<p>En ese sentido, coment\u00f3 que para este a\u00f1o se invertir\u00e1 un presupuesto hist\u00f3rico para la construcci\u00f3n de m\u00e1s de 550 obras, algunas de ellas fueron elegidas por los propios leoneses a trav\u00e9s del Presupuesto Participativo.<\/p>\n\n\n\n<p>Ale Guti\u00e9rrez reconoci\u00f3 que a\u00fan hay muchos retos por resolver, sin embargo dijo que el gobierno no se queda de brazos cruzados y todos los d\u00edas trabaja 24\/7 para poder construir un mejor municipio.<\/p>\n\n\n\n<p>La se\u00f1ora Ma. Concepci\u00f3n G\u00f3mez, secretaria general del conjunto habitacional El Coecillo, agradeci\u00f3 a Ale Guti\u00e9rrez por llevar Mi Barrio Habla hasta su colonia, pues se\u00f1al\u00f3 que de esa manera se avanza en la resoluci\u00f3n de los problemas.<\/p>\n\n\n\n<p>\u201cSabemos las necesidades que tiene esta colonia y esperemos que con este espacio de Mi Barrio Habla puedan ser atendidas en la medida de lo posible para de esa manera generar espacios seguros y dignos para chicos y grandes y as\u00ed favorecer la sana convivencia\u201d, coment\u00f3.<\/p>\n\n\n\n<p>Para finalizar, Ale Guti\u00e9rrez invit\u00f3 a los ciudadanos a participar en el Segundo Informe de Gobierno para que puedan conocer c\u00f3mo ha avanzado el municipio gracias al trabajo de todos.<\/p>\n","protected":false},"excerpt":{"rendered":"Kuali\/Le\u00f3n, Gto.-La alcaldesa de Le\u00f3n, Alejandra Guti\u00e9rrez Campos, anunci\u00f3 que orden\u00f3 reforzar la seguridad y que est\u00e1 participando en los operativos \"para ver de forma directa la problem\u00e1tica que tiene la gente\". \"S\u00ed vamos a apretarle en rondines y equipamiento, se est\u00e1n comprando m\u00e1s patrullas y ya est\u00e1n operando otras que se compraron. Ayer termin\u00e9 [&hellip;]","protected":false},"author":2,"featured_media":125496,"comment_status":"open","ping_status":"open","sticky":false,"template":"","format":"standard","meta":{"_seopress_robots_primary_cat":"none","_seopress_titles_title":"","_seopress_titles_desc":"","_seopress_robots_index":"","_monsterinsights_skip_tracking":false,"_monsterinsights_sitenote_active":false,"_monsterinsights_sitenote_note":"","_monsterinsights_sitenote_category":0,"footnotes":""},"categories":[3],"tags":[],"class_list":["post-125493","post","type-post","status-publish","format-standard","has-post-thumbnail","hentry","category-politica"],"yoast_head":"<!-- This site is optimized with the Yoast SEO plugin v27.4 - https:\/\/yoast.com\/product\/yoast-seo-wordpress\/ -->\n<title>SER\u00c1 REFORZADA LA SEGURIDAD: ALCALDESA - Kuali<\/title>\n<meta name=\"robots\" content=\"index, follow, max-snippet:-1, max-image-preview:large, max-video-preview:-1\" \/>\n<link rel=\"canonical\" href=\"https:\/\/kuali.com.mx\/web\/2023\/09\/02\/sera-reforzada-la-seguridad-alcaldesa\/\" \/>\n<meta property=\"og:locale\" content=\"es_MX\" \/>\n<meta property=\"og:type\" content=\"article\" \/>\n<meta property=\"og:title\" content=\"SER\u00c1 REFORZADA LA SEGURIDAD: ALCALDESA - Kuali\" \/>\n<meta property=\"og:description\" content=\"Kuali\/Le\u00f3n, Gto.-La alcaldesa de Le\u00f3n, Alejandra Guti\u00e9rrez Campos, anunci\u00f3 que orden\u00f3 reforzar la seguridad y que est\u00e1 participando en los operativos &quot;para ver de forma directa la problem\u00e1tica que tiene la gente&quot;. &quot;S\u00ed vamos a apretarle en rondines y equipamiento, se est\u00e1n comprando m\u00e1s patrullas y ya est\u00e1n operando otras que se compraron. Ayer termin\u00e9 [&hellip;]\" \/>\n<meta property=\"og:url\" content=\"https:\/\/kuali.com.mx\/web\/2023\/09\/02\/sera-reforzada-la-seguridad-alcaldesa\/\" \/>\n<meta property=\"og:site_name\" content=\"Kuali\" \/>\n<meta property=\"article:publisher\" content=\"https:\/\/kuali.com.mx\/web\/wp-content\/uploads\/2018\/04\/cropped-kuali_logo-1-1.png\" \/>\n<meta property=\"article:published_time\" content=\"2023-09-03T04:49:11+00:00\" \/>\n<meta property=\"article:modified_time\" content=\"2023-09-03T04:49:13+00:00\" \/>\n<meta property=\"og:image\" content=\"https:\/\/kuali.com.mx\/web\/wp-content\/uploads\/2023\/09\/Alejandra-Gtz-scaled.jpg\" \/>\n\t<meta property=\"og:image:width\" content=\"2560\" \/>\n\t<meta property=\"og:image:height\" content=\"1890\" \/>\n\t<meta property=\"og:image:type\" content=\"image\/jpeg\" \/>\n<meta name=\"author\" content=\"Kuali Staff\" \/>\n<meta name=\"twitter:card\" content=\"summary_large_image\" \/>\n<meta name=\"twitter:creator\" content=\"@kuali_noticias\" \/>\n<meta name=\"twitter:site\" content=\"@kuali_noticias\" \/>\n<meta name=\"twitter:label1\" content=\"Escrito por\" \/>\n\t<meta name=\"twitter:data1\" content=\"Kuali Staff\" \/>\n\t<meta name=\"twitter:label2\" content=\"Tiempo de lectura\" \/>\n\t<meta name=\"twitter:data2\" content=\"3 minutos\" \/>\n<script type=\"application\/ld+json\" class=\"yoast-schema-graph\">{\"@context\":\"https:\\\/\\\/schema.org\",\"@graph\":[{\"@type\":\"Article\",\"@id\":\"https:\\\/\\\/kuali.com.mx\\\/web\\\/2023\\\/09\\\/02\\\/sera-reforzada-la-seguridad-alcaldesa\\\/#article\",\"isPartOf\":{\"@id\":\"https:\\\/\\\/kuali.com.mx\\\/web\\\/2023\\\/09\\\/02\\\/sera-reforzada-la-seguridad-alcaldesa\\\/\"},\"author\":{\"name\":\"Kuali Staff\",\"@id\":\"https:\\\/\\\/kuali.com.mx\\\/web\\\/#\\\/schema\\\/person\\\/6f89ffa8ecba9dae50662357923c5289\"},\"headline\":\"SER\u00c1 REFORZADA LA SEGURIDAD: ALCALDESA\",\"datePublished\":\"2023-09-03T04:49:11+00:00\",\"dateModified\":\"2023-09-03T04:49:13+00:00\",\"mainEntityOfPage\":{\"@id\":\"https:\\\/\\\/kuali.com.mx\\\/web\\\/2023\\\/09\\\/02\\\/sera-reforzada-la-seguridad-alcaldesa\\\/\"},\"wordCount\":592,\"commentCount\":0,\"image\":{\"@id\":\"https:\\\/\\\/kuali.com.mx\\\/web\\\/2023\\\/09\\\/02\\\/sera-reforzada-la-seguridad-alcaldesa\\\/#primaryimage\"},\"thumbnailUrl\":\"https:\\\/\\\/kuali.com.mx\\\/web\\\/wp-content\\\/uploads\\\/2023\\\/09\\\/Alejandra-Gtz-scaled.jpg\",\"articleSection\":[\"Pol\u00edtica\"],\"inLanguage\":\"es\",\"potentialAction\":[{\"@type\":\"CommentAction\",\"name\":\"Comment\",\"target\":[\"https:\\\/\\\/kuali.com.mx\\\/web\\\/2023\\\/09\\\/02\\\/sera-reforzada-la-seguridad-alcaldesa\\\/#respond\"]}]},{\"@type\":\"WebPage\",\"@id\":\"https:\\\/\\\/kuali.com.mx\\\/web\\\/2023\\\/09\\\/02\\\/sera-reforzada-la-seguridad-alcaldesa\\\/\",\"url\":\"https:\\\/\\\/kuali.com.mx\\\/web\\\/2023\\\/09\\\/02\\\/sera-reforzada-la-seguridad-alcaldesa\\\/\",\"name\":\"SER\u00c1 REFORZADA LA SEGURIDAD: ALCALDESA - Kuali\",\"isPartOf\":{\"@id\":\"https:\\\/\\\/kuali.com.mx\\\/web\\\/#website\"},\"primaryImageOfPage\":{\"@id\":\"https:\\\/\\\/kuali.com.mx\\\/web\\\/2023\\\/09\\\/02\\\/sera-reforzada-la-seguridad-alcaldesa\\\/#primaryimage\"},\"image\":{\"@id\":\"https:\\\/\\\/kuali.com.mx\\\/web\\\/2023\\\/09\\\/02\\\/sera-reforzada-la-seguridad-alcaldesa\\\/#primaryimage\"},\"thumbnailUrl\":\"https:\\\/\\\/kuali.com.mx\\\/web\\\/wp-content\\\/uploads\\\/2023\\\/09\\\/Alejandra-Gtz-scaled.jpg\",\"datePublished\":\"2023-09-03T04:49:11+00:00\",\"dateModified\":\"2023-09-03T04:49:13+00:00\",\"author\":{\"@id\":\"https:\\\/\\\/kuali.com.mx\\\/web\\\/#\\\/schema\\\/person\\\/6f89ffa8ecba9dae50662357923c5289\"},\"breadcrumb\":{\"@id\":\"https:\\\/\\\/kuali.com.mx\\\/web\\\/2023\\\/09\\\/02\\\/sera-reforzada-la-seguridad-alcaldesa\\\/#breadcrumb\"},\"inLanguage\":\"es\",\"potentialAction\":[{\"@type\":\"ReadAction\",\"target\":[\"https:\\\/\\\/kuali.com.mx\\\/web\\\/2023\\\/09\\\/02\\\/sera-reforzada-la-seguridad-alcaldesa\\\/\"]}]},{\"@type\":\"ImageObject\",\"inLanguage\":\"es\",\"@id\":\"https:\\\/\\\/kuali.com.mx\\\/web\\\/2023\\\/09\\\/02\\\/sera-reforzada-la-seguridad-alcaldesa\\\/#primaryimage\",\"url\":\"https:\\\/\\\/kuali.com.mx\\\/web\\\/wp-content\\\/uploads\\\/2023\\\/09\\\/Alejandra-Gtz-scaled.jpg\",\"contentUrl\":\"https:\\\/\\\/kuali.com.mx\\\/web\\\/wp-content\\\/uploads\\\/2023\\\/09\\\/Alejandra-Gtz-scaled.jpg\",\"width\":2560,\"height\":1890},{\"@type\":\"BreadcrumbList\",\"@id\":\"https:\\\/\\\/kuali.com.mx\\\/web\\\/2023\\\/09\\\/02\\\/sera-reforzada-la-seguridad-alcaldesa\\\/#breadcrumb\",\"itemListElement\":[{\"@type\":\"ListItem\",\"position\":1,\"name\":\"Inicio\",\"item\":\"https:\\\/\\\/kuali.com.mx\\\/web\\\/\"},{\"@type\":\"ListItem\",\"position\":2,\"name\":\"SER\u00c1 REFORZADA LA SEGURIDAD: ALCALDESA\"}]},{\"@type\":\"WebSite\",\"@id\":\"https:\\\/\\\/kuali.com.mx\\\/web\\\/#website\",\"url\":\"https:\\\/\\\/kuali.com.mx\\\/web\\\/\",\"name\":\"Kuali\",\"description\":\"\",\"potentialAction\":[{\"@type\":\"SearchAction\",\"target\":{\"@type\":\"EntryPoint\",\"urlTemplate\":\"https:\\\/\\\/kuali.com.mx\\\/web\\\/?s={search_term_string}\"},\"query-input\":{\"@type\":\"PropertyValueSpecification\",\"valueRequired\":true,\"valueName\":\"search_term_string\"}}],\"inLanguage\":\"es\"},{\"@type\":\"Person\",\"@id\":\"https:\\\/\\\/kuali.com.mx\\\/web\\\/#\\\/schema\\\/person\\\/6f89ffa8ecba9dae50662357923c5289\",\"name\":\"Kuali Staff\",\"image\":{\"@type\":\"ImageObject\",\"inLanguage\":\"es\",\"@id\":\"https:\\\/\\\/secure.gravatar.com\\\/avatar\\\/f917ad82e5ab71227a733c78b6e60715476f69ee6be59feee4eb5d9920c89e0f?s=96&d=mm&r=g\",\"url\":\"https:\\\/\\\/secure.gravatar.com\\\/avatar\\\/f917ad82e5ab71227a733c78b6e60715476f69ee6be59feee4eb5d9920c89e0f?s=96&d=mm&r=g\",\"contentUrl\":\"https:\\\/\\\/secure.gravatar.com\\\/avatar\\\/f917ad82e5ab71227a733c78b6e60715476f69ee6be59feee4eb5d9920c89e0f?s=96&d=mm&r=g\",\"caption\":\"Kuali Staff\"},\"url\":\"https:\\\/\\\/kuali.com.mx\\\/web\\\/author\\\/lagarto\\\/\"}]}<\/script>\n<!-- \/ Yoast SEO plugin. -->","yoast_head_json":{"title":"SER\u00c1 REFORZADA LA SEGURIDAD: ALCALDESA - Kuali","robots":{"index":"index","follow":"follow","max-snippet":"max-snippet:-1","max-image-preview":"max-image-preview:large","max-video-preview":"max-video-preview:-1"},"canonical":"https:\/\/kuali.com.mx\/web\/2023\/09\/02\/sera-reforzada-la-seguridad-alcaldesa\/","og_locale":"es_MX","og_type":"article","og_title":"SER\u00c1 REFORZADA LA SEGURIDAD: ALCALDESA - Kuali","og_description":"Kuali\/Le\u00f3n, Gto.-La alcaldesa de Le\u00f3n, Alejandra Guti\u00e9rrez Campos, anunci\u00f3 que orden\u00f3 reforzar la seguridad y que est\u00e1 participando en los operativos \"para ver de forma directa la problem\u00e1tica que tiene la gente\". \"S\u00ed vamos a apretarle en rondines y equipamiento, se est\u00e1n comprando m\u00e1s patrullas y ya est\u00e1n operando otras que se compraron. Ayer termin\u00e9 [&hellip;]","og_url":"https:\/\/kuali.com.mx\/web\/2023\/09\/02\/sera-reforzada-la-seguridad-alcaldesa\/","og_site_name":"Kuali","article_publisher":"https:\/\/kuali.com.mx\/web\/wp-content\/uploads\/2018\/04\/cropped-kuali_logo-1-1.png","article_published_time":"2023-09-03T04:49:11+00:00","article_modified_time":"2023-09-03T04:49:13+00:00","og_image":[{"width":2560,"height":1890,"url":"https:\/\/kuali.com.mx\/web\/wp-content\/uploads\/2023\/09\/Alejandra-Gtz-scaled.jpg","type":"image\/jpeg"}],"author":"Kuali Staff","twitter_card":"summary_large_image","twitter_creator":"@kuali_noticias","twitter_site":"@kuali_noticias","twitter_misc":{"Escrito por":"Kuali Staff","Tiempo de lectura":"3 minutos"},"schema":{"@context":"https:\/\/schema.org","@graph":[{"@type":"Article","@id":"https:\/\/kuali.com.mx\/web\/2023\/09\/02\/sera-reforzada-la-seguridad-alcaldesa\/#article","isPartOf":{"@id":"https:\/\/kuali.com.mx\/web\/2023\/09\/02\/sera-reforzada-la-seguridad-alcaldesa\/"},"author":{"name":"Kuali Staff","@id":"https:\/\/kuali.com.mx\/web\/#\/schema\/person\/6f89ffa8ecba9dae50662357923c5289"},"headline":"SER\u00c1 REFORZADA LA SEGURIDAD: ALCALDESA","datePublished":"2023-09-03T04:49:11+00:00","dateModified":"2023-09-03T04:49:13+00:00","mainEntityOfPage":{"@id":"https:\/\/kuali.com.mx\/web\/2023\/09\/02\/sera-reforzada-la-seguridad-alcaldesa\/"},"wordCount":592,"commentCount":0,"image":{"@id":"https:\/\/kuali.com.mx\/web\/2023\/09\/02\/sera-reforzada-la-seguridad-alcaldesa\/#primaryimage"},"thumbnailUrl":"https:\/\/kuali.com.mx\/web\/wp-content\/uploads\/2023\/09\/Alejandra-Gtz-scaled.jpg","articleSection":["Pol\u00edtica"],"inLanguage":"es","potentialAction":[{"@type":"CommentAction","name":"Comment","target":["https:\/\/kuali.com.mx\/web\/2023\/09\/02\/sera-reforzada-la-seguridad-alcaldesa\/#respond"]}]},{"@type":"WebPage","@id":"https:\/\/kuali.com.mx\/web\/2023\/09\/02\/sera-reforzada-la-seguridad-alcaldesa\/","url":"https:\/\/kuali.com.mx\/web\/2023\/09\/02\/sera-reforzada-la-seguridad-alcaldesa\/","name":"SER\u00c1 REFORZADA LA SEGURIDAD: ALCALDESA - Kuali","isPartOf":{"@id":"https:\/\/kuali.com.mx\/web\/#website"},"primaryImageOfPage":{"@id":"https:\/\/kuali.com.mx\/web\/2023\/09\/02\/sera-reforzada-la-seguridad-alcaldesa\/#primaryimage"},"image":{"@id":"https:\/\/kuali.com.mx\/web\/2023\/09\/02\/sera-reforzada-la-seguridad-alcaldesa\/#primaryimage"},"thumbnailUrl":"https:\/\/kuali.com.mx\/web\/wp-content\/uploads\/2023\/09\/Alejandra-Gtz-scaled.jpg","datePublished":"2023-09-03T04:49:11+00:00","dateModified":"2023-09-03T04:49:13+00:00","author":{"@id":"https:\/\/kuali.com.mx\/web\/#\/schema\/person\/6f89ffa8ecba9dae50662357923c5289"},"breadcrumb":{"@id":"https:\/\/kuali.com.mx\/web\/2023\/09\/02\/sera-reforzada-la-seguridad-alcaldesa\/#breadcrumb"},"inLanguage":"es","potentialAction":[{"@type":"ReadAction","target":["https:\/\/kuali.com.mx\/web\/2023\/09\/02\/sera-reforzada-la-seguridad-alcaldesa\/"]}]},{"@type":"ImageObject","inLanguage":"es","@id":"https:\/\/kuali.com.mx\/web\/2023\/09\/02\/sera-reforzada-la-seguridad-alcaldesa\/#primaryimage","url":"https:\/\/kuali.com.mx\/web\/wp-content\/uploads\/2023\/09\/Alejandra-Gtz-scaled.jpg","contentUrl":"https:\/\/kuali.com.mx\/web\/wp-content\/uploads\/2023\/09\/Alejandra-Gtz-scaled.jpg","width":2560,"height":1890},{"@type":"BreadcrumbList","@id":"https:\/\/kuali.com.mx\/web\/2023\/09\/02\/sera-reforzada-la-seguridad-alcaldesa\/#breadcrumb","itemListElement":[{"@type":"ListItem","position":1,"name":"Inicio","item":"https:\/\/kuali.com.mx\/web\/"},{"@type":"ListItem","position":2,"name":"SER\u00c1 REFORZADA LA SEGURIDAD: ALCALDESA"}]},{"@type":"WebSite","@id":"https:\/\/kuali.com.mx\/web\/#website","url":"https:\/\/kuali.com.mx\/web\/","name":"Kuali","description":"","potentialAction":[{"@type":"SearchAction","target":{"@type":"EntryPoint","urlTemplate":"https:\/\/kuali.com.mx\/web\/?s={search_term_string}"},"query-input":{"@type":"PropertyValueSpecification","valueRequired":true,"valueName":"search_term_string"}}],"inLanguage":"es"},{"@type":"Person","@id":"https:\/\/kuali.com.mx\/web\/#\/schema\/person\/6f89ffa8ecba9dae50662357923c5289","name":"Kuali Staff","image":{"@type":"ImageObject","inLanguage":"es","@id":"https:\/\/secure.gravatar.com\/avatar\/f917ad82e5ab71227a733c78b6e60715476f69ee6be59feee4eb5d9920c89e0f?s=96&d=mm&r=g","url":"https:\/\/secure.gravatar.com\/avatar\/f917ad82e5ab71227a733c78b6e60715476f69ee6be59feee4eb5d9920c89e0f?s=96&d=mm&r=g","contentUrl":"https:\/\/secure.gravatar.com\/avatar\/f917ad82e5ab71227a733c78b6e60715476f69ee6be59feee4eb5d9920c89e0f?s=96&d=mm&r=g","caption":"Kuali Staff"},"url":"https:\/\/kuali.com.mx\/web\/author\/lagarto\/"}]}},"_links":{"self":[{"href":"https:\/\/kuali.com.mx\/web\/wp-json\/wp\/v2\/posts\/125493","targetHints":{"allow":["GET"]}}],"collection":[{"href":"https:\/\/kuali.com.mx\/web\/wp-json\/wp\/v2\/posts"}],"about":[{"href":"https:\/\/kuali.com.mx\/web\/wp-json\/wp\/v2\/types\/post"}],"author":[{"embeddable":true,"href":"https:\/\/kuali.com.mx\/web\/wp-json\/wp\/v2\/users\/2"}],"replies":[{"embeddable":true,"href":"https:\/\/kuali.com.mx\/web\/wp-json\/wp\/v2\/comments?post=125493"}],"version-history":[{"count":1,"href":"https:\/\/kuali.com.mx\/web\/wp-json\/wp\/v2\/posts\/125493\/revisions"}],"predecessor-version":[{"id":125497,"href":"https:\/\/kuali.com.mx\/web\/wp-json\/wp\/v2\/posts\/125493\/revisions\/125497"}],"wp:featuredmedia":[{"embeddable":true,"href":"https:\/\/kuali.com.mx\/web\/wp-json\/wp\/v2\/media\/125496"}],"wp:attachment":[{"href":"https:\/\/kuali.com.mx\/web\/wp-json\/wp\/v2\/media?parent=125493"}],"wp:term":[{"taxonomy":"category","embeddable":true,"href":"https:\/\/kuali.com.mx\/web\/wp-json\/wp\/v2\/categories?post=125493"},{"taxonomy":"post_tag","embeddable":true,"href":"https:\/\/kuali.com.mx\/web\/wp-json\/wp\/v2\/tags?post=125493"}],"curies":[{"name":"wp","href":"https:\/\/api.w.org\/{rel}","templated":true}]}}