{"id":125482,"date":"2023-09-02T14:33:00","date_gmt":"2023-09-02T20:33:00","guid":{"rendered":"https:\/\/kuali.com.mx\/web\/?p=125482"},"modified":"2023-09-02T22:37:48","modified_gmt":"2023-09-03T04:37:48","slug":"volvera-el-sustainable-tourism-summit","status":"publish","type":"post","link":"https:\/\/kuali.com.mx\/web\/2023\/09\/02\/volvera-el-sustainable-tourism-summit\/","title":{"rendered":"VOLVER\u00c1 EL &#8220;SUSTAINABLE TOURISM SUMMIT&#8221;"},"content":{"rendered":"\n<p><strong><em>Kuali\/Le\u00f3n, Gto.-<\/em><\/strong>En 2024 por tercer a\u00f1o consecutivo, el estado de Guanajuato volver\u00e1 a ser sede del \u201cSustainable &amp; Social Tourism Summit\u201d, evento que a\u00f1o con a\u00f1o impacta a miles de personas en conocimiento, relaciones, y colaboraci\u00f3n en pro del desarrollo de un turismo sostenible.<\/p>\n\n\n\n<p>Este a\u00f1o, la Cumbre de Turismo Sostenible y Social m\u00e1s importante de Iberoam\u00e9rica se realiz\u00f3 en Poliforum Le\u00f3n, del 30 de agosto al 02 de septiembre, y reuni\u00f3 -con el lema \u201cIntegraci\u00f3n para la colaboraci\u00f3n\u201d- a profesionales, a acad\u00e9micos, al sector tur\u00edstico y a iniciativa privada de 15 pa\u00edses, 22 estados de la Rep\u00fablica Mexicana y 14 municipios de Guanajuato.<\/p>\n\n\n\n<p>Juan Jos\u00e9 \u00c1lvarez Brunel, Secretario de Turismo, clausur\u00f3 este evento acompa\u00f1ado de Fernando Madri Bellot, Presidente del Comit\u00e9 Organizador del SUMMIT; Glenn Mandzuik, Director Ejecutivo Alianza de Hospitalidad Sostenible; Dirk Glaesser, Director de Desarrollo Sostenible del Turismo de la OMT; y Mar\u00eda Isabel Ortiz Mantilla, Secretaria de Medio Ambiente y Ordenamiento Territorial.<\/p>\n\n\n\n<p>\u201cEsta s\u00e9ptima edici\u00f3n del Summit fue un caldo de cultivo. El a\u00f1o pasado y este 2023, que hemos tenido la fortuna de tener este evento en Le\u00f3n, nos ha permitido obtener conocimiento, nos da la posibilidad de relacionarnos y nos da la integraci\u00f3n para la colaboraci\u00f3n y, en esta colaboraci\u00f3n, Guanajuato sigue muy comprometido con el SUMIIT; por ello, del 03 al 05 de julio 2024, continuaremos trabajando todos de la mano para tener un mejor mundo\u201d, anunci\u00f3 \u00c1lvarez Brunel.<\/p>\n\n\n\n<p>En estos cuatro d\u00edas de la cumbre, se reunieron en el municipio de Le\u00f3n participantes de los pa\u00edses de Belice, Brasil, Chile, Colombia, Costa Rica, El Salvador, Guatemala, Honduras, Panam\u00e1, Rep\u00fablica Dominicana, Espa\u00f1a, Estados Unidos, Per\u00fa, Reino Unido, y M\u00e9xico; de los Estados de la Rep\u00fablica de Aguascalientes, Oaxaca, Baja California Sur, Quintana Roo, Ciudad de M\u00e9xico, Chiapas, Chihuahua, Morelos, Durango, Jalisco, Sonora, Sinaloa, Yucat\u00e1n, Colima, Nuevo Le\u00f3n, Michoac\u00e1n, Nayarit, Puebla, Tamaulipas, Quer\u00e9taro, San Luis Potos\u00ed, y Guanajuato.<\/p>\n\n\n\n<p>Y de los municipios del Estado de Guanajuato como Celaya, Comonfort, Dolores Hidalgo CIN, Guanajuato Capital, Le\u00f3n, Irapuato, Manuel Doblado, Salvatierra, Tarandacuao, San Miguel de Allende, San Luis de la Paz, Valle de Santiago, Silao, y Uriangato.<\/p>\n\n\n\n<p>\u201cNos llena de mucho entusiasmo que nos hayan acompa\u00f1ado y nos den, con su asistencia, este mensaje de compromiso. Estoy seguro de que los temas que escucharon de consciencia, mitigaci\u00f3n, compensaci\u00f3n, y regeneraci\u00f3n, los pondr\u00e1n en pr\u00e1ctica\u201d, agradeci\u00f3 el Secretario de Turismo.<\/p>\n\n\n\n<p>Desde el a\u00f1o pasado, la estrategia de sustentabilidad que la Secretar\u00eda de Turismo del Estado de Guanajuato ha implementado en los eventos tur\u00edsticos que se realizan en la entidad ha minimizado los impactos negativos en los destinos.<\/p>\n\n\n\n<p>En este Sustainable &amp; Social Tourism Summit -evento que recibi\u00f3 el Certificado de Compensaci\u00f3n- el comit\u00e9 del \u201cDistintivo Guanajuato Turismo Sostenible\u201d, conformado por actores del Sector Tur\u00edstico del Estado, calcul\u00f3 la Huella de Carbono en 82.15 toneladas de emisiones; y se recaud\u00f3, en el stand de Reforestamos M\u00e9xico, ubicado en la Expo Summit, la cantidad de 8 mil 041 pesos, monto que se entregar\u00e1 al Proyecto Emblema.<\/p>\n\n\n\n<p>El Distintivo Guanajuato Turismo Sostenible para Eventos es una herramienta, a cargo de la SECTUR Guanajuato, que permite transformar los eventos tur\u00edsticos que se realizan en nuestro estado, orientando al personal responsable su organizaci\u00f3n sobre el proceso de integraci\u00f3n de la sustentabilidad en los eventos, de modo que puedan identificar los posibles impactos y las medidas a aplicar para minimizarlos o evitarlos.<\/p>\n\n\n\n<p>Y, el Proyecto Emblema es una alianza intersectorial para la adaptaci\u00f3n al cambio clim\u00e1tico del turismo en el \u00c1rea Natural Protegida Cuenca de la Soledad y de la Esperanza.<\/p>\n\n\n\n<p>Este Summit es una oportunidad no solo para debatir y reflexionar, sino para dialogar y proponer acuerdos sobre temas cruciales que afecten a nuestro sector y que son ejes fundamentales del turismo sostenible.<\/p>\n\n\n\n<p>\u201cEste a\u00f1o hablamos de la sostenibilidad como algo normal, pero hace 7 ediciones no lo hac\u00edamos, parec\u00eda una moda; ahora, ya nos dimos cuenta de que es el \u00fanico camino, que la demanda lo necesita y, que nosotros, si queremos cuidar a los destinos tenemos que trabajar en esta l\u00ednea\u201d, mencion\u00f3 Fernando Mandri.<\/p>\n\n\n\n<p>Como en cada edici\u00f3n, en el Summit, se disfrut\u00f3 de un programa de alt\u00edsimo nivel, \u201ccomo ya se ha hecho costumbre escuchamos hablar de temas importantes y novedosos que tienen que ver con nuestro sector, poniendo a las personas en el centro del discurso y como principales responsables y beneficiarios de lo que ocurre\u201d, asegur\u00f3.<\/p>\n\n\n\n<p>Los residuos pl\u00e1sticos, el cambio clim\u00e1tico, la gesti\u00f3n responsable del patrimonio, la valoraci\u00f3n de las tradiciones y de la identidad cultural, la crisis laboral y ocasional, la producci\u00f3n y cadena de abastos sostenibles, la medici\u00f3n de efectos no econ\u00f3micos del turismo, fueron puntos muy importantes que se sostuvieron en el Summit, evento en el que se aclar\u00f3 que la \u201cIntegraci\u00f3n para la colaboraci\u00f3n\u201d es m\u00e1s que un lema vendedor, \u201ces lo que necesitamos hacer para que las cosas cambien\u201d, finaliz\u00f3 Mandri Bellot.<\/p>\n","protected":false},"excerpt":{"rendered":"Kuali\/Le\u00f3n, Gto.-En 2024 por tercer a\u00f1o consecutivo, el estado de Guanajuato volver\u00e1 a ser sede del \u201cSustainable &amp; Social Tourism Summit\u201d, evento que a\u00f1o con a\u00f1o impacta a miles de personas en conocimiento, relaciones, y colaboraci\u00f3n en pro del desarrollo de un turismo sostenible. Este a\u00f1o, la Cumbre de Turismo Sostenible y Social m\u00e1s importante [&hellip;]","protected":false},"author":2,"featured_media":125486,"comment_status":"open","ping_status":"open","sticky":false,"template":"","format":"standard","meta":{"_seopress_robots_primary_cat":"none","_seopress_titles_title":"","_seopress_titles_desc":"","_seopress_robots_index":"","_monsterinsights_skip_tracking":false,"_monsterinsights_sitenote_active":false,"_monsterinsights_sitenote_note":"","_monsterinsights_sitenote_category":0,"footnotes":""},"categories":[13],"tags":[],"class_list":["post-125482","post","type-post","status-publish","format-standard","has-post-thumbnail","hentry","category-turismo"],"yoast_head":"<!-- This site is optimized with the Yoast SEO plugin v27.4 - https:\/\/yoast.com\/product\/yoast-seo-wordpress\/ -->\n<title>VOLVER\u00c1 EL &quot;SUSTAINABLE TOURISM SUMMIT&quot; - Kuali<\/title>\n<meta name=\"robots\" content=\"index, follow, max-snippet:-1, max-image-preview:large, max-video-preview:-1\" \/>\n<link rel=\"canonical\" href=\"https:\/\/kuali.com.mx\/web\/2023\/09\/02\/volvera-el-sustainable-tourism-summit\/\" \/>\n<meta property=\"og:locale\" content=\"es_MX\" \/>\n<meta property=\"og:type\" content=\"article\" \/>\n<meta property=\"og:title\" content=\"VOLVER\u00c1 EL &quot;SUSTAINABLE TOURISM SUMMIT&quot; - Kuali\" \/>\n<meta property=\"og:description\" content=\"Kuali\/Le\u00f3n, Gto.-En 2024 por tercer a\u00f1o consecutivo, el estado de Guanajuato volver\u00e1 a ser sede del \u201cSustainable &amp; Social Tourism Summit\u201d, evento que a\u00f1o con a\u00f1o impacta a miles de personas en conocimiento, relaciones, y colaboraci\u00f3n en pro del desarrollo de un turismo sostenible. Este a\u00f1o, la Cumbre de Turismo Sostenible y Social m\u00e1s importante [&hellip;]\" \/>\n<meta property=\"og:url\" content=\"https:\/\/kuali.com.mx\/web\/2023\/09\/02\/volvera-el-sustainable-tourism-summit\/\" \/>\n<meta property=\"og:site_name\" content=\"Kuali\" \/>\n<meta property=\"article:publisher\" content=\"https:\/\/kuali.com.mx\/web\/wp-content\/uploads\/2018\/04\/cropped-kuali_logo-1-1.png\" \/>\n<meta property=\"article:published_time\" content=\"2023-09-02T20:33:00+00:00\" \/>\n<meta property=\"article:modified_time\" content=\"2023-09-03T04:37:48+00:00\" \/>\n<meta property=\"og:image\" content=\"https:\/\/kuali.com.mx\/web\/wp-content\/uploads\/2023\/09\/Turismo-sostenible.jpg\" \/>\n\t<meta property=\"og:image:width\" content=\"1000\" \/>\n\t<meta property=\"og:image:height\" content=\"667\" \/>\n\t<meta property=\"og:image:type\" content=\"image\/jpeg\" \/>\n<meta name=\"author\" content=\"Kuali Staff\" \/>\n<meta name=\"twitter:card\" content=\"summary_large_image\" \/>\n<meta name=\"twitter:creator\" content=\"@kuali_noticias\" \/>\n<meta name=\"twitter:site\" content=\"@kuali_noticias\" \/>\n<meta name=\"twitter:label1\" content=\"Escrito por\" \/>\n\t<meta name=\"twitter:data1\" content=\"Kuali Staff\" \/>\n\t<meta name=\"twitter:label2\" content=\"Tiempo de lectura\" \/>\n\t<meta name=\"twitter:data2\" content=\"4 minutos\" \/>\n<script type=\"application\/ld+json\" class=\"yoast-schema-graph\">{\"@context\":\"https:\\\/\\\/schema.org\",\"@graph\":[{\"@type\":\"Article\",\"@id\":\"https:\\\/\\\/kuali.com.mx\\\/web\\\/2023\\\/09\\\/02\\\/volvera-el-sustainable-tourism-summit\\\/#article\",\"isPartOf\":{\"@id\":\"https:\\\/\\\/kuali.com.mx\\\/web\\\/2023\\\/09\\\/02\\\/volvera-el-sustainable-tourism-summit\\\/\"},\"author\":{\"name\":\"Kuali Staff\",\"@id\":\"https:\\\/\\\/kuali.com.mx\\\/web\\\/#\\\/schema\\\/person\\\/6f89ffa8ecba9dae50662357923c5289\"},\"headline\":\"VOLVER\u00c1 EL &#8220;SUSTAINABLE TOURISM SUMMIT&#8221;\",\"datePublished\":\"2023-09-02T20:33:00+00:00\",\"dateModified\":\"2023-09-03T04:37:48+00:00\",\"mainEntityOfPage\":{\"@id\":\"https:\\\/\\\/kuali.com.mx\\\/web\\\/2023\\\/09\\\/02\\\/volvera-el-sustainable-tourism-summit\\\/\"},\"wordCount\":876,\"commentCount\":0,\"image\":{\"@id\":\"https:\\\/\\\/kuali.com.mx\\\/web\\\/2023\\\/09\\\/02\\\/volvera-el-sustainable-tourism-summit\\\/#primaryimage\"},\"thumbnailUrl\":\"https:\\\/\\\/kuali.com.mx\\\/web\\\/wp-content\\\/uploads\\\/2023\\\/09\\\/Turismo-sostenible.jpg\",\"articleSection\":[\"Turismo\"],\"inLanguage\":\"es\",\"potentialAction\":[{\"@type\":\"CommentAction\",\"name\":\"Comment\",\"target\":[\"https:\\\/\\\/kuali.com.mx\\\/web\\\/2023\\\/09\\\/02\\\/volvera-el-sustainable-tourism-summit\\\/#respond\"]}]},{\"@type\":\"WebPage\",\"@id\":\"https:\\\/\\\/kuali.com.mx\\\/web\\\/2023\\\/09\\\/02\\\/volvera-el-sustainable-tourism-summit\\\/\",\"url\":\"https:\\\/\\\/kuali.com.mx\\\/web\\\/2023\\\/09\\\/02\\\/volvera-el-sustainable-tourism-summit\\\/\",\"name\":\"VOLVER\u00c1 EL \\\"SUSTAINABLE TOURISM SUMMIT\\\" - Kuali\",\"isPartOf\":{\"@id\":\"https:\\\/\\\/kuali.com.mx\\\/web\\\/#website\"},\"primaryImageOfPage\":{\"@id\":\"https:\\\/\\\/kuali.com.mx\\\/web\\\/2023\\\/09\\\/02\\\/volvera-el-sustainable-tourism-summit\\\/#primaryimage\"},\"image\":{\"@id\":\"https:\\\/\\\/kuali.com.mx\\\/web\\\/2023\\\/09\\\/02\\\/volvera-el-sustainable-tourism-summit\\\/#primaryimage\"},\"thumbnailUrl\":\"https:\\\/\\\/kuali.com.mx\\\/web\\\/wp-content\\\/uploads\\\/2023\\\/09\\\/Turismo-sostenible.jpg\",\"datePublished\":\"2023-09-02T20:33:00+00:00\",\"dateModified\":\"2023-09-03T04:37:48+00:00\",\"author\":{\"@id\":\"https:\\\/\\\/kuali.com.mx\\\/web\\\/#\\\/schema\\\/person\\\/6f89ffa8ecba9dae50662357923c5289\"},\"breadcrumb\":{\"@id\":\"https:\\\/\\\/kuali.com.mx\\\/web\\\/2023\\\/09\\\/02\\\/volvera-el-sustainable-tourism-summit\\\/#breadcrumb\"},\"inLanguage\":\"es\",\"potentialAction\":[{\"@type\":\"ReadAction\",\"target\":[\"https:\\\/\\\/kuali.com.mx\\\/web\\\/2023\\\/09\\\/02\\\/volvera-el-sustainable-tourism-summit\\\/\"]}]},{\"@type\":\"ImageObject\",\"inLanguage\":\"es\",\"@id\":\"https:\\\/\\\/kuali.com.mx\\\/web\\\/2023\\\/09\\\/02\\\/volvera-el-sustainable-tourism-summit\\\/#primaryimage\",\"url\":\"https:\\\/\\\/kuali.com.mx\\\/web\\\/wp-content\\\/uploads\\\/2023\\\/09\\\/Turismo-sostenible.jpg\",\"contentUrl\":\"https:\\\/\\\/kuali.com.mx\\\/web\\\/wp-content\\\/uploads\\\/2023\\\/09\\\/Turismo-sostenible.jpg\",\"width\":1000,\"height\":667},{\"@type\":\"BreadcrumbList\",\"@id\":\"https:\\\/\\\/kuali.com.mx\\\/web\\\/2023\\\/09\\\/02\\\/volvera-el-sustainable-tourism-summit\\\/#breadcrumb\",\"itemListElement\":[{\"@type\":\"ListItem\",\"position\":1,\"name\":\"Inicio\",\"item\":\"https:\\\/\\\/kuali.com.mx\\\/web\\\/\"},{\"@type\":\"ListItem\",\"position\":2,\"name\":\"VOLVER\u00c1 EL &#8220;SUSTAINABLE TOURISM SUMMIT&#8221;\"}]},{\"@type\":\"WebSite\",\"@id\":\"https:\\\/\\\/kuali.com.mx\\\/web\\\/#website\",\"url\":\"https:\\\/\\\/kuali.com.mx\\\/web\\\/\",\"name\":\"Kuali\",\"description\":\"\",\"potentialAction\":[{\"@type\":\"SearchAction\",\"target\":{\"@type\":\"EntryPoint\",\"urlTemplate\":\"https:\\\/\\\/kuali.com.mx\\\/web\\\/?s={search_term_string}\"},\"query-input\":{\"@type\":\"PropertyValueSpecification\",\"valueRequired\":true,\"valueName\":\"search_term_string\"}}],\"inLanguage\":\"es\"},{\"@type\":\"Person\",\"@id\":\"https:\\\/\\\/kuali.com.mx\\\/web\\\/#\\\/schema\\\/person\\\/6f89ffa8ecba9dae50662357923c5289\",\"name\":\"Kuali Staff\",\"image\":{\"@type\":\"ImageObject\",\"inLanguage\":\"es\",\"@id\":\"https:\\\/\\\/secure.gravatar.com\\\/avatar\\\/f917ad82e5ab71227a733c78b6e60715476f69ee6be59feee4eb5d9920c89e0f?s=96&d=mm&r=g\",\"url\":\"https:\\\/\\\/secure.gravatar.com\\\/avatar\\\/f917ad82e5ab71227a733c78b6e60715476f69ee6be59feee4eb5d9920c89e0f?s=96&d=mm&r=g\",\"contentUrl\":\"https:\\\/\\\/secure.gravatar.com\\\/avatar\\\/f917ad82e5ab71227a733c78b6e60715476f69ee6be59feee4eb5d9920c89e0f?s=96&d=mm&r=g\",\"caption\":\"Kuali Staff\"},\"url\":\"https:\\\/\\\/kuali.com.mx\\\/web\\\/author\\\/lagarto\\\/\"}]}<\/script>\n<!-- \/ Yoast SEO plugin. -->","yoast_head_json":{"title":"VOLVER\u00c1 EL \"SUSTAINABLE TOURISM SUMMIT\" - Kuali","robots":{"index":"index","follow":"follow","max-snippet":"max-snippet:-1","max-image-preview":"max-image-preview:large","max-video-preview":"max-video-preview:-1"},"canonical":"https:\/\/kuali.com.mx\/web\/2023\/09\/02\/volvera-el-sustainable-tourism-summit\/","og_locale":"es_MX","og_type":"article","og_title":"VOLVER\u00c1 EL \"SUSTAINABLE TOURISM SUMMIT\" - Kuali","og_description":"Kuali\/Le\u00f3n, Gto.-En 2024 por tercer a\u00f1o consecutivo, el estado de Guanajuato volver\u00e1 a ser sede del \u201cSustainable &amp; Social Tourism Summit\u201d, evento que a\u00f1o con a\u00f1o impacta a miles de personas en conocimiento, relaciones, y colaboraci\u00f3n en pro del desarrollo de un turismo sostenible. Este a\u00f1o, la Cumbre de Turismo Sostenible y Social m\u00e1s importante [&hellip;]","og_url":"https:\/\/kuali.com.mx\/web\/2023\/09\/02\/volvera-el-sustainable-tourism-summit\/","og_site_name":"Kuali","article_publisher":"https:\/\/kuali.com.mx\/web\/wp-content\/uploads\/2018\/04\/cropped-kuali_logo-1-1.png","article_published_time":"2023-09-02T20:33:00+00:00","article_modified_time":"2023-09-03T04:37:48+00:00","og_image":[{"width":1000,"height":667,"url":"https:\/\/kuali.com.mx\/web\/wp-content\/uploads\/2023\/09\/Turismo-sostenible.jpg","type":"image\/jpeg"}],"author":"Kuali Staff","twitter_card":"summary_large_image","twitter_creator":"@kuali_noticias","twitter_site":"@kuali_noticias","twitter_misc":{"Escrito por":"Kuali Staff","Tiempo de lectura":"4 minutos"},"schema":{"@context":"https:\/\/schema.org","@graph":[{"@type":"Article","@id":"https:\/\/kuali.com.mx\/web\/2023\/09\/02\/volvera-el-sustainable-tourism-summit\/#article","isPartOf":{"@id":"https:\/\/kuali.com.mx\/web\/2023\/09\/02\/volvera-el-sustainable-tourism-summit\/"},"author":{"name":"Kuali Staff","@id":"https:\/\/kuali.com.mx\/web\/#\/schema\/person\/6f89ffa8ecba9dae50662357923c5289"},"headline":"VOLVER\u00c1 EL &#8220;SUSTAINABLE TOURISM SUMMIT&#8221;","datePublished":"2023-09-02T20:33:00+00:00","dateModified":"2023-09-03T04:37:48+00:00","mainEntityOfPage":{"@id":"https:\/\/kuali.com.mx\/web\/2023\/09\/02\/volvera-el-sustainable-tourism-summit\/"},"wordCount":876,"commentCount":0,"image":{"@id":"https:\/\/kuali.com.mx\/web\/2023\/09\/02\/volvera-el-sustainable-tourism-summit\/#primaryimage"},"thumbnailUrl":"https:\/\/kuali.com.mx\/web\/wp-content\/uploads\/2023\/09\/Turismo-sostenible.jpg","articleSection":["Turismo"],"inLanguage":"es","potentialAction":[{"@type":"CommentAction","name":"Comment","target":["https:\/\/kuali.com.mx\/web\/2023\/09\/02\/volvera-el-sustainable-tourism-summit\/#respond"]}]},{"@type":"WebPage","@id":"https:\/\/kuali.com.mx\/web\/2023\/09\/02\/volvera-el-sustainable-tourism-summit\/","url":"https:\/\/kuali.com.mx\/web\/2023\/09\/02\/volvera-el-sustainable-tourism-summit\/","name":"VOLVER\u00c1 EL \"SUSTAINABLE TOURISM SUMMIT\" - Kuali","isPartOf":{"@id":"https:\/\/kuali.com.mx\/web\/#website"},"primaryImageOfPage":{"@id":"https:\/\/kuali.com.mx\/web\/2023\/09\/02\/volvera-el-sustainable-tourism-summit\/#primaryimage"},"image":{"@id":"https:\/\/kuali.com.mx\/web\/2023\/09\/02\/volvera-el-sustainable-tourism-summit\/#primaryimage"},"thumbnailUrl":"https:\/\/kuali.com.mx\/web\/wp-content\/uploads\/2023\/09\/Turismo-sostenible.jpg","datePublished":"2023-09-02T20:33:00+00:00","dateModified":"2023-09-03T04:37:48+00:00","author":{"@id":"https:\/\/kuali.com.mx\/web\/#\/schema\/person\/6f89ffa8ecba9dae50662357923c5289"},"breadcrumb":{"@id":"https:\/\/kuali.com.mx\/web\/2023\/09\/02\/volvera-el-sustainable-tourism-summit\/#breadcrumb"},"inLanguage":"es","potentialAction":[{"@type":"ReadAction","target":["https:\/\/kuali.com.mx\/web\/2023\/09\/02\/volvera-el-sustainable-tourism-summit\/"]}]},{"@type":"ImageObject","inLanguage":"es","@id":"https:\/\/kuali.com.mx\/web\/2023\/09\/02\/volvera-el-sustainable-tourism-summit\/#primaryimage","url":"https:\/\/kuali.com.mx\/web\/wp-content\/uploads\/2023\/09\/Turismo-sostenible.jpg","contentUrl":"https:\/\/kuali.com.mx\/web\/wp-content\/uploads\/2023\/09\/Turismo-sostenible.jpg","width":1000,"height":667},{"@type":"BreadcrumbList","@id":"https:\/\/kuali.com.mx\/web\/2023\/09\/02\/volvera-el-sustainable-tourism-summit\/#breadcrumb","itemListElement":[{"@type":"ListItem","position":1,"name":"Inicio","item":"https:\/\/kuali.com.mx\/web\/"},{"@type":"ListItem","position":2,"name":"VOLVER\u00c1 EL &#8220;SUSTAINABLE TOURISM SUMMIT&#8221;"}]},{"@type":"WebSite","@id":"https:\/\/kuali.com.mx\/web\/#website","url":"https:\/\/kuali.com.mx\/web\/","name":"Kuali","description":"","potentialAction":[{"@type":"SearchAction","target":{"@type":"EntryPoint","urlTemplate":"https:\/\/kuali.com.mx\/web\/?s={search_term_string}"},"query-input":{"@type":"PropertyValueSpecification","valueRequired":true,"valueName":"search_term_string"}}],"inLanguage":"es"},{"@type":"Person","@id":"https:\/\/kuali.com.mx\/web\/#\/schema\/person\/6f89ffa8ecba9dae50662357923c5289","name":"Kuali Staff","image":{"@type":"ImageObject","inLanguage":"es","@id":"https:\/\/secure.gravatar.com\/avatar\/f917ad82e5ab71227a733c78b6e60715476f69ee6be59feee4eb5d9920c89e0f?s=96&d=mm&r=g","url":"https:\/\/secure.gravatar.com\/avatar\/f917ad82e5ab71227a733c78b6e60715476f69ee6be59feee4eb5d9920c89e0f?s=96&d=mm&r=g","contentUrl":"https:\/\/secure.gravatar.com\/avatar\/f917ad82e5ab71227a733c78b6e60715476f69ee6be59feee4eb5d9920c89e0f?s=96&d=mm&r=g","caption":"Kuali Staff"},"url":"https:\/\/kuali.com.mx\/web\/author\/lagarto\/"}]}},"_links":{"self":[{"href":"https:\/\/kuali.com.mx\/web\/wp-json\/wp\/v2\/posts\/125482","targetHints":{"allow":["GET"]}}],"collection":[{"href":"https:\/\/kuali.com.mx\/web\/wp-json\/wp\/v2\/posts"}],"about":[{"href":"https:\/\/kuali.com.mx\/web\/wp-json\/wp\/v2\/types\/post"}],"author":[{"embeddable":true,"href":"https:\/\/kuali.com.mx\/web\/wp-json\/wp\/v2\/users\/2"}],"replies":[{"embeddable":true,"href":"https:\/\/kuali.com.mx\/web\/wp-json\/wp\/v2\/comments?post=125482"}],"version-history":[{"count":1,"href":"https:\/\/kuali.com.mx\/web\/wp-json\/wp\/v2\/posts\/125482\/revisions"}],"predecessor-version":[{"id":125487,"href":"https:\/\/kuali.com.mx\/web\/wp-json\/wp\/v2\/posts\/125482\/revisions\/125487"}],"wp:featuredmedia":[{"embeddable":true,"href":"https:\/\/kuali.com.mx\/web\/wp-json\/wp\/v2\/media\/125486"}],"wp:attachment":[{"href":"https:\/\/kuali.com.mx\/web\/wp-json\/wp\/v2\/media?parent=125482"}],"wp:term":[{"taxonomy":"category","embeddable":true,"href":"https:\/\/kuali.com.mx\/web\/wp-json\/wp\/v2\/categories?post=125482"},{"taxonomy":"post_tag","embeddable":true,"href":"https:\/\/kuali.com.mx\/web\/wp-json\/wp\/v2\/tags?post=125482"}],"curies":[{"name":"wp","href":"https:\/\/api.w.org\/{rel}","templated":true}]}}