{"id":125443,"date":"2023-09-01T02:43:35","date_gmt":"2023-09-01T08:43:35","guid":{"rendered":"https:\/\/kuali.com.mx\/web\/?p=125443"},"modified":"2023-09-02T08:06:43","modified_gmt":"2023-09-02T14:06:43","slug":"mexico-costa-rica-y-peru-ganan-premio-de-turismo-en-iberoamerica","status":"publish","type":"post","link":"https:\/\/kuali.com.mx\/web\/2023\/09\/01\/mexico-costa-rica-y-peru-ganan-premio-de-turismo-en-iberoamerica\/","title":{"rendered":"M\u00c9XICO, COSTA RICA Y PER\u00da GANAN PREMIO DE TURISMO EN IBEROAM\u00c9RICA"},"content":{"rendered":"\n<p><strong>Kuali\/Le\u00f3n, Gto.- <\/strong>El \u201cPremio al Turismo Sostenible y Social en Iberoam\u00e9rica\u201d este a\u00f1o fue para M\u00e9xico, que obtuvo tres distintivos; Chile, Costa Rica y Per\u00fa, con uno cada pa\u00eds.<\/p>\n\n\n\n<p>La segunda edici\u00f3n del premio, que fue instaurado en el a\u00f1o 2022, cont\u00f3 con 50 iniciativas registradas en cuatro categor\u00edas de Brasil, Centro Am\u00e9rica, Chile, Costa Rica, Cuba, Ecuador, Espa\u00f1a, Guatemala, Honduras, M\u00e9xico y Per\u00fa.<\/p>\n\n\n\n<p>Las iniciativas ganadoras proponen nuevas formas de gestionar al turismo con una perspectiva sostenible, solidaria y socialmente responsable.<\/p>\n\n\n\n<p>En la&nbsp; categor\u00eda de Sector P\u00fablico el proyecto ganador fue \u201cColibr\u00ed Viajero\u201d (M\u00e9xico), de la representante Nathalie Veronique Desplas Puel; y \u201cExpo Verde #AhorraTeTocaATi (M\u00e9xico), del representante Humberto Dom\u00ednguez Soto.<\/p>\n\n\n\n<p>En la categor\u00eda de Empresas y\/o Corporativos Nacionales o Internacionales, la iniciativa ganadora fue \u201cDigitalizaci\u00f3n y acceso a mercados de proyectos de turismo sustentable y comunitario en M\u00e9xico\u201d (M\u00e9xico) de los representantes Sonia N\u00e1poles V\u00e9rtiz, Nubia Murillo, y Diego Olivares Delbouis; en la categor\u00eda de Micro, Peque\u00f1as y Medianas Empresas la iniciativa ganadora fue \u201cTour Vivencial \u2013 Valle del Colca\u201d (Per\u00fa), de los representantes Lourdes P\u00e9rez-Wicht y Miguel P\u00e9rez-Wicht.<\/p>\n\n\n\n<p>Y en la categor\u00eda de Organizaciones de la Sociedad Civil, la iniciativa ganadora fue \u201cSenderismo sin L\u00edmites\u201d (Chile), de los representantes Glenda Dur\u00e1n Caro y Jos\u00e9 Luis Arce; y se hizo una menci\u00f3n especial a la iniciativa \u201cLa Inspiraci\u00f3n\u201d (Costa Rica), de los representantes Sthephanie Sheehy e Isac Manuel Mu\u00f1oz.<\/p>\n\n\n<div class=\"wp-block-image\">\n<figure class=\"aligncenter size-full\"><img loading=\"lazy\" decoding=\"async\" width=\"512\" height=\"251\" src=\"https:\/\/kuali.com.mx\/web\/wp-content\/uploads\/2023\/09\/Premio-al-turismo-sustentable.gif\" alt=\"\" class=\"wp-image-125437\"\/><figcaption>Nuevamente la ciudad de Leon fue la sede de la entrega del premio. FOTO: CORTES\u00cdA<\/figcaption><\/figure>\n<\/div>\n\n\n<p>Por segundo a\u00f1o consecutivo la ciudad de Le\u00f3n fue sede de la premiaci\u00f3n en el marco de la s\u00e9ptima edici\u00f3n del \u201cSustainable &amp; Social Tourism Summit\u201d.<\/p>\n\n\n\n<p>Las iniciativas ganadoras fueron realizadas por asociaciones, empresas, organizaciones e individuos internacionales como parte de su actividad profesional y consisten en acciones concretas, medibles y comprobables para impulsar un modelo de turismo responsable en concordancia con el Manifiesto por un Turismo Sustentable, Solidario y Socialmente Responsable publicado en el a\u00f1o 2018 y a los Objetivos de Desarrollo Sostenible (ODS) de la Agenda 2030.<\/p>\n\n\n\n<p>Isabel Novoa, Presidenta de la Organizaci\u00f3n Internacional de Turismo Social, dijo que el dise\u00f1o del producto que se pone en el marcado es la clave del futuro del turismo sostenible, \u201cqueremos el turismo que cuida a las personas y que cuida el planeta\u201d.<\/p>\n\n\n\n<p>Durante la entrega de premios, Dirk Glaesser, director de Desarrollo Sostenible del Turismo de la Organizaci\u00f3n Mundial de Turismo (OMT), invit\u00f3 al sector a transformarse hacia modelos m\u00e1s sostenible e inspirar a m\u00e1s sociedades a trav\u00e9s de las experiencias que se viven en el turismo.&nbsp;<\/p>\n","protected":false},"excerpt":{"rendered":"Kuali\/Le\u00f3n, Gto.- El \u201cPremio al Turismo Sostenible y Social en Iberoam\u00e9rica\u201d este a\u00f1o fue para M\u00e9xico, que obtuvo tres distintivos; Chile, Costa Rica y Per\u00fa, con uno cada pa\u00eds. La segunda edici\u00f3n del premio, que fue instaurado en el a\u00f1o 2022, cont\u00f3 con 50 iniciativas registradas en cuatro categor\u00edas de Brasil, Centro Am\u00e9rica, Chile, Costa [&hellip;]","protected":false},"author":2,"featured_media":39559,"comment_status":"open","ping_status":"open","sticky":false,"template":"","format":"standard","meta":{"_seopress_robots_primary_cat":"none","_seopress_titles_title":"","_seopress_titles_desc":"","_seopress_robots_index":"","_monsterinsights_skip_tracking":false,"_monsterinsights_sitenote_active":false,"_monsterinsights_sitenote_note":"","_monsterinsights_sitenote_category":0,"footnotes":""},"categories":[17,13],"tags":[2802,954,883,93],"class_list":["post-125443","post","type-post","status-publish","format-standard","has-post-thumbnail","hentry","category-ecologia","category-turismo","tag-premio-al-turismo-sostenible-y-social-en-iberoamerica","tag-premios","tag-sustentabilidad","tag-turismo"],"yoast_head":"<!-- This site is optimized with the Yoast SEO plugin v27.4 - https:\/\/yoast.com\/product\/yoast-seo-wordpress\/ -->\n<title>M\u00c9XICO, COSTA RICA Y PER\u00da GANAN PREMIO DE TURISMO EN IBEROAM\u00c9RICA - Kuali<\/title>\n<meta name=\"robots\" content=\"index, follow, max-snippet:-1, max-image-preview:large, max-video-preview:-1\" \/>\n<link rel=\"canonical\" href=\"https:\/\/kuali.com.mx\/web\/2023\/09\/01\/mexico-costa-rica-y-peru-ganan-premio-de-turismo-en-iberoamerica\/\" \/>\n<meta property=\"og:locale\" content=\"es_MX\" \/>\n<meta property=\"og:type\" content=\"article\" \/>\n<meta property=\"og:title\" content=\"M\u00c9XICO, COSTA RICA Y PER\u00da GANAN PREMIO DE TURISMO EN IBEROAM\u00c9RICA - Kuali\" \/>\n<meta property=\"og:description\" content=\"Kuali\/Le\u00f3n, Gto.- El \u201cPremio al Turismo Sostenible y Social en Iberoam\u00e9rica\u201d este a\u00f1o fue para M\u00e9xico, que obtuvo tres distintivos; Chile, Costa Rica y Per\u00fa, con uno cada pa\u00eds. La segunda edici\u00f3n del premio, que fue instaurado en el a\u00f1o 2022, cont\u00f3 con 50 iniciativas registradas en cuatro categor\u00edas de Brasil, Centro Am\u00e9rica, Chile, Costa [&hellip;]\" \/>\n<meta property=\"og:url\" content=\"https:\/\/kuali.com.mx\/web\/2023\/09\/01\/mexico-costa-rica-y-peru-ganan-premio-de-turismo-en-iberoamerica\/\" \/>\n<meta property=\"og:site_name\" content=\"Kuali\" \/>\n<meta property=\"article:publisher\" content=\"https:\/\/kuali.com.mx\/web\/wp-content\/uploads\/2018\/04\/cropped-kuali_logo-1-1.png\" \/>\n<meta property=\"article:published_time\" content=\"2023-09-01T08:43:35+00:00\" \/>\n<meta property=\"article:modified_time\" content=\"2023-09-02T14:06:43+00:00\" \/>\n<meta property=\"og:image\" content=\"https:\/\/kuali.com.mx\/web\/wp-content\/uploads\/2018\/05\/medio-ambiente-1.jpg\" \/>\n\t<meta property=\"og:image:width\" content=\"1900\" \/>\n\t<meta property=\"og:image:height\" content=\"1267\" \/>\n\t<meta property=\"og:image:type\" content=\"image\/jpeg\" \/>\n<meta name=\"author\" content=\"Kuali Staff\" \/>\n<meta name=\"twitter:card\" content=\"summary_large_image\" \/>\n<meta name=\"twitter:creator\" content=\"@kuali_noticias\" \/>\n<meta name=\"twitter:site\" content=\"@kuali_noticias\" \/>\n<meta name=\"twitter:label1\" content=\"Escrito por\" \/>\n\t<meta name=\"twitter:data1\" content=\"Kuali Staff\" \/>\n\t<meta name=\"twitter:label2\" content=\"Tiempo de lectura\" \/>\n\t<meta name=\"twitter:data2\" content=\"2 minutos\" \/>\n<script type=\"application\/ld+json\" class=\"yoast-schema-graph\">{\"@context\":\"https:\\\/\\\/schema.org\",\"@graph\":[{\"@type\":\"Article\",\"@id\":\"https:\\\/\\\/kuali.com.mx\\\/web\\\/2023\\\/09\\\/01\\\/mexico-costa-rica-y-peru-ganan-premio-de-turismo-en-iberoamerica\\\/#article\",\"isPartOf\":{\"@id\":\"https:\\\/\\\/kuali.com.mx\\\/web\\\/2023\\\/09\\\/01\\\/mexico-costa-rica-y-peru-ganan-premio-de-turismo-en-iberoamerica\\\/\"},\"author\":{\"name\":\"Kuali Staff\",\"@id\":\"https:\\\/\\\/kuali.com.mx\\\/web\\\/#\\\/schema\\\/person\\\/6f89ffa8ecba9dae50662357923c5289\"},\"headline\":\"M\u00c9XICO, COSTA RICA Y PER\u00da GANAN PREMIO DE TURISMO EN IBEROAM\u00c9RICA\",\"datePublished\":\"2023-09-01T08:43:35+00:00\",\"dateModified\":\"2023-09-02T14:06:43+00:00\",\"mainEntityOfPage\":{\"@id\":\"https:\\\/\\\/kuali.com.mx\\\/web\\\/2023\\\/09\\\/01\\\/mexico-costa-rica-y-peru-ganan-premio-de-turismo-en-iberoamerica\\\/\"},\"wordCount\":481,\"commentCount\":0,\"image\":{\"@id\":\"https:\\\/\\\/kuali.com.mx\\\/web\\\/2023\\\/09\\\/01\\\/mexico-costa-rica-y-peru-ganan-premio-de-turismo-en-iberoamerica\\\/#primaryimage\"},\"thumbnailUrl\":\"https:\\\/\\\/kuali.com.mx\\\/web\\\/wp-content\\\/uploads\\\/2018\\\/05\\\/medio-ambiente-1.jpg\",\"keywords\":[\"Premio al Turismo Sostenible y Social en Iberoam\u00e9rica\",\"Premios\",\"Sustentabilidad\",\"turismo\"],\"articleSection\":[\"Ecolog\u00eda\",\"Turismo\"],\"inLanguage\":\"es\",\"potentialAction\":[{\"@type\":\"CommentAction\",\"name\":\"Comment\",\"target\":[\"https:\\\/\\\/kuali.com.mx\\\/web\\\/2023\\\/09\\\/01\\\/mexico-costa-rica-y-peru-ganan-premio-de-turismo-en-iberoamerica\\\/#respond\"]}]},{\"@type\":\"WebPage\",\"@id\":\"https:\\\/\\\/kuali.com.mx\\\/web\\\/2023\\\/09\\\/01\\\/mexico-costa-rica-y-peru-ganan-premio-de-turismo-en-iberoamerica\\\/\",\"url\":\"https:\\\/\\\/kuali.com.mx\\\/web\\\/2023\\\/09\\\/01\\\/mexico-costa-rica-y-peru-ganan-premio-de-turismo-en-iberoamerica\\\/\",\"name\":\"M\u00c9XICO, COSTA RICA Y PER\u00da GANAN PREMIO DE TURISMO EN IBEROAM\u00c9RICA - Kuali\",\"isPartOf\":{\"@id\":\"https:\\\/\\\/kuali.com.mx\\\/web\\\/#website\"},\"primaryImageOfPage\":{\"@id\":\"https:\\\/\\\/kuali.com.mx\\\/web\\\/2023\\\/09\\\/01\\\/mexico-costa-rica-y-peru-ganan-premio-de-turismo-en-iberoamerica\\\/#primaryimage\"},\"image\":{\"@id\":\"https:\\\/\\\/kuali.com.mx\\\/web\\\/2023\\\/09\\\/01\\\/mexico-costa-rica-y-peru-ganan-premio-de-turismo-en-iberoamerica\\\/#primaryimage\"},\"thumbnailUrl\":\"https:\\\/\\\/kuali.com.mx\\\/web\\\/wp-content\\\/uploads\\\/2018\\\/05\\\/medio-ambiente-1.jpg\",\"datePublished\":\"2023-09-01T08:43:35+00:00\",\"dateModified\":\"2023-09-02T14:06:43+00:00\",\"author\":{\"@id\":\"https:\\\/\\\/kuali.com.mx\\\/web\\\/#\\\/schema\\\/person\\\/6f89ffa8ecba9dae50662357923c5289\"},\"breadcrumb\":{\"@id\":\"https:\\\/\\\/kuali.com.mx\\\/web\\\/2023\\\/09\\\/01\\\/mexico-costa-rica-y-peru-ganan-premio-de-turismo-en-iberoamerica\\\/#breadcrumb\"},\"inLanguage\":\"es\",\"potentialAction\":[{\"@type\":\"ReadAction\",\"target\":[\"https:\\\/\\\/kuali.com.mx\\\/web\\\/2023\\\/09\\\/01\\\/mexico-costa-rica-y-peru-ganan-premio-de-turismo-en-iberoamerica\\\/\"]}]},{\"@type\":\"ImageObject\",\"inLanguage\":\"es\",\"@id\":\"https:\\\/\\\/kuali.com.mx\\\/web\\\/2023\\\/09\\\/01\\\/mexico-costa-rica-y-peru-ganan-premio-de-turismo-en-iberoamerica\\\/#primaryimage\",\"url\":\"https:\\\/\\\/kuali.com.mx\\\/web\\\/wp-content\\\/uploads\\\/2018\\\/05\\\/medio-ambiente-1.jpg\",\"contentUrl\":\"https:\\\/\\\/kuali.com.mx\\\/web\\\/wp-content\\\/uploads\\\/2018\\\/05\\\/medio-ambiente-1.jpg\",\"width\":1900,\"height\":1267},{\"@type\":\"BreadcrumbList\",\"@id\":\"https:\\\/\\\/kuali.com.mx\\\/web\\\/2023\\\/09\\\/01\\\/mexico-costa-rica-y-peru-ganan-premio-de-turismo-en-iberoamerica\\\/#breadcrumb\",\"itemListElement\":[{\"@type\":\"ListItem\",\"position\":1,\"name\":\"Inicio\",\"item\":\"https:\\\/\\\/kuali.com.mx\\\/web\\\/\"},{\"@type\":\"ListItem\",\"position\":2,\"name\":\"M\u00c9XICO, COSTA RICA Y PER\u00da GANAN PREMIO DE TURISMO EN IBEROAM\u00c9RICA\"}]},{\"@type\":\"WebSite\",\"@id\":\"https:\\\/\\\/kuali.com.mx\\\/web\\\/#website\",\"url\":\"https:\\\/\\\/kuali.com.mx\\\/web\\\/\",\"name\":\"Kuali\",\"description\":\"\",\"potentialAction\":[{\"@type\":\"SearchAction\",\"target\":{\"@type\":\"EntryPoint\",\"urlTemplate\":\"https:\\\/\\\/kuali.com.mx\\\/web\\\/?s={search_term_string}\"},\"query-input\":{\"@type\":\"PropertyValueSpecification\",\"valueRequired\":true,\"valueName\":\"search_term_string\"}}],\"inLanguage\":\"es\"},{\"@type\":\"Person\",\"@id\":\"https:\\\/\\\/kuali.com.mx\\\/web\\\/#\\\/schema\\\/person\\\/6f89ffa8ecba9dae50662357923c5289\",\"name\":\"Kuali Staff\",\"image\":{\"@type\":\"ImageObject\",\"inLanguage\":\"es\",\"@id\":\"https:\\\/\\\/secure.gravatar.com\\\/avatar\\\/f917ad82e5ab71227a733c78b6e60715476f69ee6be59feee4eb5d9920c89e0f?s=96&d=mm&r=g\",\"url\":\"https:\\\/\\\/secure.gravatar.com\\\/avatar\\\/f917ad82e5ab71227a733c78b6e60715476f69ee6be59feee4eb5d9920c89e0f?s=96&d=mm&r=g\",\"contentUrl\":\"https:\\\/\\\/secure.gravatar.com\\\/avatar\\\/f917ad82e5ab71227a733c78b6e60715476f69ee6be59feee4eb5d9920c89e0f?s=96&d=mm&r=g\",\"caption\":\"Kuali Staff\"},\"url\":\"https:\\\/\\\/kuali.com.mx\\\/web\\\/author\\\/lagarto\\\/\"}]}<\/script>\n<!-- \/ Yoast SEO plugin. -->","yoast_head_json":{"title":"M\u00c9XICO, COSTA RICA Y PER\u00da GANAN PREMIO DE TURISMO EN IBEROAM\u00c9RICA - Kuali","robots":{"index":"index","follow":"follow","max-snippet":"max-snippet:-1","max-image-preview":"max-image-preview:large","max-video-preview":"max-video-preview:-1"},"canonical":"https:\/\/kuali.com.mx\/web\/2023\/09\/01\/mexico-costa-rica-y-peru-ganan-premio-de-turismo-en-iberoamerica\/","og_locale":"es_MX","og_type":"article","og_title":"M\u00c9XICO, COSTA RICA Y PER\u00da GANAN PREMIO DE TURISMO EN IBEROAM\u00c9RICA - Kuali","og_description":"Kuali\/Le\u00f3n, Gto.- El \u201cPremio al Turismo Sostenible y Social en Iberoam\u00e9rica\u201d este a\u00f1o fue para M\u00e9xico, que obtuvo tres distintivos; Chile, Costa Rica y Per\u00fa, con uno cada pa\u00eds. La segunda edici\u00f3n del premio, que fue instaurado en el a\u00f1o 2022, cont\u00f3 con 50 iniciativas registradas en cuatro categor\u00edas de Brasil, Centro Am\u00e9rica, Chile, Costa [&hellip;]","og_url":"https:\/\/kuali.com.mx\/web\/2023\/09\/01\/mexico-costa-rica-y-peru-ganan-premio-de-turismo-en-iberoamerica\/","og_site_name":"Kuali","article_publisher":"https:\/\/kuali.com.mx\/web\/wp-content\/uploads\/2018\/04\/cropped-kuali_logo-1-1.png","article_published_time":"2023-09-01T08:43:35+00:00","article_modified_time":"2023-09-02T14:06:43+00:00","og_image":[{"width":1900,"height":1267,"url":"https:\/\/kuali.com.mx\/web\/wp-content\/uploads\/2018\/05\/medio-ambiente-1.jpg","type":"image\/jpeg"}],"author":"Kuali Staff","twitter_card":"summary_large_image","twitter_creator":"@kuali_noticias","twitter_site":"@kuali_noticias","twitter_misc":{"Escrito por":"Kuali Staff","Tiempo de lectura":"2 minutos"},"schema":{"@context":"https:\/\/schema.org","@graph":[{"@type":"Article","@id":"https:\/\/kuali.com.mx\/web\/2023\/09\/01\/mexico-costa-rica-y-peru-ganan-premio-de-turismo-en-iberoamerica\/#article","isPartOf":{"@id":"https:\/\/kuali.com.mx\/web\/2023\/09\/01\/mexico-costa-rica-y-peru-ganan-premio-de-turismo-en-iberoamerica\/"},"author":{"name":"Kuali Staff","@id":"https:\/\/kuali.com.mx\/web\/#\/schema\/person\/6f89ffa8ecba9dae50662357923c5289"},"headline":"M\u00c9XICO, COSTA RICA Y PER\u00da GANAN PREMIO DE TURISMO EN IBEROAM\u00c9RICA","datePublished":"2023-09-01T08:43:35+00:00","dateModified":"2023-09-02T14:06:43+00:00","mainEntityOfPage":{"@id":"https:\/\/kuali.com.mx\/web\/2023\/09\/01\/mexico-costa-rica-y-peru-ganan-premio-de-turismo-en-iberoamerica\/"},"wordCount":481,"commentCount":0,"image":{"@id":"https:\/\/kuali.com.mx\/web\/2023\/09\/01\/mexico-costa-rica-y-peru-ganan-premio-de-turismo-en-iberoamerica\/#primaryimage"},"thumbnailUrl":"https:\/\/kuali.com.mx\/web\/wp-content\/uploads\/2018\/05\/medio-ambiente-1.jpg","keywords":["Premio al Turismo Sostenible y Social en Iberoam\u00e9rica","Premios","Sustentabilidad","turismo"],"articleSection":["Ecolog\u00eda","Turismo"],"inLanguage":"es","potentialAction":[{"@type":"CommentAction","name":"Comment","target":["https:\/\/kuali.com.mx\/web\/2023\/09\/01\/mexico-costa-rica-y-peru-ganan-premio-de-turismo-en-iberoamerica\/#respond"]}]},{"@type":"WebPage","@id":"https:\/\/kuali.com.mx\/web\/2023\/09\/01\/mexico-costa-rica-y-peru-ganan-premio-de-turismo-en-iberoamerica\/","url":"https:\/\/kuali.com.mx\/web\/2023\/09\/01\/mexico-costa-rica-y-peru-ganan-premio-de-turismo-en-iberoamerica\/","name":"M\u00c9XICO, COSTA RICA Y PER\u00da GANAN PREMIO DE TURISMO EN IBEROAM\u00c9RICA - Kuali","isPartOf":{"@id":"https:\/\/kuali.com.mx\/web\/#website"},"primaryImageOfPage":{"@id":"https:\/\/kuali.com.mx\/web\/2023\/09\/01\/mexico-costa-rica-y-peru-ganan-premio-de-turismo-en-iberoamerica\/#primaryimage"},"image":{"@id":"https:\/\/kuali.com.mx\/web\/2023\/09\/01\/mexico-costa-rica-y-peru-ganan-premio-de-turismo-en-iberoamerica\/#primaryimage"},"thumbnailUrl":"https:\/\/kuali.com.mx\/web\/wp-content\/uploads\/2018\/05\/medio-ambiente-1.jpg","datePublished":"2023-09-01T08:43:35+00:00","dateModified":"2023-09-02T14:06:43+00:00","author":{"@id":"https:\/\/kuali.com.mx\/web\/#\/schema\/person\/6f89ffa8ecba9dae50662357923c5289"},"breadcrumb":{"@id":"https:\/\/kuali.com.mx\/web\/2023\/09\/01\/mexico-costa-rica-y-peru-ganan-premio-de-turismo-en-iberoamerica\/#breadcrumb"},"inLanguage":"es","potentialAction":[{"@type":"ReadAction","target":["https:\/\/kuali.com.mx\/web\/2023\/09\/01\/mexico-costa-rica-y-peru-ganan-premio-de-turismo-en-iberoamerica\/"]}]},{"@type":"ImageObject","inLanguage":"es","@id":"https:\/\/kuali.com.mx\/web\/2023\/09\/01\/mexico-costa-rica-y-peru-ganan-premio-de-turismo-en-iberoamerica\/#primaryimage","url":"https:\/\/kuali.com.mx\/web\/wp-content\/uploads\/2018\/05\/medio-ambiente-1.jpg","contentUrl":"https:\/\/kuali.com.mx\/web\/wp-content\/uploads\/2018\/05\/medio-ambiente-1.jpg","width":1900,"height":1267},{"@type":"BreadcrumbList","@id":"https:\/\/kuali.com.mx\/web\/2023\/09\/01\/mexico-costa-rica-y-peru-ganan-premio-de-turismo-en-iberoamerica\/#breadcrumb","itemListElement":[{"@type":"ListItem","position":1,"name":"Inicio","item":"https:\/\/kuali.com.mx\/web\/"},{"@type":"ListItem","position":2,"name":"M\u00c9XICO, COSTA RICA Y PER\u00da GANAN PREMIO DE TURISMO EN IBEROAM\u00c9RICA"}]},{"@type":"WebSite","@id":"https:\/\/kuali.com.mx\/web\/#website","url":"https:\/\/kuali.com.mx\/web\/","name":"Kuali","description":"","potentialAction":[{"@type":"SearchAction","target":{"@type":"EntryPoint","urlTemplate":"https:\/\/kuali.com.mx\/web\/?s={search_term_string}"},"query-input":{"@type":"PropertyValueSpecification","valueRequired":true,"valueName":"search_term_string"}}],"inLanguage":"es"},{"@type":"Person","@id":"https:\/\/kuali.com.mx\/web\/#\/schema\/person\/6f89ffa8ecba9dae50662357923c5289","name":"Kuali Staff","image":{"@type":"ImageObject","inLanguage":"es","@id":"https:\/\/secure.gravatar.com\/avatar\/f917ad82e5ab71227a733c78b6e60715476f69ee6be59feee4eb5d9920c89e0f?s=96&d=mm&r=g","url":"https:\/\/secure.gravatar.com\/avatar\/f917ad82e5ab71227a733c78b6e60715476f69ee6be59feee4eb5d9920c89e0f?s=96&d=mm&r=g","contentUrl":"https:\/\/secure.gravatar.com\/avatar\/f917ad82e5ab71227a733c78b6e60715476f69ee6be59feee4eb5d9920c89e0f?s=96&d=mm&r=g","caption":"Kuali Staff"},"url":"https:\/\/kuali.com.mx\/web\/author\/lagarto\/"}]}},"_links":{"self":[{"href":"https:\/\/kuali.com.mx\/web\/wp-json\/wp\/v2\/posts\/125443","targetHints":{"allow":["GET"]}}],"collection":[{"href":"https:\/\/kuali.com.mx\/web\/wp-json\/wp\/v2\/posts"}],"about":[{"href":"https:\/\/kuali.com.mx\/web\/wp-json\/wp\/v2\/types\/post"}],"author":[{"embeddable":true,"href":"https:\/\/kuali.com.mx\/web\/wp-json\/wp\/v2\/users\/2"}],"replies":[{"embeddable":true,"href":"https:\/\/kuali.com.mx\/web\/wp-json\/wp\/v2\/comments?post=125443"}],"version-history":[{"count":1,"href":"https:\/\/kuali.com.mx\/web\/wp-json\/wp\/v2\/posts\/125443\/revisions"}],"predecessor-version":[{"id":125446,"href":"https:\/\/kuali.com.mx\/web\/wp-json\/wp\/v2\/posts\/125443\/revisions\/125446"}],"wp:featuredmedia":[{"embeddable":true,"href":"https:\/\/kuali.com.mx\/web\/wp-json\/wp\/v2\/media\/39559"}],"wp:attachment":[{"href":"https:\/\/kuali.com.mx\/web\/wp-json\/wp\/v2\/media?parent=125443"}],"wp:term":[{"taxonomy":"category","embeddable":true,"href":"https:\/\/kuali.com.mx\/web\/wp-json\/wp\/v2\/categories?post=125443"},{"taxonomy":"post_tag","embeddable":true,"href":"https:\/\/kuali.com.mx\/web\/wp-json\/wp\/v2\/tags?post=125443"}],"curies":[{"name":"wp","href":"https:\/\/api.w.org\/{rel}","templated":true}]}}