{"id":125370,"date":"2023-08-31T19:20:40","date_gmt":"2023-09-01T01:20:40","guid":{"rendered":"https:\/\/kuali.com.mx\/web\/?p=125370"},"modified":"2023-09-01T08:21:36","modified_gmt":"2023-09-01T14:21:36","slug":"habra-una-pandemia-mas-grave-si-no-aumenta-la-sostenibilidad-omt","status":"publish","type":"post","link":"https:\/\/kuali.com.mx\/web\/2023\/08\/31\/habra-una-pandemia-mas-grave-si-no-aumenta-la-sostenibilidad-omt\/","title":{"rendered":"HABR\u00c1 UNA PANDEMIA M\u00c1S GRAVE SI NO MEJORA LA SOSTENIBILIDAD: OMT"},"content":{"rendered":"\n<p><strong>Kuali\/Le\u00f3n, Gto.- <\/strong>\u201cSi no cambiamos el rumbo a la sostenibilidad la pr\u00f3xima pandemia ser\u00e1 m\u00e1s grave. Los impactos sobre el \u00c9bola, Zika y ahora COVID-19 han sido cada vez m\u00e1s graves y esto vincula la necesidad de ser un sector m\u00e1s resiliente. La resiliencia es cuando se crean estrategias sustentables para adaptarse a cambios extremos y crisis\u201d, advirti\u00f3 Dirk Glaesser, director de Desarrollo Sostenible de Turismo de la Organizaci\u00f3n Mundial de Turismo (OMT).<\/p>\n\n\n\n<p>Al reflexionar sobre el turismo a nivel internacional, Dirk Glaesser dijo que la OMT ha analizado las pol\u00edticas subnacionales del turismo a trav\u00e9s de los patrones de consumo y la producci\u00f3n, y \u201cm\u00e1s de 100 de ellas hablan de la sostenibilidad como un factor importante\u201d.<\/p>\n\n\n\n<p>En el marco de la Reuni\u00f3n de Grupo T\u00e9cnico del Observatorio Tur\u00edstico del Estado de Guanajuato, efectuada previo a la inauguraci\u00f3n de la s\u00e9ptima edici\u00f3n del \u201cSustainable &amp; Social Tourism Summit\u201d, el directivo de la OMT reconoci\u00f3 el compromiso del Gobierno del Estado de Guanajuato de mantener al Observatorio Tur\u00edstico del Estado de Guanajuato (OTEG), y por ello han invitado a Guanajuato a procesos internacionales \u201cporque decimos que en el turismo las competencias est\u00e1n a nivel sub-nacional. En este nivel hay que reconocer, hay que actuar y hay que ayudar con sistemas que miden. Esa discusi\u00f3n es fundamental para la implementaci\u00f3n de la sostenibilidad\u201d.<\/p>\n\n\n<div class=\"wp-block-image\">\n<figure class=\"aligncenter size-full is-resized\"><img loading=\"lazy\" decoding=\"async\" src=\"https:\/\/kuali.com.mx\/web\/wp-content\/uploads\/2023\/08\/Reunion-OTEG_OMT.gif\" alt=\"\" class=\"wp-image-125364\" width=\"583\" height=\"344\"\/><figcaption>Dirk Glaesser, director de Desarrollo Sostenible de Turismo de la OMT (al centro). FOTO: CORTES\u00cdA <\/figcaption><\/figure>\n<\/div>\n\n\n<p>Destac\u00f3 que Guanajuato \u201cnos ha inspirado un mont\u00f3n con los avances que han hecho institucionalmente y el c\u00f3mo est\u00e1n reflejando, con sus an\u00e1lisis, el mercado. Est\u00e1n en buen camino y tienen que avanzar constantemente\u201d.<\/p>\n\n\n\n<p>El titular de la Secretar\u00eda de Turismo de Guanajuato (Sectur), Juan Jos\u00e9 \u00c1lvarez Brunel, coment\u00f3 en la reuni\u00f3n que el OTEG es una herramienta muy \u00fatil que no s\u00f3lo aporta el comportamiento de la actividad tur\u00edstica en el pasado, sino que brinda informaci\u00f3n determinante para la toma de decisiones del rumbo a seguir en las estrategias de todos los involucrados en el sector tur\u00edstico.<\/p>\n\n\n\n<p>Las principales mediciones del OTEG -que permiten mejorar la competitividad del sector con un enfoque de sostenibilidad e inclusi\u00f3n social- son: llegada de turistas, ocupaci\u00f3n hotelera, visitantes a museos y zonas arqueol\u00f3gicas, satisfacci\u00f3n del visitante, empleo en turismo, derrama econ\u00f3mica, gasto promedio diario, nivel de recomendaci\u00f3n del visitante.<\/p>\n\n\n\n<p>As\u00ed como la contribuci\u00f3n al Producto Interno Bruto (PIB) estatal, inversi\u00f3n p\u00fablica en turismo, inversi\u00f3n privada en turismo, apertura de nuevas empresas, mercados emisores, calidad del aire y huella de carbono en eventos.<\/p>\n\n\n\n<p>De acuerdo con el OTEG, de enero a junio, llegaron a la entidad 10 millones 599 mil 009 visitantes, dejando una derrama econ\u00f3mica de 24 mil 811 millones 109 mil 851 pesos; y 2 millones 182 mil 336 turistas, quienes han ocupado un mill\u00f3n 504 mil 287 cuartos de hospedaje, cifra que representa un porcentaje de ocupaci\u00f3n del 35 por ciento.<\/p>\n\n\n\n<p>El secretario alent\u00f3 a la industria tur\u00edstica y a los municipios a seguir colaborando con el OTEG y fortalecerse como sector.<\/p>\n","protected":false},"excerpt":{"rendered":"Kuali\/Le\u00f3n, Gto.- \u201cSi no cambiamos el rumbo a la sostenibilidad la pr\u00f3xima pandemia ser\u00e1 m\u00e1s grave. Los impactos sobre el \u00c9bola, Zika y ahora COVID-19 han sido cada vez m\u00e1s graves y esto vincula la necesidad de ser un sector m\u00e1s resiliente. La resiliencia es cuando se crean estrategias sustentables para adaptarse a cambios extremos [&hellip;]","protected":false},"author":2,"featured_media":125364,"comment_status":"open","ping_status":"open","sticky":false,"template":"","format":"standard","meta":{"_seopress_robots_primary_cat":"none","_seopress_titles_title":"","_seopress_titles_desc":"","_seopress_robots_index":"","_monsterinsights_skip_tracking":false,"_monsterinsights_sitenote_active":false,"_monsterinsights_sitenote_note":"","_monsterinsights_sitenote_category":0,"footnotes":""},"categories":[17,13],"tags":[9,2797,2776,2796],"class_list":["post-125370","post","type-post","status-publish","format-standard","has-post-thumbnail","hentry","category-ecologia","category-turismo","tag-guanajuato","tag-omt","tag-sustainable-social-tourism-summit","tag-turismo-sostenible"],"yoast_head":"<!-- This site is optimized with the Yoast SEO plugin v27.4 - https:\/\/yoast.com\/product\/yoast-seo-wordpress\/ -->\n<title>HABR\u00c1 UNA PANDEMIA M\u00c1S GRAVE SI NO MEJORA LA SOSTENIBILIDAD: OMT - Kuali<\/title>\n<meta name=\"robots\" content=\"index, follow, max-snippet:-1, max-image-preview:large, max-video-preview:-1\" \/>\n<link rel=\"canonical\" href=\"https:\/\/kuali.com.mx\/web\/2023\/08\/31\/habra-una-pandemia-mas-grave-si-no-aumenta-la-sostenibilidad-omt\/\" \/>\n<meta property=\"og:locale\" content=\"es_MX\" \/>\n<meta property=\"og:type\" content=\"article\" \/>\n<meta property=\"og:title\" content=\"HABR\u00c1 UNA PANDEMIA M\u00c1S GRAVE SI NO MEJORA LA SOSTENIBILIDAD: OMT - Kuali\" \/>\n<meta property=\"og:description\" content=\"Kuali\/Le\u00f3n, Gto.- \u201cSi no cambiamos el rumbo a la sostenibilidad la pr\u00f3xima pandemia ser\u00e1 m\u00e1s grave. Los impactos sobre el \u00c9bola, Zika y ahora COVID-19 han sido cada vez m\u00e1s graves y esto vincula la necesidad de ser un sector m\u00e1s resiliente. La resiliencia es cuando se crean estrategias sustentables para adaptarse a cambios extremos [&hellip;]\" \/>\n<meta property=\"og:url\" content=\"https:\/\/kuali.com.mx\/web\/2023\/08\/31\/habra-una-pandemia-mas-grave-si-no-aumenta-la-sostenibilidad-omt\/\" \/>\n<meta property=\"og:site_name\" content=\"Kuali\" \/>\n<meta property=\"article:publisher\" content=\"https:\/\/kuali.com.mx\/web\/wp-content\/uploads\/2018\/04\/cropped-kuali_logo-1-1.png\" \/>\n<meta property=\"article:published_time\" content=\"2023-09-01T01:20:40+00:00\" \/>\n<meta property=\"article:modified_time\" content=\"2023-09-01T14:21:36+00:00\" \/>\n<meta property=\"og:image\" content=\"https:\/\/kuali.com.mx\/web\/wp-content\/uploads\/2023\/08\/Reunion-OTEG_OMT.gif\" \/>\n\t<meta property=\"og:image:width\" content=\"512\" \/>\n\t<meta property=\"og:image:height\" content=\"305\" \/>\n\t<meta property=\"og:image:type\" content=\"image\/gif\" \/>\n<meta name=\"author\" content=\"Kuali Staff\" \/>\n<meta name=\"twitter:card\" content=\"summary_large_image\" \/>\n<meta name=\"twitter:creator\" content=\"@kuali_noticias\" \/>\n<meta name=\"twitter:site\" content=\"@kuali_noticias\" \/>\n<meta name=\"twitter:label1\" content=\"Escrito por\" \/>\n\t<meta name=\"twitter:data1\" content=\"Kuali Staff\" \/>\n\t<meta name=\"twitter:label2\" content=\"Tiempo de lectura\" \/>\n\t<meta name=\"twitter:data2\" content=\"3 minutos\" \/>\n<script type=\"application\/ld+json\" class=\"yoast-schema-graph\">{\"@context\":\"https:\\\/\\\/schema.org\",\"@graph\":[{\"@type\":\"Article\",\"@id\":\"https:\\\/\\\/kuali.com.mx\\\/web\\\/2023\\\/08\\\/31\\\/habra-una-pandemia-mas-grave-si-no-aumenta-la-sostenibilidad-omt\\\/#article\",\"isPartOf\":{\"@id\":\"https:\\\/\\\/kuali.com.mx\\\/web\\\/2023\\\/08\\\/31\\\/habra-una-pandemia-mas-grave-si-no-aumenta-la-sostenibilidad-omt\\\/\"},\"author\":{\"name\":\"Kuali Staff\",\"@id\":\"https:\\\/\\\/kuali.com.mx\\\/web\\\/#\\\/schema\\\/person\\\/6f89ffa8ecba9dae50662357923c5289\"},\"headline\":\"HABR\u00c1 UNA PANDEMIA M\u00c1S GRAVE SI NO MEJORA LA SOSTENIBILIDAD: OMT\",\"datePublished\":\"2023-09-01T01:20:40+00:00\",\"dateModified\":\"2023-09-01T14:21:36+00:00\",\"mainEntityOfPage\":{\"@id\":\"https:\\\/\\\/kuali.com.mx\\\/web\\\/2023\\\/08\\\/31\\\/habra-una-pandemia-mas-grave-si-no-aumenta-la-sostenibilidad-omt\\\/\"},\"wordCount\":544,\"commentCount\":0,\"image\":{\"@id\":\"https:\\\/\\\/kuali.com.mx\\\/web\\\/2023\\\/08\\\/31\\\/habra-una-pandemia-mas-grave-si-no-aumenta-la-sostenibilidad-omt\\\/#primaryimage\"},\"thumbnailUrl\":\"https:\\\/\\\/kuali.com.mx\\\/web\\\/wp-content\\\/uploads\\\/2023\\\/08\\\/Reunion-OTEG_OMT.gif\",\"keywords\":[\"Guanajuato\",\"OMT\",\"Sustainable &amp; Social Tourism Summit\",\"Turismo sostenible\"],\"articleSection\":[\"Ecolog\u00eda\",\"Turismo\"],\"inLanguage\":\"es\",\"potentialAction\":[{\"@type\":\"CommentAction\",\"name\":\"Comment\",\"target\":[\"https:\\\/\\\/kuali.com.mx\\\/web\\\/2023\\\/08\\\/31\\\/habra-una-pandemia-mas-grave-si-no-aumenta-la-sostenibilidad-omt\\\/#respond\"]}]},{\"@type\":\"WebPage\",\"@id\":\"https:\\\/\\\/kuali.com.mx\\\/web\\\/2023\\\/08\\\/31\\\/habra-una-pandemia-mas-grave-si-no-aumenta-la-sostenibilidad-omt\\\/\",\"url\":\"https:\\\/\\\/kuali.com.mx\\\/web\\\/2023\\\/08\\\/31\\\/habra-una-pandemia-mas-grave-si-no-aumenta-la-sostenibilidad-omt\\\/\",\"name\":\"HABR\u00c1 UNA PANDEMIA M\u00c1S GRAVE SI NO MEJORA LA SOSTENIBILIDAD: OMT - Kuali\",\"isPartOf\":{\"@id\":\"https:\\\/\\\/kuali.com.mx\\\/web\\\/#website\"},\"primaryImageOfPage\":{\"@id\":\"https:\\\/\\\/kuali.com.mx\\\/web\\\/2023\\\/08\\\/31\\\/habra-una-pandemia-mas-grave-si-no-aumenta-la-sostenibilidad-omt\\\/#primaryimage\"},\"image\":{\"@id\":\"https:\\\/\\\/kuali.com.mx\\\/web\\\/2023\\\/08\\\/31\\\/habra-una-pandemia-mas-grave-si-no-aumenta-la-sostenibilidad-omt\\\/#primaryimage\"},\"thumbnailUrl\":\"https:\\\/\\\/kuali.com.mx\\\/web\\\/wp-content\\\/uploads\\\/2023\\\/08\\\/Reunion-OTEG_OMT.gif\",\"datePublished\":\"2023-09-01T01:20:40+00:00\",\"dateModified\":\"2023-09-01T14:21:36+00:00\",\"author\":{\"@id\":\"https:\\\/\\\/kuali.com.mx\\\/web\\\/#\\\/schema\\\/person\\\/6f89ffa8ecba9dae50662357923c5289\"},\"breadcrumb\":{\"@id\":\"https:\\\/\\\/kuali.com.mx\\\/web\\\/2023\\\/08\\\/31\\\/habra-una-pandemia-mas-grave-si-no-aumenta-la-sostenibilidad-omt\\\/#breadcrumb\"},\"inLanguage\":\"es\",\"potentialAction\":[{\"@type\":\"ReadAction\",\"target\":[\"https:\\\/\\\/kuali.com.mx\\\/web\\\/2023\\\/08\\\/31\\\/habra-una-pandemia-mas-grave-si-no-aumenta-la-sostenibilidad-omt\\\/\"]}]},{\"@type\":\"ImageObject\",\"inLanguage\":\"es\",\"@id\":\"https:\\\/\\\/kuali.com.mx\\\/web\\\/2023\\\/08\\\/31\\\/habra-una-pandemia-mas-grave-si-no-aumenta-la-sostenibilidad-omt\\\/#primaryimage\",\"url\":\"https:\\\/\\\/kuali.com.mx\\\/web\\\/wp-content\\\/uploads\\\/2023\\\/08\\\/Reunion-OTEG_OMT.gif\",\"contentUrl\":\"https:\\\/\\\/kuali.com.mx\\\/web\\\/wp-content\\\/uploads\\\/2023\\\/08\\\/Reunion-OTEG_OMT.gif\",\"width\":512,\"height\":305},{\"@type\":\"BreadcrumbList\",\"@id\":\"https:\\\/\\\/kuali.com.mx\\\/web\\\/2023\\\/08\\\/31\\\/habra-una-pandemia-mas-grave-si-no-aumenta-la-sostenibilidad-omt\\\/#breadcrumb\",\"itemListElement\":[{\"@type\":\"ListItem\",\"position\":1,\"name\":\"Inicio\",\"item\":\"https:\\\/\\\/kuali.com.mx\\\/web\\\/\"},{\"@type\":\"ListItem\",\"position\":2,\"name\":\"HABR\u00c1 UNA PANDEMIA M\u00c1S GRAVE SI NO MEJORA LA SOSTENIBILIDAD: OMT\"}]},{\"@type\":\"WebSite\",\"@id\":\"https:\\\/\\\/kuali.com.mx\\\/web\\\/#website\",\"url\":\"https:\\\/\\\/kuali.com.mx\\\/web\\\/\",\"name\":\"Kuali\",\"description\":\"\",\"potentialAction\":[{\"@type\":\"SearchAction\",\"target\":{\"@type\":\"EntryPoint\",\"urlTemplate\":\"https:\\\/\\\/kuali.com.mx\\\/web\\\/?s={search_term_string}\"},\"query-input\":{\"@type\":\"PropertyValueSpecification\",\"valueRequired\":true,\"valueName\":\"search_term_string\"}}],\"inLanguage\":\"es\"},{\"@type\":\"Person\",\"@id\":\"https:\\\/\\\/kuali.com.mx\\\/web\\\/#\\\/schema\\\/person\\\/6f89ffa8ecba9dae50662357923c5289\",\"name\":\"Kuali Staff\",\"image\":{\"@type\":\"ImageObject\",\"inLanguage\":\"es\",\"@id\":\"https:\\\/\\\/secure.gravatar.com\\\/avatar\\\/f917ad82e5ab71227a733c78b6e60715476f69ee6be59feee4eb5d9920c89e0f?s=96&d=mm&r=g\",\"url\":\"https:\\\/\\\/secure.gravatar.com\\\/avatar\\\/f917ad82e5ab71227a733c78b6e60715476f69ee6be59feee4eb5d9920c89e0f?s=96&d=mm&r=g\",\"contentUrl\":\"https:\\\/\\\/secure.gravatar.com\\\/avatar\\\/f917ad82e5ab71227a733c78b6e60715476f69ee6be59feee4eb5d9920c89e0f?s=96&d=mm&r=g\",\"caption\":\"Kuali Staff\"},\"url\":\"https:\\\/\\\/kuali.com.mx\\\/web\\\/author\\\/lagarto\\\/\"}]}<\/script>\n<!-- \/ Yoast SEO plugin. -->","yoast_head_json":{"title":"HABR\u00c1 UNA PANDEMIA M\u00c1S GRAVE SI NO MEJORA LA SOSTENIBILIDAD: OMT - Kuali","robots":{"index":"index","follow":"follow","max-snippet":"max-snippet:-1","max-image-preview":"max-image-preview:large","max-video-preview":"max-video-preview:-1"},"canonical":"https:\/\/kuali.com.mx\/web\/2023\/08\/31\/habra-una-pandemia-mas-grave-si-no-aumenta-la-sostenibilidad-omt\/","og_locale":"es_MX","og_type":"article","og_title":"HABR\u00c1 UNA PANDEMIA M\u00c1S GRAVE SI NO MEJORA LA SOSTENIBILIDAD: OMT - Kuali","og_description":"Kuali\/Le\u00f3n, Gto.- \u201cSi no cambiamos el rumbo a la sostenibilidad la pr\u00f3xima pandemia ser\u00e1 m\u00e1s grave. Los impactos sobre el \u00c9bola, Zika y ahora COVID-19 han sido cada vez m\u00e1s graves y esto vincula la necesidad de ser un sector m\u00e1s resiliente. La resiliencia es cuando se crean estrategias sustentables para adaptarse a cambios extremos [&hellip;]","og_url":"https:\/\/kuali.com.mx\/web\/2023\/08\/31\/habra-una-pandemia-mas-grave-si-no-aumenta-la-sostenibilidad-omt\/","og_site_name":"Kuali","article_publisher":"https:\/\/kuali.com.mx\/web\/wp-content\/uploads\/2018\/04\/cropped-kuali_logo-1-1.png","article_published_time":"2023-09-01T01:20:40+00:00","article_modified_time":"2023-09-01T14:21:36+00:00","og_image":[{"width":512,"height":305,"url":"https:\/\/kuali.com.mx\/web\/wp-content\/uploads\/2023\/08\/Reunion-OTEG_OMT.gif","type":"image\/gif"}],"author":"Kuali Staff","twitter_card":"summary_large_image","twitter_creator":"@kuali_noticias","twitter_site":"@kuali_noticias","twitter_misc":{"Escrito por":"Kuali Staff","Tiempo de lectura":"3 minutos"},"schema":{"@context":"https:\/\/schema.org","@graph":[{"@type":"Article","@id":"https:\/\/kuali.com.mx\/web\/2023\/08\/31\/habra-una-pandemia-mas-grave-si-no-aumenta-la-sostenibilidad-omt\/#article","isPartOf":{"@id":"https:\/\/kuali.com.mx\/web\/2023\/08\/31\/habra-una-pandemia-mas-grave-si-no-aumenta-la-sostenibilidad-omt\/"},"author":{"name":"Kuali Staff","@id":"https:\/\/kuali.com.mx\/web\/#\/schema\/person\/6f89ffa8ecba9dae50662357923c5289"},"headline":"HABR\u00c1 UNA PANDEMIA M\u00c1S GRAVE SI NO MEJORA LA SOSTENIBILIDAD: OMT","datePublished":"2023-09-01T01:20:40+00:00","dateModified":"2023-09-01T14:21:36+00:00","mainEntityOfPage":{"@id":"https:\/\/kuali.com.mx\/web\/2023\/08\/31\/habra-una-pandemia-mas-grave-si-no-aumenta-la-sostenibilidad-omt\/"},"wordCount":544,"commentCount":0,"image":{"@id":"https:\/\/kuali.com.mx\/web\/2023\/08\/31\/habra-una-pandemia-mas-grave-si-no-aumenta-la-sostenibilidad-omt\/#primaryimage"},"thumbnailUrl":"https:\/\/kuali.com.mx\/web\/wp-content\/uploads\/2023\/08\/Reunion-OTEG_OMT.gif","keywords":["Guanajuato","OMT","Sustainable &amp; Social Tourism Summit","Turismo sostenible"],"articleSection":["Ecolog\u00eda","Turismo"],"inLanguage":"es","potentialAction":[{"@type":"CommentAction","name":"Comment","target":["https:\/\/kuali.com.mx\/web\/2023\/08\/31\/habra-una-pandemia-mas-grave-si-no-aumenta-la-sostenibilidad-omt\/#respond"]}]},{"@type":"WebPage","@id":"https:\/\/kuali.com.mx\/web\/2023\/08\/31\/habra-una-pandemia-mas-grave-si-no-aumenta-la-sostenibilidad-omt\/","url":"https:\/\/kuali.com.mx\/web\/2023\/08\/31\/habra-una-pandemia-mas-grave-si-no-aumenta-la-sostenibilidad-omt\/","name":"HABR\u00c1 UNA PANDEMIA M\u00c1S GRAVE SI NO MEJORA LA SOSTENIBILIDAD: OMT - Kuali","isPartOf":{"@id":"https:\/\/kuali.com.mx\/web\/#website"},"primaryImageOfPage":{"@id":"https:\/\/kuali.com.mx\/web\/2023\/08\/31\/habra-una-pandemia-mas-grave-si-no-aumenta-la-sostenibilidad-omt\/#primaryimage"},"image":{"@id":"https:\/\/kuali.com.mx\/web\/2023\/08\/31\/habra-una-pandemia-mas-grave-si-no-aumenta-la-sostenibilidad-omt\/#primaryimage"},"thumbnailUrl":"https:\/\/kuali.com.mx\/web\/wp-content\/uploads\/2023\/08\/Reunion-OTEG_OMT.gif","datePublished":"2023-09-01T01:20:40+00:00","dateModified":"2023-09-01T14:21:36+00:00","author":{"@id":"https:\/\/kuali.com.mx\/web\/#\/schema\/person\/6f89ffa8ecba9dae50662357923c5289"},"breadcrumb":{"@id":"https:\/\/kuali.com.mx\/web\/2023\/08\/31\/habra-una-pandemia-mas-grave-si-no-aumenta-la-sostenibilidad-omt\/#breadcrumb"},"inLanguage":"es","potentialAction":[{"@type":"ReadAction","target":["https:\/\/kuali.com.mx\/web\/2023\/08\/31\/habra-una-pandemia-mas-grave-si-no-aumenta-la-sostenibilidad-omt\/"]}]},{"@type":"ImageObject","inLanguage":"es","@id":"https:\/\/kuali.com.mx\/web\/2023\/08\/31\/habra-una-pandemia-mas-grave-si-no-aumenta-la-sostenibilidad-omt\/#primaryimage","url":"https:\/\/kuali.com.mx\/web\/wp-content\/uploads\/2023\/08\/Reunion-OTEG_OMT.gif","contentUrl":"https:\/\/kuali.com.mx\/web\/wp-content\/uploads\/2023\/08\/Reunion-OTEG_OMT.gif","width":512,"height":305},{"@type":"BreadcrumbList","@id":"https:\/\/kuali.com.mx\/web\/2023\/08\/31\/habra-una-pandemia-mas-grave-si-no-aumenta-la-sostenibilidad-omt\/#breadcrumb","itemListElement":[{"@type":"ListItem","position":1,"name":"Inicio","item":"https:\/\/kuali.com.mx\/web\/"},{"@type":"ListItem","position":2,"name":"HABR\u00c1 UNA PANDEMIA M\u00c1S GRAVE SI NO MEJORA LA SOSTENIBILIDAD: OMT"}]},{"@type":"WebSite","@id":"https:\/\/kuali.com.mx\/web\/#website","url":"https:\/\/kuali.com.mx\/web\/","name":"Kuali","description":"","potentialAction":[{"@type":"SearchAction","target":{"@type":"EntryPoint","urlTemplate":"https:\/\/kuali.com.mx\/web\/?s={search_term_string}"},"query-input":{"@type":"PropertyValueSpecification","valueRequired":true,"valueName":"search_term_string"}}],"inLanguage":"es"},{"@type":"Person","@id":"https:\/\/kuali.com.mx\/web\/#\/schema\/person\/6f89ffa8ecba9dae50662357923c5289","name":"Kuali Staff","image":{"@type":"ImageObject","inLanguage":"es","@id":"https:\/\/secure.gravatar.com\/avatar\/f917ad82e5ab71227a733c78b6e60715476f69ee6be59feee4eb5d9920c89e0f?s=96&d=mm&r=g","url":"https:\/\/secure.gravatar.com\/avatar\/f917ad82e5ab71227a733c78b6e60715476f69ee6be59feee4eb5d9920c89e0f?s=96&d=mm&r=g","contentUrl":"https:\/\/secure.gravatar.com\/avatar\/f917ad82e5ab71227a733c78b6e60715476f69ee6be59feee4eb5d9920c89e0f?s=96&d=mm&r=g","caption":"Kuali Staff"},"url":"https:\/\/kuali.com.mx\/web\/author\/lagarto\/"}]}},"_links":{"self":[{"href":"https:\/\/kuali.com.mx\/web\/wp-json\/wp\/v2\/posts\/125370","targetHints":{"allow":["GET"]}}],"collection":[{"href":"https:\/\/kuali.com.mx\/web\/wp-json\/wp\/v2\/posts"}],"about":[{"href":"https:\/\/kuali.com.mx\/web\/wp-json\/wp\/v2\/types\/post"}],"author":[{"embeddable":true,"href":"https:\/\/kuali.com.mx\/web\/wp-json\/wp\/v2\/users\/2"}],"replies":[{"embeddable":true,"href":"https:\/\/kuali.com.mx\/web\/wp-json\/wp\/v2\/comments?post=125370"}],"version-history":[{"count":2,"href":"https:\/\/kuali.com.mx\/web\/wp-json\/wp\/v2\/posts\/125370\/revisions"}],"predecessor-version":[{"id":125379,"href":"https:\/\/kuali.com.mx\/web\/wp-json\/wp\/v2\/posts\/125370\/revisions\/125379"}],"wp:featuredmedia":[{"embeddable":true,"href":"https:\/\/kuali.com.mx\/web\/wp-json\/wp\/v2\/media\/125364"}],"wp:attachment":[{"href":"https:\/\/kuali.com.mx\/web\/wp-json\/wp\/v2\/media?parent=125370"}],"wp:term":[{"taxonomy":"category","embeddable":true,"href":"https:\/\/kuali.com.mx\/web\/wp-json\/wp\/v2\/categories?post=125370"},{"taxonomy":"post_tag","embeddable":true,"href":"https:\/\/kuali.com.mx\/web\/wp-json\/wp\/v2\/tags?post=125370"}],"curies":[{"name":"wp","href":"https:\/\/api.w.org\/{rel}","templated":true}]}}