{"id":124537,"date":"2023-08-18T13:25:00","date_gmt":"2023-08-18T19:25:00","guid":{"rendered":"https:\/\/kuali.com.mx\/web\/?p=124537"},"modified":"2023-08-18T23:27:02","modified_gmt":"2023-08-19T05:27:02","slug":"comparte-ug-acervo-cultural","status":"publish","type":"post","link":"https:\/\/kuali.com.mx\/web\/2023\/08\/18\/comparte-ug-acervo-cultural\/","title":{"rendered":"COMPARTE UG ACERVO CULTURAL"},"content":{"rendered":"\n<p>La Universidad de Guanajuato (UG)  facilit\u00f3 la exhibici\u00f3n de la obra denominada \u201cRetrato de una enajenada\", pieza realizada por la pintora mexicana \u00c1ngela Icaza y que formar\u00e1 parte de la exposici\u00f3n \u201cPintar en Femenino: Mujeres en el Sistema Art\u00edstico Mexicano 1846 \u2013 1940\u201d, la cual tendr\u00e1 como sede el Museo Nacional de San Carlos en la Ciudad de M\u00e9xico.<\/p>\n\n\n\n<p>El cuadro en cuesti\u00f3n es la representaci\u00f3n de una mujer enamorada, cuyo detalle de trazo y uso de color muestra una notable calidad art\u00edstica de la autora. A decir de especialistas, \u00c1ngela Icaza se destac\u00f3 por su trabajo en temas de compleja elaboraci\u00f3n art\u00edstica, incluida la excelente ejecuci\u00f3n de copias de grandes artistas de la \u00e9poca.<\/p>\n\n\n\n<p>\u00c1ngela Icaza fue una artista mexicana del siglo XIX, alumna destacada del maestro catal\u00e1n Pelegr\u00edn Clav\u00e9 y una de las pocas que pudieron acceder a la Academia de San Carlos, una escuela dedicada a la ense\u00f1anza de la arquitectura, pintura, escultura y grabados creada en 1781 y que fue exclusiva para varones hasta el a\u00f1o de 1886.<\/p>\n\n\n\n<p>La muestra \u201cPintar en Femenino: Mujeres en el Sistema Art\u00edstico Mexicano 1846 \u2013 1940\u201d tambi\u00e9n rinde homenaje a la historiadora del arte Leonor Cortina, quien abri\u00f3 el camino a otras mujeres en el rubro historiogr\u00e1fico, cultural y muse\u00edstico. En ese sentido, el objetivo de la mencionada muestra es contribuir al estudio hist\u00f3rico del quehacer art\u00edstico de las mujeres mexicanas, desde una perspectiva feminista y actual, mediante una narrativa en la que se permite expresarse y reconocerse como sujetos hist\u00f3ricos y agentes de cambio.<\/p>\n\n\n\n<p>Cabe mencionar que, en el a\u00f1o 2019, las acciones del Restaurador y Coordinador de Bienes Muebles del Comit\u00e9 T\u00e9cnico de Bienes del Patrimonio Cultural, Alfonso Mario Mart\u00edn Varela, determinaron y reivindicaron que \u201cRetrato de una enajenada\" fue elaborada por la propia \u00c1ngela Icaza y no por Juan Cordero, pintor que ostentaba su autor\u00eda a ra\u00edz de una serie de estudios efectuados por historiadore(a)s e investigadore(a)s de historia del arte.<\/p>\n\n\n\n<p>\"Fue una gran sorpresa encontrar que el cuadro hab\u00eda sido pintado por una mujer, pues en el siglo XIX pocas eran las mujeres que pod\u00edan acceder a la Academia de San Carlos, adem\u00e1s ellas no tomaban las mismas clases, por ejemplo, no se les daba dibujo anat\u00f3mico y por esa raz\u00f3n, nos sorprendimos a\u00fan m\u00e1s al encontrar un cuadro en el que pint\u00f3 a una mujer con muchos detalles en el rostro por poner un<\/p>\n\n\n\n<p>ejemplo, adem\u00e1s la pintura tiene una calidad impresionante y domina el uso del color\", declar\u00f3 en su momento Alfonso Mario Mart\u00edn Varela.<\/p>\n\n\n\n<p>La Universidad de Guanajuato, en coordinaci\u00f3n con la Secretar\u00eda de Cultura del Gobierno de M\u00e9xico y el Instituto Nacional de Bellas Artes y Literatura (INBAL) invitan a la muestra \u201cPintar en Femenino: Mujeres en el Sistema Art\u00edstico Mexicano 1846 \u2013 1940\u201d en las instalaciones del Museo Nacional de San Carlos, la cual estar\u00e1 disponible hasta el 25 de febrero de 2024.<\/p>\n","protected":false},"excerpt":{"rendered":"La Universidad de Guanajuato (UG) facilit\u00f3 la exhibici\u00f3n de la obra denominada \u201cRetrato de una enajenada\", pieza realizada por la pintora mexicana \u00c1ngela Icaza y que formar\u00e1 parte de la exposici\u00f3n \u201cPintar en Femenino: Mujeres en el Sistema Art\u00edstico Mexicano 1846 \u2013 1940\u201d, la cual tendr\u00e1 como sede el Museo Nacional de San Carlos en [&hellip;]","protected":false},"author":2,"featured_media":124540,"comment_status":"open","ping_status":"open","sticky":false,"template":"","format":"standard","meta":{"_seopress_robots_primary_cat":"none","_seopress_titles_title":"","_seopress_titles_desc":"","_seopress_robots_index":"","_monsterinsights_skip_tracking":false,"_monsterinsights_sitenote_active":false,"_monsterinsights_sitenote_note":"","_monsterinsights_sitenote_category":0,"footnotes":""},"categories":[2],"tags":[],"class_list":["post-124537","post","type-post","status-publish","format-standard","has-post-thumbnail","hentry","category-ciencia"],"yoast_head":"<!-- This site is optimized with the Yoast SEO plugin v27.4 - https:\/\/yoast.com\/product\/yoast-seo-wordpress\/ -->\n<title>COMPARTE UG ACERVO CULTURAL - Kuali<\/title>\n<meta name=\"robots\" content=\"index, follow, max-snippet:-1, max-image-preview:large, max-video-preview:-1\" \/>\n<link rel=\"canonical\" href=\"https:\/\/kuali.com.mx\/web\/2023\/08\/18\/comparte-ug-acervo-cultural\/\" \/>\n<meta property=\"og:locale\" content=\"es_MX\" \/>\n<meta property=\"og:type\" content=\"article\" \/>\n<meta property=\"og:title\" content=\"COMPARTE UG ACERVO CULTURAL - Kuali\" \/>\n<meta property=\"og:description\" content=\"La Universidad de Guanajuato (UG) facilit\u00f3 la exhibici\u00f3n de la obra denominada \u201cRetrato de una enajenada&quot;, pieza realizada por la pintora mexicana \u00c1ngela Icaza y que formar\u00e1 parte de la exposici\u00f3n \u201cPintar en Femenino: Mujeres en el Sistema Art\u00edstico Mexicano 1846 \u2013 1940\u201d, la cual tendr\u00e1 como sede el Museo Nacional de San Carlos en [&hellip;]\" \/>\n<meta property=\"og:url\" content=\"https:\/\/kuali.com.mx\/web\/2023\/08\/18\/comparte-ug-acervo-cultural\/\" \/>\n<meta property=\"og:site_name\" content=\"Kuali\" \/>\n<meta property=\"article:publisher\" content=\"https:\/\/kuali.com.mx\/web\/wp-content\/uploads\/2018\/04\/cropped-kuali_logo-1-1.png\" \/>\n<meta property=\"article:published_time\" content=\"2023-08-18T19:25:00+00:00\" \/>\n<meta property=\"article:modified_time\" content=\"2023-08-19T05:27:02+00:00\" \/>\n<meta property=\"og:image\" content=\"https:\/\/kuali.com.mx\/web\/wp-content\/uploads\/2023\/08\/Patrimonio-UG-se-expone-en-el-Museo-Nacional-de-San-Carlos-3.jpeg\" \/>\n\t<meta property=\"og:image:width\" content=\"1337\" \/>\n\t<meta property=\"og:image:height\" content=\"900\" \/>\n\t<meta property=\"og:image:type\" content=\"image\/jpeg\" \/>\n<meta name=\"author\" content=\"Kuali Staff\" \/>\n<meta name=\"twitter:card\" content=\"summary_large_image\" \/>\n<meta name=\"twitter:creator\" content=\"@kuali_noticias\" \/>\n<meta name=\"twitter:site\" content=\"@kuali_noticias\" \/>\n<meta name=\"twitter:label1\" content=\"Escrito por\" \/>\n\t<meta name=\"twitter:data1\" content=\"Kuali Staff\" \/>\n\t<meta name=\"twitter:label2\" content=\"Tiempo de lectura\" \/>\n\t<meta name=\"twitter:data2\" content=\"3 minutos\" \/>\n<script type=\"application\/ld+json\" class=\"yoast-schema-graph\">{\"@context\":\"https:\\\/\\\/schema.org\",\"@graph\":[{\"@type\":\"Article\",\"@id\":\"https:\\\/\\\/kuali.com.mx\\\/web\\\/2023\\\/08\\\/18\\\/comparte-ug-acervo-cultural\\\/#article\",\"isPartOf\":{\"@id\":\"https:\\\/\\\/kuali.com.mx\\\/web\\\/2023\\\/08\\\/18\\\/comparte-ug-acervo-cultural\\\/\"},\"author\":{\"name\":\"Kuali Staff\",\"@id\":\"https:\\\/\\\/kuali.com.mx\\\/web\\\/#\\\/schema\\\/person\\\/6f89ffa8ecba9dae50662357923c5289\"},\"headline\":\"COMPARTE UG ACERVO CULTURAL\",\"datePublished\":\"2023-08-18T19:25:00+00:00\",\"dateModified\":\"2023-08-19T05:27:02+00:00\",\"mainEntityOfPage\":{\"@id\":\"https:\\\/\\\/kuali.com.mx\\\/web\\\/2023\\\/08\\\/18\\\/comparte-ug-acervo-cultural\\\/\"},\"wordCount\":515,\"commentCount\":0,\"image\":{\"@id\":\"https:\\\/\\\/kuali.com.mx\\\/web\\\/2023\\\/08\\\/18\\\/comparte-ug-acervo-cultural\\\/#primaryimage\"},\"thumbnailUrl\":\"https:\\\/\\\/kuali.com.mx\\\/web\\\/wp-content\\\/uploads\\\/2023\\\/08\\\/Patrimonio-UG-se-expone-en-el-Museo-Nacional-de-San-Carlos-3.jpeg\",\"articleSection\":[\"Ciencia\"],\"inLanguage\":\"es\",\"potentialAction\":[{\"@type\":\"CommentAction\",\"name\":\"Comment\",\"target\":[\"https:\\\/\\\/kuali.com.mx\\\/web\\\/2023\\\/08\\\/18\\\/comparte-ug-acervo-cultural\\\/#respond\"]}]},{\"@type\":\"WebPage\",\"@id\":\"https:\\\/\\\/kuali.com.mx\\\/web\\\/2023\\\/08\\\/18\\\/comparte-ug-acervo-cultural\\\/\",\"url\":\"https:\\\/\\\/kuali.com.mx\\\/web\\\/2023\\\/08\\\/18\\\/comparte-ug-acervo-cultural\\\/\",\"name\":\"COMPARTE UG ACERVO CULTURAL - Kuali\",\"isPartOf\":{\"@id\":\"https:\\\/\\\/kuali.com.mx\\\/web\\\/#website\"},\"primaryImageOfPage\":{\"@id\":\"https:\\\/\\\/kuali.com.mx\\\/web\\\/2023\\\/08\\\/18\\\/comparte-ug-acervo-cultural\\\/#primaryimage\"},\"image\":{\"@id\":\"https:\\\/\\\/kuali.com.mx\\\/web\\\/2023\\\/08\\\/18\\\/comparte-ug-acervo-cultural\\\/#primaryimage\"},\"thumbnailUrl\":\"https:\\\/\\\/kuali.com.mx\\\/web\\\/wp-content\\\/uploads\\\/2023\\\/08\\\/Patrimonio-UG-se-expone-en-el-Museo-Nacional-de-San-Carlos-3.jpeg\",\"datePublished\":\"2023-08-18T19:25:00+00:00\",\"dateModified\":\"2023-08-19T05:27:02+00:00\",\"author\":{\"@id\":\"https:\\\/\\\/kuali.com.mx\\\/web\\\/#\\\/schema\\\/person\\\/6f89ffa8ecba9dae50662357923c5289\"},\"breadcrumb\":{\"@id\":\"https:\\\/\\\/kuali.com.mx\\\/web\\\/2023\\\/08\\\/18\\\/comparte-ug-acervo-cultural\\\/#breadcrumb\"},\"inLanguage\":\"es\",\"potentialAction\":[{\"@type\":\"ReadAction\",\"target\":[\"https:\\\/\\\/kuali.com.mx\\\/web\\\/2023\\\/08\\\/18\\\/comparte-ug-acervo-cultural\\\/\"]}]},{\"@type\":\"ImageObject\",\"inLanguage\":\"es\",\"@id\":\"https:\\\/\\\/kuali.com.mx\\\/web\\\/2023\\\/08\\\/18\\\/comparte-ug-acervo-cultural\\\/#primaryimage\",\"url\":\"https:\\\/\\\/kuali.com.mx\\\/web\\\/wp-content\\\/uploads\\\/2023\\\/08\\\/Patrimonio-UG-se-expone-en-el-Museo-Nacional-de-San-Carlos-3.jpeg\",\"contentUrl\":\"https:\\\/\\\/kuali.com.mx\\\/web\\\/wp-content\\\/uploads\\\/2023\\\/08\\\/Patrimonio-UG-se-expone-en-el-Museo-Nacional-de-San-Carlos-3.jpeg\",\"width\":1337,\"height\":900},{\"@type\":\"BreadcrumbList\",\"@id\":\"https:\\\/\\\/kuali.com.mx\\\/web\\\/2023\\\/08\\\/18\\\/comparte-ug-acervo-cultural\\\/#breadcrumb\",\"itemListElement\":[{\"@type\":\"ListItem\",\"position\":1,\"name\":\"Inicio\",\"item\":\"https:\\\/\\\/kuali.com.mx\\\/web\\\/\"},{\"@type\":\"ListItem\",\"position\":2,\"name\":\"COMPARTE UG ACERVO CULTURAL\"}]},{\"@type\":\"WebSite\",\"@id\":\"https:\\\/\\\/kuali.com.mx\\\/web\\\/#website\",\"url\":\"https:\\\/\\\/kuali.com.mx\\\/web\\\/\",\"name\":\"Kuali\",\"description\":\"\",\"potentialAction\":[{\"@type\":\"SearchAction\",\"target\":{\"@type\":\"EntryPoint\",\"urlTemplate\":\"https:\\\/\\\/kuali.com.mx\\\/web\\\/?s={search_term_string}\"},\"query-input\":{\"@type\":\"PropertyValueSpecification\",\"valueRequired\":true,\"valueName\":\"search_term_string\"}}],\"inLanguage\":\"es\"},{\"@type\":\"Person\",\"@id\":\"https:\\\/\\\/kuali.com.mx\\\/web\\\/#\\\/schema\\\/person\\\/6f89ffa8ecba9dae50662357923c5289\",\"name\":\"Kuali Staff\",\"image\":{\"@type\":\"ImageObject\",\"inLanguage\":\"es\",\"@id\":\"https:\\\/\\\/secure.gravatar.com\\\/avatar\\\/f917ad82e5ab71227a733c78b6e60715476f69ee6be59feee4eb5d9920c89e0f?s=96&d=mm&r=g\",\"url\":\"https:\\\/\\\/secure.gravatar.com\\\/avatar\\\/f917ad82e5ab71227a733c78b6e60715476f69ee6be59feee4eb5d9920c89e0f?s=96&d=mm&r=g\",\"contentUrl\":\"https:\\\/\\\/secure.gravatar.com\\\/avatar\\\/f917ad82e5ab71227a733c78b6e60715476f69ee6be59feee4eb5d9920c89e0f?s=96&d=mm&r=g\",\"caption\":\"Kuali Staff\"},\"url\":\"https:\\\/\\\/kuali.com.mx\\\/web\\\/author\\\/lagarto\\\/\"}]}<\/script>\n<!-- \/ Yoast SEO plugin. -->","yoast_head_json":{"title":"COMPARTE UG ACERVO CULTURAL - Kuali","robots":{"index":"index","follow":"follow","max-snippet":"max-snippet:-1","max-image-preview":"max-image-preview:large","max-video-preview":"max-video-preview:-1"},"canonical":"https:\/\/kuali.com.mx\/web\/2023\/08\/18\/comparte-ug-acervo-cultural\/","og_locale":"es_MX","og_type":"article","og_title":"COMPARTE UG ACERVO CULTURAL - Kuali","og_description":"La Universidad de Guanajuato (UG) facilit\u00f3 la exhibici\u00f3n de la obra denominada \u201cRetrato de una enajenada\", pieza realizada por la pintora mexicana \u00c1ngela Icaza y que formar\u00e1 parte de la exposici\u00f3n \u201cPintar en Femenino: Mujeres en el Sistema Art\u00edstico Mexicano 1846 \u2013 1940\u201d, la cual tendr\u00e1 como sede el Museo Nacional de San Carlos en [&hellip;]","og_url":"https:\/\/kuali.com.mx\/web\/2023\/08\/18\/comparte-ug-acervo-cultural\/","og_site_name":"Kuali","article_publisher":"https:\/\/kuali.com.mx\/web\/wp-content\/uploads\/2018\/04\/cropped-kuali_logo-1-1.png","article_published_time":"2023-08-18T19:25:00+00:00","article_modified_time":"2023-08-19T05:27:02+00:00","og_image":[{"width":1337,"height":900,"url":"https:\/\/kuali.com.mx\/web\/wp-content\/uploads\/2023\/08\/Patrimonio-UG-se-expone-en-el-Museo-Nacional-de-San-Carlos-3.jpeg","type":"image\/jpeg"}],"author":"Kuali Staff","twitter_card":"summary_large_image","twitter_creator":"@kuali_noticias","twitter_site":"@kuali_noticias","twitter_misc":{"Escrito por":"Kuali Staff","Tiempo de lectura":"3 minutos"},"schema":{"@context":"https:\/\/schema.org","@graph":[{"@type":"Article","@id":"https:\/\/kuali.com.mx\/web\/2023\/08\/18\/comparte-ug-acervo-cultural\/#article","isPartOf":{"@id":"https:\/\/kuali.com.mx\/web\/2023\/08\/18\/comparte-ug-acervo-cultural\/"},"author":{"name":"Kuali Staff","@id":"https:\/\/kuali.com.mx\/web\/#\/schema\/person\/6f89ffa8ecba9dae50662357923c5289"},"headline":"COMPARTE UG ACERVO CULTURAL","datePublished":"2023-08-18T19:25:00+00:00","dateModified":"2023-08-19T05:27:02+00:00","mainEntityOfPage":{"@id":"https:\/\/kuali.com.mx\/web\/2023\/08\/18\/comparte-ug-acervo-cultural\/"},"wordCount":515,"commentCount":0,"image":{"@id":"https:\/\/kuali.com.mx\/web\/2023\/08\/18\/comparte-ug-acervo-cultural\/#primaryimage"},"thumbnailUrl":"https:\/\/kuali.com.mx\/web\/wp-content\/uploads\/2023\/08\/Patrimonio-UG-se-expone-en-el-Museo-Nacional-de-San-Carlos-3.jpeg","articleSection":["Ciencia"],"inLanguage":"es","potentialAction":[{"@type":"CommentAction","name":"Comment","target":["https:\/\/kuali.com.mx\/web\/2023\/08\/18\/comparte-ug-acervo-cultural\/#respond"]}]},{"@type":"WebPage","@id":"https:\/\/kuali.com.mx\/web\/2023\/08\/18\/comparte-ug-acervo-cultural\/","url":"https:\/\/kuali.com.mx\/web\/2023\/08\/18\/comparte-ug-acervo-cultural\/","name":"COMPARTE UG ACERVO CULTURAL - Kuali","isPartOf":{"@id":"https:\/\/kuali.com.mx\/web\/#website"},"primaryImageOfPage":{"@id":"https:\/\/kuali.com.mx\/web\/2023\/08\/18\/comparte-ug-acervo-cultural\/#primaryimage"},"image":{"@id":"https:\/\/kuali.com.mx\/web\/2023\/08\/18\/comparte-ug-acervo-cultural\/#primaryimage"},"thumbnailUrl":"https:\/\/kuali.com.mx\/web\/wp-content\/uploads\/2023\/08\/Patrimonio-UG-se-expone-en-el-Museo-Nacional-de-San-Carlos-3.jpeg","datePublished":"2023-08-18T19:25:00+00:00","dateModified":"2023-08-19T05:27:02+00:00","author":{"@id":"https:\/\/kuali.com.mx\/web\/#\/schema\/person\/6f89ffa8ecba9dae50662357923c5289"},"breadcrumb":{"@id":"https:\/\/kuali.com.mx\/web\/2023\/08\/18\/comparte-ug-acervo-cultural\/#breadcrumb"},"inLanguage":"es","potentialAction":[{"@type":"ReadAction","target":["https:\/\/kuali.com.mx\/web\/2023\/08\/18\/comparte-ug-acervo-cultural\/"]}]},{"@type":"ImageObject","inLanguage":"es","@id":"https:\/\/kuali.com.mx\/web\/2023\/08\/18\/comparte-ug-acervo-cultural\/#primaryimage","url":"https:\/\/kuali.com.mx\/web\/wp-content\/uploads\/2023\/08\/Patrimonio-UG-se-expone-en-el-Museo-Nacional-de-San-Carlos-3.jpeg","contentUrl":"https:\/\/kuali.com.mx\/web\/wp-content\/uploads\/2023\/08\/Patrimonio-UG-se-expone-en-el-Museo-Nacional-de-San-Carlos-3.jpeg","width":1337,"height":900},{"@type":"BreadcrumbList","@id":"https:\/\/kuali.com.mx\/web\/2023\/08\/18\/comparte-ug-acervo-cultural\/#breadcrumb","itemListElement":[{"@type":"ListItem","position":1,"name":"Inicio","item":"https:\/\/kuali.com.mx\/web\/"},{"@type":"ListItem","position":2,"name":"COMPARTE UG ACERVO CULTURAL"}]},{"@type":"WebSite","@id":"https:\/\/kuali.com.mx\/web\/#website","url":"https:\/\/kuali.com.mx\/web\/","name":"Kuali","description":"","potentialAction":[{"@type":"SearchAction","target":{"@type":"EntryPoint","urlTemplate":"https:\/\/kuali.com.mx\/web\/?s={search_term_string}"},"query-input":{"@type":"PropertyValueSpecification","valueRequired":true,"valueName":"search_term_string"}}],"inLanguage":"es"},{"@type":"Person","@id":"https:\/\/kuali.com.mx\/web\/#\/schema\/person\/6f89ffa8ecba9dae50662357923c5289","name":"Kuali Staff","image":{"@type":"ImageObject","inLanguage":"es","@id":"https:\/\/secure.gravatar.com\/avatar\/f917ad82e5ab71227a733c78b6e60715476f69ee6be59feee4eb5d9920c89e0f?s=96&d=mm&r=g","url":"https:\/\/secure.gravatar.com\/avatar\/f917ad82e5ab71227a733c78b6e60715476f69ee6be59feee4eb5d9920c89e0f?s=96&d=mm&r=g","contentUrl":"https:\/\/secure.gravatar.com\/avatar\/f917ad82e5ab71227a733c78b6e60715476f69ee6be59feee4eb5d9920c89e0f?s=96&d=mm&r=g","caption":"Kuali Staff"},"url":"https:\/\/kuali.com.mx\/web\/author\/lagarto\/"}]}},"_links":{"self":[{"href":"https:\/\/kuali.com.mx\/web\/wp-json\/wp\/v2\/posts\/124537","targetHints":{"allow":["GET"]}}],"collection":[{"href":"https:\/\/kuali.com.mx\/web\/wp-json\/wp\/v2\/posts"}],"about":[{"href":"https:\/\/kuali.com.mx\/web\/wp-json\/wp\/v2\/types\/post"}],"author":[{"embeddable":true,"href":"https:\/\/kuali.com.mx\/web\/wp-json\/wp\/v2\/users\/2"}],"replies":[{"embeddable":true,"href":"https:\/\/kuali.com.mx\/web\/wp-json\/wp\/v2\/comments?post=124537"}],"version-history":[{"count":1,"href":"https:\/\/kuali.com.mx\/web\/wp-json\/wp\/v2\/posts\/124537\/revisions"}],"predecessor-version":[{"id":124541,"href":"https:\/\/kuali.com.mx\/web\/wp-json\/wp\/v2\/posts\/124537\/revisions\/124541"}],"wp:featuredmedia":[{"embeddable":true,"href":"https:\/\/kuali.com.mx\/web\/wp-json\/wp\/v2\/media\/124540"}],"wp:attachment":[{"href":"https:\/\/kuali.com.mx\/web\/wp-json\/wp\/v2\/media?parent=124537"}],"wp:term":[{"taxonomy":"category","embeddable":true,"href":"https:\/\/kuali.com.mx\/web\/wp-json\/wp\/v2\/categories?post=124537"},{"taxonomy":"post_tag","embeddable":true,"href":"https:\/\/kuali.com.mx\/web\/wp-json\/wp\/v2\/tags?post=124537"}],"curies":[{"name":"wp","href":"https:\/\/api.w.org\/{rel}","templated":true}]}}