{"id":124533,"date":"2023-08-18T15:22:15","date_gmt":"2023-08-18T21:22:15","guid":{"rendered":"https:\/\/kuali.com.mx\/web\/?p=124533"},"modified":"2023-08-18T23:28:20","modified_gmt":"2023-08-19T05:28:20","slug":"llevan-la-musica-sonidera-al-centro-de-leon","status":"publish","type":"post","link":"https:\/\/kuali.com.mx\/web\/2023\/08\/18\/llevan-la-musica-sonidera-al-centro-de-leon\/","title":{"rendered":"LLEVAN LA M\u00daSICA SONIDERA AL CENTRO DE LE\u00d3N"},"content":{"rendered":"\n<p><strong><em>Kuali\/Le\u00f3n, Gto.-<\/em><\/strong>El pr\u00f3ximo domingo 20 de agosto en punto de las 4 de la tarde, llegar\u00e1 el Aullido de la Manada con lo mejor de la m\u00fasica sonidera a la explanada de la plaza principal, justo frente a presidencia de Le\u00f3n.<\/p>\n\n\n\n<p>Esto para conmemorar el vig\u00e9simo sexto aniversario del \u201cPrograma Lobo\u201d, un proyecto que durante d\u00e9cadas ha enfocado sus esfuerzos en impulsar, atender, formar, acompa\u00f1ar y visibilizar a las y los j\u00f3venes en condiciones de vulnerabilidad y entornos complejos, con la intenci\u00f3n de brindarles herramientas que les ayuden a alcanzar mejores condiciones de vida.<\/p>\n\n\n\n<p>Dicho evento es organizado por el Instituto Municipal de la Juventud (IMJU), quien explic\u00f3 que se trata de una edici\u00f3n especial del Aullido de la Manada, un espacio recreativo de expresi\u00f3n musical en donde las y los j\u00f3venes pueden mostrar sus diferentes talentos en g\u00e9neros como la banda, la cumbia y el rap, entre otros, mientras que los asistentes pueden disfrutar de forma gratuita estas presentaciones.<\/p>\n\n\n\n<p>El IMJU anunci\u00f3 la cartelera que dar\u00e1 inicio a las 4 de la tarde frente a Presidencia Municipal y la cual incluye m\u00fasica en vivo a cargo de DJ Parado, Banda Lirio, Sonido Oso Colombiano, Sonido Fant\u00e1stico y Sonido Cremas.<\/p>\n\n\n\n<p>Adem\u00e1s, durante el Aullido se premiar\u00e1n a las y los ganadores del 477 Barber Style, una convocatoria que reconoce el talento de las juventudes mediante los diferentes estilos en barber\u00eda.<\/p>\n\n\n\n<p>Cabe destacar que aquellos que resulten ganadores recibir\u00e1n un est\u00edmulo econ\u00f3mico m\u00e1s diferentes herramientas que les ayuden a fortalecer su emprendimiento en esta disciplina.<\/p>\n\n\n\n<p>Las personas asistentes podr\u00e1n disfrutar de una exhibici\u00f3n de cumbia a cargo de la escuela de baile \u201cProyecci\u00f3n Sonidera\u201d, as\u00ed como de \u201cLa sombra de Michael\u201d, \u201cXtreme Dance Academy\u201d, entre muchas otras sorpresas.<\/p>\n\n\n\n<p>Con la apertura de estos espacios, el Gobierno Municipal reafirma su compromiso por brindar alternativas de entretenimiento que sean seguras y diversas ante la demanda de las y los leoneses, mientras se reconoce al talento local para que puedan continuar desarroll\u00e1ndose de manera personal y profesional.<\/p>\n","protected":false},"excerpt":{"rendered":"Kuali\/Le\u00f3n, Gto.-El pr\u00f3ximo domingo 20 de agosto en punto de las 4 de la tarde, llegar\u00e1 el Aullido de la Manada con lo mejor de la m\u00fasica sonidera a la explanada de la plaza principal, justo frente a presidencia de Le\u00f3n. Esto para conmemorar el vig\u00e9simo sexto aniversario del \u201cPrograma Lobo\u201d, un proyecto que durante [&hellip;]","protected":false},"author":2,"featured_media":42136,"comment_status":"open","ping_status":"open","sticky":false,"template":"","format":"standard","meta":{"_seopress_robots_primary_cat":"none","_seopress_titles_title":"","_seopress_titles_desc":"","_seopress_robots_index":"","_monsterinsights_skip_tracking":false,"_monsterinsights_sitenote_active":false,"_monsterinsights_sitenote_note":"","_monsterinsights_sitenote_category":0,"footnotes":""},"categories":[8],"tags":[],"class_list":["post-124533","post","type-post","status-publish","format-standard","has-post-thumbnail","hentry","category-espectaculos"],"yoast_head":"<!-- This site is optimized with the Yoast SEO plugin v27.4 - https:\/\/yoast.com\/product\/yoast-seo-wordpress\/ -->\n<title>LLEVAN LA M\u00daSICA SONIDERA AL CENTRO DE LE\u00d3N - Kuali<\/title>\n<meta name=\"robots\" content=\"index, follow, max-snippet:-1, max-image-preview:large, max-video-preview:-1\" \/>\n<link rel=\"canonical\" href=\"https:\/\/kuali.com.mx\/web\/2023\/08\/18\/llevan-la-musica-sonidera-al-centro-de-leon\/\" \/>\n<meta property=\"og:locale\" content=\"es_MX\" \/>\n<meta property=\"og:type\" content=\"article\" \/>\n<meta property=\"og:title\" content=\"LLEVAN LA M\u00daSICA SONIDERA AL CENTRO DE LE\u00d3N - Kuali\" \/>\n<meta property=\"og:description\" content=\"Kuali\/Le\u00f3n, Gto.-El pr\u00f3ximo domingo 20 de agosto en punto de las 4 de la tarde, llegar\u00e1 el Aullido de la Manada con lo mejor de la m\u00fasica sonidera a la explanada de la plaza principal, justo frente a presidencia de Le\u00f3n. Esto para conmemorar el vig\u00e9simo sexto aniversario del \u201cPrograma Lobo\u201d, un proyecto que durante [&hellip;]\" \/>\n<meta property=\"og:url\" content=\"https:\/\/kuali.com.mx\/web\/2023\/08\/18\/llevan-la-musica-sonidera-al-centro-de-leon\/\" \/>\n<meta property=\"og:site_name\" content=\"Kuali\" \/>\n<meta property=\"article:publisher\" content=\"https:\/\/kuali.com.mx\/web\/wp-content\/uploads\/2018\/04\/cropped-kuali_logo-1-1.png\" \/>\n<meta property=\"article:published_time\" content=\"2023-08-18T21:22:15+00:00\" \/>\n<meta property=\"article:modified_time\" content=\"2023-08-19T05:28:20+00:00\" \/>\n<meta property=\"og:image\" content=\"https:\/\/kuali.com.mx\/web\/wp-content\/uploads\/2018\/07\/Presidencia-Le\u00f3n-slider.jpg\" \/>\n\t<meta property=\"og:image:width\" content=\"2124\" \/>\n\t<meta property=\"og:image:height\" content=\"750\" \/>\n\t<meta property=\"og:image:type\" content=\"image\/jpeg\" \/>\n<meta name=\"author\" content=\"Kuali Staff\" \/>\n<meta name=\"twitter:card\" content=\"summary_large_image\" \/>\n<meta name=\"twitter:creator\" content=\"@kuali_noticias\" \/>\n<meta name=\"twitter:site\" content=\"@kuali_noticias\" \/>\n<meta name=\"twitter:label1\" content=\"Escrito por\" \/>\n\t<meta name=\"twitter:data1\" content=\"Kuali Staff\" \/>\n\t<meta name=\"twitter:label2\" content=\"Tiempo de lectura\" \/>\n\t<meta name=\"twitter:data2\" content=\"2 minutos\" \/>\n<script type=\"application\/ld+json\" class=\"yoast-schema-graph\">{\"@context\":\"https:\\\/\\\/schema.org\",\"@graph\":[{\"@type\":\"Article\",\"@id\":\"https:\\\/\\\/kuali.com.mx\\\/web\\\/2023\\\/08\\\/18\\\/llevan-la-musica-sonidera-al-centro-de-leon\\\/#article\",\"isPartOf\":{\"@id\":\"https:\\\/\\\/kuali.com.mx\\\/web\\\/2023\\\/08\\\/18\\\/llevan-la-musica-sonidera-al-centro-de-leon\\\/\"},\"author\":{\"name\":\"Kuali Staff\",\"@id\":\"https:\\\/\\\/kuali.com.mx\\\/web\\\/#\\\/schema\\\/person\\\/6f89ffa8ecba9dae50662357923c5289\"},\"headline\":\"LLEVAN LA M\u00daSICA SONIDERA AL CENTRO DE LE\u00d3N\",\"datePublished\":\"2023-08-18T21:22:15+00:00\",\"dateModified\":\"2023-08-19T05:28:20+00:00\",\"mainEntityOfPage\":{\"@id\":\"https:\\\/\\\/kuali.com.mx\\\/web\\\/2023\\\/08\\\/18\\\/llevan-la-musica-sonidera-al-centro-de-leon\\\/\"},\"wordCount\":368,\"commentCount\":0,\"image\":{\"@id\":\"https:\\\/\\\/kuali.com.mx\\\/web\\\/2023\\\/08\\\/18\\\/llevan-la-musica-sonidera-al-centro-de-leon\\\/#primaryimage\"},\"thumbnailUrl\":\"https:\\\/\\\/kuali.com.mx\\\/web\\\/wp-content\\\/uploads\\\/2018\\\/07\\\/Presidencia-Le\u00f3n-slider.jpg\",\"articleSection\":[\"Cultura\"],\"inLanguage\":\"es\",\"potentialAction\":[{\"@type\":\"CommentAction\",\"name\":\"Comment\",\"target\":[\"https:\\\/\\\/kuali.com.mx\\\/web\\\/2023\\\/08\\\/18\\\/llevan-la-musica-sonidera-al-centro-de-leon\\\/#respond\"]}]},{\"@type\":\"WebPage\",\"@id\":\"https:\\\/\\\/kuali.com.mx\\\/web\\\/2023\\\/08\\\/18\\\/llevan-la-musica-sonidera-al-centro-de-leon\\\/\",\"url\":\"https:\\\/\\\/kuali.com.mx\\\/web\\\/2023\\\/08\\\/18\\\/llevan-la-musica-sonidera-al-centro-de-leon\\\/\",\"name\":\"LLEVAN LA M\u00daSICA SONIDERA AL CENTRO DE LE\u00d3N - Kuali\",\"isPartOf\":{\"@id\":\"https:\\\/\\\/kuali.com.mx\\\/web\\\/#website\"},\"primaryImageOfPage\":{\"@id\":\"https:\\\/\\\/kuali.com.mx\\\/web\\\/2023\\\/08\\\/18\\\/llevan-la-musica-sonidera-al-centro-de-leon\\\/#primaryimage\"},\"image\":{\"@id\":\"https:\\\/\\\/kuali.com.mx\\\/web\\\/2023\\\/08\\\/18\\\/llevan-la-musica-sonidera-al-centro-de-leon\\\/#primaryimage\"},\"thumbnailUrl\":\"https:\\\/\\\/kuali.com.mx\\\/web\\\/wp-content\\\/uploads\\\/2018\\\/07\\\/Presidencia-Le\u00f3n-slider.jpg\",\"datePublished\":\"2023-08-18T21:22:15+00:00\",\"dateModified\":\"2023-08-19T05:28:20+00:00\",\"author\":{\"@id\":\"https:\\\/\\\/kuali.com.mx\\\/web\\\/#\\\/schema\\\/person\\\/6f89ffa8ecba9dae50662357923c5289\"},\"breadcrumb\":{\"@id\":\"https:\\\/\\\/kuali.com.mx\\\/web\\\/2023\\\/08\\\/18\\\/llevan-la-musica-sonidera-al-centro-de-leon\\\/#breadcrumb\"},\"inLanguage\":\"es\",\"potentialAction\":[{\"@type\":\"ReadAction\",\"target\":[\"https:\\\/\\\/kuali.com.mx\\\/web\\\/2023\\\/08\\\/18\\\/llevan-la-musica-sonidera-al-centro-de-leon\\\/\"]}]},{\"@type\":\"ImageObject\",\"inLanguage\":\"es\",\"@id\":\"https:\\\/\\\/kuali.com.mx\\\/web\\\/2023\\\/08\\\/18\\\/llevan-la-musica-sonidera-al-centro-de-leon\\\/#primaryimage\",\"url\":\"https:\\\/\\\/kuali.com.mx\\\/web\\\/wp-content\\\/uploads\\\/2018\\\/07\\\/Presidencia-Le\u00f3n-slider.jpg\",\"contentUrl\":\"https:\\\/\\\/kuali.com.mx\\\/web\\\/wp-content\\\/uploads\\\/2018\\\/07\\\/Presidencia-Le\u00f3n-slider.jpg\",\"width\":2124,\"height\":750},{\"@type\":\"BreadcrumbList\",\"@id\":\"https:\\\/\\\/kuali.com.mx\\\/web\\\/2023\\\/08\\\/18\\\/llevan-la-musica-sonidera-al-centro-de-leon\\\/#breadcrumb\",\"itemListElement\":[{\"@type\":\"ListItem\",\"position\":1,\"name\":\"Inicio\",\"item\":\"https:\\\/\\\/kuali.com.mx\\\/web\\\/\"},{\"@type\":\"ListItem\",\"position\":2,\"name\":\"LLEVAN LA M\u00daSICA SONIDERA AL CENTRO DE LE\u00d3N\"}]},{\"@type\":\"WebSite\",\"@id\":\"https:\\\/\\\/kuali.com.mx\\\/web\\\/#website\",\"url\":\"https:\\\/\\\/kuali.com.mx\\\/web\\\/\",\"name\":\"Kuali\",\"description\":\"\",\"potentialAction\":[{\"@type\":\"SearchAction\",\"target\":{\"@type\":\"EntryPoint\",\"urlTemplate\":\"https:\\\/\\\/kuali.com.mx\\\/web\\\/?s={search_term_string}\"},\"query-input\":{\"@type\":\"PropertyValueSpecification\",\"valueRequired\":true,\"valueName\":\"search_term_string\"}}],\"inLanguage\":\"es\"},{\"@type\":\"Person\",\"@id\":\"https:\\\/\\\/kuali.com.mx\\\/web\\\/#\\\/schema\\\/person\\\/6f89ffa8ecba9dae50662357923c5289\",\"name\":\"Kuali Staff\",\"image\":{\"@type\":\"ImageObject\",\"inLanguage\":\"es\",\"@id\":\"https:\\\/\\\/secure.gravatar.com\\\/avatar\\\/f917ad82e5ab71227a733c78b6e60715476f69ee6be59feee4eb5d9920c89e0f?s=96&d=mm&r=g\",\"url\":\"https:\\\/\\\/secure.gravatar.com\\\/avatar\\\/f917ad82e5ab71227a733c78b6e60715476f69ee6be59feee4eb5d9920c89e0f?s=96&d=mm&r=g\",\"contentUrl\":\"https:\\\/\\\/secure.gravatar.com\\\/avatar\\\/f917ad82e5ab71227a733c78b6e60715476f69ee6be59feee4eb5d9920c89e0f?s=96&d=mm&r=g\",\"caption\":\"Kuali Staff\"},\"url\":\"https:\\\/\\\/kuali.com.mx\\\/web\\\/author\\\/lagarto\\\/\"}]}<\/script>\n<!-- \/ Yoast SEO plugin. -->","yoast_head_json":{"title":"LLEVAN LA M\u00daSICA SONIDERA AL CENTRO DE LE\u00d3N - Kuali","robots":{"index":"index","follow":"follow","max-snippet":"max-snippet:-1","max-image-preview":"max-image-preview:large","max-video-preview":"max-video-preview:-1"},"canonical":"https:\/\/kuali.com.mx\/web\/2023\/08\/18\/llevan-la-musica-sonidera-al-centro-de-leon\/","og_locale":"es_MX","og_type":"article","og_title":"LLEVAN LA M\u00daSICA SONIDERA AL CENTRO DE LE\u00d3N - Kuali","og_description":"Kuali\/Le\u00f3n, Gto.-El pr\u00f3ximo domingo 20 de agosto en punto de las 4 de la tarde, llegar\u00e1 el Aullido de la Manada con lo mejor de la m\u00fasica sonidera a la explanada de la plaza principal, justo frente a presidencia de Le\u00f3n. Esto para conmemorar el vig\u00e9simo sexto aniversario del \u201cPrograma Lobo\u201d, un proyecto que durante [&hellip;]","og_url":"https:\/\/kuali.com.mx\/web\/2023\/08\/18\/llevan-la-musica-sonidera-al-centro-de-leon\/","og_site_name":"Kuali","article_publisher":"https:\/\/kuali.com.mx\/web\/wp-content\/uploads\/2018\/04\/cropped-kuali_logo-1-1.png","article_published_time":"2023-08-18T21:22:15+00:00","article_modified_time":"2023-08-19T05:28:20+00:00","og_image":[{"width":2124,"height":750,"url":"https:\/\/kuali.com.mx\/web\/wp-content\/uploads\/2018\/07\/Presidencia-Le\u00f3n-slider.jpg","type":"image\/jpeg"}],"author":"Kuali Staff","twitter_card":"summary_large_image","twitter_creator":"@kuali_noticias","twitter_site":"@kuali_noticias","twitter_misc":{"Escrito por":"Kuali Staff","Tiempo de lectura":"2 minutos"},"schema":{"@context":"https:\/\/schema.org","@graph":[{"@type":"Article","@id":"https:\/\/kuali.com.mx\/web\/2023\/08\/18\/llevan-la-musica-sonidera-al-centro-de-leon\/#article","isPartOf":{"@id":"https:\/\/kuali.com.mx\/web\/2023\/08\/18\/llevan-la-musica-sonidera-al-centro-de-leon\/"},"author":{"name":"Kuali Staff","@id":"https:\/\/kuali.com.mx\/web\/#\/schema\/person\/6f89ffa8ecba9dae50662357923c5289"},"headline":"LLEVAN LA M\u00daSICA SONIDERA AL CENTRO DE LE\u00d3N","datePublished":"2023-08-18T21:22:15+00:00","dateModified":"2023-08-19T05:28:20+00:00","mainEntityOfPage":{"@id":"https:\/\/kuali.com.mx\/web\/2023\/08\/18\/llevan-la-musica-sonidera-al-centro-de-leon\/"},"wordCount":368,"commentCount":0,"image":{"@id":"https:\/\/kuali.com.mx\/web\/2023\/08\/18\/llevan-la-musica-sonidera-al-centro-de-leon\/#primaryimage"},"thumbnailUrl":"https:\/\/kuali.com.mx\/web\/wp-content\/uploads\/2018\/07\/Presidencia-Le\u00f3n-slider.jpg","articleSection":["Cultura"],"inLanguage":"es","potentialAction":[{"@type":"CommentAction","name":"Comment","target":["https:\/\/kuali.com.mx\/web\/2023\/08\/18\/llevan-la-musica-sonidera-al-centro-de-leon\/#respond"]}]},{"@type":"WebPage","@id":"https:\/\/kuali.com.mx\/web\/2023\/08\/18\/llevan-la-musica-sonidera-al-centro-de-leon\/","url":"https:\/\/kuali.com.mx\/web\/2023\/08\/18\/llevan-la-musica-sonidera-al-centro-de-leon\/","name":"LLEVAN LA M\u00daSICA SONIDERA AL CENTRO DE LE\u00d3N - Kuali","isPartOf":{"@id":"https:\/\/kuali.com.mx\/web\/#website"},"primaryImageOfPage":{"@id":"https:\/\/kuali.com.mx\/web\/2023\/08\/18\/llevan-la-musica-sonidera-al-centro-de-leon\/#primaryimage"},"image":{"@id":"https:\/\/kuali.com.mx\/web\/2023\/08\/18\/llevan-la-musica-sonidera-al-centro-de-leon\/#primaryimage"},"thumbnailUrl":"https:\/\/kuali.com.mx\/web\/wp-content\/uploads\/2018\/07\/Presidencia-Le\u00f3n-slider.jpg","datePublished":"2023-08-18T21:22:15+00:00","dateModified":"2023-08-19T05:28:20+00:00","author":{"@id":"https:\/\/kuali.com.mx\/web\/#\/schema\/person\/6f89ffa8ecba9dae50662357923c5289"},"breadcrumb":{"@id":"https:\/\/kuali.com.mx\/web\/2023\/08\/18\/llevan-la-musica-sonidera-al-centro-de-leon\/#breadcrumb"},"inLanguage":"es","potentialAction":[{"@type":"ReadAction","target":["https:\/\/kuali.com.mx\/web\/2023\/08\/18\/llevan-la-musica-sonidera-al-centro-de-leon\/"]}]},{"@type":"ImageObject","inLanguage":"es","@id":"https:\/\/kuali.com.mx\/web\/2023\/08\/18\/llevan-la-musica-sonidera-al-centro-de-leon\/#primaryimage","url":"https:\/\/kuali.com.mx\/web\/wp-content\/uploads\/2018\/07\/Presidencia-Le\u00f3n-slider.jpg","contentUrl":"https:\/\/kuali.com.mx\/web\/wp-content\/uploads\/2018\/07\/Presidencia-Le\u00f3n-slider.jpg","width":2124,"height":750},{"@type":"BreadcrumbList","@id":"https:\/\/kuali.com.mx\/web\/2023\/08\/18\/llevan-la-musica-sonidera-al-centro-de-leon\/#breadcrumb","itemListElement":[{"@type":"ListItem","position":1,"name":"Inicio","item":"https:\/\/kuali.com.mx\/web\/"},{"@type":"ListItem","position":2,"name":"LLEVAN LA M\u00daSICA SONIDERA AL CENTRO DE LE\u00d3N"}]},{"@type":"WebSite","@id":"https:\/\/kuali.com.mx\/web\/#website","url":"https:\/\/kuali.com.mx\/web\/","name":"Kuali","description":"","potentialAction":[{"@type":"SearchAction","target":{"@type":"EntryPoint","urlTemplate":"https:\/\/kuali.com.mx\/web\/?s={search_term_string}"},"query-input":{"@type":"PropertyValueSpecification","valueRequired":true,"valueName":"search_term_string"}}],"inLanguage":"es"},{"@type":"Person","@id":"https:\/\/kuali.com.mx\/web\/#\/schema\/person\/6f89ffa8ecba9dae50662357923c5289","name":"Kuali Staff","image":{"@type":"ImageObject","inLanguage":"es","@id":"https:\/\/secure.gravatar.com\/avatar\/f917ad82e5ab71227a733c78b6e60715476f69ee6be59feee4eb5d9920c89e0f?s=96&d=mm&r=g","url":"https:\/\/secure.gravatar.com\/avatar\/f917ad82e5ab71227a733c78b6e60715476f69ee6be59feee4eb5d9920c89e0f?s=96&d=mm&r=g","contentUrl":"https:\/\/secure.gravatar.com\/avatar\/f917ad82e5ab71227a733c78b6e60715476f69ee6be59feee4eb5d9920c89e0f?s=96&d=mm&r=g","caption":"Kuali Staff"},"url":"https:\/\/kuali.com.mx\/web\/author\/lagarto\/"}]}},"_links":{"self":[{"href":"https:\/\/kuali.com.mx\/web\/wp-json\/wp\/v2\/posts\/124533","targetHints":{"allow":["GET"]}}],"collection":[{"href":"https:\/\/kuali.com.mx\/web\/wp-json\/wp\/v2\/posts"}],"about":[{"href":"https:\/\/kuali.com.mx\/web\/wp-json\/wp\/v2\/types\/post"}],"author":[{"embeddable":true,"href":"https:\/\/kuali.com.mx\/web\/wp-json\/wp\/v2\/users\/2"}],"replies":[{"embeddable":true,"href":"https:\/\/kuali.com.mx\/web\/wp-json\/wp\/v2\/comments?post=124533"}],"version-history":[{"count":1,"href":"https:\/\/kuali.com.mx\/web\/wp-json\/wp\/v2\/posts\/124533\/revisions"}],"predecessor-version":[{"id":124536,"href":"https:\/\/kuali.com.mx\/web\/wp-json\/wp\/v2\/posts\/124533\/revisions\/124536"}],"wp:featuredmedia":[{"embeddable":true,"href":"https:\/\/kuali.com.mx\/web\/wp-json\/wp\/v2\/media\/42136"}],"wp:attachment":[{"href":"https:\/\/kuali.com.mx\/web\/wp-json\/wp\/v2\/media?parent=124533"}],"wp:term":[{"taxonomy":"category","embeddable":true,"href":"https:\/\/kuali.com.mx\/web\/wp-json\/wp\/v2\/categories?post=124533"},{"taxonomy":"post_tag","embeddable":true,"href":"https:\/\/kuali.com.mx\/web\/wp-json\/wp\/v2\/tags?post=124533"}],"curies":[{"name":"wp","href":"https:\/\/api.w.org\/{rel}","templated":true}]}}