{"id":124522,"date":"2023-08-18T12:12:46","date_gmt":"2023-08-18T18:12:46","guid":{"rendered":"https:\/\/kuali.com.mx\/web\/?p=124522"},"modified":"2023-08-18T23:17:40","modified_gmt":"2023-08-19T05:17:40","slug":"gestiona-carlos-garcia-18-mdp-mas-para-obra-publica","status":"publish","type":"post","link":"https:\/\/kuali.com.mx\/web\/2023\/08\/18\/gestiona-carlos-garcia-18-mdp-mas-para-obra-publica\/","title":{"rendered":"GESTIONA CARLOS GARC\u00cdA 18 MDP M\u00c1S PARA OBRA P\u00daBLICA"},"content":{"rendered":"\n<p><strong>Kuali\/Silao, Gto.- <\/strong>El presidente municipal de Silao, Carlos Garc\u00eda Villase\u00f1or, anunci\u00f3 que est\u00e1 gestionando otros 18 millones de pesos para obra p\u00fablica. De conseguirlos, el presupuesto 2023 ser\u00e1 de 370 millones.<\/p>\n\n\n\n<p>En gira de trabajo, el alcalde anunci\u00f3 que para este fin de a\u00f1os tiene como principal objetivo incrementar el presupuesto para obra p\u00fablica de 352 a 370 millones de pesos.<\/p>\n\n\n\n<p>Adem\u00e1s, tambi\u00e9n se comprometi\u00f3 a realizar la conexi\u00f3n del drenaje sanitario de las colonias Emiliano Zapata y Santa Fe y un nuevo comedor comunitario en la comunidad rural El Coecillo, donde estuvo encabezando este jueves el programa Presidente en Tu Comunidad.<\/p>\n\n\n\n<p>Ante delegaos y habitantes de las comunidades de El Coecillo, Playa Azul, El Manantial, Monte del Coecillo, Las Cruces y de la colonia Emiliano Zapata, Carlos Garc\u00eda dijo que las obras comenzar\u00e1n en los pr\u00f3ximos d\u00edas.<\/p>\n\n\n\n<p>\u201cPor eso en este Gobierno hicimos Presidente en Tu Colonia, Presidente en Tu Escuela, Presidente en la Industria y Presidente en Tu Comunidad. Y es as\u00ed como estamos conociendo las problem\u00e1ticas y necesidades, por eso, hoy, las industrias nos est\u00e1n apoyando\u201d, afirm\u00f3.<\/p>\n\n\n\n<p>El Edil Municipal agreg\u00f3 que tambi\u00e9n es el primer Gobierno en iluminar Silao, con la renovaci\u00f3n de 14 mil l\u00e1mparas del alumbrado p\u00fablico en toda la ciudad.<\/p>\n\n\n\n<p>Explic\u00f3 la conexi\u00f3n del drenaje sanitario en la Emiliano Zapata y Santa Fe, ser\u00e1 posible gracias a las gestiones que realiz\u00f3 con los directivos del Puerto Interior.<\/p>\n\n\n\n<p>\u201cYa estoy en pl\u00e1ticas con ellos y ya me autorizaron para ver c\u00f3mo metemos el drenaje de todas estas comunidades. Tenemos que atender estas necesidades y hacer estas alianzas para evolucionar Silao\u201d, resalt\u00f3<\/p>\n\n\n\n<p>Otro anunci\u00f3 que hizo el alcalde fue el de la instalaci\u00f3n de l\u00e1mparas en la calle Camino Real y la habilitaci\u00f3n de un nuevo Comedor Comunitario; para El Monte de El Coecillo reiter\u00f3 que sigue en pie la creaci\u00f3n de la Plaza P\u00fablica, frente al templo, misma que arrancar\u00e1 en pr\u00f3ximos d\u00edas.&nbsp;<\/p>\n\n\n\n<p>En la comunidad El Manantial se trabaja para que todos sus habitantes tengan acceso al agua potable entubada y al servicio del drenaje sanitario; mientras que Playa Azul se est\u00e1 rehabilitando el Comedor Comunitario, mismo que el DIF tiene planeado abrir en cuanto est\u00e9 equipado.<\/p>\n","protected":false},"excerpt":{"rendered":"Kuali\/Silao, Gto.- El presidente municipal de Silao, Carlos Garc\u00eda Villase\u00f1or, anunci\u00f3 que est\u00e1 gestionando otros 18 millones de pesos para obra p\u00fablica. De conseguirlos, el presupuesto 2023 ser\u00e1 de 370 millones. En gira de trabajo, el alcalde anunci\u00f3 que para este fin de a\u00f1os tiene como principal objetivo incrementar el presupuesto para obra p\u00fablica de [&hellip;]","protected":false},"author":2,"featured_media":124525,"comment_status":"open","ping_status":"open","sticky":false,"template":"","format":"standard","meta":{"_seopress_robots_primary_cat":"none","_seopress_titles_title":"","_seopress_titles_desc":"","_seopress_robots_index":"","_monsterinsights_skip_tracking":false,"_monsterinsights_sitenote_active":false,"_monsterinsights_sitenote_note":"","_monsterinsights_sitenote_category":0,"footnotes":""},"categories":[3],"tags":[1612,392,1417,12],"class_list":["post-124522","post","type-post","status-publish","format-standard","has-post-thumbnail","hentry","category-politica","tag-carlos-garcia","tag-obra-publica","tag-presupuesto-publico","tag-silao"],"yoast_head":"<!-- This site is optimized with the Yoast SEO plugin v27.4 - https:\/\/yoast.com\/product\/yoast-seo-wordpress\/ -->\n<title>GESTIONA CARLOS GARC\u00cdA 18 MDP M\u00c1S PARA OBRA P\u00daBLICA - Kuali<\/title>\n<meta name=\"robots\" content=\"index, follow, max-snippet:-1, max-image-preview:large, max-video-preview:-1\" \/>\n<link rel=\"canonical\" href=\"https:\/\/kuali.com.mx\/web\/2023\/08\/18\/gestiona-carlos-garcia-18-mdp-mas-para-obra-publica\/\" \/>\n<meta property=\"og:locale\" content=\"es_MX\" \/>\n<meta property=\"og:type\" content=\"article\" \/>\n<meta property=\"og:title\" content=\"GESTIONA CARLOS GARC\u00cdA 18 MDP M\u00c1S PARA OBRA P\u00daBLICA - Kuali\" \/>\n<meta property=\"og:description\" content=\"Kuali\/Silao, Gto.- El presidente municipal de Silao, Carlos Garc\u00eda Villase\u00f1or, anunci\u00f3 que est\u00e1 gestionando otros 18 millones de pesos para obra p\u00fablica. De conseguirlos, el presupuesto 2023 ser\u00e1 de 370 millones. En gira de trabajo, el alcalde anunci\u00f3 que para este fin de a\u00f1os tiene como principal objetivo incrementar el presupuesto para obra p\u00fablica de [&hellip;]\" \/>\n<meta property=\"og:url\" content=\"https:\/\/kuali.com.mx\/web\/2023\/08\/18\/gestiona-carlos-garcia-18-mdp-mas-para-obra-publica\/\" \/>\n<meta property=\"og:site_name\" content=\"Kuali\" \/>\n<meta property=\"article:publisher\" content=\"https:\/\/kuali.com.mx\/web\/wp-content\/uploads\/2018\/04\/cropped-kuali_logo-1-1.png\" \/>\n<meta property=\"article:published_time\" content=\"2023-08-18T18:12:46+00:00\" \/>\n<meta property=\"article:modified_time\" content=\"2023-08-19T05:17:40+00:00\" \/>\n<meta property=\"og:image\" content=\"https:\/\/kuali.com.mx\/web\/wp-content\/uploads\/2023\/08\/Carlos-Garcia-Villasenor.gif\" \/>\n\t<meta property=\"og:image:width\" content=\"1700\" \/>\n\t<meta property=\"og:image:height\" content=\"750\" \/>\n\t<meta property=\"og:image:type\" content=\"image\/gif\" \/>\n<meta name=\"author\" content=\"Kuali Staff\" \/>\n<meta name=\"twitter:card\" content=\"summary_large_image\" \/>\n<meta name=\"twitter:creator\" content=\"@kuali_noticias\" \/>\n<meta name=\"twitter:site\" content=\"@kuali_noticias\" \/>\n<meta name=\"twitter:label1\" content=\"Escrito por\" \/>\n\t<meta name=\"twitter:data1\" content=\"Kuali Staff\" \/>\n\t<meta name=\"twitter:label2\" content=\"Tiempo de lectura\" \/>\n\t<meta name=\"twitter:data2\" content=\"2 minutos\" \/>\n<script type=\"application\/ld+json\" class=\"yoast-schema-graph\">{\"@context\":\"https:\\\/\\\/schema.org\",\"@graph\":[{\"@type\":\"Article\",\"@id\":\"https:\\\/\\\/kuali.com.mx\\\/web\\\/2023\\\/08\\\/18\\\/gestiona-carlos-garcia-18-mdp-mas-para-obra-publica\\\/#article\",\"isPartOf\":{\"@id\":\"https:\\\/\\\/kuali.com.mx\\\/web\\\/2023\\\/08\\\/18\\\/gestiona-carlos-garcia-18-mdp-mas-para-obra-publica\\\/\"},\"author\":{\"name\":\"Kuali Staff\",\"@id\":\"https:\\\/\\\/kuali.com.mx\\\/web\\\/#\\\/schema\\\/person\\\/6f89ffa8ecba9dae50662357923c5289\"},\"headline\":\"GESTIONA CARLOS GARC\u00cdA 18 MDP M\u00c1S PARA OBRA P\u00daBLICA\",\"datePublished\":\"2023-08-18T18:12:46+00:00\",\"dateModified\":\"2023-08-19T05:17:40+00:00\",\"mainEntityOfPage\":{\"@id\":\"https:\\\/\\\/kuali.com.mx\\\/web\\\/2023\\\/08\\\/18\\\/gestiona-carlos-garcia-18-mdp-mas-para-obra-publica\\\/\"},\"wordCount\":400,\"commentCount\":0,\"image\":{\"@id\":\"https:\\\/\\\/kuali.com.mx\\\/web\\\/2023\\\/08\\\/18\\\/gestiona-carlos-garcia-18-mdp-mas-para-obra-publica\\\/#primaryimage\"},\"thumbnailUrl\":\"https:\\\/\\\/kuali.com.mx\\\/web\\\/wp-content\\\/uploads\\\/2023\\\/08\\\/Carlos-Garcia-Villasenor.gif\",\"keywords\":[\"Carlos Garc\u00eda\",\"Obra p\u00fablica\",\"Presupuesto p\u00fablico\",\"Silao\"],\"articleSection\":[\"Pol\u00edtica\"],\"inLanguage\":\"es\",\"potentialAction\":[{\"@type\":\"CommentAction\",\"name\":\"Comment\",\"target\":[\"https:\\\/\\\/kuali.com.mx\\\/web\\\/2023\\\/08\\\/18\\\/gestiona-carlos-garcia-18-mdp-mas-para-obra-publica\\\/#respond\"]}]},{\"@type\":\"WebPage\",\"@id\":\"https:\\\/\\\/kuali.com.mx\\\/web\\\/2023\\\/08\\\/18\\\/gestiona-carlos-garcia-18-mdp-mas-para-obra-publica\\\/\",\"url\":\"https:\\\/\\\/kuali.com.mx\\\/web\\\/2023\\\/08\\\/18\\\/gestiona-carlos-garcia-18-mdp-mas-para-obra-publica\\\/\",\"name\":\"GESTIONA CARLOS GARC\u00cdA 18 MDP M\u00c1S PARA OBRA P\u00daBLICA - Kuali\",\"isPartOf\":{\"@id\":\"https:\\\/\\\/kuali.com.mx\\\/web\\\/#website\"},\"primaryImageOfPage\":{\"@id\":\"https:\\\/\\\/kuali.com.mx\\\/web\\\/2023\\\/08\\\/18\\\/gestiona-carlos-garcia-18-mdp-mas-para-obra-publica\\\/#primaryimage\"},\"image\":{\"@id\":\"https:\\\/\\\/kuali.com.mx\\\/web\\\/2023\\\/08\\\/18\\\/gestiona-carlos-garcia-18-mdp-mas-para-obra-publica\\\/#primaryimage\"},\"thumbnailUrl\":\"https:\\\/\\\/kuali.com.mx\\\/web\\\/wp-content\\\/uploads\\\/2023\\\/08\\\/Carlos-Garcia-Villasenor.gif\",\"datePublished\":\"2023-08-18T18:12:46+00:00\",\"dateModified\":\"2023-08-19T05:17:40+00:00\",\"author\":{\"@id\":\"https:\\\/\\\/kuali.com.mx\\\/web\\\/#\\\/schema\\\/person\\\/6f89ffa8ecba9dae50662357923c5289\"},\"breadcrumb\":{\"@id\":\"https:\\\/\\\/kuali.com.mx\\\/web\\\/2023\\\/08\\\/18\\\/gestiona-carlos-garcia-18-mdp-mas-para-obra-publica\\\/#breadcrumb\"},\"inLanguage\":\"es\",\"potentialAction\":[{\"@type\":\"ReadAction\",\"target\":[\"https:\\\/\\\/kuali.com.mx\\\/web\\\/2023\\\/08\\\/18\\\/gestiona-carlos-garcia-18-mdp-mas-para-obra-publica\\\/\"]}]},{\"@type\":\"ImageObject\",\"inLanguage\":\"es\",\"@id\":\"https:\\\/\\\/kuali.com.mx\\\/web\\\/2023\\\/08\\\/18\\\/gestiona-carlos-garcia-18-mdp-mas-para-obra-publica\\\/#primaryimage\",\"url\":\"https:\\\/\\\/kuali.com.mx\\\/web\\\/wp-content\\\/uploads\\\/2023\\\/08\\\/Carlos-Garcia-Villasenor.gif\",\"contentUrl\":\"https:\\\/\\\/kuali.com.mx\\\/web\\\/wp-content\\\/uploads\\\/2023\\\/08\\\/Carlos-Garcia-Villasenor.gif\",\"width\":1700,\"height\":750},{\"@type\":\"BreadcrumbList\",\"@id\":\"https:\\\/\\\/kuali.com.mx\\\/web\\\/2023\\\/08\\\/18\\\/gestiona-carlos-garcia-18-mdp-mas-para-obra-publica\\\/#breadcrumb\",\"itemListElement\":[{\"@type\":\"ListItem\",\"position\":1,\"name\":\"Inicio\",\"item\":\"https:\\\/\\\/kuali.com.mx\\\/web\\\/\"},{\"@type\":\"ListItem\",\"position\":2,\"name\":\"GESTIONA CARLOS GARC\u00cdA 18 MDP M\u00c1S PARA OBRA P\u00daBLICA\"}]},{\"@type\":\"WebSite\",\"@id\":\"https:\\\/\\\/kuali.com.mx\\\/web\\\/#website\",\"url\":\"https:\\\/\\\/kuali.com.mx\\\/web\\\/\",\"name\":\"Kuali\",\"description\":\"\",\"potentialAction\":[{\"@type\":\"SearchAction\",\"target\":{\"@type\":\"EntryPoint\",\"urlTemplate\":\"https:\\\/\\\/kuali.com.mx\\\/web\\\/?s={search_term_string}\"},\"query-input\":{\"@type\":\"PropertyValueSpecification\",\"valueRequired\":true,\"valueName\":\"search_term_string\"}}],\"inLanguage\":\"es\"},{\"@type\":\"Person\",\"@id\":\"https:\\\/\\\/kuali.com.mx\\\/web\\\/#\\\/schema\\\/person\\\/6f89ffa8ecba9dae50662357923c5289\",\"name\":\"Kuali Staff\",\"image\":{\"@type\":\"ImageObject\",\"inLanguage\":\"es\",\"@id\":\"https:\\\/\\\/secure.gravatar.com\\\/avatar\\\/f917ad82e5ab71227a733c78b6e60715476f69ee6be59feee4eb5d9920c89e0f?s=96&d=mm&r=g\",\"url\":\"https:\\\/\\\/secure.gravatar.com\\\/avatar\\\/f917ad82e5ab71227a733c78b6e60715476f69ee6be59feee4eb5d9920c89e0f?s=96&d=mm&r=g\",\"contentUrl\":\"https:\\\/\\\/secure.gravatar.com\\\/avatar\\\/f917ad82e5ab71227a733c78b6e60715476f69ee6be59feee4eb5d9920c89e0f?s=96&d=mm&r=g\",\"caption\":\"Kuali Staff\"},\"url\":\"https:\\\/\\\/kuali.com.mx\\\/web\\\/author\\\/lagarto\\\/\"}]}<\/script>\n<!-- \/ Yoast SEO plugin. -->","yoast_head_json":{"title":"GESTIONA CARLOS GARC\u00cdA 18 MDP M\u00c1S PARA OBRA P\u00daBLICA - Kuali","robots":{"index":"index","follow":"follow","max-snippet":"max-snippet:-1","max-image-preview":"max-image-preview:large","max-video-preview":"max-video-preview:-1"},"canonical":"https:\/\/kuali.com.mx\/web\/2023\/08\/18\/gestiona-carlos-garcia-18-mdp-mas-para-obra-publica\/","og_locale":"es_MX","og_type":"article","og_title":"GESTIONA CARLOS GARC\u00cdA 18 MDP M\u00c1S PARA OBRA P\u00daBLICA - Kuali","og_description":"Kuali\/Silao, Gto.- El presidente municipal de Silao, Carlos Garc\u00eda Villase\u00f1or, anunci\u00f3 que est\u00e1 gestionando otros 18 millones de pesos para obra p\u00fablica. De conseguirlos, el presupuesto 2023 ser\u00e1 de 370 millones. En gira de trabajo, el alcalde anunci\u00f3 que para este fin de a\u00f1os tiene como principal objetivo incrementar el presupuesto para obra p\u00fablica de [&hellip;]","og_url":"https:\/\/kuali.com.mx\/web\/2023\/08\/18\/gestiona-carlos-garcia-18-mdp-mas-para-obra-publica\/","og_site_name":"Kuali","article_publisher":"https:\/\/kuali.com.mx\/web\/wp-content\/uploads\/2018\/04\/cropped-kuali_logo-1-1.png","article_published_time":"2023-08-18T18:12:46+00:00","article_modified_time":"2023-08-19T05:17:40+00:00","og_image":[{"width":1700,"height":750,"url":"https:\/\/kuali.com.mx\/web\/wp-content\/uploads\/2023\/08\/Carlos-Garcia-Villasenor.gif","type":"image\/gif"}],"author":"Kuali Staff","twitter_card":"summary_large_image","twitter_creator":"@kuali_noticias","twitter_site":"@kuali_noticias","twitter_misc":{"Escrito por":"Kuali Staff","Tiempo de lectura":"2 minutos"},"schema":{"@context":"https:\/\/schema.org","@graph":[{"@type":"Article","@id":"https:\/\/kuali.com.mx\/web\/2023\/08\/18\/gestiona-carlos-garcia-18-mdp-mas-para-obra-publica\/#article","isPartOf":{"@id":"https:\/\/kuali.com.mx\/web\/2023\/08\/18\/gestiona-carlos-garcia-18-mdp-mas-para-obra-publica\/"},"author":{"name":"Kuali Staff","@id":"https:\/\/kuali.com.mx\/web\/#\/schema\/person\/6f89ffa8ecba9dae50662357923c5289"},"headline":"GESTIONA CARLOS GARC\u00cdA 18 MDP M\u00c1S PARA OBRA P\u00daBLICA","datePublished":"2023-08-18T18:12:46+00:00","dateModified":"2023-08-19T05:17:40+00:00","mainEntityOfPage":{"@id":"https:\/\/kuali.com.mx\/web\/2023\/08\/18\/gestiona-carlos-garcia-18-mdp-mas-para-obra-publica\/"},"wordCount":400,"commentCount":0,"image":{"@id":"https:\/\/kuali.com.mx\/web\/2023\/08\/18\/gestiona-carlos-garcia-18-mdp-mas-para-obra-publica\/#primaryimage"},"thumbnailUrl":"https:\/\/kuali.com.mx\/web\/wp-content\/uploads\/2023\/08\/Carlos-Garcia-Villasenor.gif","keywords":["Carlos Garc\u00eda","Obra p\u00fablica","Presupuesto p\u00fablico","Silao"],"articleSection":["Pol\u00edtica"],"inLanguage":"es","potentialAction":[{"@type":"CommentAction","name":"Comment","target":["https:\/\/kuali.com.mx\/web\/2023\/08\/18\/gestiona-carlos-garcia-18-mdp-mas-para-obra-publica\/#respond"]}]},{"@type":"WebPage","@id":"https:\/\/kuali.com.mx\/web\/2023\/08\/18\/gestiona-carlos-garcia-18-mdp-mas-para-obra-publica\/","url":"https:\/\/kuali.com.mx\/web\/2023\/08\/18\/gestiona-carlos-garcia-18-mdp-mas-para-obra-publica\/","name":"GESTIONA CARLOS GARC\u00cdA 18 MDP M\u00c1S PARA OBRA P\u00daBLICA - Kuali","isPartOf":{"@id":"https:\/\/kuali.com.mx\/web\/#website"},"primaryImageOfPage":{"@id":"https:\/\/kuali.com.mx\/web\/2023\/08\/18\/gestiona-carlos-garcia-18-mdp-mas-para-obra-publica\/#primaryimage"},"image":{"@id":"https:\/\/kuali.com.mx\/web\/2023\/08\/18\/gestiona-carlos-garcia-18-mdp-mas-para-obra-publica\/#primaryimage"},"thumbnailUrl":"https:\/\/kuali.com.mx\/web\/wp-content\/uploads\/2023\/08\/Carlos-Garcia-Villasenor.gif","datePublished":"2023-08-18T18:12:46+00:00","dateModified":"2023-08-19T05:17:40+00:00","author":{"@id":"https:\/\/kuali.com.mx\/web\/#\/schema\/person\/6f89ffa8ecba9dae50662357923c5289"},"breadcrumb":{"@id":"https:\/\/kuali.com.mx\/web\/2023\/08\/18\/gestiona-carlos-garcia-18-mdp-mas-para-obra-publica\/#breadcrumb"},"inLanguage":"es","potentialAction":[{"@type":"ReadAction","target":["https:\/\/kuali.com.mx\/web\/2023\/08\/18\/gestiona-carlos-garcia-18-mdp-mas-para-obra-publica\/"]}]},{"@type":"ImageObject","inLanguage":"es","@id":"https:\/\/kuali.com.mx\/web\/2023\/08\/18\/gestiona-carlos-garcia-18-mdp-mas-para-obra-publica\/#primaryimage","url":"https:\/\/kuali.com.mx\/web\/wp-content\/uploads\/2023\/08\/Carlos-Garcia-Villasenor.gif","contentUrl":"https:\/\/kuali.com.mx\/web\/wp-content\/uploads\/2023\/08\/Carlos-Garcia-Villasenor.gif","width":1700,"height":750},{"@type":"BreadcrumbList","@id":"https:\/\/kuali.com.mx\/web\/2023\/08\/18\/gestiona-carlos-garcia-18-mdp-mas-para-obra-publica\/#breadcrumb","itemListElement":[{"@type":"ListItem","position":1,"name":"Inicio","item":"https:\/\/kuali.com.mx\/web\/"},{"@type":"ListItem","position":2,"name":"GESTIONA CARLOS GARC\u00cdA 18 MDP M\u00c1S PARA OBRA P\u00daBLICA"}]},{"@type":"WebSite","@id":"https:\/\/kuali.com.mx\/web\/#website","url":"https:\/\/kuali.com.mx\/web\/","name":"Kuali","description":"","potentialAction":[{"@type":"SearchAction","target":{"@type":"EntryPoint","urlTemplate":"https:\/\/kuali.com.mx\/web\/?s={search_term_string}"},"query-input":{"@type":"PropertyValueSpecification","valueRequired":true,"valueName":"search_term_string"}}],"inLanguage":"es"},{"@type":"Person","@id":"https:\/\/kuali.com.mx\/web\/#\/schema\/person\/6f89ffa8ecba9dae50662357923c5289","name":"Kuali Staff","image":{"@type":"ImageObject","inLanguage":"es","@id":"https:\/\/secure.gravatar.com\/avatar\/f917ad82e5ab71227a733c78b6e60715476f69ee6be59feee4eb5d9920c89e0f?s=96&d=mm&r=g","url":"https:\/\/secure.gravatar.com\/avatar\/f917ad82e5ab71227a733c78b6e60715476f69ee6be59feee4eb5d9920c89e0f?s=96&d=mm&r=g","contentUrl":"https:\/\/secure.gravatar.com\/avatar\/f917ad82e5ab71227a733c78b6e60715476f69ee6be59feee4eb5d9920c89e0f?s=96&d=mm&r=g","caption":"Kuali Staff"},"url":"https:\/\/kuali.com.mx\/web\/author\/lagarto\/"}]}},"_links":{"self":[{"href":"https:\/\/kuali.com.mx\/web\/wp-json\/wp\/v2\/posts\/124522","targetHints":{"allow":["GET"]}}],"collection":[{"href":"https:\/\/kuali.com.mx\/web\/wp-json\/wp\/v2\/posts"}],"about":[{"href":"https:\/\/kuali.com.mx\/web\/wp-json\/wp\/v2\/types\/post"}],"author":[{"embeddable":true,"href":"https:\/\/kuali.com.mx\/web\/wp-json\/wp\/v2\/users\/2"}],"replies":[{"embeddable":true,"href":"https:\/\/kuali.com.mx\/web\/wp-json\/wp\/v2\/comments?post=124522"}],"version-history":[{"count":2,"href":"https:\/\/kuali.com.mx\/web\/wp-json\/wp\/v2\/posts\/124522\/revisions"}],"predecessor-version":[{"id":124532,"href":"https:\/\/kuali.com.mx\/web\/wp-json\/wp\/v2\/posts\/124522\/revisions\/124532"}],"wp:featuredmedia":[{"embeddable":true,"href":"https:\/\/kuali.com.mx\/web\/wp-json\/wp\/v2\/media\/124525"}],"wp:attachment":[{"href":"https:\/\/kuali.com.mx\/web\/wp-json\/wp\/v2\/media?parent=124522"}],"wp:term":[{"taxonomy":"category","embeddable":true,"href":"https:\/\/kuali.com.mx\/web\/wp-json\/wp\/v2\/categories?post=124522"},{"taxonomy":"post_tag","embeddable":true,"href":"https:\/\/kuali.com.mx\/web\/wp-json\/wp\/v2\/tags?post=124522"}],"curies":[{"name":"wp","href":"https:\/\/api.w.org\/{rel}","templated":true}]}}