{"id":124362,"date":"2023-08-16T19:11:16","date_gmt":"2023-08-17T01:11:16","guid":{"rendered":"https:\/\/kuali.com.mx\/web\/?p=124362"},"modified":"2023-08-17T07:52:05","modified_gmt":"2023-08-17T13:52:05","slug":"tendra-guanajuato-una-mujer-gobernadora-marko-y-diego","status":"publish","type":"post","link":"https:\/\/kuali.com.mx\/web\/2023\/08\/16\/tendra-guanajuato-una-mujer-gobernadora-marko-y-diego\/","title":{"rendered":"TENDR\u00c1 GUANAJUATO UNA MUJER GOBERNADORA: MARKO Y DIEGO"},"content":{"rendered":"\n<p><strong><em>Carlos Garc\u00eda\/San Miguel de Allende, Gto.-&nbsp;<\/em><\/strong> El estado de Guanajuato tendr\u00e1 a la primera mujer gobernadora emanada del Partido Acci\u00f3n Nacional (PAN), vaticinaron el l\u00edder nacional del blanquiazul, Marko Cort\u00e9s Mendoza, y el gobernador, Diego Sinhue Rodr\u00edguez Vallejo, en el marco de la reuni\u00f3n plenaria de los diputados federales.<\/p>\n\n\n\n<p>Ante los legisladores federales del PAN, Diego Sinhue manifest\u00f3 que est\u00e1 muy orgulloso de ver como las mujeres de Guanajuato est\u00e1n al frente de un gran movimiento.<\/p>\n\n\n\n<p>\u201cAlgo si me queda claro, quien va a gobernar Guanajuato en los pr\u00f3ximos seis a\u00f1os ser\u00e1 una mujer, eso lo tengo muy claro porque es tiempo de las mujeres\u201d, afirm\u00f3.<\/p>\n\n\n\n<p>El gobierno de Guanajuato ser\u00e1 encabezado por una mujer y no por un tema de cuotas de g\u00e9nero, es porque las mujeres est\u00e1n mejor evaluadas y posicionadas que los hombres, manifest\u00f3.<\/p>\n\n\n\n<p>\u201cEs un tema de capacidad y no de cuota, es un tema de hacer bien las cosas\u201d, refiri\u00f3 el mandatario.<\/p>\n\n\n\n<p>El presidente nacional del PAN, Marko Cort\u00e9s, asegur\u00f3 que Diego Sinhue ha hecho un gran trabajo, que es presumido en M\u00e9xico y se pone como ejemplo.<\/p>\n\n\n\n<p>\u201cHablamos de lo que aqu\u00ed se logra, de lo que se ha avanzado, como se atrae inversi\u00f3n, como se genera empleo, como se crece en todos los aspectos, por eso nos sentimos muy orgullosos del coraz\u00f3n azul de M\u00e9xico\u201d, dijo el dirigente<\/p>\n\n\n\n<p>En Guanajuato el PAN siempre se ha ganado y siempre ha salido adelante, sostuvo.<\/p>\n\n\n\n<p>\u201cEstoy seguro est\u00e1 no ser\u00e1 la excepci\u00f3n, y como bien haz dicho aqu\u00ed, vamos a tener en Guanajuato la primera gobernadora de Acci\u00f3n Nacional\u201d, secund\u00f3.<\/p>\n\n\n\n<p>La alcaldesa de Le\u00f3n, Alejandra Guti\u00e9rrez Campos; y la secretaria de Desarrollo Social, Libia Garc\u00eda Mu\u00f1oz Ledo, son las aspirantes fuertes por la candidatura panista. La senadora, Alejandra Reynoso, tambi\u00e9n ha manifestado su intenci\u00f3n de contender por la candidatura.<\/p>\n\n\n\n<figure class=\"wp-block-image size-large\"><img loading=\"lazy\" decoding=\"async\" width=\"1024\" height=\"682\" src=\"https:\/\/kuali.com.mx\/web\/wp-content\/uploads\/2023\/08\/Alejandra-Libia-Marko-dirigencia-PAN-1024x682.jpeg\" alt=\"\" class=\"wp-image-124425\" srcset=\"https:\/\/kuali.com.mx\/web\/wp-content\/uploads\/2023\/08\/Alejandra-Libia-Marko-dirigencia-PAN-1024x682.jpeg 1024w, https:\/\/kuali.com.mx\/web\/wp-content\/uploads\/2023\/08\/Alejandra-Libia-Marko-dirigencia-PAN-300x200.jpeg 300w, https:\/\/kuali.com.mx\/web\/wp-content\/uploads\/2023\/08\/Alejandra-Libia-Marko-dirigencia-PAN-768x512.jpeg 768w, https:\/\/kuali.com.mx\/web\/wp-content\/uploads\/2023\/08\/Alejandra-Libia-Marko-dirigencia-PAN-174x116.jpeg 174w, https:\/\/kuali.com.mx\/web\/wp-content\/uploads\/2023\/08\/Alejandra-Libia-Marko-dirigencia-PAN.jpeg 1280w\" sizes=\"auto, (max-width: 1024px) 100vw, 1024px\" \/><\/figure>\n\n\n\n<p>Mesa Pol\u00edtica<\/p>\n\n\n\n<p><strong><em>Kuali.-<\/em><\/strong> La dirigencia nacional del PAN, encabezada por Marko Cort\u00e9s Mendoza,\u00a0el delegado Marco Adame\u00a0y liderazgos de Guanajuato\u00a0dieron inicio\u00a0esta tarde\u00a0a\u00a0los trabajos\u00a0de la mesa pol\u00edtica de unidad y acuerdos\u00a0rumbo a la construcci\u00f3n del equipo en la entidad rumbo al 2024.<\/p>\n\n\n\n<p>Coordinada por Marco Antonio Adame Castillo, ex gobernador de Morelos, en la Mesa estuvieron presentes Marko Cort\u00e9s Mendoza, presidente del Comit\u00e9&nbsp;Ejecutivo Nacional; Eduardo L\u00f3pez Mares, presidente del Comit\u00e9&nbsp;Directivo Estatal PAN Guanajuato; Libia Dennise Garc\u00eda Mu\u00f1oz Ledo, Secretaria de Desarrollo Social y Humano de Guanajuato; y Alejandra Guti\u00e9rrez Campos, presidenta municipal de Le\u00f3n y presidenta de la ANAC.<\/p>\n\n\n\n<p>El presidente del PAN destac\u00f3&nbsp;que en esta entidad se debe cuidar todo lo que se ha avanzado, por eso el equipo de Guanajuato trabajar\u00e1&nbsp;en unidad durante los pr\u00f3ximos meses para ofrecer a la ciudadan\u00eda las mejores opciones y las m\u00e1s competitivas.&nbsp;<\/p>\n\n\n\n<p>De esta manera, se da inicio a encuentros con diversos actores en la entidad para construir la unidad y los acuerdos para Guanajuato.<\/p>\n","protected":false},"excerpt":{"rendered":"Carlos Garc\u00eda\/San Miguel de Allende, Gto.-&nbsp; El estado de Guanajuato tendr\u00e1 a la primera mujer gobernadora emanada del Partido Acci\u00f3n Nacional (PAN), vaticinaron el l\u00edder nacional del blanquiazul, Marko Cort\u00e9s Mendoza, y el gobernador, Diego Sinhue Rodr\u00edguez Vallejo, en el marco de la reuni\u00f3n plenaria de los diputados federales. Ante los legisladores federales del PAN, [&hellip;]","protected":false},"author":2,"featured_media":124365,"comment_status":"open","ping_status":"open","sticky":false,"template":"","format":"standard","meta":{"_seopress_robots_primary_cat":"none","_seopress_titles_title":"","_seopress_titles_desc":"","_seopress_robots_index":"","_monsterinsights_skip_tracking":false,"_monsterinsights_sitenote_active":false,"_monsterinsights_sitenote_note":"","_monsterinsights_sitenote_category":0,"footnotes":""},"categories":[3,69],"tags":[],"class_list":["post-124362","post","type-post","status-publish","format-standard","has-post-thumbnail","hentry","category-politica","category-slider"],"yoast_head":"<!-- This site is optimized with the Yoast SEO plugin v27.4 - https:\/\/yoast.com\/product\/yoast-seo-wordpress\/ -->\n<title>TENDR\u00c1 GUANAJUATO UNA MUJER GOBERNADORA: MARKO Y DIEGO - Kuali<\/title>\n<meta name=\"robots\" content=\"index, follow, max-snippet:-1, max-image-preview:large, max-video-preview:-1\" \/>\n<link rel=\"canonical\" href=\"https:\/\/kuali.com.mx\/web\/2023\/08\/16\/tendra-guanajuato-una-mujer-gobernadora-marko-y-diego\/\" \/>\n<meta property=\"og:locale\" content=\"es_MX\" \/>\n<meta property=\"og:type\" content=\"article\" \/>\n<meta property=\"og:title\" content=\"TENDR\u00c1 GUANAJUATO UNA MUJER GOBERNADORA: MARKO Y DIEGO - Kuali\" \/>\n<meta property=\"og:description\" content=\"Carlos Garc\u00eda\/San Miguel de Allende, Gto.-&nbsp; El estado de Guanajuato tendr\u00e1 a la primera mujer gobernadora emanada del Partido Acci\u00f3n Nacional (PAN), vaticinaron el l\u00edder nacional del blanquiazul, Marko Cort\u00e9s Mendoza, y el gobernador, Diego Sinhue Rodr\u00edguez Vallejo, en el marco de la reuni\u00f3n plenaria de los diputados federales. Ante los legisladores federales del PAN, [&hellip;]\" \/>\n<meta property=\"og:url\" content=\"https:\/\/kuali.com.mx\/web\/2023\/08\/16\/tendra-guanajuato-una-mujer-gobernadora-marko-y-diego\/\" \/>\n<meta property=\"og:site_name\" content=\"Kuali\" \/>\n<meta property=\"article:publisher\" content=\"https:\/\/kuali.com.mx\/web\/wp-content\/uploads\/2018\/04\/cropped-kuali_logo-1-1.png\" \/>\n<meta property=\"article:published_time\" content=\"2023-08-17T01:11:16+00:00\" \/>\n<meta property=\"article:modified_time\" content=\"2023-08-17T13:52:05+00:00\" \/>\n<meta property=\"og:image\" content=\"https:\/\/kuali.com.mx\/web\/wp-content\/uploads\/2023\/08\/DIEGO-Y-MARKO.jpg\" \/>\n\t<meta property=\"og:image:width\" content=\"1741\" \/>\n\t<meta property=\"og:image:height\" content=\"750\" \/>\n\t<meta property=\"og:image:type\" content=\"image\/jpeg\" \/>\n<meta name=\"author\" content=\"Kuali Staff\" \/>\n<meta name=\"twitter:card\" content=\"summary_large_image\" \/>\n<meta name=\"twitter:creator\" content=\"@kuali_noticias\" \/>\n<meta name=\"twitter:site\" content=\"@kuali_noticias\" \/>\n<meta name=\"twitter:label1\" content=\"Escrito por\" \/>\n\t<meta name=\"twitter:data1\" content=\"Kuali Staff\" \/>\n\t<meta name=\"twitter:label2\" content=\"Tiempo de lectura\" \/>\n\t<meta name=\"twitter:data2\" content=\"3 minutos\" \/>\n<script type=\"application\/ld+json\" class=\"yoast-schema-graph\">{\"@context\":\"https:\\\/\\\/schema.org\",\"@graph\":[{\"@type\":\"Article\",\"@id\":\"https:\\\/\\\/kuali.com.mx\\\/web\\\/2023\\\/08\\\/16\\\/tendra-guanajuato-una-mujer-gobernadora-marko-y-diego\\\/#article\",\"isPartOf\":{\"@id\":\"https:\\\/\\\/kuali.com.mx\\\/web\\\/2023\\\/08\\\/16\\\/tendra-guanajuato-una-mujer-gobernadora-marko-y-diego\\\/\"},\"author\":{\"name\":\"Kuali Staff\",\"@id\":\"https:\\\/\\\/kuali.com.mx\\\/web\\\/#\\\/schema\\\/person\\\/6f89ffa8ecba9dae50662357923c5289\"},\"headline\":\"TENDR\u00c1 GUANAJUATO UNA MUJER GOBERNADORA: MARKO Y DIEGO\",\"datePublished\":\"2023-08-17T01:11:16+00:00\",\"dateModified\":\"2023-08-17T13:52:05+00:00\",\"mainEntityOfPage\":{\"@id\":\"https:\\\/\\\/kuali.com.mx\\\/web\\\/2023\\\/08\\\/16\\\/tendra-guanajuato-una-mujer-gobernadora-marko-y-diego\\\/\"},\"wordCount\":529,\"commentCount\":0,\"image\":{\"@id\":\"https:\\\/\\\/kuali.com.mx\\\/web\\\/2023\\\/08\\\/16\\\/tendra-guanajuato-una-mujer-gobernadora-marko-y-diego\\\/#primaryimage\"},\"thumbnailUrl\":\"https:\\\/\\\/kuali.com.mx\\\/web\\\/wp-content\\\/uploads\\\/2023\\\/08\\\/DIEGO-Y-MARKO.jpg\",\"articleSection\":[\"Pol\u00edtica\",\"slider\"],\"inLanguage\":\"es\",\"potentialAction\":[{\"@type\":\"CommentAction\",\"name\":\"Comment\",\"target\":[\"https:\\\/\\\/kuali.com.mx\\\/web\\\/2023\\\/08\\\/16\\\/tendra-guanajuato-una-mujer-gobernadora-marko-y-diego\\\/#respond\"]}]},{\"@type\":\"WebPage\",\"@id\":\"https:\\\/\\\/kuali.com.mx\\\/web\\\/2023\\\/08\\\/16\\\/tendra-guanajuato-una-mujer-gobernadora-marko-y-diego\\\/\",\"url\":\"https:\\\/\\\/kuali.com.mx\\\/web\\\/2023\\\/08\\\/16\\\/tendra-guanajuato-una-mujer-gobernadora-marko-y-diego\\\/\",\"name\":\"TENDR\u00c1 GUANAJUATO UNA MUJER GOBERNADORA: MARKO Y DIEGO - Kuali\",\"isPartOf\":{\"@id\":\"https:\\\/\\\/kuali.com.mx\\\/web\\\/#website\"},\"primaryImageOfPage\":{\"@id\":\"https:\\\/\\\/kuali.com.mx\\\/web\\\/2023\\\/08\\\/16\\\/tendra-guanajuato-una-mujer-gobernadora-marko-y-diego\\\/#primaryimage\"},\"image\":{\"@id\":\"https:\\\/\\\/kuali.com.mx\\\/web\\\/2023\\\/08\\\/16\\\/tendra-guanajuato-una-mujer-gobernadora-marko-y-diego\\\/#primaryimage\"},\"thumbnailUrl\":\"https:\\\/\\\/kuali.com.mx\\\/web\\\/wp-content\\\/uploads\\\/2023\\\/08\\\/DIEGO-Y-MARKO.jpg\",\"datePublished\":\"2023-08-17T01:11:16+00:00\",\"dateModified\":\"2023-08-17T13:52:05+00:00\",\"author\":{\"@id\":\"https:\\\/\\\/kuali.com.mx\\\/web\\\/#\\\/schema\\\/person\\\/6f89ffa8ecba9dae50662357923c5289\"},\"breadcrumb\":{\"@id\":\"https:\\\/\\\/kuali.com.mx\\\/web\\\/2023\\\/08\\\/16\\\/tendra-guanajuato-una-mujer-gobernadora-marko-y-diego\\\/#breadcrumb\"},\"inLanguage\":\"es\",\"potentialAction\":[{\"@type\":\"ReadAction\",\"target\":[\"https:\\\/\\\/kuali.com.mx\\\/web\\\/2023\\\/08\\\/16\\\/tendra-guanajuato-una-mujer-gobernadora-marko-y-diego\\\/\"]}]},{\"@type\":\"ImageObject\",\"inLanguage\":\"es\",\"@id\":\"https:\\\/\\\/kuali.com.mx\\\/web\\\/2023\\\/08\\\/16\\\/tendra-guanajuato-una-mujer-gobernadora-marko-y-diego\\\/#primaryimage\",\"url\":\"https:\\\/\\\/kuali.com.mx\\\/web\\\/wp-content\\\/uploads\\\/2023\\\/08\\\/DIEGO-Y-MARKO.jpg\",\"contentUrl\":\"https:\\\/\\\/kuali.com.mx\\\/web\\\/wp-content\\\/uploads\\\/2023\\\/08\\\/DIEGO-Y-MARKO.jpg\",\"width\":1741,\"height\":750},{\"@type\":\"BreadcrumbList\",\"@id\":\"https:\\\/\\\/kuali.com.mx\\\/web\\\/2023\\\/08\\\/16\\\/tendra-guanajuato-una-mujer-gobernadora-marko-y-diego\\\/#breadcrumb\",\"itemListElement\":[{\"@type\":\"ListItem\",\"position\":1,\"name\":\"Inicio\",\"item\":\"https:\\\/\\\/kuali.com.mx\\\/web\\\/\"},{\"@type\":\"ListItem\",\"position\":2,\"name\":\"TENDR\u00c1 GUANAJUATO UNA MUJER GOBERNADORA: MARKO Y DIEGO\"}]},{\"@type\":\"WebSite\",\"@id\":\"https:\\\/\\\/kuali.com.mx\\\/web\\\/#website\",\"url\":\"https:\\\/\\\/kuali.com.mx\\\/web\\\/\",\"name\":\"Kuali\",\"description\":\"\",\"potentialAction\":[{\"@type\":\"SearchAction\",\"target\":{\"@type\":\"EntryPoint\",\"urlTemplate\":\"https:\\\/\\\/kuali.com.mx\\\/web\\\/?s={search_term_string}\"},\"query-input\":{\"@type\":\"PropertyValueSpecification\",\"valueRequired\":true,\"valueName\":\"search_term_string\"}}],\"inLanguage\":\"es\"},{\"@type\":\"Person\",\"@id\":\"https:\\\/\\\/kuali.com.mx\\\/web\\\/#\\\/schema\\\/person\\\/6f89ffa8ecba9dae50662357923c5289\",\"name\":\"Kuali Staff\",\"image\":{\"@type\":\"ImageObject\",\"inLanguage\":\"es\",\"@id\":\"https:\\\/\\\/secure.gravatar.com\\\/avatar\\\/f917ad82e5ab71227a733c78b6e60715476f69ee6be59feee4eb5d9920c89e0f?s=96&d=mm&r=g\",\"url\":\"https:\\\/\\\/secure.gravatar.com\\\/avatar\\\/f917ad82e5ab71227a733c78b6e60715476f69ee6be59feee4eb5d9920c89e0f?s=96&d=mm&r=g\",\"contentUrl\":\"https:\\\/\\\/secure.gravatar.com\\\/avatar\\\/f917ad82e5ab71227a733c78b6e60715476f69ee6be59feee4eb5d9920c89e0f?s=96&d=mm&r=g\",\"caption\":\"Kuali Staff\"},\"url\":\"https:\\\/\\\/kuali.com.mx\\\/web\\\/author\\\/lagarto\\\/\"}]}<\/script>\n<!-- \/ Yoast SEO plugin. -->","yoast_head_json":{"title":"TENDR\u00c1 GUANAJUATO UNA MUJER GOBERNADORA: MARKO Y DIEGO - Kuali","robots":{"index":"index","follow":"follow","max-snippet":"max-snippet:-1","max-image-preview":"max-image-preview:large","max-video-preview":"max-video-preview:-1"},"canonical":"https:\/\/kuali.com.mx\/web\/2023\/08\/16\/tendra-guanajuato-una-mujer-gobernadora-marko-y-diego\/","og_locale":"es_MX","og_type":"article","og_title":"TENDR\u00c1 GUANAJUATO UNA MUJER GOBERNADORA: MARKO Y DIEGO - Kuali","og_description":"Carlos Garc\u00eda\/San Miguel de Allende, Gto.-&nbsp; El estado de Guanajuato tendr\u00e1 a la primera mujer gobernadora emanada del Partido Acci\u00f3n Nacional (PAN), vaticinaron el l\u00edder nacional del blanquiazul, Marko Cort\u00e9s Mendoza, y el gobernador, Diego Sinhue Rodr\u00edguez Vallejo, en el marco de la reuni\u00f3n plenaria de los diputados federales. Ante los legisladores federales del PAN, [&hellip;]","og_url":"https:\/\/kuali.com.mx\/web\/2023\/08\/16\/tendra-guanajuato-una-mujer-gobernadora-marko-y-diego\/","og_site_name":"Kuali","article_publisher":"https:\/\/kuali.com.mx\/web\/wp-content\/uploads\/2018\/04\/cropped-kuali_logo-1-1.png","article_published_time":"2023-08-17T01:11:16+00:00","article_modified_time":"2023-08-17T13:52:05+00:00","og_image":[{"width":1741,"height":750,"url":"https:\/\/kuali.com.mx\/web\/wp-content\/uploads\/2023\/08\/DIEGO-Y-MARKO.jpg","type":"image\/jpeg"}],"author":"Kuali Staff","twitter_card":"summary_large_image","twitter_creator":"@kuali_noticias","twitter_site":"@kuali_noticias","twitter_misc":{"Escrito por":"Kuali Staff","Tiempo de lectura":"3 minutos"},"schema":{"@context":"https:\/\/schema.org","@graph":[{"@type":"Article","@id":"https:\/\/kuali.com.mx\/web\/2023\/08\/16\/tendra-guanajuato-una-mujer-gobernadora-marko-y-diego\/#article","isPartOf":{"@id":"https:\/\/kuali.com.mx\/web\/2023\/08\/16\/tendra-guanajuato-una-mujer-gobernadora-marko-y-diego\/"},"author":{"name":"Kuali Staff","@id":"https:\/\/kuali.com.mx\/web\/#\/schema\/person\/6f89ffa8ecba9dae50662357923c5289"},"headline":"TENDR\u00c1 GUANAJUATO UNA MUJER GOBERNADORA: MARKO Y DIEGO","datePublished":"2023-08-17T01:11:16+00:00","dateModified":"2023-08-17T13:52:05+00:00","mainEntityOfPage":{"@id":"https:\/\/kuali.com.mx\/web\/2023\/08\/16\/tendra-guanajuato-una-mujer-gobernadora-marko-y-diego\/"},"wordCount":529,"commentCount":0,"image":{"@id":"https:\/\/kuali.com.mx\/web\/2023\/08\/16\/tendra-guanajuato-una-mujer-gobernadora-marko-y-diego\/#primaryimage"},"thumbnailUrl":"https:\/\/kuali.com.mx\/web\/wp-content\/uploads\/2023\/08\/DIEGO-Y-MARKO.jpg","articleSection":["Pol\u00edtica","slider"],"inLanguage":"es","potentialAction":[{"@type":"CommentAction","name":"Comment","target":["https:\/\/kuali.com.mx\/web\/2023\/08\/16\/tendra-guanajuato-una-mujer-gobernadora-marko-y-diego\/#respond"]}]},{"@type":"WebPage","@id":"https:\/\/kuali.com.mx\/web\/2023\/08\/16\/tendra-guanajuato-una-mujer-gobernadora-marko-y-diego\/","url":"https:\/\/kuali.com.mx\/web\/2023\/08\/16\/tendra-guanajuato-una-mujer-gobernadora-marko-y-diego\/","name":"TENDR\u00c1 GUANAJUATO UNA MUJER GOBERNADORA: MARKO Y DIEGO - Kuali","isPartOf":{"@id":"https:\/\/kuali.com.mx\/web\/#website"},"primaryImageOfPage":{"@id":"https:\/\/kuali.com.mx\/web\/2023\/08\/16\/tendra-guanajuato-una-mujer-gobernadora-marko-y-diego\/#primaryimage"},"image":{"@id":"https:\/\/kuali.com.mx\/web\/2023\/08\/16\/tendra-guanajuato-una-mujer-gobernadora-marko-y-diego\/#primaryimage"},"thumbnailUrl":"https:\/\/kuali.com.mx\/web\/wp-content\/uploads\/2023\/08\/DIEGO-Y-MARKO.jpg","datePublished":"2023-08-17T01:11:16+00:00","dateModified":"2023-08-17T13:52:05+00:00","author":{"@id":"https:\/\/kuali.com.mx\/web\/#\/schema\/person\/6f89ffa8ecba9dae50662357923c5289"},"breadcrumb":{"@id":"https:\/\/kuali.com.mx\/web\/2023\/08\/16\/tendra-guanajuato-una-mujer-gobernadora-marko-y-diego\/#breadcrumb"},"inLanguage":"es","potentialAction":[{"@type":"ReadAction","target":["https:\/\/kuali.com.mx\/web\/2023\/08\/16\/tendra-guanajuato-una-mujer-gobernadora-marko-y-diego\/"]}]},{"@type":"ImageObject","inLanguage":"es","@id":"https:\/\/kuali.com.mx\/web\/2023\/08\/16\/tendra-guanajuato-una-mujer-gobernadora-marko-y-diego\/#primaryimage","url":"https:\/\/kuali.com.mx\/web\/wp-content\/uploads\/2023\/08\/DIEGO-Y-MARKO.jpg","contentUrl":"https:\/\/kuali.com.mx\/web\/wp-content\/uploads\/2023\/08\/DIEGO-Y-MARKO.jpg","width":1741,"height":750},{"@type":"BreadcrumbList","@id":"https:\/\/kuali.com.mx\/web\/2023\/08\/16\/tendra-guanajuato-una-mujer-gobernadora-marko-y-diego\/#breadcrumb","itemListElement":[{"@type":"ListItem","position":1,"name":"Inicio","item":"https:\/\/kuali.com.mx\/web\/"},{"@type":"ListItem","position":2,"name":"TENDR\u00c1 GUANAJUATO UNA MUJER GOBERNADORA: MARKO Y DIEGO"}]},{"@type":"WebSite","@id":"https:\/\/kuali.com.mx\/web\/#website","url":"https:\/\/kuali.com.mx\/web\/","name":"Kuali","description":"","potentialAction":[{"@type":"SearchAction","target":{"@type":"EntryPoint","urlTemplate":"https:\/\/kuali.com.mx\/web\/?s={search_term_string}"},"query-input":{"@type":"PropertyValueSpecification","valueRequired":true,"valueName":"search_term_string"}}],"inLanguage":"es"},{"@type":"Person","@id":"https:\/\/kuali.com.mx\/web\/#\/schema\/person\/6f89ffa8ecba9dae50662357923c5289","name":"Kuali Staff","image":{"@type":"ImageObject","inLanguage":"es","@id":"https:\/\/secure.gravatar.com\/avatar\/f917ad82e5ab71227a733c78b6e60715476f69ee6be59feee4eb5d9920c89e0f?s=96&d=mm&r=g","url":"https:\/\/secure.gravatar.com\/avatar\/f917ad82e5ab71227a733c78b6e60715476f69ee6be59feee4eb5d9920c89e0f?s=96&d=mm&r=g","contentUrl":"https:\/\/secure.gravatar.com\/avatar\/f917ad82e5ab71227a733c78b6e60715476f69ee6be59feee4eb5d9920c89e0f?s=96&d=mm&r=g","caption":"Kuali Staff"},"url":"https:\/\/kuali.com.mx\/web\/author\/lagarto\/"}]}},"_links":{"self":[{"href":"https:\/\/kuali.com.mx\/web\/wp-json\/wp\/v2\/posts\/124362","targetHints":{"allow":["GET"]}}],"collection":[{"href":"https:\/\/kuali.com.mx\/web\/wp-json\/wp\/v2\/posts"}],"about":[{"href":"https:\/\/kuali.com.mx\/web\/wp-json\/wp\/v2\/types\/post"}],"author":[{"embeddable":true,"href":"https:\/\/kuali.com.mx\/web\/wp-json\/wp\/v2\/users\/2"}],"replies":[{"embeddable":true,"href":"https:\/\/kuali.com.mx\/web\/wp-json\/wp\/v2\/comments?post=124362"}],"version-history":[{"count":3,"href":"https:\/\/kuali.com.mx\/web\/wp-json\/wp\/v2\/posts\/124362\/revisions"}],"predecessor-version":[{"id":124427,"href":"https:\/\/kuali.com.mx\/web\/wp-json\/wp\/v2\/posts\/124362\/revisions\/124427"}],"wp:featuredmedia":[{"embeddable":true,"href":"https:\/\/kuali.com.mx\/web\/wp-json\/wp\/v2\/media\/124365"}],"wp:attachment":[{"href":"https:\/\/kuali.com.mx\/web\/wp-json\/wp\/v2\/media?parent=124362"}],"wp:term":[{"taxonomy":"category","embeddable":true,"href":"https:\/\/kuali.com.mx\/web\/wp-json\/wp\/v2\/categories?post=124362"},{"taxonomy":"post_tag","embeddable":true,"href":"https:\/\/kuali.com.mx\/web\/wp-json\/wp\/v2\/tags?post=124362"}],"curies":[{"name":"wp","href":"https:\/\/api.w.org\/{rel}","templated":true}]}}